{"id":23357,"date":"2016-06-17T21:14:42","date_gmt":"2016-06-17T21:14:42","guid":{"rendered":"https:\/\/abarevegan.com.br\/index.php\/2016\/06\/17\/invasao-de-baratas-no-mercado-deixa-clientes-preocupados\/"},"modified":"2016-06-17T21:14:42","modified_gmt":"2016-06-17T21:14:42","slug":"invasao-de-baratas-no-mercado-deixa-clientes-preocupados","status":"publish","type":"post","link":"https:\/\/nk7-testes.com.br\/agazeta\/invasao-de-baratas-no-mercado-deixa-clientes-preocupados\/","title":{"rendered":"Invas\u00e3o de baratas no mercado deixa clientes preocupados"},"content":{"rendered":"<p style=\"text-align: justify;\">Prefeitura argumenta que j\u00e1 combate insetos<\/p>\n<p style=\"text-align: justify;\">Um telespectador da TV Gazeta enviou \u00e0 produ\u00e7\u00e3o da emissora um v\u00eddeo para denunciar um enxame de baratas em uma das mesas do Mercado Elias Mansour. \u00c9 imposs\u00edvel saber o n\u00famero de insetos nas imagens.<\/p>\n<p style=\"text-align: justify;\">O caso divulgado na semana passada deixou alguns clientes do Mercado Elias Mansour, no centro de Rio Branco, preocupados. \u201cEu fiquei preocupada, porque \u00e9 um combate a dengue e v\u00e1rias doen\u00e7as que est\u00e3o surgindo agora, e a gente vindo comprar nossos legumes, nossas verduras aqui. Por mais que a gente tenha higiene em casa, mas de onde saiu esse produto?\u201d, questionou a funcion\u00e1ria p\u00fablica Eliane Nobre de Lima.<\/p>\n<p style=\"text-align: justify;\">O espa\u00e7o \u00e9 composto por uma variedade de produtos hortifrutigrangeiros, carnes, peixes e outros materiais. Considerada uma praga urbana, a barata anda em lugares como esgoto, sujeira e nos lixos da cidade. Ela carrega bact\u00e9rias, fungos, vermes, v\u00edrus e protozo\u00e1rios, sendo assim, transmite doen\u00e7as ao ser humano.<\/p>\n<p style=\"text-align: justify;\">Ap\u00f3s a den\u00fancia apresentada pela tev\u00ea, o diretor de comercializa\u00e7\u00e3o da Secretaria de Agricultura de Rio Branco, Jorge Rebou\u00e7as, disse que algumas provid\u00eancias foram tomadas.<\/p>\n<p style=\"text-align: justify;\">O diretor garante que o mercado \u00e9 dedetizado constantemente, mas para se manter limpo, precisa da colabora\u00e7\u00e3o das pessoas que trabalham no local. \u201cN\u00f3s estamos intensificando nosso trabalho de conversa com os concession\u00e1rios, produtores, os comerciantes assim como tamb\u00e9m trouxemos pessoas da nossa equipe t\u00e9cnica para analisar, identificar quais os tipos de insetos que tinham aqui e a cada vinte dias aplicamos inseticidas no local\u201d, justificou.<\/p>\n<p style=\"text-align: justify;\">Os feirantes tamb\u00e9m asseguram que esse caso ocorreu de forma isolada. \u201cA gente faz a reuni\u00e3o e eles fazem a dedetiza\u00e7\u00e3o\u201d, afirmou a feirante Marinez Tocha.<\/p>\n<p style=\"text-align: justify;\">Os clientes n\u00e3o pretendem parar de comprar, mas agora prometem mais cuidado na escolha dos alimentos. \u201cVou continuar comprando, mas, prestando mais aten\u00e7\u00e3o porque hoje eu fiquei alerta\u201d, completou Eliane.<\/p>\n","protected":false},"excerpt":{"rendered":"<p style=\"text-align: justify;\">Prefeitura argumenta que j\u00e1 combate insetos<\/p>\n","protected":false},"author":4,"featured_media":23356,"comment_status":"open","ping_status":"open","sticky":false,"template":"","format":"standard","meta":{"jnews-multi-image_gallery":[],"jnews_single_post":[],"jnews_primary_category":[],"jnews_social_meta":[],"jnews_review":[],"enable_review":"","type":"","name":"","summary":"","brand":"","sku":"","good":[],"bad":[],"score_override":"","override_value":"","rating":[],"price":[],"footnotes":""},"categories":[54],"tags":[],"class_list":["post-23357","post","type-post","status-publish","format-standard","has-post-thumbnail","hentry","category-cotidiano"],"yoast_head":"<!-- This site is optimized with the Yoast SEO plugin v26.5 - https:\/\/yoast.com\/wordpress\/plugins\/seo\/ -->\n<title>Invas\u00e3o de baratas no mercado deixa clientes preocupados - Agazeta.net<\/title>\n<meta name=\"robots\" content=\"index, follow, max-snippet:-1, max-image-preview:large, max-video-preview:-1\" \/>\n<link rel=\"canonical\" href=\"https:\/\/nk7-testes.com.br\/agazeta\/invasao-de-baratas-no-mercado-deixa-clientes-preocupados\/\" \/>\n<meta property=\"og:locale\" content=\"pt_BR\" \/>\n<meta property=\"og:type\" content=\"article\" \/>\n<meta property=\"og:title\" content=\"Invas\u00e3o de baratas no mercado deixa clientes preocupados - Agazeta.net\" \/>\n<meta property=\"og:description\" content=\"Prefeitura argumenta que j\u00e1 combate insetos\" \/>\n<meta property=\"og:url\" content=\"https:\/\/nk7-testes.com.br\/agazeta\/invasao-de-baratas-no-mercado-deixa-clientes-preocupados\/\" \/>\n<meta property=\"og:site_name\" content=\"Agazeta.net\" \/>\n<meta property=\"article:published_time\" content=\"2016-06-17T21:14:42+00:00\" \/>\n<meta property=\"og:image\" content=\"https:\/\/nk7-testes.com.br\/agazeta\/wp-content\/uploads\/2016\/06\/170616-cotidiano-baratas-cedida2.jpg\" \/>\n\t<meta property=\"og:image:width\" content=\"458\" \/>\n\t<meta property=\"og:image:height\" content=\"340\" \/>\n\t<meta property=\"og:image:type\" content=\"image\/jpeg\" \/>\n<meta name=\"author\" content=\"Agazeta.Net\" \/>\n<meta name=\"twitter:card\" content=\"summary_large_image\" \/>\n<meta name=\"twitter:label1\" content=\"Escrito por\" \/>\n\t<meta name=\"twitter:data1\" content=\"Agazeta.Net\" \/>\n\t<meta name=\"twitter:label2\" content=\"Est. tempo de leitura\" \/>\n\t<meta name=\"twitter:data2\" content=\"2 minutos\" \/>\n<script type=\"application\/ld+json\" class=\"yoast-schema-graph\">{\"@context\":\"https:\/\/schema.org\",\"@graph\":[{\"@type\":\"WebPage\",\"@id\":\"https:\/\/nk7-testes.com.br\/agazeta\/invasao-de-baratas-no-mercado-deixa-clientes-preocupados\/\",\"url\":\"https:\/\/nk7-testes.com.br\/agazeta\/invasao-de-baratas-no-mercado-deixa-clientes-preocupados\/\",\"name\":\"Invas\u00e3o de baratas no mercado deixa clientes preocupados - Agazeta.net\",\"isPartOf\":{\"@id\":\"https:\/\/nk7-testes.com.br\/agazeta\/#website\"},\"primaryImageOfPage\":{\"@id\":\"https:\/\/nk7-testes.com.br\/agazeta\/invasao-de-baratas-no-mercado-deixa-clientes-preocupados\/#primaryimage\"},\"image\":{\"@id\":\"https:\/\/nk7-testes.com.br\/agazeta\/invasao-de-baratas-no-mercado-deixa-clientes-preocupados\/#primaryimage\"},\"thumbnailUrl\":\"https:\/\/nk7-testes.com.br\/agazeta\/wp-content\/uploads\/2016\/06\/170616-cotidiano-baratas-cedida2.jpg\",\"datePublished\":\"2016-06-17T21:14:42+00:00\",\"author\":{\"@id\":\"https:\/\/nk7-testes.com.br\/agazeta\/#\/schema\/person\/6d6e25cb0435eb4a02fd44d30b4e3020\"},\"breadcrumb\":{\"@id\":\"https:\/\/nk7-testes.com.br\/agazeta\/invasao-de-baratas-no-mercado-deixa-clientes-preocupados\/#breadcrumb\"},\"inLanguage\":\"pt-BR\",\"potentialAction\":[{\"@type\":\"ReadAction\",\"target\":[\"https:\/\/nk7-testes.com.br\/agazeta\/invasao-de-baratas-no-mercado-deixa-clientes-preocupados\/\"]}]},{\"@type\":\"ImageObject\",\"inLanguage\":\"pt-BR\",\"@id\":\"https:\/\/nk7-testes.com.br\/agazeta\/invasao-de-baratas-no-mercado-deixa-clientes-preocupados\/#primaryimage\",\"url\":\"https:\/\/nk7-testes.com.br\/agazeta\/wp-content\/uploads\/2016\/06\/170616-cotidiano-baratas-cedida2.jpg\",\"contentUrl\":\"https:\/\/nk7-testes.com.br\/agazeta\/wp-content\/uploads\/2016\/06\/170616-cotidiano-baratas-cedida2.jpg\",\"width\":458,\"height\":340,\"caption\":\"170616-cotidiano-baratas-cedida2\"},{\"@type\":\"BreadcrumbList\",\"@id\":\"https:\/\/nk7-testes.com.br\/agazeta\/invasao-de-baratas-no-mercado-deixa-clientes-preocupados\/#breadcrumb\",\"itemListElement\":[{\"@type\":\"ListItem\",\"position\":1,\"name\":\"In\u00edcio\",\"item\":\"https:\/\/nk7-testes.com.br\/agazeta\/\"},{\"@type\":\"ListItem\",\"position\":2,\"name\":\"Invas\u00e3o de baratas no mercado deixa clientes preocupados\"}]},{\"@type\":\"WebSite\",\"@id\":\"https:\/\/nk7-testes.com.br\/agazeta\/#website\",\"url\":\"https:\/\/nk7-testes.com.br\/agazeta\/\",\"name\":\"Agazeta.net\",\"description\":\"Agazeta.net - Not\u00edcias de Rio Branco\/AC\",\"potentialAction\":[{\"@type\":\"SearchAction\",\"target\":{\"@type\":\"EntryPoint\",\"urlTemplate\":\"https:\/\/nk7-testes.com.br\/agazeta\/?s={search_term_string}\"},\"query-input\":{\"@type\":\"PropertyValueSpecification\",\"valueRequired\":true,\"valueName\":\"search_term_string\"}}],\"inLanguage\":\"pt-BR\"},{\"@type\":\"Person\",\"@id\":\"https:\/\/nk7-testes.com.br\/agazeta\/#\/schema\/person\/6d6e25cb0435eb4a02fd44d30b4e3020\",\"name\":\"Agazeta.Net\",\"url\":\"https:\/\/nk7-testes.com.br\/agazeta\/author\/agazeta\/\"}]}<\/script>\n<!-- \/ Yoast SEO plugin. -->","yoast_head_json":{"title":"Invas\u00e3o de baratas no mercado deixa clientes preocupados - Agazeta.net","robots":{"index":"index","follow":"follow","max-snippet":"max-snippet:-1","max-image-preview":"max-image-preview:large","max-video-preview":"max-video-preview:-1"},"canonical":"https:\/\/nk7-testes.com.br\/agazeta\/invasao-de-baratas-no-mercado-deixa-clientes-preocupados\/","og_locale":"pt_BR","og_type":"article","og_title":"Invas\u00e3o de baratas no mercado deixa clientes preocupados - Agazeta.net","og_description":"Prefeitura argumenta que j\u00e1 combate insetos","og_url":"https:\/\/nk7-testes.com.br\/agazeta\/invasao-de-baratas-no-mercado-deixa-clientes-preocupados\/","og_site_name":"Agazeta.net","article_published_time":"2016-06-17T21:14:42+00:00","og_image":[{"width":458,"height":340,"url":"https:\/\/nk7-testes.com.br\/agazeta\/wp-content\/uploads\/2016\/06\/170616-cotidiano-baratas-cedida2.jpg","type":"image\/jpeg"}],"author":"Agazeta.Net","twitter_card":"summary_large_image","twitter_misc":{"Escrito por":"Agazeta.Net","Est. tempo de leitura":"2 minutos"},"schema":{"@context":"https:\/\/schema.org","@graph":[{"@type":"WebPage","@id":"https:\/\/nk7-testes.com.br\/agazeta\/invasao-de-baratas-no-mercado-deixa-clientes-preocupados\/","url":"https:\/\/nk7-testes.com.br\/agazeta\/invasao-de-baratas-no-mercado-deixa-clientes-preocupados\/","name":"Invas\u00e3o de baratas no mercado deixa clientes preocupados - Agazeta.net","isPartOf":{"@id":"https:\/\/nk7-testes.com.br\/agazeta\/#website"},"primaryImageOfPage":{"@id":"https:\/\/nk7-testes.com.br\/agazeta\/invasao-de-baratas-no-mercado-deixa-clientes-preocupados\/#primaryimage"},"image":{"@id":"https:\/\/nk7-testes.com.br\/agazeta\/invasao-de-baratas-no-mercado-deixa-clientes-preocupados\/#primaryimage"},"thumbnailUrl":"https:\/\/nk7-testes.com.br\/agazeta\/wp-content\/uploads\/2016\/06\/170616-cotidiano-baratas-cedida2.jpg","datePublished":"2016-06-17T21:14:42+00:00","author":{"@id":"https:\/\/nk7-testes.com.br\/agazeta\/#\/schema\/person\/6d6e25cb0435eb4a02fd44d30b4e3020"},"breadcrumb":{"@id":"https:\/\/nk7-testes.com.br\/agazeta\/invasao-de-baratas-no-mercado-deixa-clientes-preocupados\/#breadcrumb"},"inLanguage":"pt-BR","potentialAction":[{"@type":"ReadAction","target":["https:\/\/nk7-testes.com.br\/agazeta\/invasao-de-baratas-no-mercado-deixa-clientes-preocupados\/"]}]},{"@type":"ImageObject","inLanguage":"pt-BR","@id":"https:\/\/nk7-testes.com.br\/agazeta\/invasao-de-baratas-no-mercado-deixa-clientes-preocupados\/#primaryimage","url":"https:\/\/nk7-testes.com.br\/agazeta\/wp-content\/uploads\/2016\/06\/170616-cotidiano-baratas-cedida2.jpg","contentUrl":"https:\/\/nk7-testes.com.br\/agazeta\/wp-content\/uploads\/2016\/06\/170616-cotidiano-baratas-cedida2.jpg","width":458,"height":340,"caption":"170616-cotidiano-baratas-cedida2"},{"@type":"BreadcrumbList","@id":"https:\/\/nk7-testes.com.br\/agazeta\/invasao-de-baratas-no-mercado-deixa-clientes-preocupados\/#breadcrumb","itemListElement":[{"@type":"ListItem","position":1,"name":"In\u00edcio","item":"https:\/\/nk7-testes.com.br\/agazeta\/"},{"@type":"ListItem","position":2,"name":"Invas\u00e3o de baratas no mercado deixa clientes preocupados"}]},{"@type":"WebSite","@id":"https:\/\/nk7-testes.com.br\/agazeta\/#website","url":"https:\/\/nk7-testes.com.br\/agazeta\/","name":"Agazeta.net","description":"Agazeta.net - Not\u00edcias de Rio Branco\/AC","potentialAction":[{"@type":"SearchAction","target":{"@type":"EntryPoint","urlTemplate":"https:\/\/nk7-testes.com.br\/agazeta\/?s={search_term_string}"},"query-input":{"@type":"PropertyValueSpecification","valueRequired":true,"valueName":"search_term_string"}}],"inLanguage":"pt-BR"},{"@type":"Person","@id":"https:\/\/nk7-testes.com.br\/agazeta\/#\/schema\/person\/6d6e25cb0435eb4a02fd44d30b4e3020","name":"Agazeta.Net","url":"https:\/\/nk7-testes.com.br\/agazeta\/author\/agazeta\/"}]}},"_links":{"self":[{"href":"https:\/\/nk7-testes.com.br\/agazeta\/wp-json\/wp\/v2\/posts\/23357","targetHints":{"allow":["GET"]}}],"collection":[{"href":"https:\/\/nk7-testes.com.br\/agazeta\/wp-json\/wp\/v2\/posts"}],"about":[{"href":"https:\/\/nk7-testes.com.br\/agazeta\/wp-json\/wp\/v2\/types\/post"}],"author":[{"embeddable":true,"href":"https:\/\/nk7-testes.com.br\/agazeta\/wp-json\/wp\/v2\/users\/4"}],"replies":[{"embeddable":true,"href":"https:\/\/nk7-testes.com.br\/agazeta\/wp-json\/wp\/v2\/comments?post=23357"}],"version-history":[{"count":0,"href":"https:\/\/nk7-testes.com.br\/agazeta\/wp-json\/wp\/v2\/posts\/23357\/revisions"}],"wp:featuredmedia":[{"embeddable":true,"href":"https:\/\/nk7-testes.com.br\/agazeta\/wp-json\/wp\/v2\/media\/23356"}],"wp:attachment":[{"href":"https:\/\/nk7-testes.com.br\/agazeta\/wp-json\/wp\/v2\/media?parent=23357"}],"wp:term":[{"taxonomy":"category","embeddable":true,"href":"https:\/\/nk7-testes.com.br\/agazeta\/wp-json\/wp\/v2\/categories?post=23357"},{"taxonomy":"post_tag","embeddable":true,"href":"https:\/\/nk7-testes.com.br\/agazeta\/wp-json\/wp\/v2\/tags?post=23357"}],"curies":[{"name":"wp","href":"https:\/\/api.w.org\/{rel}","templated":true}]}}