{"id":23341,"date":"2016-06-16T21:40:02","date_gmt":"2016-06-16T21:40:02","guid":{"rendered":"https:\/\/abarevegan.com.br\/index.php\/2016\/06\/16\/cofen-mostra-problemas-na-rede-de-saude-publica\/"},"modified":"2016-06-16T21:40:02","modified_gmt":"2016-06-16T21:40:02","slug":"cofen-mostra-problemas-na-rede-de-saude-publica","status":"publish","type":"post","link":"https:\/\/nk7-testes.com.br\/agazeta\/cofen-mostra-problemas-na-rede-de-saude-publica\/","title":{"rendered":"Cofen mostra problemas na rede de sa\u00fade p\u00fablica"},"content":{"rendered":"<p style=\"text-align: justify;\">Hospital das Cl\u00ednicas e Huerb t\u00eam casos mais graves<\/p>\n<p style=\"text-align: justify;\">O Conselho Federal de Enfermagem (Cofen) realiza durante esta semana a fiscaliza\u00e7\u00e3o em unidades de sa\u00fade de tr\u00eas cidades acrianas: Rio Branco, Acrel\u00e2ndia e Senador Guiomard.<\/p>\n<p style=\"text-align: justify;\">Desde segunda-feira (13), foram fiscalizadas 12 unidades. Em todas, foram encontradas ao menos uma irregularidade. \u201cA fiscaliza\u00e7\u00e3o objetiva verificar os maiores problemas encontrados nos servi\u00e7os de enfermagem, justamente para tentar minimizar o risco da assist\u00eancia prestada \u00e0 popula\u00e7\u00e3o acriana\u201d, explicou uma das coordenadoras da a\u00e7\u00e3o, Michely Filete.<\/p>\n<p style=\"text-align: justify;\">Ela disse ainda que as irregularidades encontradas v\u00e3o desde a organiza\u00e7\u00e3o prec\u00e1ria de servi\u00e7os, passando por enfermeiros atuando sem registro do Coren, al\u00e9m do d\u00e9ficit de profissionais.<\/p>\n<p style=\"text-align: justify;\">\u201cO procedimento agora ser\u00e1 de tratar o problema no \u00e2mbito do processo administrativo, cientificar essas institui\u00e7\u00f5es e os gestores que t\u00eam a responsabilidade de sanar os problemas e oportuniz\u00e1-los o tempo especifico para que eles resolvam\u201d.<\/p>\n<p style=\"text-align: justify;\">Entre as unidades fiscalizadas, est\u00e1 o Hospital de Urg\u00eancia e Emerg\u00eancia de Rio Branco (Huerb) que apresentou um dos maiores n\u00fameros de irregularidades, entre elas: aus\u00eancia de teste biol\u00f3gico e qu\u00edmico para controle e valida\u00e7\u00e3o do processo de esteriliza\u00e7\u00e3o de materiais; funcionamento inadequado do centro cir\u00fargico, em que a entrada de pacientes \u00e9 a mesma do material contaminado; al\u00e9m de prec\u00e1rias condi\u00e7\u00f5es de trabalho, como por exemplo, profissionais de enfermagem expostos \u00e0 radia\u00e7\u00e3o.<\/p>\n<p style=\"text-align: justify;\">A Funda\u00e7\u00e3o Hospitalar (Fundhacre) tamb\u00e9m apresentou v\u00e1rias irregularidades como: inadequa\u00e7\u00f5es sanit\u00e1rias; limpeza de leito de enfermaria com pacientes acamados, com mob\u00edlia em cima de um leito; cuidados aos pacientes sendo prestados pelos acompanhantes e falta de enxoval para troca de roupa de cama dos pacientes.<\/p>\n<p style=\"text-align: justify;\">Em nota, a Secretaria de Estado de Sa\u00fade (Sesacre) explicou que ainda n\u00e3o foi notificada oficialmente pelo Cofen sobre o que eles chamam de \u201csupostas irregularidades\u201d. Mas, afirmam que \u201ctodas observa\u00e7\u00f5es ser\u00e3o levadas em considera\u00e7\u00e3o\u201d.<\/p>\n<p style=\"text-align: justify;\">Nota da Sesacre<\/p>\n<p style=\"text-align: justify;\">De acordo com a diretoria de Assist\u00eancia \u00e0 Sa\u00fade, a Secretaria de Estado de Sa\u00fade do Acre (Sesacre) n\u00e3o foi notificada oficialmente pelo Conselho Federal de Enfermagem sobre as supostas irregularidades. Contudo, ressalta que todas as observa\u00e7\u00f5es ser\u00e3o levadas em considera\u00e7\u00e3o.<\/p>\n<p style=\"text-align: justify;\">A diretoria Informou ainda que as unidades hospitalares do Estado passam por constantes adequa\u00e7\u00f5es em busca de melhorar a qualidade do servi\u00e7o e oferecer um atendimento humanizado e resolutivo a popula\u00e7\u00e3o do Acre, assim como de alguns pa\u00edses e estados vizinhos que buscam o servi\u00e7o p\u00fablico de sa\u00fade do Acre.<\/p>\n<p style=\"text-align: justify;\">Quanto ao n\u00famero de profissionais insuficiente, o governo do Estado tem realizado concursos p\u00fablicos em diversas \u00e1reas e especialidades da sa\u00fade para garantir que as unidades trabalhem com quantidade de profissionais suficientes, dentro do que estabelece a lei.<\/p>\n<p style=\"text-align: justify;\">Colocamo-nos \u00e0 disposi\u00e7\u00e3o para quaisquer outras informa\u00e7\u00f5es.<\/p>\n","protected":false},"excerpt":{"rendered":"<p style=\"text-align: justify;\">Hospital das Cl\u00ednicas e Huerb t\u00eam casos mais graves<\/p>\n","protected":false},"author":4,"featured_media":23340,"comment_status":"open","ping_status":"open","sticky":false,"template":"","format":"standard","meta":{"jnews-multi-image_gallery":[],"jnews_single_post":[],"jnews_primary_category":[],"jnews_social_meta":[],"jnews_review":[],"enable_review":"","type":"","name":"","summary":"","brand":"","sku":"","good":[],"bad":[],"score_override":"","override_value":"","rating":[],"price":[],"footnotes":""},"categories":[54],"tags":[],"class_list":["post-23341","post","type-post","status-publish","format-standard","has-post-thumbnail","hentry","category-cotidiano"],"yoast_head":"<!-- This site is optimized with the Yoast SEO plugin v26.5 - https:\/\/yoast.com\/wordpress\/plugins\/seo\/ -->\n<title>Cofen mostra problemas na rede de sa\u00fade p\u00fablica - Agazeta.net<\/title>\n<meta name=\"robots\" content=\"index, follow, max-snippet:-1, max-image-preview:large, max-video-preview:-1\" \/>\n<link rel=\"canonical\" href=\"https:\/\/nk7-testes.com.br\/agazeta\/cofen-mostra-problemas-na-rede-de-saude-publica\/\" \/>\n<meta property=\"og:locale\" content=\"pt_BR\" \/>\n<meta property=\"og:type\" content=\"article\" \/>\n<meta property=\"og:title\" content=\"Cofen mostra problemas na rede de sa\u00fade p\u00fablica - Agazeta.net\" \/>\n<meta property=\"og:description\" content=\"Hospital das Cl\u00ednicas e Huerb t\u00eam casos mais graves\" \/>\n<meta property=\"og:url\" content=\"https:\/\/nk7-testes.com.br\/agazeta\/cofen-mostra-problemas-na-rede-de-saude-publica\/\" \/>\n<meta property=\"og:site_name\" content=\"Agazeta.net\" \/>\n<meta property=\"article:published_time\" content=\"2016-06-16T21:40:02+00:00\" \/>\n<meta property=\"og:image\" content=\"https:\/\/nk7-testes.com.br\/agazeta\/wp-content\/uploads\/2016\/06\/160616-cotidiano-hospitalclinicas-gleilsonmirandaagenciadenoticias.jpg\" \/>\n\t<meta property=\"og:image:width\" content=\"458\" \/>\n\t<meta property=\"og:image:height\" content=\"340\" \/>\n\t<meta property=\"og:image:type\" content=\"image\/jpeg\" \/>\n<meta name=\"author\" content=\"Agazeta.Net\" \/>\n<meta name=\"twitter:card\" content=\"summary_large_image\" \/>\n<meta name=\"twitter:label1\" content=\"Escrito por\" \/>\n\t<meta name=\"twitter:data1\" content=\"Agazeta.Net\" \/>\n\t<meta name=\"twitter:label2\" content=\"Est. tempo de leitura\" \/>\n\t<meta name=\"twitter:data2\" content=\"2 minutos\" \/>\n<script type=\"application\/ld+json\" class=\"yoast-schema-graph\">{\"@context\":\"https:\/\/schema.org\",\"@graph\":[{\"@type\":\"WebPage\",\"@id\":\"https:\/\/nk7-testes.com.br\/agazeta\/cofen-mostra-problemas-na-rede-de-saude-publica\/\",\"url\":\"https:\/\/nk7-testes.com.br\/agazeta\/cofen-mostra-problemas-na-rede-de-saude-publica\/\",\"name\":\"Cofen mostra problemas na rede de sa\u00fade p\u00fablica - Agazeta.net\",\"isPartOf\":{\"@id\":\"https:\/\/nk7-testes.com.br\/agazeta\/#website\"},\"primaryImageOfPage\":{\"@id\":\"https:\/\/nk7-testes.com.br\/agazeta\/cofen-mostra-problemas-na-rede-de-saude-publica\/#primaryimage\"},\"image\":{\"@id\":\"https:\/\/nk7-testes.com.br\/agazeta\/cofen-mostra-problemas-na-rede-de-saude-publica\/#primaryimage\"},\"thumbnailUrl\":\"https:\/\/nk7-testes.com.br\/agazeta\/wp-content\/uploads\/2016\/06\/160616-cotidiano-hospitalclinicas-gleilsonmirandaagenciadenoticias.jpg\",\"datePublished\":\"2016-06-16T21:40:02+00:00\",\"author\":{\"@id\":\"https:\/\/nk7-testes.com.br\/agazeta\/#\/schema\/person\/6d6e25cb0435eb4a02fd44d30b4e3020\"},\"breadcrumb\":{\"@id\":\"https:\/\/nk7-testes.com.br\/agazeta\/cofen-mostra-problemas-na-rede-de-saude-publica\/#breadcrumb\"},\"inLanguage\":\"pt-BR\",\"potentialAction\":[{\"@type\":\"ReadAction\",\"target\":[\"https:\/\/nk7-testes.com.br\/agazeta\/cofen-mostra-problemas-na-rede-de-saude-publica\/\"]}]},{\"@type\":\"ImageObject\",\"inLanguage\":\"pt-BR\",\"@id\":\"https:\/\/nk7-testes.com.br\/agazeta\/cofen-mostra-problemas-na-rede-de-saude-publica\/#primaryimage\",\"url\":\"https:\/\/nk7-testes.com.br\/agazeta\/wp-content\/uploads\/2016\/06\/160616-cotidiano-hospitalclinicas-gleilsonmirandaagenciadenoticias.jpg\",\"contentUrl\":\"https:\/\/nk7-testes.com.br\/agazeta\/wp-content\/uploads\/2016\/06\/160616-cotidiano-hospitalclinicas-gleilsonmirandaagenciadenoticias.jpg\",\"width\":458,\"height\":340,\"caption\":\"160616-cotidiano-hospitalclinicas-gleilsonmirandaagenciadenoticias\"},{\"@type\":\"BreadcrumbList\",\"@id\":\"https:\/\/nk7-testes.com.br\/agazeta\/cofen-mostra-problemas-na-rede-de-saude-publica\/#breadcrumb\",\"itemListElement\":[{\"@type\":\"ListItem\",\"position\":1,\"name\":\"In\u00edcio\",\"item\":\"https:\/\/nk7-testes.com.br\/agazeta\/\"},{\"@type\":\"ListItem\",\"position\":2,\"name\":\"Cofen mostra problemas na rede de sa\u00fade p\u00fablica\"}]},{\"@type\":\"WebSite\",\"@id\":\"https:\/\/nk7-testes.com.br\/agazeta\/#website\",\"url\":\"https:\/\/nk7-testes.com.br\/agazeta\/\",\"name\":\"Agazeta.net\",\"description\":\"Agazeta.net - Not\u00edcias de Rio Branco\/AC\",\"potentialAction\":[{\"@type\":\"SearchAction\",\"target\":{\"@type\":\"EntryPoint\",\"urlTemplate\":\"https:\/\/nk7-testes.com.br\/agazeta\/?s={search_term_string}\"},\"query-input\":{\"@type\":\"PropertyValueSpecification\",\"valueRequired\":true,\"valueName\":\"search_term_string\"}}],\"inLanguage\":\"pt-BR\"},{\"@type\":\"Person\",\"@id\":\"https:\/\/nk7-testes.com.br\/agazeta\/#\/schema\/person\/6d6e25cb0435eb4a02fd44d30b4e3020\",\"name\":\"Agazeta.Net\",\"url\":\"https:\/\/nk7-testes.com.br\/agazeta\/author\/agazeta\/\"}]}<\/script>\n<!-- \/ Yoast SEO plugin. -->","yoast_head_json":{"title":"Cofen mostra problemas na rede de sa\u00fade p\u00fablica - Agazeta.net","robots":{"index":"index","follow":"follow","max-snippet":"max-snippet:-1","max-image-preview":"max-image-preview:large","max-video-preview":"max-video-preview:-1"},"canonical":"https:\/\/nk7-testes.com.br\/agazeta\/cofen-mostra-problemas-na-rede-de-saude-publica\/","og_locale":"pt_BR","og_type":"article","og_title":"Cofen mostra problemas na rede de sa\u00fade p\u00fablica - Agazeta.net","og_description":"Hospital das Cl\u00ednicas e Huerb t\u00eam casos mais graves","og_url":"https:\/\/nk7-testes.com.br\/agazeta\/cofen-mostra-problemas-na-rede-de-saude-publica\/","og_site_name":"Agazeta.net","article_published_time":"2016-06-16T21:40:02+00:00","og_image":[{"width":458,"height":340,"url":"https:\/\/nk7-testes.com.br\/agazeta\/wp-content\/uploads\/2016\/06\/160616-cotidiano-hospitalclinicas-gleilsonmirandaagenciadenoticias.jpg","type":"image\/jpeg"}],"author":"Agazeta.Net","twitter_card":"summary_large_image","twitter_misc":{"Escrito por":"Agazeta.Net","Est. tempo de leitura":"2 minutos"},"schema":{"@context":"https:\/\/schema.org","@graph":[{"@type":"WebPage","@id":"https:\/\/nk7-testes.com.br\/agazeta\/cofen-mostra-problemas-na-rede-de-saude-publica\/","url":"https:\/\/nk7-testes.com.br\/agazeta\/cofen-mostra-problemas-na-rede-de-saude-publica\/","name":"Cofen mostra problemas na rede de sa\u00fade p\u00fablica - Agazeta.net","isPartOf":{"@id":"https:\/\/nk7-testes.com.br\/agazeta\/#website"},"primaryImageOfPage":{"@id":"https:\/\/nk7-testes.com.br\/agazeta\/cofen-mostra-problemas-na-rede-de-saude-publica\/#primaryimage"},"image":{"@id":"https:\/\/nk7-testes.com.br\/agazeta\/cofen-mostra-problemas-na-rede-de-saude-publica\/#primaryimage"},"thumbnailUrl":"https:\/\/nk7-testes.com.br\/agazeta\/wp-content\/uploads\/2016\/06\/160616-cotidiano-hospitalclinicas-gleilsonmirandaagenciadenoticias.jpg","datePublished":"2016-06-16T21:40:02+00:00","author":{"@id":"https:\/\/nk7-testes.com.br\/agazeta\/#\/schema\/person\/6d6e25cb0435eb4a02fd44d30b4e3020"},"breadcrumb":{"@id":"https:\/\/nk7-testes.com.br\/agazeta\/cofen-mostra-problemas-na-rede-de-saude-publica\/#breadcrumb"},"inLanguage":"pt-BR","potentialAction":[{"@type":"ReadAction","target":["https:\/\/nk7-testes.com.br\/agazeta\/cofen-mostra-problemas-na-rede-de-saude-publica\/"]}]},{"@type":"ImageObject","inLanguage":"pt-BR","@id":"https:\/\/nk7-testes.com.br\/agazeta\/cofen-mostra-problemas-na-rede-de-saude-publica\/#primaryimage","url":"https:\/\/nk7-testes.com.br\/agazeta\/wp-content\/uploads\/2016\/06\/160616-cotidiano-hospitalclinicas-gleilsonmirandaagenciadenoticias.jpg","contentUrl":"https:\/\/nk7-testes.com.br\/agazeta\/wp-content\/uploads\/2016\/06\/160616-cotidiano-hospitalclinicas-gleilsonmirandaagenciadenoticias.jpg","width":458,"height":340,"caption":"160616-cotidiano-hospitalclinicas-gleilsonmirandaagenciadenoticias"},{"@type":"BreadcrumbList","@id":"https:\/\/nk7-testes.com.br\/agazeta\/cofen-mostra-problemas-na-rede-de-saude-publica\/#breadcrumb","itemListElement":[{"@type":"ListItem","position":1,"name":"In\u00edcio","item":"https:\/\/nk7-testes.com.br\/agazeta\/"},{"@type":"ListItem","position":2,"name":"Cofen mostra problemas na rede de sa\u00fade p\u00fablica"}]},{"@type":"WebSite","@id":"https:\/\/nk7-testes.com.br\/agazeta\/#website","url":"https:\/\/nk7-testes.com.br\/agazeta\/","name":"Agazeta.net","description":"Agazeta.net - Not\u00edcias de Rio Branco\/AC","potentialAction":[{"@type":"SearchAction","target":{"@type":"EntryPoint","urlTemplate":"https:\/\/nk7-testes.com.br\/agazeta\/?s={search_term_string}"},"query-input":{"@type":"PropertyValueSpecification","valueRequired":true,"valueName":"search_term_string"}}],"inLanguage":"pt-BR"},{"@type":"Person","@id":"https:\/\/nk7-testes.com.br\/agazeta\/#\/schema\/person\/6d6e25cb0435eb4a02fd44d30b4e3020","name":"Agazeta.Net","url":"https:\/\/nk7-testes.com.br\/agazeta\/author\/agazeta\/"}]}},"_links":{"self":[{"href":"https:\/\/nk7-testes.com.br\/agazeta\/wp-json\/wp\/v2\/posts\/23341","targetHints":{"allow":["GET"]}}],"collection":[{"href":"https:\/\/nk7-testes.com.br\/agazeta\/wp-json\/wp\/v2\/posts"}],"about":[{"href":"https:\/\/nk7-testes.com.br\/agazeta\/wp-json\/wp\/v2\/types\/post"}],"author":[{"embeddable":true,"href":"https:\/\/nk7-testes.com.br\/agazeta\/wp-json\/wp\/v2\/users\/4"}],"replies":[{"embeddable":true,"href":"https:\/\/nk7-testes.com.br\/agazeta\/wp-json\/wp\/v2\/comments?post=23341"}],"version-history":[{"count":0,"href":"https:\/\/nk7-testes.com.br\/agazeta\/wp-json\/wp\/v2\/posts\/23341\/revisions"}],"wp:featuredmedia":[{"embeddable":true,"href":"https:\/\/nk7-testes.com.br\/agazeta\/wp-json\/wp\/v2\/media\/23340"}],"wp:attachment":[{"href":"https:\/\/nk7-testes.com.br\/agazeta\/wp-json\/wp\/v2\/media?parent=23341"}],"wp:term":[{"taxonomy":"category","embeddable":true,"href":"https:\/\/nk7-testes.com.br\/agazeta\/wp-json\/wp\/v2\/categories?post=23341"},{"taxonomy":"post_tag","embeddable":true,"href":"https:\/\/nk7-testes.com.br\/agazeta\/wp-json\/wp\/v2\/tags?post=23341"}],"curies":[{"name":"wp","href":"https:\/\/api.w.org\/{rel}","templated":true}]}}