{"id":23327,"date":"2016-06-16T15:13:15","date_gmt":"2016-06-16T15:13:15","guid":{"rendered":"https:\/\/abarevegan.com.br\/index.php\/2016\/06\/16\/terras-alphaville-rio-branco-momento-de-investir-e-agora\/"},"modified":"2016-06-16T15:13:15","modified_gmt":"2016-06-16T15:13:15","slug":"terras-alphaville-rio-branco-momento-de-investir-e-agora","status":"publish","type":"post","link":"https:\/\/nk7-testes.com.br\/agazeta\/terras-alphaville-rio-branco-momento-de-investir-e-agora\/","title":{"rendered":"Terras Alphaville Rio Branco: momento de investir \u00e9 agora"},"content":{"rendered":"<p style=\"text-align: justify;\">Evento para explicar condi\u00e7\u00f5es especiais de negocia\u00e7\u00e3o<\/p>\n<p style=\"text-align: justify;\">O empreendimento Terras Alphaville Rio Branco realizou o evento \u201cA hora \u00e9 agora\u201d, apresentando \u00e0 popula\u00e7\u00e3o novidades para aquisi\u00e7\u00e3o de lotes no condom\u00ednio refer\u00eancia em urbanismo no Brasil.<\/p>\n<p style=\"text-align: justify;\">A Alphaville Urbanismo est\u00e1 presente em 23 estados brasileiros e, no Acre, o investimento j\u00e1 ultrapassa 40 milh\u00f5es. Com uma \u00e1rea total de mais de 456 mil m\u00b2, o residencial contar\u00e1 com 706 lotes residenciais e 16 comerciais, garantindo o padr\u00e3o de qualidade, seguran\u00e7a e conforto que a marca alcan\u00e7ou nos demais residenciais ao longo do pa\u00eds.<\/p>\n<p style=\"text-align: justify;\">No evento, al\u00e9m de conhecer o empreendimento e acompanhar o andamento das obras, os visitantes puderam conferir e aproveitar a oferta de lotes a partir de R$499 mensais, com condi\u00e7\u00f5es especiais de negocia\u00e7\u00e3o e oportunidade para realizar um bom neg\u00f3cio.<\/p>\n<p style=\"text-align: justify;\">O casal Kelly Gama e Garden Bastos compareceu ao evento e saiu satisfeito com a aquisi\u00e7\u00e3o do lote, realizando um sonho. Morador do bairro Aeroporto Velho, Garden quis fazer uma surpresa \u00e0 esposa e a convidou para a visita, efetivando a negocia\u00e7\u00e3o. \u201cEstou muito feliz. Realmente n\u00e3o esperava essa surpresa\u201d, comemorou Kelly.<\/p>\n<p style=\"text-align: justify;\">De acordo com o coordenador regional Norte\/Centro-Oeste, Henrique Wiaczorek, a ideia da Alphaville Urbanismo \u00e9 oferecer ao cliente essa possibilidade de parcelas mais facilitadas em at\u00e9 24 meses, como incentivo para vencer esse momento de recupera\u00e7\u00e3o do mercado.<\/p>\n<p style=\"text-align: justify;\">Al\u00e9m disso, o cliente j\u00e1 pode visitar seu lote e acompanhar o andamento das obras, com a qualidade da infraestrutura e detalhes de engenharia que far\u00e3o a diferen\u00e7a nas condi\u00e7\u00f5es de moradia.<\/p>\n<p style=\"text-align: justify;\">Com a parceria da concessionaria Xapuri Motors, da TOYOTA, os visitantes tamb\u00e9m puderam conhecer a nova Hilux para visitar o empreendimento, que j\u00e1 alcan\u00e7ou 100% de abertura das ruas e de supress\u00e3o vegetal, 100% de terraplanagem, drenagem de \u00e1guas pluviais e 40% da rede de \u00e1gua e esgoto.<\/p>\n<p style=\"text-align: justify;\">O professor Ant\u00f4nio Machado, cliente da Alphaville Rio Branco desde o lan\u00e7amento da obra, compareceu ao evento. \u201cA Alphaville \u00e9 uma marca de sucesso que eu j\u00e1 conhecia de outro estado e fico muito feliz em ter essa oportunidade de aquisi\u00e7\u00e3o aqui em Rio Branco\u201d, enfatizou ele.<\/p>\n<p style=\"text-align: justify;\">Segundo o engenheiro Victor Braga, o cronograma da obra est\u00e1 dentro do previsto e cumprindo com o padr\u00e3o de qualidade e seguran\u00e7a da marca Alphaville Urbanismo. <br \/>Dado o sucesso do evento, a Alphaville Urbanismo oferecer\u00e1 nova oportunidade de realiza\u00e7\u00e3o de bons neg\u00f3cios e receber\u00e1 seus visitantes no pr\u00f3ximo s\u00e1bado, 18, a partir das 11h, oferecendo almo\u00e7o com feijoada no stand de vendas, localizado na BR 364, Km 143, Distrito Industrial, sentido aeroporto &#8211; Rio Branco.<\/p>\n","protected":false},"excerpt":{"rendered":"<p style=\"text-align: justify;\">Evento para explicar condi\u00e7\u00f5es especiais de negocia\u00e7\u00e3o<\/p>\n","protected":false},"author":4,"featured_media":23325,"comment_status":"open","ping_status":"open","sticky":false,"template":"","format":"standard","meta":{"jnews-multi-image_gallery":[],"jnews_single_post":[],"jnews_primary_category":[],"jnews_social_meta":[],"jnews_review":[],"enable_review":"","type":"","name":"","summary":"","brand":"","sku":"","good":[],"bad":[],"score_override":"","override_value":"","rating":[],"price":[],"footnotes":""},"categories":[54],"tags":[],"class_list":["post-23327","post","type-post","status-publish","format-standard","has-post-thumbnail","hentry","category-cotidiano"],"yoast_head":"<!-- This site is optimized with the Yoast SEO plugin v26.5 - https:\/\/yoast.com\/wordpress\/plugins\/seo\/ -->\n<title>Terras Alphaville Rio Branco: momento de investir \u00e9 agora - Agazeta.net<\/title>\n<meta name=\"robots\" content=\"index, follow, max-snippet:-1, max-image-preview:large, max-video-preview:-1\" \/>\n<link rel=\"canonical\" href=\"https:\/\/nk7-testes.com.br\/agazeta\/terras-alphaville-rio-branco-momento-de-investir-e-agora\/\" \/>\n<meta property=\"og:locale\" content=\"pt_BR\" \/>\n<meta property=\"og:type\" content=\"article\" \/>\n<meta property=\"og:title\" content=\"Terras Alphaville Rio Branco: momento de investir \u00e9 agora - Agazeta.net\" \/>\n<meta property=\"og:description\" content=\"Evento para explicar condi\u00e7\u00f5es especiais de negocia\u00e7\u00e3o\" \/>\n<meta property=\"og:url\" content=\"https:\/\/nk7-testes.com.br\/agazeta\/terras-alphaville-rio-branco-momento-de-investir-e-agora\/\" \/>\n<meta property=\"og:site_name\" content=\"Agazeta.net\" \/>\n<meta property=\"article:published_time\" content=\"2016-06-16T15:13:15+00:00\" \/>\n<meta property=\"og:image\" content=\"https:\/\/nk7-testes.com.br\/agazeta\/wp-content\/uploads\/2016\/06\/160616-cotidiano-alphaville-divulgacao.jpg\" \/>\n\t<meta property=\"og:image:width\" content=\"458\" \/>\n\t<meta property=\"og:image:height\" content=\"340\" \/>\n\t<meta property=\"og:image:type\" content=\"image\/jpeg\" \/>\n<meta name=\"author\" content=\"Agazeta.Net\" \/>\n<meta name=\"twitter:card\" content=\"summary_large_image\" \/>\n<meta name=\"twitter:label1\" content=\"Escrito por\" \/>\n\t<meta name=\"twitter:data1\" content=\"Agazeta.Net\" \/>\n\t<meta name=\"twitter:label2\" content=\"Est. tempo de leitura\" \/>\n\t<meta name=\"twitter:data2\" content=\"2 minutos\" \/>\n<script type=\"application\/ld+json\" class=\"yoast-schema-graph\">{\"@context\":\"https:\/\/schema.org\",\"@graph\":[{\"@type\":\"WebPage\",\"@id\":\"https:\/\/nk7-testes.com.br\/agazeta\/terras-alphaville-rio-branco-momento-de-investir-e-agora\/\",\"url\":\"https:\/\/nk7-testes.com.br\/agazeta\/terras-alphaville-rio-branco-momento-de-investir-e-agora\/\",\"name\":\"Terras Alphaville Rio Branco: momento de investir \u00e9 agora - Agazeta.net\",\"isPartOf\":{\"@id\":\"https:\/\/nk7-testes.com.br\/agazeta\/#website\"},\"primaryImageOfPage\":{\"@id\":\"https:\/\/nk7-testes.com.br\/agazeta\/terras-alphaville-rio-branco-momento-de-investir-e-agora\/#primaryimage\"},\"image\":{\"@id\":\"https:\/\/nk7-testes.com.br\/agazeta\/terras-alphaville-rio-branco-momento-de-investir-e-agora\/#primaryimage\"},\"thumbnailUrl\":\"https:\/\/nk7-testes.com.br\/agazeta\/wp-content\/uploads\/2016\/06\/160616-cotidiano-alphaville-divulgacao.jpg\",\"datePublished\":\"2016-06-16T15:13:15+00:00\",\"author\":{\"@id\":\"https:\/\/nk7-testes.com.br\/agazeta\/#\/schema\/person\/6d6e25cb0435eb4a02fd44d30b4e3020\"},\"breadcrumb\":{\"@id\":\"https:\/\/nk7-testes.com.br\/agazeta\/terras-alphaville-rio-branco-momento-de-investir-e-agora\/#breadcrumb\"},\"inLanguage\":\"pt-BR\",\"potentialAction\":[{\"@type\":\"ReadAction\",\"target\":[\"https:\/\/nk7-testes.com.br\/agazeta\/terras-alphaville-rio-branco-momento-de-investir-e-agora\/\"]}]},{\"@type\":\"ImageObject\",\"inLanguage\":\"pt-BR\",\"@id\":\"https:\/\/nk7-testes.com.br\/agazeta\/terras-alphaville-rio-branco-momento-de-investir-e-agora\/#primaryimage\",\"url\":\"https:\/\/nk7-testes.com.br\/agazeta\/wp-content\/uploads\/2016\/06\/160616-cotidiano-alphaville-divulgacao.jpg\",\"contentUrl\":\"https:\/\/nk7-testes.com.br\/agazeta\/wp-content\/uploads\/2016\/06\/160616-cotidiano-alphaville-divulgacao.jpg\",\"width\":458,\"height\":340,\"caption\":\"160616-cotidiano-alphaville-divulgacao\"},{\"@type\":\"BreadcrumbList\",\"@id\":\"https:\/\/nk7-testes.com.br\/agazeta\/terras-alphaville-rio-branco-momento-de-investir-e-agora\/#breadcrumb\",\"itemListElement\":[{\"@type\":\"ListItem\",\"position\":1,\"name\":\"In\u00edcio\",\"item\":\"https:\/\/nk7-testes.com.br\/agazeta\/\"},{\"@type\":\"ListItem\",\"position\":2,\"name\":\"Terras Alphaville Rio Branco: momento de investir \u00e9 agora\"}]},{\"@type\":\"WebSite\",\"@id\":\"https:\/\/nk7-testes.com.br\/agazeta\/#website\",\"url\":\"https:\/\/nk7-testes.com.br\/agazeta\/\",\"name\":\"Agazeta.net\",\"description\":\"Agazeta.net - Not\u00edcias de Rio Branco\/AC\",\"potentialAction\":[{\"@type\":\"SearchAction\",\"target\":{\"@type\":\"EntryPoint\",\"urlTemplate\":\"https:\/\/nk7-testes.com.br\/agazeta\/?s={search_term_string}\"},\"query-input\":{\"@type\":\"PropertyValueSpecification\",\"valueRequired\":true,\"valueName\":\"search_term_string\"}}],\"inLanguage\":\"pt-BR\"},{\"@type\":\"Person\",\"@id\":\"https:\/\/nk7-testes.com.br\/agazeta\/#\/schema\/person\/6d6e25cb0435eb4a02fd44d30b4e3020\",\"name\":\"Agazeta.Net\",\"url\":\"https:\/\/nk7-testes.com.br\/agazeta\/author\/agazeta\/\"}]}<\/script>\n<!-- \/ Yoast SEO plugin. -->","yoast_head_json":{"title":"Terras Alphaville Rio Branco: momento de investir \u00e9 agora - Agazeta.net","robots":{"index":"index","follow":"follow","max-snippet":"max-snippet:-1","max-image-preview":"max-image-preview:large","max-video-preview":"max-video-preview:-1"},"canonical":"https:\/\/nk7-testes.com.br\/agazeta\/terras-alphaville-rio-branco-momento-de-investir-e-agora\/","og_locale":"pt_BR","og_type":"article","og_title":"Terras Alphaville Rio Branco: momento de investir \u00e9 agora - Agazeta.net","og_description":"Evento para explicar condi\u00e7\u00f5es especiais de negocia\u00e7\u00e3o","og_url":"https:\/\/nk7-testes.com.br\/agazeta\/terras-alphaville-rio-branco-momento-de-investir-e-agora\/","og_site_name":"Agazeta.net","article_published_time":"2016-06-16T15:13:15+00:00","og_image":[{"width":458,"height":340,"url":"https:\/\/nk7-testes.com.br\/agazeta\/wp-content\/uploads\/2016\/06\/160616-cotidiano-alphaville-divulgacao.jpg","type":"image\/jpeg"}],"author":"Agazeta.Net","twitter_card":"summary_large_image","twitter_misc":{"Escrito por":"Agazeta.Net","Est. tempo de leitura":"2 minutos"},"schema":{"@context":"https:\/\/schema.org","@graph":[{"@type":"WebPage","@id":"https:\/\/nk7-testes.com.br\/agazeta\/terras-alphaville-rio-branco-momento-de-investir-e-agora\/","url":"https:\/\/nk7-testes.com.br\/agazeta\/terras-alphaville-rio-branco-momento-de-investir-e-agora\/","name":"Terras Alphaville Rio Branco: momento de investir \u00e9 agora - Agazeta.net","isPartOf":{"@id":"https:\/\/nk7-testes.com.br\/agazeta\/#website"},"primaryImageOfPage":{"@id":"https:\/\/nk7-testes.com.br\/agazeta\/terras-alphaville-rio-branco-momento-de-investir-e-agora\/#primaryimage"},"image":{"@id":"https:\/\/nk7-testes.com.br\/agazeta\/terras-alphaville-rio-branco-momento-de-investir-e-agora\/#primaryimage"},"thumbnailUrl":"https:\/\/nk7-testes.com.br\/agazeta\/wp-content\/uploads\/2016\/06\/160616-cotidiano-alphaville-divulgacao.jpg","datePublished":"2016-06-16T15:13:15+00:00","author":{"@id":"https:\/\/nk7-testes.com.br\/agazeta\/#\/schema\/person\/6d6e25cb0435eb4a02fd44d30b4e3020"},"breadcrumb":{"@id":"https:\/\/nk7-testes.com.br\/agazeta\/terras-alphaville-rio-branco-momento-de-investir-e-agora\/#breadcrumb"},"inLanguage":"pt-BR","potentialAction":[{"@type":"ReadAction","target":["https:\/\/nk7-testes.com.br\/agazeta\/terras-alphaville-rio-branco-momento-de-investir-e-agora\/"]}]},{"@type":"ImageObject","inLanguage":"pt-BR","@id":"https:\/\/nk7-testes.com.br\/agazeta\/terras-alphaville-rio-branco-momento-de-investir-e-agora\/#primaryimage","url":"https:\/\/nk7-testes.com.br\/agazeta\/wp-content\/uploads\/2016\/06\/160616-cotidiano-alphaville-divulgacao.jpg","contentUrl":"https:\/\/nk7-testes.com.br\/agazeta\/wp-content\/uploads\/2016\/06\/160616-cotidiano-alphaville-divulgacao.jpg","width":458,"height":340,"caption":"160616-cotidiano-alphaville-divulgacao"},{"@type":"BreadcrumbList","@id":"https:\/\/nk7-testes.com.br\/agazeta\/terras-alphaville-rio-branco-momento-de-investir-e-agora\/#breadcrumb","itemListElement":[{"@type":"ListItem","position":1,"name":"In\u00edcio","item":"https:\/\/nk7-testes.com.br\/agazeta\/"},{"@type":"ListItem","position":2,"name":"Terras Alphaville Rio Branco: momento de investir \u00e9 agora"}]},{"@type":"WebSite","@id":"https:\/\/nk7-testes.com.br\/agazeta\/#website","url":"https:\/\/nk7-testes.com.br\/agazeta\/","name":"Agazeta.net","description":"Agazeta.net - Not\u00edcias de Rio Branco\/AC","potentialAction":[{"@type":"SearchAction","target":{"@type":"EntryPoint","urlTemplate":"https:\/\/nk7-testes.com.br\/agazeta\/?s={search_term_string}"},"query-input":{"@type":"PropertyValueSpecification","valueRequired":true,"valueName":"search_term_string"}}],"inLanguage":"pt-BR"},{"@type":"Person","@id":"https:\/\/nk7-testes.com.br\/agazeta\/#\/schema\/person\/6d6e25cb0435eb4a02fd44d30b4e3020","name":"Agazeta.Net","url":"https:\/\/nk7-testes.com.br\/agazeta\/author\/agazeta\/"}]}},"_links":{"self":[{"href":"https:\/\/nk7-testes.com.br\/agazeta\/wp-json\/wp\/v2\/posts\/23327","targetHints":{"allow":["GET"]}}],"collection":[{"href":"https:\/\/nk7-testes.com.br\/agazeta\/wp-json\/wp\/v2\/posts"}],"about":[{"href":"https:\/\/nk7-testes.com.br\/agazeta\/wp-json\/wp\/v2\/types\/post"}],"author":[{"embeddable":true,"href":"https:\/\/nk7-testes.com.br\/agazeta\/wp-json\/wp\/v2\/users\/4"}],"replies":[{"embeddable":true,"href":"https:\/\/nk7-testes.com.br\/agazeta\/wp-json\/wp\/v2\/comments?post=23327"}],"version-history":[{"count":0,"href":"https:\/\/nk7-testes.com.br\/agazeta\/wp-json\/wp\/v2\/posts\/23327\/revisions"}],"wp:featuredmedia":[{"embeddable":true,"href":"https:\/\/nk7-testes.com.br\/agazeta\/wp-json\/wp\/v2\/media\/23325"}],"wp:attachment":[{"href":"https:\/\/nk7-testes.com.br\/agazeta\/wp-json\/wp\/v2\/media?parent=23327"}],"wp:term":[{"taxonomy":"category","embeddable":true,"href":"https:\/\/nk7-testes.com.br\/agazeta\/wp-json\/wp\/v2\/categories?post=23327"},{"taxonomy":"post_tag","embeddable":true,"href":"https:\/\/nk7-testes.com.br\/agazeta\/wp-json\/wp\/v2\/tags?post=23327"}],"curies":[{"name":"wp","href":"https:\/\/api.w.org\/{rel}","templated":true}]}}