{"id":23324,"date":"2016-06-16T14:48:18","date_gmt":"2016-06-16T14:48:18","guid":{"rendered":"https:\/\/abarevegan.com.br\/index.php\/2016\/06\/16\/infraestrutura-ruim-prejudica-todos-setores\/"},"modified":"2016-06-16T14:48:18","modified_gmt":"2016-06-16T14:48:18","slug":"infraestrutura-ruim-prejudica-todos-setores","status":"publish","type":"post","link":"https:\/\/nk7-testes.com.br\/agazeta\/infraestrutura-ruim-prejudica-todos-setores\/","title":{"rendered":"Infraestrutura ruim prejudica todos setores"},"content":{"rendered":"<p style=\"text-align: justify;\">Carro forte atola entre Feij\u00f3 e Tarauac\u00e1<\/p>\n<p style=\"text-align: justify;\">Um flagrante feito por um leitor exp\u00f5e a realidade da situa\u00e7\u00e3o da BR-364 entre Tarauac\u00e1 e Feij\u00f3. \u201cN\u00f3s estamos fazendo uma m\u00e9dia de tr\u00eas horas para andar 40 quil\u00f4metros entre essas duas cidades\u201d, contabiliza o motorista aut\u00f4nomo Wescley Moraes de Oliveira, que no \u00faltimo fim de semana transportava mercadoria de Cruzeiro at\u00e9 a Capital.<\/p>\n<p style=\"text-align: justify;\">O caminh\u00e3o que aparece na foto transportava brita entre Tarauac\u00e1 e Feij\u00f3. O carro de transporte de valores ficou cerca de 40 minutos atolado. N\u00e3o se sabe se houve mais algum problema no transporte da carga. O telefone que a empresa de transporte informa no site n\u00e3o est\u00e1 ativo.<\/p>\n<p style=\"text-align: justify;\">A foto exp\u00f5e como a falta de estrutura em transporte prejudica todos os setores e coloca em risco a seguran\u00e7a e a sustentabilidade econ\u00f4mica das empresas.<\/p>\n","protected":false},"excerpt":{"rendered":"<p style=\"text-align: justify;\">Carro forte atola entre Feij\u00f3 e Tarauac\u00e1<\/p>\n","protected":false},"author":4,"featured_media":23323,"comment_status":"open","ping_status":"open","sticky":false,"template":"","format":"standard","meta":{"jnews-multi-image_gallery":[],"jnews_single_post":[],"jnews_primary_category":[],"jnews_social_meta":[],"jnews_review":[],"enable_review":"","type":"","name":"","summary":"","brand":"","sku":"","good":[],"bad":[],"score_override":"","override_value":"","rating":[],"price":[],"footnotes":""},"categories":[54],"tags":[],"class_list":["post-23324","post","type-post","status-publish","format-standard","has-post-thumbnail","hentry","category-cotidiano"],"yoast_head":"<!-- This site is optimized with the Yoast SEO plugin v26.5 - https:\/\/yoast.com\/wordpress\/plugins\/seo\/ -->\n<title>Infraestrutura ruim prejudica todos setores - Agazeta.net<\/title>\n<meta name=\"robots\" content=\"index, follow, max-snippet:-1, max-image-preview:large, max-video-preview:-1\" \/>\n<link rel=\"canonical\" href=\"https:\/\/nk7-testes.com.br\/agazeta\/infraestrutura-ruim-prejudica-todos-setores\/\" \/>\n<meta property=\"og:locale\" content=\"pt_BR\" \/>\n<meta property=\"og:type\" content=\"article\" \/>\n<meta property=\"og:title\" content=\"Infraestrutura ruim prejudica todos setores - Agazeta.net\" \/>\n<meta property=\"og:description\" content=\"Carro forte atola entre Feij\u00f3 e Tarauac\u00e1\" \/>\n<meta property=\"og:url\" content=\"https:\/\/nk7-testes.com.br\/agazeta\/infraestrutura-ruim-prejudica-todos-setores\/\" \/>\n<meta property=\"og:site_name\" content=\"Agazeta.net\" \/>\n<meta property=\"article:published_time\" content=\"2016-06-16T14:48:18+00:00\" \/>\n<meta property=\"og:image\" content=\"https:\/\/nk7-testes.com.br\/agazeta\/wp-content\/uploads\/2016\/06\/160616-cotidiano-carroforteatolado-cedida.jpg\" \/>\n\t<meta property=\"og:image:width\" content=\"458\" \/>\n\t<meta property=\"og:image:height\" content=\"340\" \/>\n\t<meta property=\"og:image:type\" content=\"image\/jpeg\" \/>\n<meta name=\"author\" content=\"Agazeta.Net\" \/>\n<meta name=\"twitter:card\" content=\"summary_large_image\" \/>\n<meta name=\"twitter:label1\" content=\"Escrito por\" \/>\n\t<meta name=\"twitter:data1\" content=\"Agazeta.Net\" \/>\n\t<meta name=\"twitter:label2\" content=\"Est. tempo de leitura\" \/>\n\t<meta name=\"twitter:data2\" content=\"1 minuto\" \/>\n<script type=\"application\/ld+json\" class=\"yoast-schema-graph\">{\"@context\":\"https:\/\/schema.org\",\"@graph\":[{\"@type\":\"WebPage\",\"@id\":\"https:\/\/nk7-testes.com.br\/agazeta\/infraestrutura-ruim-prejudica-todos-setores\/\",\"url\":\"https:\/\/nk7-testes.com.br\/agazeta\/infraestrutura-ruim-prejudica-todos-setores\/\",\"name\":\"Infraestrutura ruim prejudica todos setores - Agazeta.net\",\"isPartOf\":{\"@id\":\"https:\/\/nk7-testes.com.br\/agazeta\/#website\"},\"primaryImageOfPage\":{\"@id\":\"https:\/\/nk7-testes.com.br\/agazeta\/infraestrutura-ruim-prejudica-todos-setores\/#primaryimage\"},\"image\":{\"@id\":\"https:\/\/nk7-testes.com.br\/agazeta\/infraestrutura-ruim-prejudica-todos-setores\/#primaryimage\"},\"thumbnailUrl\":\"https:\/\/nk7-testes.com.br\/agazeta\/wp-content\/uploads\/2016\/06\/160616-cotidiano-carroforteatolado-cedida.jpg\",\"datePublished\":\"2016-06-16T14:48:18+00:00\",\"author\":{\"@id\":\"https:\/\/nk7-testes.com.br\/agazeta\/#\/schema\/person\/6d6e25cb0435eb4a02fd44d30b4e3020\"},\"breadcrumb\":{\"@id\":\"https:\/\/nk7-testes.com.br\/agazeta\/infraestrutura-ruim-prejudica-todos-setores\/#breadcrumb\"},\"inLanguage\":\"pt-BR\",\"potentialAction\":[{\"@type\":\"ReadAction\",\"target\":[\"https:\/\/nk7-testes.com.br\/agazeta\/infraestrutura-ruim-prejudica-todos-setores\/\"]}]},{\"@type\":\"ImageObject\",\"inLanguage\":\"pt-BR\",\"@id\":\"https:\/\/nk7-testes.com.br\/agazeta\/infraestrutura-ruim-prejudica-todos-setores\/#primaryimage\",\"url\":\"https:\/\/nk7-testes.com.br\/agazeta\/wp-content\/uploads\/2016\/06\/160616-cotidiano-carroforteatolado-cedida.jpg\",\"contentUrl\":\"https:\/\/nk7-testes.com.br\/agazeta\/wp-content\/uploads\/2016\/06\/160616-cotidiano-carroforteatolado-cedida.jpg\",\"width\":458,\"height\":340,\"caption\":\"160616-cotidiano-carroforteatolado-cedida\"},{\"@type\":\"BreadcrumbList\",\"@id\":\"https:\/\/nk7-testes.com.br\/agazeta\/infraestrutura-ruim-prejudica-todos-setores\/#breadcrumb\",\"itemListElement\":[{\"@type\":\"ListItem\",\"position\":1,\"name\":\"In\u00edcio\",\"item\":\"https:\/\/nk7-testes.com.br\/agazeta\/\"},{\"@type\":\"ListItem\",\"position\":2,\"name\":\"Infraestrutura ruim prejudica todos setores\"}]},{\"@type\":\"WebSite\",\"@id\":\"https:\/\/nk7-testes.com.br\/agazeta\/#website\",\"url\":\"https:\/\/nk7-testes.com.br\/agazeta\/\",\"name\":\"Agazeta.net\",\"description\":\"Agazeta.net - Not\u00edcias de Rio Branco\/AC\",\"potentialAction\":[{\"@type\":\"SearchAction\",\"target\":{\"@type\":\"EntryPoint\",\"urlTemplate\":\"https:\/\/nk7-testes.com.br\/agazeta\/?s={search_term_string}\"},\"query-input\":{\"@type\":\"PropertyValueSpecification\",\"valueRequired\":true,\"valueName\":\"search_term_string\"}}],\"inLanguage\":\"pt-BR\"},{\"@type\":\"Person\",\"@id\":\"https:\/\/nk7-testes.com.br\/agazeta\/#\/schema\/person\/6d6e25cb0435eb4a02fd44d30b4e3020\",\"name\":\"Agazeta.Net\",\"url\":\"https:\/\/nk7-testes.com.br\/agazeta\/author\/agazeta\/\"}]}<\/script>\n<!-- \/ Yoast SEO plugin. -->","yoast_head_json":{"title":"Infraestrutura ruim prejudica todos setores - Agazeta.net","robots":{"index":"index","follow":"follow","max-snippet":"max-snippet:-1","max-image-preview":"max-image-preview:large","max-video-preview":"max-video-preview:-1"},"canonical":"https:\/\/nk7-testes.com.br\/agazeta\/infraestrutura-ruim-prejudica-todos-setores\/","og_locale":"pt_BR","og_type":"article","og_title":"Infraestrutura ruim prejudica todos setores - Agazeta.net","og_description":"Carro forte atola entre Feij\u00f3 e Tarauac\u00e1","og_url":"https:\/\/nk7-testes.com.br\/agazeta\/infraestrutura-ruim-prejudica-todos-setores\/","og_site_name":"Agazeta.net","article_published_time":"2016-06-16T14:48:18+00:00","og_image":[{"width":458,"height":340,"url":"https:\/\/nk7-testes.com.br\/agazeta\/wp-content\/uploads\/2016\/06\/160616-cotidiano-carroforteatolado-cedida.jpg","type":"image\/jpeg"}],"author":"Agazeta.Net","twitter_card":"summary_large_image","twitter_misc":{"Escrito por":"Agazeta.Net","Est. tempo de leitura":"1 minuto"},"schema":{"@context":"https:\/\/schema.org","@graph":[{"@type":"WebPage","@id":"https:\/\/nk7-testes.com.br\/agazeta\/infraestrutura-ruim-prejudica-todos-setores\/","url":"https:\/\/nk7-testes.com.br\/agazeta\/infraestrutura-ruim-prejudica-todos-setores\/","name":"Infraestrutura ruim prejudica todos setores - Agazeta.net","isPartOf":{"@id":"https:\/\/nk7-testes.com.br\/agazeta\/#website"},"primaryImageOfPage":{"@id":"https:\/\/nk7-testes.com.br\/agazeta\/infraestrutura-ruim-prejudica-todos-setores\/#primaryimage"},"image":{"@id":"https:\/\/nk7-testes.com.br\/agazeta\/infraestrutura-ruim-prejudica-todos-setores\/#primaryimage"},"thumbnailUrl":"https:\/\/nk7-testes.com.br\/agazeta\/wp-content\/uploads\/2016\/06\/160616-cotidiano-carroforteatolado-cedida.jpg","datePublished":"2016-06-16T14:48:18+00:00","author":{"@id":"https:\/\/nk7-testes.com.br\/agazeta\/#\/schema\/person\/6d6e25cb0435eb4a02fd44d30b4e3020"},"breadcrumb":{"@id":"https:\/\/nk7-testes.com.br\/agazeta\/infraestrutura-ruim-prejudica-todos-setores\/#breadcrumb"},"inLanguage":"pt-BR","potentialAction":[{"@type":"ReadAction","target":["https:\/\/nk7-testes.com.br\/agazeta\/infraestrutura-ruim-prejudica-todos-setores\/"]}]},{"@type":"ImageObject","inLanguage":"pt-BR","@id":"https:\/\/nk7-testes.com.br\/agazeta\/infraestrutura-ruim-prejudica-todos-setores\/#primaryimage","url":"https:\/\/nk7-testes.com.br\/agazeta\/wp-content\/uploads\/2016\/06\/160616-cotidiano-carroforteatolado-cedida.jpg","contentUrl":"https:\/\/nk7-testes.com.br\/agazeta\/wp-content\/uploads\/2016\/06\/160616-cotidiano-carroforteatolado-cedida.jpg","width":458,"height":340,"caption":"160616-cotidiano-carroforteatolado-cedida"},{"@type":"BreadcrumbList","@id":"https:\/\/nk7-testes.com.br\/agazeta\/infraestrutura-ruim-prejudica-todos-setores\/#breadcrumb","itemListElement":[{"@type":"ListItem","position":1,"name":"In\u00edcio","item":"https:\/\/nk7-testes.com.br\/agazeta\/"},{"@type":"ListItem","position":2,"name":"Infraestrutura ruim prejudica todos setores"}]},{"@type":"WebSite","@id":"https:\/\/nk7-testes.com.br\/agazeta\/#website","url":"https:\/\/nk7-testes.com.br\/agazeta\/","name":"Agazeta.net","description":"Agazeta.net - Not\u00edcias de Rio Branco\/AC","potentialAction":[{"@type":"SearchAction","target":{"@type":"EntryPoint","urlTemplate":"https:\/\/nk7-testes.com.br\/agazeta\/?s={search_term_string}"},"query-input":{"@type":"PropertyValueSpecification","valueRequired":true,"valueName":"search_term_string"}}],"inLanguage":"pt-BR"},{"@type":"Person","@id":"https:\/\/nk7-testes.com.br\/agazeta\/#\/schema\/person\/6d6e25cb0435eb4a02fd44d30b4e3020","name":"Agazeta.Net","url":"https:\/\/nk7-testes.com.br\/agazeta\/author\/agazeta\/"}]}},"_links":{"self":[{"href":"https:\/\/nk7-testes.com.br\/agazeta\/wp-json\/wp\/v2\/posts\/23324","targetHints":{"allow":["GET"]}}],"collection":[{"href":"https:\/\/nk7-testes.com.br\/agazeta\/wp-json\/wp\/v2\/posts"}],"about":[{"href":"https:\/\/nk7-testes.com.br\/agazeta\/wp-json\/wp\/v2\/types\/post"}],"author":[{"embeddable":true,"href":"https:\/\/nk7-testes.com.br\/agazeta\/wp-json\/wp\/v2\/users\/4"}],"replies":[{"embeddable":true,"href":"https:\/\/nk7-testes.com.br\/agazeta\/wp-json\/wp\/v2\/comments?post=23324"}],"version-history":[{"count":0,"href":"https:\/\/nk7-testes.com.br\/agazeta\/wp-json\/wp\/v2\/posts\/23324\/revisions"}],"wp:featuredmedia":[{"embeddable":true,"href":"https:\/\/nk7-testes.com.br\/agazeta\/wp-json\/wp\/v2\/media\/23323"}],"wp:attachment":[{"href":"https:\/\/nk7-testes.com.br\/agazeta\/wp-json\/wp\/v2\/media?parent=23324"}],"wp:term":[{"taxonomy":"category","embeddable":true,"href":"https:\/\/nk7-testes.com.br\/agazeta\/wp-json\/wp\/v2\/categories?post=23324"},{"taxonomy":"post_tag","embeddable":true,"href":"https:\/\/nk7-testes.com.br\/agazeta\/wp-json\/wp\/v2\/tags?post=23324"}],"curies":[{"name":"wp","href":"https:\/\/api.w.org\/{rel}","templated":true}]}}