{"id":23315,"date":"2016-06-15T19:54:48","date_gmt":"2016-06-15T19:54:48","guid":{"rendered":"https:\/\/abarevegan.com.br\/index.php\/2016\/06\/15\/juiza-avalia-prisao-domiciliar-para-hildebrando\/"},"modified":"2016-06-15T19:54:48","modified_gmt":"2016-06-15T19:54:48","slug":"juiza-avalia-prisao-domiciliar-para-hildebrando","status":"publish","type":"post","link":"https:\/\/nk7-testes.com.br\/agazeta\/juiza-avalia-prisao-domiciliar-para-hildebrando\/","title":{"rendered":"Ju\u00edza avalia pris\u00e3o domiciliar para Hildebrando"},"content":{"rendered":"<p style=\"text-align: justify;\">Junta m\u00e9dica j\u00e1 foi escolhida por Luana Campos<\/p>\n<p style=\"text-align: justify;\">A ju\u00edza da Vara de Execu\u00e7\u00f5es Penais, Luana Campos, escolheu o cardiologista, o cl\u00ednico geral e o ortopedista que v\u00e3o fazer nova bateria de exames em Hildebrando Pascoal para decidir se ele tem direito a ficar preso em regime domiciliar.<\/p>\n<p style=\"text-align: justify;\">Hildebrando, que est\u00e1 internado no Hospital Santa Casa, alega que n\u00e3o tem condi\u00e7\u00f5es de ficar em uma cela do pres\u00eddio Ant\u00f4nio Amaro, e mais uma vez requisitou o benef\u00edcio de cumprir o restante da pena em casa. A magistrada quer saber com detalhes a gravidade da doen\u00e7a do preso.<\/p>\n<p style=\"text-align: justify;\">A junta m\u00e9dica deve se reunir nos pr\u00f3ximos dias e fazer os exames necess\u00e1rios, aproveitando que Hildebrando est\u00e1 internado, e a per\u00edcia, obrigatoriamente, deve ter os laudos dos tr\u00eas m\u00e9dicos. S\u00f3 depois de avaliar o resultado a magistrada pode decidir pelo pedido dos advogados de defesa.<\/p>\n","protected":false},"excerpt":{"rendered":"<p style=\"text-align: justify;\">Junta m\u00e9dica j\u00e1 foi escolhida por Luana Campos<\/p>\n","protected":false},"author":4,"featured_media":11346,"comment_status":"open","ping_status":"open","sticky":false,"template":"","format":"standard","meta":{"jnews-multi-image_gallery":[],"jnews_single_post":[],"jnews_primary_category":[],"jnews_social_meta":[],"jnews_review":[],"enable_review":"","type":"","name":"","summary":"","brand":"","sku":"","good":[],"bad":[],"score_override":"","override_value":"","rating":[],"price":[],"footnotes":""},"categories":[44],"tags":[],"class_list":["post-23315","post","type-post","status-publish","format-standard","has-post-thumbnail","hentry","category-policia"],"yoast_head":"<!-- This site is optimized with the Yoast SEO plugin v26.5 - https:\/\/yoast.com\/wordpress\/plugins\/seo\/ -->\n<title>Ju\u00edza avalia pris\u00e3o domiciliar para Hildebrando - Agazeta.net<\/title>\n<meta name=\"robots\" content=\"index, follow, max-snippet:-1, max-image-preview:large, max-video-preview:-1\" \/>\n<link rel=\"canonical\" href=\"https:\/\/nk7-testes.com.br\/agazeta\/juiza-avalia-prisao-domiciliar-para-hildebrando\/\" \/>\n<meta property=\"og:locale\" content=\"pt_BR\" \/>\n<meta property=\"og:type\" content=\"article\" \/>\n<meta property=\"og:title\" content=\"Ju\u00edza avalia pris\u00e3o domiciliar para Hildebrando - Agazeta.net\" \/>\n<meta property=\"og:description\" content=\"Junta m\u00e9dica j\u00e1 foi escolhida por Luana Campos\" \/>\n<meta property=\"og:url\" content=\"https:\/\/nk7-testes.com.br\/agazeta\/juiza-avalia-prisao-domiciliar-para-hildebrando\/\" \/>\n<meta property=\"og:site_name\" content=\"Agazeta.net\" \/>\n<meta property=\"article:published_time\" content=\"2016-06-15T19:54:48+00:00\" \/>\n<meta property=\"og:image\" content=\"https:\/\/nk7-testes.com.br\/agazeta\/wp-content\/uploads\/2014\/11\/1111-policia-luanacampos-agenciatj.jpg\" \/>\n\t<meta property=\"og:image:width\" content=\"458\" \/>\n\t<meta property=\"og:image:height\" content=\"340\" \/>\n\t<meta property=\"og:image:type\" content=\"image\/jpeg\" \/>\n<meta name=\"author\" content=\"Agazeta.Net\" \/>\n<meta name=\"twitter:card\" content=\"summary_large_image\" \/>\n<meta name=\"twitter:label1\" content=\"Escrito por\" \/>\n\t<meta name=\"twitter:data1\" content=\"Agazeta.Net\" \/>\n\t<meta name=\"twitter:label2\" content=\"Est. tempo de leitura\" \/>\n\t<meta name=\"twitter:data2\" content=\"1 minuto\" \/>\n<script type=\"application\/ld+json\" class=\"yoast-schema-graph\">{\"@context\":\"https:\/\/schema.org\",\"@graph\":[{\"@type\":\"WebPage\",\"@id\":\"https:\/\/nk7-testes.com.br\/agazeta\/juiza-avalia-prisao-domiciliar-para-hildebrando\/\",\"url\":\"https:\/\/nk7-testes.com.br\/agazeta\/juiza-avalia-prisao-domiciliar-para-hildebrando\/\",\"name\":\"Ju\u00edza avalia pris\u00e3o domiciliar para Hildebrando - Agazeta.net\",\"isPartOf\":{\"@id\":\"https:\/\/nk7-testes.com.br\/agazeta\/#website\"},\"primaryImageOfPage\":{\"@id\":\"https:\/\/nk7-testes.com.br\/agazeta\/juiza-avalia-prisao-domiciliar-para-hildebrando\/#primaryimage\"},\"image\":{\"@id\":\"https:\/\/nk7-testes.com.br\/agazeta\/juiza-avalia-prisao-domiciliar-para-hildebrando\/#primaryimage\"},\"thumbnailUrl\":\"https:\/\/nk7-testes.com.br\/agazeta\/wp-content\/uploads\/2014\/11\/1111-policia-luanacampos-agenciatj.jpg\",\"datePublished\":\"2016-06-15T19:54:48+00:00\",\"author\":{\"@id\":\"https:\/\/nk7-testes.com.br\/agazeta\/#\/schema\/person\/6d6e25cb0435eb4a02fd44d30b4e3020\"},\"breadcrumb\":{\"@id\":\"https:\/\/nk7-testes.com.br\/agazeta\/juiza-avalia-prisao-domiciliar-para-hildebrando\/#breadcrumb\"},\"inLanguage\":\"pt-BR\",\"potentialAction\":[{\"@type\":\"ReadAction\",\"target\":[\"https:\/\/nk7-testes.com.br\/agazeta\/juiza-avalia-prisao-domiciliar-para-hildebrando\/\"]}]},{\"@type\":\"ImageObject\",\"inLanguage\":\"pt-BR\",\"@id\":\"https:\/\/nk7-testes.com.br\/agazeta\/juiza-avalia-prisao-domiciliar-para-hildebrando\/#primaryimage\",\"url\":\"https:\/\/nk7-testes.com.br\/agazeta\/wp-content\/uploads\/2014\/11\/1111-policia-luanacampos-agenciatj.jpg\",\"contentUrl\":\"https:\/\/nk7-testes.com.br\/agazeta\/wp-content\/uploads\/2014\/11\/1111-policia-luanacampos-agenciatj.jpg\",\"width\":458,\"height\":340,\"caption\":\"1111-policia-luanacampos-agenciatj\"},{\"@type\":\"BreadcrumbList\",\"@id\":\"https:\/\/nk7-testes.com.br\/agazeta\/juiza-avalia-prisao-domiciliar-para-hildebrando\/#breadcrumb\",\"itemListElement\":[{\"@type\":\"ListItem\",\"position\":1,\"name\":\"In\u00edcio\",\"item\":\"https:\/\/nk7-testes.com.br\/agazeta\/\"},{\"@type\":\"ListItem\",\"position\":2,\"name\":\"Ju\u00edza avalia pris\u00e3o domiciliar para Hildebrando\"}]},{\"@type\":\"WebSite\",\"@id\":\"https:\/\/nk7-testes.com.br\/agazeta\/#website\",\"url\":\"https:\/\/nk7-testes.com.br\/agazeta\/\",\"name\":\"Agazeta.net\",\"description\":\"Agazeta.net - Not\u00edcias de Rio Branco\/AC\",\"potentialAction\":[{\"@type\":\"SearchAction\",\"target\":{\"@type\":\"EntryPoint\",\"urlTemplate\":\"https:\/\/nk7-testes.com.br\/agazeta\/?s={search_term_string}\"},\"query-input\":{\"@type\":\"PropertyValueSpecification\",\"valueRequired\":true,\"valueName\":\"search_term_string\"}}],\"inLanguage\":\"pt-BR\"},{\"@type\":\"Person\",\"@id\":\"https:\/\/nk7-testes.com.br\/agazeta\/#\/schema\/person\/6d6e25cb0435eb4a02fd44d30b4e3020\",\"name\":\"Agazeta.Net\",\"url\":\"https:\/\/nk7-testes.com.br\/agazeta\/author\/agazeta\/\"}]}<\/script>\n<!-- \/ Yoast SEO plugin. -->","yoast_head_json":{"title":"Ju\u00edza avalia pris\u00e3o domiciliar para Hildebrando - Agazeta.net","robots":{"index":"index","follow":"follow","max-snippet":"max-snippet:-1","max-image-preview":"max-image-preview:large","max-video-preview":"max-video-preview:-1"},"canonical":"https:\/\/nk7-testes.com.br\/agazeta\/juiza-avalia-prisao-domiciliar-para-hildebrando\/","og_locale":"pt_BR","og_type":"article","og_title":"Ju\u00edza avalia pris\u00e3o domiciliar para Hildebrando - Agazeta.net","og_description":"Junta m\u00e9dica j\u00e1 foi escolhida por Luana Campos","og_url":"https:\/\/nk7-testes.com.br\/agazeta\/juiza-avalia-prisao-domiciliar-para-hildebrando\/","og_site_name":"Agazeta.net","article_published_time":"2016-06-15T19:54:48+00:00","og_image":[{"width":458,"height":340,"url":"https:\/\/nk7-testes.com.br\/agazeta\/wp-content\/uploads\/2014\/11\/1111-policia-luanacampos-agenciatj.jpg","type":"image\/jpeg"}],"author":"Agazeta.Net","twitter_card":"summary_large_image","twitter_misc":{"Escrito por":"Agazeta.Net","Est. tempo de leitura":"1 minuto"},"schema":{"@context":"https:\/\/schema.org","@graph":[{"@type":"WebPage","@id":"https:\/\/nk7-testes.com.br\/agazeta\/juiza-avalia-prisao-domiciliar-para-hildebrando\/","url":"https:\/\/nk7-testes.com.br\/agazeta\/juiza-avalia-prisao-domiciliar-para-hildebrando\/","name":"Ju\u00edza avalia pris\u00e3o domiciliar para Hildebrando - Agazeta.net","isPartOf":{"@id":"https:\/\/nk7-testes.com.br\/agazeta\/#website"},"primaryImageOfPage":{"@id":"https:\/\/nk7-testes.com.br\/agazeta\/juiza-avalia-prisao-domiciliar-para-hildebrando\/#primaryimage"},"image":{"@id":"https:\/\/nk7-testes.com.br\/agazeta\/juiza-avalia-prisao-domiciliar-para-hildebrando\/#primaryimage"},"thumbnailUrl":"https:\/\/nk7-testes.com.br\/agazeta\/wp-content\/uploads\/2014\/11\/1111-policia-luanacampos-agenciatj.jpg","datePublished":"2016-06-15T19:54:48+00:00","author":{"@id":"https:\/\/nk7-testes.com.br\/agazeta\/#\/schema\/person\/6d6e25cb0435eb4a02fd44d30b4e3020"},"breadcrumb":{"@id":"https:\/\/nk7-testes.com.br\/agazeta\/juiza-avalia-prisao-domiciliar-para-hildebrando\/#breadcrumb"},"inLanguage":"pt-BR","potentialAction":[{"@type":"ReadAction","target":["https:\/\/nk7-testes.com.br\/agazeta\/juiza-avalia-prisao-domiciliar-para-hildebrando\/"]}]},{"@type":"ImageObject","inLanguage":"pt-BR","@id":"https:\/\/nk7-testes.com.br\/agazeta\/juiza-avalia-prisao-domiciliar-para-hildebrando\/#primaryimage","url":"https:\/\/nk7-testes.com.br\/agazeta\/wp-content\/uploads\/2014\/11\/1111-policia-luanacampos-agenciatj.jpg","contentUrl":"https:\/\/nk7-testes.com.br\/agazeta\/wp-content\/uploads\/2014\/11\/1111-policia-luanacampos-agenciatj.jpg","width":458,"height":340,"caption":"1111-policia-luanacampos-agenciatj"},{"@type":"BreadcrumbList","@id":"https:\/\/nk7-testes.com.br\/agazeta\/juiza-avalia-prisao-domiciliar-para-hildebrando\/#breadcrumb","itemListElement":[{"@type":"ListItem","position":1,"name":"In\u00edcio","item":"https:\/\/nk7-testes.com.br\/agazeta\/"},{"@type":"ListItem","position":2,"name":"Ju\u00edza avalia pris\u00e3o domiciliar para Hildebrando"}]},{"@type":"WebSite","@id":"https:\/\/nk7-testes.com.br\/agazeta\/#website","url":"https:\/\/nk7-testes.com.br\/agazeta\/","name":"Agazeta.net","description":"Agazeta.net - Not\u00edcias de Rio Branco\/AC","potentialAction":[{"@type":"SearchAction","target":{"@type":"EntryPoint","urlTemplate":"https:\/\/nk7-testes.com.br\/agazeta\/?s={search_term_string}"},"query-input":{"@type":"PropertyValueSpecification","valueRequired":true,"valueName":"search_term_string"}}],"inLanguage":"pt-BR"},{"@type":"Person","@id":"https:\/\/nk7-testes.com.br\/agazeta\/#\/schema\/person\/6d6e25cb0435eb4a02fd44d30b4e3020","name":"Agazeta.Net","url":"https:\/\/nk7-testes.com.br\/agazeta\/author\/agazeta\/"}]}},"_links":{"self":[{"href":"https:\/\/nk7-testes.com.br\/agazeta\/wp-json\/wp\/v2\/posts\/23315","targetHints":{"allow":["GET"]}}],"collection":[{"href":"https:\/\/nk7-testes.com.br\/agazeta\/wp-json\/wp\/v2\/posts"}],"about":[{"href":"https:\/\/nk7-testes.com.br\/agazeta\/wp-json\/wp\/v2\/types\/post"}],"author":[{"embeddable":true,"href":"https:\/\/nk7-testes.com.br\/agazeta\/wp-json\/wp\/v2\/users\/4"}],"replies":[{"embeddable":true,"href":"https:\/\/nk7-testes.com.br\/agazeta\/wp-json\/wp\/v2\/comments?post=23315"}],"version-history":[{"count":0,"href":"https:\/\/nk7-testes.com.br\/agazeta\/wp-json\/wp\/v2\/posts\/23315\/revisions"}],"wp:featuredmedia":[{"embeddable":true,"href":"https:\/\/nk7-testes.com.br\/agazeta\/wp-json\/wp\/v2\/media\/11346"}],"wp:attachment":[{"href":"https:\/\/nk7-testes.com.br\/agazeta\/wp-json\/wp\/v2\/media?parent=23315"}],"wp:term":[{"taxonomy":"category","embeddable":true,"href":"https:\/\/nk7-testes.com.br\/agazeta\/wp-json\/wp\/v2\/categories?post=23315"},{"taxonomy":"post_tag","embeddable":true,"href":"https:\/\/nk7-testes.com.br\/agazeta\/wp-json\/wp\/v2\/tags?post=23315"}],"curies":[{"name":"wp","href":"https:\/\/api.w.org\/{rel}","templated":true}]}}