{"id":23300,"date":"2016-06-14T22:22:49","date_gmt":"2016-06-14T22:22:49","guid":{"rendered":"https:\/\/abarevegan.com.br\/index.php\/2016\/06\/14\/entre-mundos-e-cores-aborda-questao-racial\/"},"modified":"2016-06-14T22:22:49","modified_gmt":"2016-06-14T22:22:49","slug":"entre-mundos-e-cores-aborda-questao-racial","status":"publish","type":"post","link":"https:\/\/nk7-testes.com.br\/agazeta\/entre-mundos-e-cores-aborda-questao-racial\/","title":{"rendered":"Entre Mundos e Cores aborda \u201cquest\u00e3o racial\u201d"},"content":{"rendered":"<p style=\"text-align: justify;\">Trupe do Banzeiro ousa ao trazer conflitos sociais<\/p>\n<p style=\"text-align: justify;\">Uma hero\u00edna e um amor proibido enfrentando injusti\u00e7as e preconceitos. A hist\u00f3ria poderia muito bem se passar nos dias de hoje, mas o espet\u00e1culo Entre Mundos e Cores, da Trupe do Banzeiro \u00e9 um drama do s\u00e9culo XVIII. Em sua segunda temporada, o espet\u00e1culo \u00e9 apresentado nos dias 16,17,18 e 19 de junho, no Teatro Pl\u00e1cido de Castro (Teatr\u00e3o), \u00e0s 19h. Os ingressos custam R$20,0 (inteira) e R$10,0 (meia entrada).<\/p>\n<p style=\"text-align: justify;\">Entre Mundos e Cores conta a hist\u00f3ria de Zaila, nascida na senzala da Fazenda Cachoeira, que sonha em ser livre e se tornar rainha do Quilombo. Ao crescer, vai gerando um amor por Joaquim, filho do coronel e, juntos, vivenciam um grande romance ao enfrentarem o pior do ser humano, a maldade e o preconceito.<\/p>\n<p style=\"text-align: justify;\">Com 14 atores e dan\u00e7arinos no palco, a pe\u00e7a aborda a cultura e a hist\u00f3ria dos negros no Brasil no per\u00edodo da escravid\u00e3o. Para o ator e assistente de dire\u00e7\u00e3o Marcel Sandersson, a quest\u00e3o ainda \u00e9 v\u00e1lida e continua gerando discuss\u00f5es nos dias de hoje. O ator ainda lamenta acreditar que as situa\u00e7\u00f5es nem sejam t\u00e3o diferentes na sociedade moderna.<\/p>\n<p style=\"text-align: justify;\">\u201cNum mundo que sofre tanta segrega\u00e7\u00e3o, o negro muitas vezes continua na &#8220;prateleira&#8221; do empregado dom\u00e9stico, do servidor bra\u00e7al, da m\u00e3o de obra barata e desvalorizada. Esperamos passar a mensagem de que \u00e9 poss\u00edvel vencer o preconceito e lutar pelo sonho, de se tornar uma rainha, uma m\u00e9dica, uma advogada, uma atriz enfim de ser feliz\u201d, opina Sandersson.<\/p>\n<p style=\"text-align: justify;\">Em sua primeira edi\u00e7\u00e3o, o espet\u00e1culo foi contemplado pela Lei Municipal da Funda\u00e7\u00e3o Garibaldi Brasil (FGB), em 2013, por meio do projeto \u201cA Arte N\u00e3o Tem Cor\u201d. A pe\u00e7a \u00e9 escrita e dirigida por Marcos Areal, com coreografias de Bruna F\u00e9lix e Luciano Nascimento.<\/p>\n<p style=\"text-align: justify;\">Elenco: Alice Loureto (Lungile); Ana Clara Almeida (Escrava); Anne Nascimento (Zaila); Daniel Ayrton (Joaquim); Daniel Scarcello (Zuri); Dheyvison Bruno (Kineh); Hysnaip Souza (Oba e Escravo); Luciano Nascimento (Escravo); Jhony Carvalho (Nassor e Mugambi); Jocilene Barroso (Yejide); Marcel Sandersson (Pai Akin); Marcos Areal (Coronel Altino Barros); Osmilando Silva (Bomani e Tupac); Wandressa Silva (Kajumba)<\/p>\n<p style=\"text-align: justify;\"><strong>Ficha T\u00e9cnica<\/strong><\/p>\n<p style=\"text-align: justify;\"><strong>Texto e Dire\u00e7\u00e3o:<\/strong> Marcos Areal<\/p>\n<p style=\"text-align: justify;\"><strong>Assist. de Dire\u00e7\u00e3o:<\/strong> Marcel Sandersson<\/p>\n<p style=\"text-align: justify;\"><strong>Figurino:<\/strong> Gorete Areal<\/p>\n<p style=\"text-align: justify;\"><strong>Coreografia:<\/strong> Bruna F\u00e9lix e Luciano Nascimento<\/p>\n<p style=\"text-align: justify;\"><strong>Sonoplastia:<\/strong> Wellerson Shakespeare<\/p>\n","protected":false},"excerpt":{"rendered":"<p style=\"text-align: justify;\">Trupe do Banzeiro ousa ao trazer conflitos sociais<\/p>\n","protected":false},"author":4,"featured_media":23299,"comment_status":"open","ping_status":"open","sticky":false,"template":"","format":"standard","meta":{"jnews-multi-image_gallery":[],"jnews_single_post":[],"jnews_primary_category":[],"jnews_social_meta":[],"jnews_review":[],"enable_review":"","type":"","name":"","summary":"","brand":"","sku":"","good":[],"bad":[],"score_override":"","override_value":"","rating":[],"price":[],"footnotes":""},"categories":[54],"tags":[],"class_list":["post-23300","post","type-post","status-publish","format-standard","has-post-thumbnail","hentry","category-cotidiano"],"yoast_head":"<!-- This site is optimized with the Yoast SEO plugin v26.5 - https:\/\/yoast.com\/wordpress\/plugins\/seo\/ -->\n<title>Entre Mundos e Cores aborda \u201cquest\u00e3o racial\u201d - Agazeta.net<\/title>\n<meta name=\"robots\" content=\"index, follow, max-snippet:-1, max-image-preview:large, max-video-preview:-1\" \/>\n<link rel=\"canonical\" href=\"https:\/\/nk7-testes.com.br\/agazeta\/entre-mundos-e-cores-aborda-questao-racial\/\" \/>\n<meta property=\"og:locale\" content=\"pt_BR\" \/>\n<meta property=\"og:type\" content=\"article\" \/>\n<meta property=\"og:title\" content=\"Entre Mundos e Cores aborda \u201cquest\u00e3o racial\u201d - Agazeta.net\" \/>\n<meta property=\"og:description\" content=\"Trupe do Banzeiro ousa ao trazer conflitos sociais\" \/>\n<meta property=\"og:url\" content=\"https:\/\/nk7-testes.com.br\/agazeta\/entre-mundos-e-cores-aborda-questao-racial\/\" \/>\n<meta property=\"og:site_name\" content=\"Agazeta.net\" \/>\n<meta property=\"article:published_time\" content=\"2016-06-14T22:22:49+00:00\" \/>\n<meta property=\"og:image\" content=\"https:\/\/nk7-testes.com.br\/agazeta\/wp-content\/uploads\/2016\/06\/140616-cotidiano-pecateatro-divulgacao.jpg\" \/>\n\t<meta property=\"og:image:width\" content=\"458\" \/>\n\t<meta property=\"og:image:height\" content=\"340\" \/>\n\t<meta property=\"og:image:type\" content=\"image\/jpeg\" \/>\n<meta name=\"author\" content=\"Agazeta.Net\" \/>\n<meta name=\"twitter:card\" content=\"summary_large_image\" \/>\n<meta name=\"twitter:label1\" content=\"Escrito por\" \/>\n\t<meta name=\"twitter:data1\" content=\"Agazeta.Net\" \/>\n\t<meta name=\"twitter:label2\" content=\"Est. tempo de leitura\" \/>\n\t<meta name=\"twitter:data2\" content=\"2 minutos\" \/>\n<script type=\"application\/ld+json\" class=\"yoast-schema-graph\">{\"@context\":\"https:\/\/schema.org\",\"@graph\":[{\"@type\":\"WebPage\",\"@id\":\"https:\/\/nk7-testes.com.br\/agazeta\/entre-mundos-e-cores-aborda-questao-racial\/\",\"url\":\"https:\/\/nk7-testes.com.br\/agazeta\/entre-mundos-e-cores-aborda-questao-racial\/\",\"name\":\"Entre Mundos e Cores aborda \u201cquest\u00e3o racial\u201d - Agazeta.net\",\"isPartOf\":{\"@id\":\"https:\/\/nk7-testes.com.br\/agazeta\/#website\"},\"primaryImageOfPage\":{\"@id\":\"https:\/\/nk7-testes.com.br\/agazeta\/entre-mundos-e-cores-aborda-questao-racial\/#primaryimage\"},\"image\":{\"@id\":\"https:\/\/nk7-testes.com.br\/agazeta\/entre-mundos-e-cores-aborda-questao-racial\/#primaryimage\"},\"thumbnailUrl\":\"https:\/\/nk7-testes.com.br\/agazeta\/wp-content\/uploads\/2016\/06\/140616-cotidiano-pecateatro-divulgacao.jpg\",\"datePublished\":\"2016-06-14T22:22:49+00:00\",\"author\":{\"@id\":\"https:\/\/nk7-testes.com.br\/agazeta\/#\/schema\/person\/6d6e25cb0435eb4a02fd44d30b4e3020\"},\"breadcrumb\":{\"@id\":\"https:\/\/nk7-testes.com.br\/agazeta\/entre-mundos-e-cores-aborda-questao-racial\/#breadcrumb\"},\"inLanguage\":\"pt-BR\",\"potentialAction\":[{\"@type\":\"ReadAction\",\"target\":[\"https:\/\/nk7-testes.com.br\/agazeta\/entre-mundos-e-cores-aborda-questao-racial\/\"]}]},{\"@type\":\"ImageObject\",\"inLanguage\":\"pt-BR\",\"@id\":\"https:\/\/nk7-testes.com.br\/agazeta\/entre-mundos-e-cores-aborda-questao-racial\/#primaryimage\",\"url\":\"https:\/\/nk7-testes.com.br\/agazeta\/wp-content\/uploads\/2016\/06\/140616-cotidiano-pecateatro-divulgacao.jpg\",\"contentUrl\":\"https:\/\/nk7-testes.com.br\/agazeta\/wp-content\/uploads\/2016\/06\/140616-cotidiano-pecateatro-divulgacao.jpg\",\"width\":458,\"height\":340,\"caption\":\"140616-cotidiano-pecateatro-divulgacao\"},{\"@type\":\"BreadcrumbList\",\"@id\":\"https:\/\/nk7-testes.com.br\/agazeta\/entre-mundos-e-cores-aborda-questao-racial\/#breadcrumb\",\"itemListElement\":[{\"@type\":\"ListItem\",\"position\":1,\"name\":\"In\u00edcio\",\"item\":\"https:\/\/nk7-testes.com.br\/agazeta\/\"},{\"@type\":\"ListItem\",\"position\":2,\"name\":\"Entre Mundos e Cores aborda \u201cquest\u00e3o racial\u201d\"}]},{\"@type\":\"WebSite\",\"@id\":\"https:\/\/nk7-testes.com.br\/agazeta\/#website\",\"url\":\"https:\/\/nk7-testes.com.br\/agazeta\/\",\"name\":\"Agazeta.net\",\"description\":\"Agazeta.net - Not\u00edcias de Rio Branco\/AC\",\"potentialAction\":[{\"@type\":\"SearchAction\",\"target\":{\"@type\":\"EntryPoint\",\"urlTemplate\":\"https:\/\/nk7-testes.com.br\/agazeta\/?s={search_term_string}\"},\"query-input\":{\"@type\":\"PropertyValueSpecification\",\"valueRequired\":true,\"valueName\":\"search_term_string\"}}],\"inLanguage\":\"pt-BR\"},{\"@type\":\"Person\",\"@id\":\"https:\/\/nk7-testes.com.br\/agazeta\/#\/schema\/person\/6d6e25cb0435eb4a02fd44d30b4e3020\",\"name\":\"Agazeta.Net\",\"url\":\"https:\/\/nk7-testes.com.br\/agazeta\/author\/agazeta\/\"}]}<\/script>\n<!-- \/ Yoast SEO plugin. -->","yoast_head_json":{"title":"Entre Mundos e Cores aborda \u201cquest\u00e3o racial\u201d - Agazeta.net","robots":{"index":"index","follow":"follow","max-snippet":"max-snippet:-1","max-image-preview":"max-image-preview:large","max-video-preview":"max-video-preview:-1"},"canonical":"https:\/\/nk7-testes.com.br\/agazeta\/entre-mundos-e-cores-aborda-questao-racial\/","og_locale":"pt_BR","og_type":"article","og_title":"Entre Mundos e Cores aborda \u201cquest\u00e3o racial\u201d - Agazeta.net","og_description":"Trupe do Banzeiro ousa ao trazer conflitos sociais","og_url":"https:\/\/nk7-testes.com.br\/agazeta\/entre-mundos-e-cores-aborda-questao-racial\/","og_site_name":"Agazeta.net","article_published_time":"2016-06-14T22:22:49+00:00","og_image":[{"width":458,"height":340,"url":"https:\/\/nk7-testes.com.br\/agazeta\/wp-content\/uploads\/2016\/06\/140616-cotidiano-pecateatro-divulgacao.jpg","type":"image\/jpeg"}],"author":"Agazeta.Net","twitter_card":"summary_large_image","twitter_misc":{"Escrito por":"Agazeta.Net","Est. tempo de leitura":"2 minutos"},"schema":{"@context":"https:\/\/schema.org","@graph":[{"@type":"WebPage","@id":"https:\/\/nk7-testes.com.br\/agazeta\/entre-mundos-e-cores-aborda-questao-racial\/","url":"https:\/\/nk7-testes.com.br\/agazeta\/entre-mundos-e-cores-aborda-questao-racial\/","name":"Entre Mundos e Cores aborda \u201cquest\u00e3o racial\u201d - Agazeta.net","isPartOf":{"@id":"https:\/\/nk7-testes.com.br\/agazeta\/#website"},"primaryImageOfPage":{"@id":"https:\/\/nk7-testes.com.br\/agazeta\/entre-mundos-e-cores-aborda-questao-racial\/#primaryimage"},"image":{"@id":"https:\/\/nk7-testes.com.br\/agazeta\/entre-mundos-e-cores-aborda-questao-racial\/#primaryimage"},"thumbnailUrl":"https:\/\/nk7-testes.com.br\/agazeta\/wp-content\/uploads\/2016\/06\/140616-cotidiano-pecateatro-divulgacao.jpg","datePublished":"2016-06-14T22:22:49+00:00","author":{"@id":"https:\/\/nk7-testes.com.br\/agazeta\/#\/schema\/person\/6d6e25cb0435eb4a02fd44d30b4e3020"},"breadcrumb":{"@id":"https:\/\/nk7-testes.com.br\/agazeta\/entre-mundos-e-cores-aborda-questao-racial\/#breadcrumb"},"inLanguage":"pt-BR","potentialAction":[{"@type":"ReadAction","target":["https:\/\/nk7-testes.com.br\/agazeta\/entre-mundos-e-cores-aborda-questao-racial\/"]}]},{"@type":"ImageObject","inLanguage":"pt-BR","@id":"https:\/\/nk7-testes.com.br\/agazeta\/entre-mundos-e-cores-aborda-questao-racial\/#primaryimage","url":"https:\/\/nk7-testes.com.br\/agazeta\/wp-content\/uploads\/2016\/06\/140616-cotidiano-pecateatro-divulgacao.jpg","contentUrl":"https:\/\/nk7-testes.com.br\/agazeta\/wp-content\/uploads\/2016\/06\/140616-cotidiano-pecateatro-divulgacao.jpg","width":458,"height":340,"caption":"140616-cotidiano-pecateatro-divulgacao"},{"@type":"BreadcrumbList","@id":"https:\/\/nk7-testes.com.br\/agazeta\/entre-mundos-e-cores-aborda-questao-racial\/#breadcrumb","itemListElement":[{"@type":"ListItem","position":1,"name":"In\u00edcio","item":"https:\/\/nk7-testes.com.br\/agazeta\/"},{"@type":"ListItem","position":2,"name":"Entre Mundos e Cores aborda \u201cquest\u00e3o racial\u201d"}]},{"@type":"WebSite","@id":"https:\/\/nk7-testes.com.br\/agazeta\/#website","url":"https:\/\/nk7-testes.com.br\/agazeta\/","name":"Agazeta.net","description":"Agazeta.net - Not\u00edcias de Rio Branco\/AC","potentialAction":[{"@type":"SearchAction","target":{"@type":"EntryPoint","urlTemplate":"https:\/\/nk7-testes.com.br\/agazeta\/?s={search_term_string}"},"query-input":{"@type":"PropertyValueSpecification","valueRequired":true,"valueName":"search_term_string"}}],"inLanguage":"pt-BR"},{"@type":"Person","@id":"https:\/\/nk7-testes.com.br\/agazeta\/#\/schema\/person\/6d6e25cb0435eb4a02fd44d30b4e3020","name":"Agazeta.Net","url":"https:\/\/nk7-testes.com.br\/agazeta\/author\/agazeta\/"}]}},"_links":{"self":[{"href":"https:\/\/nk7-testes.com.br\/agazeta\/wp-json\/wp\/v2\/posts\/23300","targetHints":{"allow":["GET"]}}],"collection":[{"href":"https:\/\/nk7-testes.com.br\/agazeta\/wp-json\/wp\/v2\/posts"}],"about":[{"href":"https:\/\/nk7-testes.com.br\/agazeta\/wp-json\/wp\/v2\/types\/post"}],"author":[{"embeddable":true,"href":"https:\/\/nk7-testes.com.br\/agazeta\/wp-json\/wp\/v2\/users\/4"}],"replies":[{"embeddable":true,"href":"https:\/\/nk7-testes.com.br\/agazeta\/wp-json\/wp\/v2\/comments?post=23300"}],"version-history":[{"count":0,"href":"https:\/\/nk7-testes.com.br\/agazeta\/wp-json\/wp\/v2\/posts\/23300\/revisions"}],"wp:featuredmedia":[{"embeddable":true,"href":"https:\/\/nk7-testes.com.br\/agazeta\/wp-json\/wp\/v2\/media\/23299"}],"wp:attachment":[{"href":"https:\/\/nk7-testes.com.br\/agazeta\/wp-json\/wp\/v2\/media?parent=23300"}],"wp:term":[{"taxonomy":"category","embeddable":true,"href":"https:\/\/nk7-testes.com.br\/agazeta\/wp-json\/wp\/v2\/categories?post=23300"},{"taxonomy":"post_tag","embeddable":true,"href":"https:\/\/nk7-testes.com.br\/agazeta\/wp-json\/wp\/v2\/tags?post=23300"}],"curies":[{"name":"wp","href":"https:\/\/api.w.org\/{rel}","templated":true}]}}