{"id":23267,"date":"2016-06-14T18:19:39","date_gmt":"2016-06-14T18:19:39","guid":{"rendered":"https:\/\/abarevegan.com.br\/index.php\/2016\/06\/14\/policia-apreende-dois-e-prende-outro-acusados-de-estupro\/"},"modified":"2016-06-14T18:19:39","modified_gmt":"2016-06-14T18:19:39","slug":"policia-apreende-dois-e-prende-outro-acusados-de-estupro","status":"publish","type":"post","link":"https:\/\/nk7-testes.com.br\/agazeta\/policia-apreende-dois-e-prende-outro-acusados-de-estupro\/","title":{"rendered":"Pol\u00edcia apreende dois e prende outro, acusados de estupro"},"content":{"rendered":"<p>Garota de 13 anos fez denuncia na Delegacia do 2\u00ba Distrito<\/p>\n<p>Maicol Veras, 18 anos, foi preso e outros dois adolescentes foram apreendidos, acusados de estupro. O crime teria acontecido na noite desta segunda-feira (14) no bairro Belo Jardim II.<\/p>\n<p>De acordo com a pol\u00edcia, a jovem de 13 anos teria dito em depoimento, que namorava com um dos rapazes e ele teria pedido que ela fosse se encontrar com ele numa resid\u00eancia do bairro Belo Jardim II, ao chegar ao local marcado ela teria sido for\u00e7ada a manter rela\u00e7\u00f5es sexuais com Maicol.<\/p>\n<p>J\u00e1 os tr\u00eas jovens alegaram que o ato foi consentido.<\/p>\n<p>Maicol foi preso em flagrante por estupro de vulner\u00e1vel e ainda na manh\u00e3 de hoje (14) foi levado \u00e0 audi\u00eancia de cust\u00f3dio onde ser\u00e1 decidido se ele ser\u00e1 encaminhado ao presidio ou responder\u00e1 em liberdade.<\/p>\n","protected":false},"excerpt":{"rendered":"<p>Garota de 13 anos fez denuncia na Delegacia do 2\u00ba Distrito<\/p>\n","protected":false},"author":4,"featured_media":23266,"comment_status":"open","ping_status":"open","sticky":false,"template":"","format":"standard","meta":{"jnews-multi-image_gallery":[],"jnews_single_post":[],"jnews_primary_category":[],"jnews_social_meta":[],"jnews_review":[],"enable_review":"","type":"","name":"","summary":"","brand":"","sku":"","good":[],"bad":[],"score_override":"","override_value":"","rating":[],"price":[],"footnotes":""},"categories":[44],"tags":[],"class_list":["post-23267","post","type-post","status-publish","format-standard","has-post-thumbnail","hentry","category-policia"],"yoast_head":"<!-- This site is optimized with the Yoast SEO plugin v26.5 - https:\/\/yoast.com\/wordpress\/plugins\/seo\/ -->\n<title>Pol\u00edcia apreende dois e prende outro, acusados de estupro - Agazeta.net<\/title>\n<meta name=\"robots\" content=\"index, follow, max-snippet:-1, max-image-preview:large, max-video-preview:-1\" \/>\n<link rel=\"canonical\" href=\"https:\/\/nk7-testes.com.br\/agazeta\/policia-apreende-dois-e-prende-outro-acusados-de-estupro\/\" \/>\n<meta property=\"og:locale\" content=\"pt_BR\" \/>\n<meta property=\"og:type\" content=\"article\" \/>\n<meta property=\"og:title\" content=\"Pol\u00edcia apreende dois e prende outro, acusados de estupro - Agazeta.net\" \/>\n<meta property=\"og:description\" content=\"Garota de 13 anos fez denuncia na Delegacia do 2\u00ba Distrito\" \/>\n<meta property=\"og:url\" content=\"https:\/\/nk7-testes.com.br\/agazeta\/policia-apreende-dois-e-prende-outro-acusados-de-estupro\/\" \/>\n<meta property=\"og:site_name\" content=\"Agazeta.net\" \/>\n<meta property=\"article:published_time\" content=\"2016-06-14T18:19:39+00:00\" \/>\n<meta property=\"og:image\" content=\"https:\/\/nk7-testes.com.br\/agazeta\/wp-content\/uploads\/2016\/06\/140616-policia-suspeitadeestupro.jpg\" \/>\n\t<meta property=\"og:image:width\" content=\"458\" \/>\n\t<meta property=\"og:image:height\" content=\"340\" \/>\n\t<meta property=\"og:image:type\" content=\"image\/jpeg\" \/>\n<meta name=\"author\" content=\"Agazeta.Net\" \/>\n<meta name=\"twitter:card\" content=\"summary_large_image\" \/>\n<meta name=\"twitter:label1\" content=\"Escrito por\" \/>\n\t<meta name=\"twitter:data1\" content=\"Agazeta.Net\" \/>\n\t<meta name=\"twitter:label2\" content=\"Est. tempo de leitura\" \/>\n\t<meta name=\"twitter:data2\" content=\"1 minuto\" \/>\n<script type=\"application\/ld+json\" class=\"yoast-schema-graph\">{\"@context\":\"https:\/\/schema.org\",\"@graph\":[{\"@type\":\"WebPage\",\"@id\":\"https:\/\/nk7-testes.com.br\/agazeta\/policia-apreende-dois-e-prende-outro-acusados-de-estupro\/\",\"url\":\"https:\/\/nk7-testes.com.br\/agazeta\/policia-apreende-dois-e-prende-outro-acusados-de-estupro\/\",\"name\":\"Pol\u00edcia apreende dois e prende outro, acusados de estupro - Agazeta.net\",\"isPartOf\":{\"@id\":\"https:\/\/nk7-testes.com.br\/agazeta\/#website\"},\"primaryImageOfPage\":{\"@id\":\"https:\/\/nk7-testes.com.br\/agazeta\/policia-apreende-dois-e-prende-outro-acusados-de-estupro\/#primaryimage\"},\"image\":{\"@id\":\"https:\/\/nk7-testes.com.br\/agazeta\/policia-apreende-dois-e-prende-outro-acusados-de-estupro\/#primaryimage\"},\"thumbnailUrl\":\"https:\/\/nk7-testes.com.br\/agazeta\/wp-content\/uploads\/2016\/06\/140616-policia-suspeitadeestupro.jpg\",\"datePublished\":\"2016-06-14T18:19:39+00:00\",\"author\":{\"@id\":\"https:\/\/nk7-testes.com.br\/agazeta\/#\/schema\/person\/6d6e25cb0435eb4a02fd44d30b4e3020\"},\"breadcrumb\":{\"@id\":\"https:\/\/nk7-testes.com.br\/agazeta\/policia-apreende-dois-e-prende-outro-acusados-de-estupro\/#breadcrumb\"},\"inLanguage\":\"pt-BR\",\"potentialAction\":[{\"@type\":\"ReadAction\",\"target\":[\"https:\/\/nk7-testes.com.br\/agazeta\/policia-apreende-dois-e-prende-outro-acusados-de-estupro\/\"]}]},{\"@type\":\"ImageObject\",\"inLanguage\":\"pt-BR\",\"@id\":\"https:\/\/nk7-testes.com.br\/agazeta\/policia-apreende-dois-e-prende-outro-acusados-de-estupro\/#primaryimage\",\"url\":\"https:\/\/nk7-testes.com.br\/agazeta\/wp-content\/uploads\/2016\/06\/140616-policia-suspeitadeestupro.jpg\",\"contentUrl\":\"https:\/\/nk7-testes.com.br\/agazeta\/wp-content\/uploads\/2016\/06\/140616-policia-suspeitadeestupro.jpg\",\"width\":458,\"height\":340,\"caption\":\"140616-policia-suspeitadeestupro\"},{\"@type\":\"BreadcrumbList\",\"@id\":\"https:\/\/nk7-testes.com.br\/agazeta\/policia-apreende-dois-e-prende-outro-acusados-de-estupro\/#breadcrumb\",\"itemListElement\":[{\"@type\":\"ListItem\",\"position\":1,\"name\":\"In\u00edcio\",\"item\":\"https:\/\/nk7-testes.com.br\/agazeta\/\"},{\"@type\":\"ListItem\",\"position\":2,\"name\":\"Pol\u00edcia apreende dois e prende outro, acusados de estupro\"}]},{\"@type\":\"WebSite\",\"@id\":\"https:\/\/nk7-testes.com.br\/agazeta\/#website\",\"url\":\"https:\/\/nk7-testes.com.br\/agazeta\/\",\"name\":\"Agazeta.net\",\"description\":\"Agazeta.net - Not\u00edcias de Rio Branco\/AC\",\"potentialAction\":[{\"@type\":\"SearchAction\",\"target\":{\"@type\":\"EntryPoint\",\"urlTemplate\":\"https:\/\/nk7-testes.com.br\/agazeta\/?s={search_term_string}\"},\"query-input\":{\"@type\":\"PropertyValueSpecification\",\"valueRequired\":true,\"valueName\":\"search_term_string\"}}],\"inLanguage\":\"pt-BR\"},{\"@type\":\"Person\",\"@id\":\"https:\/\/nk7-testes.com.br\/agazeta\/#\/schema\/person\/6d6e25cb0435eb4a02fd44d30b4e3020\",\"name\":\"Agazeta.Net\",\"url\":\"https:\/\/nk7-testes.com.br\/agazeta\/author\/agazeta\/\"}]}<\/script>\n<!-- \/ Yoast SEO plugin. -->","yoast_head_json":{"title":"Pol\u00edcia apreende dois e prende outro, acusados de estupro - Agazeta.net","robots":{"index":"index","follow":"follow","max-snippet":"max-snippet:-1","max-image-preview":"max-image-preview:large","max-video-preview":"max-video-preview:-1"},"canonical":"https:\/\/nk7-testes.com.br\/agazeta\/policia-apreende-dois-e-prende-outro-acusados-de-estupro\/","og_locale":"pt_BR","og_type":"article","og_title":"Pol\u00edcia apreende dois e prende outro, acusados de estupro - Agazeta.net","og_description":"Garota de 13 anos fez denuncia na Delegacia do 2\u00ba Distrito","og_url":"https:\/\/nk7-testes.com.br\/agazeta\/policia-apreende-dois-e-prende-outro-acusados-de-estupro\/","og_site_name":"Agazeta.net","article_published_time":"2016-06-14T18:19:39+00:00","og_image":[{"width":458,"height":340,"url":"https:\/\/nk7-testes.com.br\/agazeta\/wp-content\/uploads\/2016\/06\/140616-policia-suspeitadeestupro.jpg","type":"image\/jpeg"}],"author":"Agazeta.Net","twitter_card":"summary_large_image","twitter_misc":{"Escrito por":"Agazeta.Net","Est. tempo de leitura":"1 minuto"},"schema":{"@context":"https:\/\/schema.org","@graph":[{"@type":"WebPage","@id":"https:\/\/nk7-testes.com.br\/agazeta\/policia-apreende-dois-e-prende-outro-acusados-de-estupro\/","url":"https:\/\/nk7-testes.com.br\/agazeta\/policia-apreende-dois-e-prende-outro-acusados-de-estupro\/","name":"Pol\u00edcia apreende dois e prende outro, acusados de estupro - Agazeta.net","isPartOf":{"@id":"https:\/\/nk7-testes.com.br\/agazeta\/#website"},"primaryImageOfPage":{"@id":"https:\/\/nk7-testes.com.br\/agazeta\/policia-apreende-dois-e-prende-outro-acusados-de-estupro\/#primaryimage"},"image":{"@id":"https:\/\/nk7-testes.com.br\/agazeta\/policia-apreende-dois-e-prende-outro-acusados-de-estupro\/#primaryimage"},"thumbnailUrl":"https:\/\/nk7-testes.com.br\/agazeta\/wp-content\/uploads\/2016\/06\/140616-policia-suspeitadeestupro.jpg","datePublished":"2016-06-14T18:19:39+00:00","author":{"@id":"https:\/\/nk7-testes.com.br\/agazeta\/#\/schema\/person\/6d6e25cb0435eb4a02fd44d30b4e3020"},"breadcrumb":{"@id":"https:\/\/nk7-testes.com.br\/agazeta\/policia-apreende-dois-e-prende-outro-acusados-de-estupro\/#breadcrumb"},"inLanguage":"pt-BR","potentialAction":[{"@type":"ReadAction","target":["https:\/\/nk7-testes.com.br\/agazeta\/policia-apreende-dois-e-prende-outro-acusados-de-estupro\/"]}]},{"@type":"ImageObject","inLanguage":"pt-BR","@id":"https:\/\/nk7-testes.com.br\/agazeta\/policia-apreende-dois-e-prende-outro-acusados-de-estupro\/#primaryimage","url":"https:\/\/nk7-testes.com.br\/agazeta\/wp-content\/uploads\/2016\/06\/140616-policia-suspeitadeestupro.jpg","contentUrl":"https:\/\/nk7-testes.com.br\/agazeta\/wp-content\/uploads\/2016\/06\/140616-policia-suspeitadeestupro.jpg","width":458,"height":340,"caption":"140616-policia-suspeitadeestupro"},{"@type":"BreadcrumbList","@id":"https:\/\/nk7-testes.com.br\/agazeta\/policia-apreende-dois-e-prende-outro-acusados-de-estupro\/#breadcrumb","itemListElement":[{"@type":"ListItem","position":1,"name":"In\u00edcio","item":"https:\/\/nk7-testes.com.br\/agazeta\/"},{"@type":"ListItem","position":2,"name":"Pol\u00edcia apreende dois e prende outro, acusados de estupro"}]},{"@type":"WebSite","@id":"https:\/\/nk7-testes.com.br\/agazeta\/#website","url":"https:\/\/nk7-testes.com.br\/agazeta\/","name":"Agazeta.net","description":"Agazeta.net - Not\u00edcias de Rio Branco\/AC","potentialAction":[{"@type":"SearchAction","target":{"@type":"EntryPoint","urlTemplate":"https:\/\/nk7-testes.com.br\/agazeta\/?s={search_term_string}"},"query-input":{"@type":"PropertyValueSpecification","valueRequired":true,"valueName":"search_term_string"}}],"inLanguage":"pt-BR"},{"@type":"Person","@id":"https:\/\/nk7-testes.com.br\/agazeta\/#\/schema\/person\/6d6e25cb0435eb4a02fd44d30b4e3020","name":"Agazeta.Net","url":"https:\/\/nk7-testes.com.br\/agazeta\/author\/agazeta\/"}]}},"_links":{"self":[{"href":"https:\/\/nk7-testes.com.br\/agazeta\/wp-json\/wp\/v2\/posts\/23267","targetHints":{"allow":["GET"]}}],"collection":[{"href":"https:\/\/nk7-testes.com.br\/agazeta\/wp-json\/wp\/v2\/posts"}],"about":[{"href":"https:\/\/nk7-testes.com.br\/agazeta\/wp-json\/wp\/v2\/types\/post"}],"author":[{"embeddable":true,"href":"https:\/\/nk7-testes.com.br\/agazeta\/wp-json\/wp\/v2\/users\/4"}],"replies":[{"embeddable":true,"href":"https:\/\/nk7-testes.com.br\/agazeta\/wp-json\/wp\/v2\/comments?post=23267"}],"version-history":[{"count":0,"href":"https:\/\/nk7-testes.com.br\/agazeta\/wp-json\/wp\/v2\/posts\/23267\/revisions"}],"wp:featuredmedia":[{"embeddable":true,"href":"https:\/\/nk7-testes.com.br\/agazeta\/wp-json\/wp\/v2\/media\/23266"}],"wp:attachment":[{"href":"https:\/\/nk7-testes.com.br\/agazeta\/wp-json\/wp\/v2\/media?parent=23267"}],"wp:term":[{"taxonomy":"category","embeddable":true,"href":"https:\/\/nk7-testes.com.br\/agazeta\/wp-json\/wp\/v2\/categories?post=23267"},{"taxonomy":"post_tag","embeddable":true,"href":"https:\/\/nk7-testes.com.br\/agazeta\/wp-json\/wp\/v2\/tags?post=23267"}],"curies":[{"name":"wp","href":"https:\/\/api.w.org\/{rel}","templated":true}]}}