{"id":23259,"date":"2016-06-14T15:39:54","date_gmt":"2016-06-14T15:39:54","guid":{"rendered":"https:\/\/abarevegan.com.br\/index.php\/2016\/06\/14\/vazamento-de-agua-na-avenida-ceara\/"},"modified":"2016-06-14T15:39:54","modified_gmt":"2016-06-14T15:39:54","slug":"vazamento-de-agua-na-avenida-ceara","status":"publish","type":"post","link":"https:\/\/nk7-testes.com.br\/agazeta\/vazamento-de-agua-na-avenida-ceara\/","title":{"rendered":"Vazamento de \u00e1gua na Avenida Cear\u00e1"},"content":{"rendered":"<p style=\"text-align: justify;\">Via ficou alagada desde o in\u00edcio da tarde<\/p>\n<p style=\"text-align: justify;\">Um vazamento de \u00e1gua na Avenida Cear\u00e1 esquina com a Alameda Portugal,&nbsp;pr\u00f3ximo a AABB, foi registrado pela equipe do Gazeta Alerta. Segundo testemunhas que passavam pelo local, a \u00e1gua come\u00e7ou a jorrar no in\u00edcio da tarde ainda por volta das 14h.<\/p>\n<p style=\"text-align: justify;\">No in\u00edcio da noite, o vazamento j\u00e1 atingia grande parte do lado direito da pista, sentido bairro- centro. Possivelmente, a causa tenha sido canos estourados. Em dois pontos do asfalto era poss\u00edvel ver rachaduras e a \u00e1gua jorrando.<\/p>\n<p style=\"text-align: justify;\"><strong>Depasa<\/strong><\/p>\n<p style=\"text-align: justify;\">A assessoria do Depasa foi acionada para explicar as causas do vazamento.&nbsp;O Departamento Estadual de Pavimenta\u00e7\u00e3o e Saneamento (Depasa) informou que, a respeito do problema do vazamento de \u00e1gua, na Avenida Cear\u00e1, esquina com a Rua Alameda Portugal, uma equipe foi encaminhada ao local na manh\u00e3 desta ter\u00e7a-feira, 14, para solucionar o problema.<\/p>\n","protected":false},"excerpt":{"rendered":"<p style=\"text-align: justify;\">Via ficou alagada desde o in\u00edcio da tarde<\/p>\n","protected":false},"author":4,"featured_media":23258,"comment_status":"open","ping_status":"open","sticky":false,"template":"","format":"standard","meta":{"jnews-multi-image_gallery":[],"jnews_single_post":[],"jnews_primary_category":[],"jnews_social_meta":[],"jnews_review":[],"enable_review":"","type":"","name":"","summary":"","brand":"","sku":"","good":[],"bad":[],"score_override":"","override_value":"","rating":[],"price":[],"footnotes":""},"categories":[54],"tags":[],"class_list":["post-23259","post","type-post","status-publish","format-standard","has-post-thumbnail","hentry","category-cotidiano"],"yoast_head":"<!-- This site is optimized with the Yoast SEO plugin v26.5 - https:\/\/yoast.com\/wordpress\/plugins\/seo\/ -->\n<title>Vazamento de \u00e1gua na Avenida Cear\u00e1 - Agazeta.net<\/title>\n<meta name=\"robots\" content=\"index, follow, max-snippet:-1, max-image-preview:large, max-video-preview:-1\" \/>\n<link rel=\"canonical\" href=\"https:\/\/nk7-testes.com.br\/agazeta\/vazamento-de-agua-na-avenida-ceara\/\" \/>\n<meta property=\"og:locale\" content=\"pt_BR\" \/>\n<meta property=\"og:type\" content=\"article\" \/>\n<meta property=\"og:title\" content=\"Vazamento de \u00e1gua na Avenida Cear\u00e1 - Agazeta.net\" \/>\n<meta property=\"og:description\" content=\"Via ficou alagada desde o in\u00edcio da tarde\" \/>\n<meta property=\"og:url\" content=\"https:\/\/nk7-testes.com.br\/agazeta\/vazamento-de-agua-na-avenida-ceara\/\" \/>\n<meta property=\"og:site_name\" content=\"Agazeta.net\" \/>\n<meta property=\"article:published_time\" content=\"2016-06-14T15:39:54+00:00\" \/>\n<meta property=\"og:image\" content=\"https:\/\/nk7-testes.com.br\/agazeta\/wp-content\/uploads\/2016\/06\/140616-cotidiano-aguaestragando-cleriston.jpg\" \/>\n\t<meta property=\"og:image:width\" content=\"458\" \/>\n\t<meta property=\"og:image:height\" content=\"340\" \/>\n\t<meta property=\"og:image:type\" content=\"image\/jpeg\" \/>\n<meta name=\"author\" content=\"Agazeta.Net\" \/>\n<meta name=\"twitter:card\" content=\"summary_large_image\" \/>\n<meta name=\"twitter:label1\" content=\"Escrito por\" \/>\n\t<meta name=\"twitter:data1\" content=\"Agazeta.Net\" \/>\n\t<meta name=\"twitter:label2\" content=\"Est. tempo de leitura\" \/>\n\t<meta name=\"twitter:data2\" content=\"1 minuto\" \/>\n<script type=\"application\/ld+json\" class=\"yoast-schema-graph\">{\"@context\":\"https:\/\/schema.org\",\"@graph\":[{\"@type\":\"WebPage\",\"@id\":\"https:\/\/nk7-testes.com.br\/agazeta\/vazamento-de-agua-na-avenida-ceara\/\",\"url\":\"https:\/\/nk7-testes.com.br\/agazeta\/vazamento-de-agua-na-avenida-ceara\/\",\"name\":\"Vazamento de \u00e1gua na Avenida Cear\u00e1 - Agazeta.net\",\"isPartOf\":{\"@id\":\"https:\/\/nk7-testes.com.br\/agazeta\/#website\"},\"primaryImageOfPage\":{\"@id\":\"https:\/\/nk7-testes.com.br\/agazeta\/vazamento-de-agua-na-avenida-ceara\/#primaryimage\"},\"image\":{\"@id\":\"https:\/\/nk7-testes.com.br\/agazeta\/vazamento-de-agua-na-avenida-ceara\/#primaryimage\"},\"thumbnailUrl\":\"https:\/\/nk7-testes.com.br\/agazeta\/wp-content\/uploads\/2016\/06\/140616-cotidiano-aguaestragando-cleriston.jpg\",\"datePublished\":\"2016-06-14T15:39:54+00:00\",\"author\":{\"@id\":\"https:\/\/nk7-testes.com.br\/agazeta\/#\/schema\/person\/6d6e25cb0435eb4a02fd44d30b4e3020\"},\"breadcrumb\":{\"@id\":\"https:\/\/nk7-testes.com.br\/agazeta\/vazamento-de-agua-na-avenida-ceara\/#breadcrumb\"},\"inLanguage\":\"pt-BR\",\"potentialAction\":[{\"@type\":\"ReadAction\",\"target\":[\"https:\/\/nk7-testes.com.br\/agazeta\/vazamento-de-agua-na-avenida-ceara\/\"]}]},{\"@type\":\"ImageObject\",\"inLanguage\":\"pt-BR\",\"@id\":\"https:\/\/nk7-testes.com.br\/agazeta\/vazamento-de-agua-na-avenida-ceara\/#primaryimage\",\"url\":\"https:\/\/nk7-testes.com.br\/agazeta\/wp-content\/uploads\/2016\/06\/140616-cotidiano-aguaestragando-cleriston.jpg\",\"contentUrl\":\"https:\/\/nk7-testes.com.br\/agazeta\/wp-content\/uploads\/2016\/06\/140616-cotidiano-aguaestragando-cleriston.jpg\",\"width\":458,\"height\":340,\"caption\":\"140616-cotidiano-aguaestragando-cleriston\"},{\"@type\":\"BreadcrumbList\",\"@id\":\"https:\/\/nk7-testes.com.br\/agazeta\/vazamento-de-agua-na-avenida-ceara\/#breadcrumb\",\"itemListElement\":[{\"@type\":\"ListItem\",\"position\":1,\"name\":\"In\u00edcio\",\"item\":\"https:\/\/nk7-testes.com.br\/agazeta\/\"},{\"@type\":\"ListItem\",\"position\":2,\"name\":\"Vazamento de \u00e1gua na Avenida Cear\u00e1\"}]},{\"@type\":\"WebSite\",\"@id\":\"https:\/\/nk7-testes.com.br\/agazeta\/#website\",\"url\":\"https:\/\/nk7-testes.com.br\/agazeta\/\",\"name\":\"Agazeta.net\",\"description\":\"Agazeta.net - Not\u00edcias de Rio Branco\/AC\",\"potentialAction\":[{\"@type\":\"SearchAction\",\"target\":{\"@type\":\"EntryPoint\",\"urlTemplate\":\"https:\/\/nk7-testes.com.br\/agazeta\/?s={search_term_string}\"},\"query-input\":{\"@type\":\"PropertyValueSpecification\",\"valueRequired\":true,\"valueName\":\"search_term_string\"}}],\"inLanguage\":\"pt-BR\"},{\"@type\":\"Person\",\"@id\":\"https:\/\/nk7-testes.com.br\/agazeta\/#\/schema\/person\/6d6e25cb0435eb4a02fd44d30b4e3020\",\"name\":\"Agazeta.Net\",\"url\":\"https:\/\/nk7-testes.com.br\/agazeta\/author\/agazeta\/\"}]}<\/script>\n<!-- \/ Yoast SEO plugin. -->","yoast_head_json":{"title":"Vazamento de \u00e1gua na Avenida Cear\u00e1 - Agazeta.net","robots":{"index":"index","follow":"follow","max-snippet":"max-snippet:-1","max-image-preview":"max-image-preview:large","max-video-preview":"max-video-preview:-1"},"canonical":"https:\/\/nk7-testes.com.br\/agazeta\/vazamento-de-agua-na-avenida-ceara\/","og_locale":"pt_BR","og_type":"article","og_title":"Vazamento de \u00e1gua na Avenida Cear\u00e1 - Agazeta.net","og_description":"Via ficou alagada desde o in\u00edcio da tarde","og_url":"https:\/\/nk7-testes.com.br\/agazeta\/vazamento-de-agua-na-avenida-ceara\/","og_site_name":"Agazeta.net","article_published_time":"2016-06-14T15:39:54+00:00","og_image":[{"width":458,"height":340,"url":"https:\/\/nk7-testes.com.br\/agazeta\/wp-content\/uploads\/2016\/06\/140616-cotidiano-aguaestragando-cleriston.jpg","type":"image\/jpeg"}],"author":"Agazeta.Net","twitter_card":"summary_large_image","twitter_misc":{"Escrito por":"Agazeta.Net","Est. tempo de leitura":"1 minuto"},"schema":{"@context":"https:\/\/schema.org","@graph":[{"@type":"WebPage","@id":"https:\/\/nk7-testes.com.br\/agazeta\/vazamento-de-agua-na-avenida-ceara\/","url":"https:\/\/nk7-testes.com.br\/agazeta\/vazamento-de-agua-na-avenida-ceara\/","name":"Vazamento de \u00e1gua na Avenida Cear\u00e1 - Agazeta.net","isPartOf":{"@id":"https:\/\/nk7-testes.com.br\/agazeta\/#website"},"primaryImageOfPage":{"@id":"https:\/\/nk7-testes.com.br\/agazeta\/vazamento-de-agua-na-avenida-ceara\/#primaryimage"},"image":{"@id":"https:\/\/nk7-testes.com.br\/agazeta\/vazamento-de-agua-na-avenida-ceara\/#primaryimage"},"thumbnailUrl":"https:\/\/nk7-testes.com.br\/agazeta\/wp-content\/uploads\/2016\/06\/140616-cotidiano-aguaestragando-cleriston.jpg","datePublished":"2016-06-14T15:39:54+00:00","author":{"@id":"https:\/\/nk7-testes.com.br\/agazeta\/#\/schema\/person\/6d6e25cb0435eb4a02fd44d30b4e3020"},"breadcrumb":{"@id":"https:\/\/nk7-testes.com.br\/agazeta\/vazamento-de-agua-na-avenida-ceara\/#breadcrumb"},"inLanguage":"pt-BR","potentialAction":[{"@type":"ReadAction","target":["https:\/\/nk7-testes.com.br\/agazeta\/vazamento-de-agua-na-avenida-ceara\/"]}]},{"@type":"ImageObject","inLanguage":"pt-BR","@id":"https:\/\/nk7-testes.com.br\/agazeta\/vazamento-de-agua-na-avenida-ceara\/#primaryimage","url":"https:\/\/nk7-testes.com.br\/agazeta\/wp-content\/uploads\/2016\/06\/140616-cotidiano-aguaestragando-cleriston.jpg","contentUrl":"https:\/\/nk7-testes.com.br\/agazeta\/wp-content\/uploads\/2016\/06\/140616-cotidiano-aguaestragando-cleriston.jpg","width":458,"height":340,"caption":"140616-cotidiano-aguaestragando-cleriston"},{"@type":"BreadcrumbList","@id":"https:\/\/nk7-testes.com.br\/agazeta\/vazamento-de-agua-na-avenida-ceara\/#breadcrumb","itemListElement":[{"@type":"ListItem","position":1,"name":"In\u00edcio","item":"https:\/\/nk7-testes.com.br\/agazeta\/"},{"@type":"ListItem","position":2,"name":"Vazamento de \u00e1gua na Avenida Cear\u00e1"}]},{"@type":"WebSite","@id":"https:\/\/nk7-testes.com.br\/agazeta\/#website","url":"https:\/\/nk7-testes.com.br\/agazeta\/","name":"Agazeta.net","description":"Agazeta.net - Not\u00edcias de Rio Branco\/AC","potentialAction":[{"@type":"SearchAction","target":{"@type":"EntryPoint","urlTemplate":"https:\/\/nk7-testes.com.br\/agazeta\/?s={search_term_string}"},"query-input":{"@type":"PropertyValueSpecification","valueRequired":true,"valueName":"search_term_string"}}],"inLanguage":"pt-BR"},{"@type":"Person","@id":"https:\/\/nk7-testes.com.br\/agazeta\/#\/schema\/person\/6d6e25cb0435eb4a02fd44d30b4e3020","name":"Agazeta.Net","url":"https:\/\/nk7-testes.com.br\/agazeta\/author\/agazeta\/"}]}},"_links":{"self":[{"href":"https:\/\/nk7-testes.com.br\/agazeta\/wp-json\/wp\/v2\/posts\/23259","targetHints":{"allow":["GET"]}}],"collection":[{"href":"https:\/\/nk7-testes.com.br\/agazeta\/wp-json\/wp\/v2\/posts"}],"about":[{"href":"https:\/\/nk7-testes.com.br\/agazeta\/wp-json\/wp\/v2\/types\/post"}],"author":[{"embeddable":true,"href":"https:\/\/nk7-testes.com.br\/agazeta\/wp-json\/wp\/v2\/users\/4"}],"replies":[{"embeddable":true,"href":"https:\/\/nk7-testes.com.br\/agazeta\/wp-json\/wp\/v2\/comments?post=23259"}],"version-history":[{"count":0,"href":"https:\/\/nk7-testes.com.br\/agazeta\/wp-json\/wp\/v2\/posts\/23259\/revisions"}],"wp:featuredmedia":[{"embeddable":true,"href":"https:\/\/nk7-testes.com.br\/agazeta\/wp-json\/wp\/v2\/media\/23258"}],"wp:attachment":[{"href":"https:\/\/nk7-testes.com.br\/agazeta\/wp-json\/wp\/v2\/media?parent=23259"}],"wp:term":[{"taxonomy":"category","embeddable":true,"href":"https:\/\/nk7-testes.com.br\/agazeta\/wp-json\/wp\/v2\/categories?post=23259"},{"taxonomy":"post_tag","embeddable":true,"href":"https:\/\/nk7-testes.com.br\/agazeta\/wp-json\/wp\/v2\/tags?post=23259"}],"curies":[{"name":"wp","href":"https:\/\/api.w.org\/{rel}","templated":true}]}}