{"id":23241,"date":"2016-06-13T20:34:04","date_gmt":"2016-06-13T20:34:04","guid":{"rendered":"https:\/\/abarevegan.com.br\/index.php\/2016\/06\/13\/bairro-cidade-do-povo-contexto-de-violencia-e-medo\/"},"modified":"2016-06-13T20:34:04","modified_gmt":"2016-06-13T20:34:04","slug":"bairro-cidade-do-povo-contexto-de-violencia-e-medo","status":"publish","type":"post","link":"https:\/\/nk7-testes.com.br\/agazeta\/bairro-cidade-do-povo-contexto-de-violencia-e-medo\/","title":{"rendered":"Bairro Cidade do Povo: contexto de viol\u00eancia e medo"},"content":{"rendered":"<p style=\"text-align: justify;\">\u201cPirata\u201d um dos envolvidos no cen\u00e1rio de viol\u00eancia<\/p>\n<p style=\"text-align: justify;\">Os moradores do bairro Cidade do Povo est\u00e3o aterrorizados com tanta viol\u00eancia que n\u00e3o para de crescer na regi\u00e3o. Os bandidos est\u00e3o t\u00e3o ousados que uma pessoa que ousa denunciar tem a casa queimada e crivada de balas. Em duas semanas, duas resid\u00eancias foram incendiadas e as fam\u00edlias expulsas do bairro.<\/p>\n<p style=\"text-align: justify;\">Na noite desse s\u00e1bado, um adolescente de 15 anos estava passeando na rua onde mora quando foi assassinado por dois homens que chegaram em uma bicicleta.<\/p>\n<p style=\"text-align: justify;\">Poucas horas depois, na madrugada de domingo, um homem conhecido pelo apelido de \u201cPirata\u201d, levou dois tiros e est\u00e1 internado em estado grave no pronto socorro. Em uma semana a cidade do povo registrou dois homic\u00eddios e duas tentativas.<\/p>\n<p style=\"text-align: justify;\">Conversarmos com o aposentado Francisco de Assis, pai da mulher que teve que sair de uma das casas. Ele mostrou que o fogo come\u00e7ou na cozinha e, por sorte, ningu\u00e9m estava na casa. A filha, com medo, est\u00e1 escondida com os seis filhos numa casa emprestada. \u201cEla lutou tanto por essa casa. Agora teve que deixar tudo para tr\u00e1s por causa dos bandidos\u201d, lamentou.<\/p>\n<p style=\"text-align: justify;\">No bairro Cidade do Povo, os moradores vivem com medo. O carro da reportagem passava pelas ruas, as portas se fechavam e quem estava fora de casa corria para evitar qualquer contato.<\/p>\n<p style=\"text-align: justify;\">O Governo do Estado instalou h\u00e1 dois anos uma delegacia no bairro, mas ela foi desativada. Existe apenas essa sala e mesmo assim a servidora da Policia Civil n\u00e3o estava. Todos os inqu\u00e9ritos e den\u00fancias s\u00e3o investigados pelo delegado lotado na 2\u00aa Regional, que, na pr\u00e1tica, acumula a responsabilidade pelas investiga\u00e7\u00f5es de todo o Segundo Distrito da cidade.<\/p>\n<p style=\"text-align: justify;\">Distante do Centro, sem uma vigil\u00e2ncia constante da pol\u00edcia, os bandidos criam leis pr\u00f3prias no bairro Cidade do Povo. O projeto do governo que previa toda a infraestrutura para as fam\u00edlias se perde no meio de tanta viol\u00eancia.<\/p>\n","protected":false},"excerpt":{"rendered":"<p style=\"text-align: justify;\">\u201cPirata\u201d um dos envolvidos no cen\u00e1rio de viol\u00eancia<\/p>\n","protected":false},"author":4,"featured_media":23240,"comment_status":"open","ping_status":"open","sticky":false,"template":"","format":"standard","meta":{"jnews-multi-image_gallery":[],"jnews_single_post":[],"jnews_primary_category":[],"jnews_social_meta":[],"jnews_review":[],"enable_review":"","type":"","name":"","summary":"","brand":"","sku":"","good":[],"bad":[],"score_override":"","override_value":"","rating":[],"price":[],"footnotes":""},"categories":[44],"tags":[],"class_list":["post-23241","post","type-post","status-publish","format-standard","has-post-thumbnail","hentry","category-policia"],"yoast_head":"<!-- This site is optimized with the Yoast SEO plugin v26.5 - https:\/\/yoast.com\/wordpress\/plugins\/seo\/ -->\n<title>Bairro Cidade do Povo: contexto de viol\u00eancia e medo - Agazeta.net<\/title>\n<meta name=\"robots\" content=\"index, follow, max-snippet:-1, max-image-preview:large, max-video-preview:-1\" \/>\n<link rel=\"canonical\" href=\"https:\/\/nk7-testes.com.br\/agazeta\/bairro-cidade-do-povo-contexto-de-violencia-e-medo\/\" \/>\n<meta property=\"og:locale\" content=\"pt_BR\" \/>\n<meta property=\"og:type\" content=\"article\" \/>\n<meta property=\"og:title\" content=\"Bairro Cidade do Povo: contexto de viol\u00eancia e medo - Agazeta.net\" \/>\n<meta property=\"og:description\" content=\"\u201cPirata\u201d um dos envolvidos no cen\u00e1rio de viol\u00eancia\" \/>\n<meta property=\"og:url\" content=\"https:\/\/nk7-testes.com.br\/agazeta\/bairro-cidade-do-povo-contexto-de-violencia-e-medo\/\" \/>\n<meta property=\"og:site_name\" content=\"Agazeta.net\" \/>\n<meta property=\"article:published_time\" content=\"2016-06-13T20:34:04+00:00\" \/>\n<meta property=\"og:image\" content=\"https:\/\/nk7-testes.com.br\/agazeta\/wp-content\/uploads\/2016\/06\/130616-policia-cidadopovsemlei-cedida.jpg\" \/>\n\t<meta property=\"og:image:width\" content=\"458\" \/>\n\t<meta property=\"og:image:height\" content=\"340\" \/>\n\t<meta property=\"og:image:type\" content=\"image\/jpeg\" \/>\n<meta name=\"author\" content=\"Agazeta.Net\" \/>\n<meta name=\"twitter:card\" content=\"summary_large_image\" \/>\n<meta name=\"twitter:label1\" content=\"Escrito por\" \/>\n\t<meta name=\"twitter:data1\" content=\"Agazeta.Net\" \/>\n\t<meta name=\"twitter:label2\" content=\"Est. tempo de leitura\" \/>\n\t<meta name=\"twitter:data2\" content=\"2 minutos\" \/>\n<script type=\"application\/ld+json\" class=\"yoast-schema-graph\">{\"@context\":\"https:\/\/schema.org\",\"@graph\":[{\"@type\":\"WebPage\",\"@id\":\"https:\/\/nk7-testes.com.br\/agazeta\/bairro-cidade-do-povo-contexto-de-violencia-e-medo\/\",\"url\":\"https:\/\/nk7-testes.com.br\/agazeta\/bairro-cidade-do-povo-contexto-de-violencia-e-medo\/\",\"name\":\"Bairro Cidade do Povo: contexto de viol\u00eancia e medo - Agazeta.net\",\"isPartOf\":{\"@id\":\"https:\/\/nk7-testes.com.br\/agazeta\/#website\"},\"primaryImageOfPage\":{\"@id\":\"https:\/\/nk7-testes.com.br\/agazeta\/bairro-cidade-do-povo-contexto-de-violencia-e-medo\/#primaryimage\"},\"image\":{\"@id\":\"https:\/\/nk7-testes.com.br\/agazeta\/bairro-cidade-do-povo-contexto-de-violencia-e-medo\/#primaryimage\"},\"thumbnailUrl\":\"https:\/\/nk7-testes.com.br\/agazeta\/wp-content\/uploads\/2016\/06\/130616-policia-cidadopovsemlei-cedida.jpg\",\"datePublished\":\"2016-06-13T20:34:04+00:00\",\"author\":{\"@id\":\"https:\/\/nk7-testes.com.br\/agazeta\/#\/schema\/person\/6d6e25cb0435eb4a02fd44d30b4e3020\"},\"breadcrumb\":{\"@id\":\"https:\/\/nk7-testes.com.br\/agazeta\/bairro-cidade-do-povo-contexto-de-violencia-e-medo\/#breadcrumb\"},\"inLanguage\":\"pt-BR\",\"potentialAction\":[{\"@type\":\"ReadAction\",\"target\":[\"https:\/\/nk7-testes.com.br\/agazeta\/bairro-cidade-do-povo-contexto-de-violencia-e-medo\/\"]}]},{\"@type\":\"ImageObject\",\"inLanguage\":\"pt-BR\",\"@id\":\"https:\/\/nk7-testes.com.br\/agazeta\/bairro-cidade-do-povo-contexto-de-violencia-e-medo\/#primaryimage\",\"url\":\"https:\/\/nk7-testes.com.br\/agazeta\/wp-content\/uploads\/2016\/06\/130616-policia-cidadopovsemlei-cedida.jpg\",\"contentUrl\":\"https:\/\/nk7-testes.com.br\/agazeta\/wp-content\/uploads\/2016\/06\/130616-policia-cidadopovsemlei-cedida.jpg\",\"width\":458,\"height\":340,\"caption\":\"130616-policia-cidadopovsemlei-cedida\"},{\"@type\":\"BreadcrumbList\",\"@id\":\"https:\/\/nk7-testes.com.br\/agazeta\/bairro-cidade-do-povo-contexto-de-violencia-e-medo\/#breadcrumb\",\"itemListElement\":[{\"@type\":\"ListItem\",\"position\":1,\"name\":\"In\u00edcio\",\"item\":\"https:\/\/nk7-testes.com.br\/agazeta\/\"},{\"@type\":\"ListItem\",\"position\":2,\"name\":\"Bairro Cidade do Povo: contexto de viol\u00eancia e medo\"}]},{\"@type\":\"WebSite\",\"@id\":\"https:\/\/nk7-testes.com.br\/agazeta\/#website\",\"url\":\"https:\/\/nk7-testes.com.br\/agazeta\/\",\"name\":\"Agazeta.net\",\"description\":\"Agazeta.net - Not\u00edcias de Rio Branco\/AC\",\"potentialAction\":[{\"@type\":\"SearchAction\",\"target\":{\"@type\":\"EntryPoint\",\"urlTemplate\":\"https:\/\/nk7-testes.com.br\/agazeta\/?s={search_term_string}\"},\"query-input\":{\"@type\":\"PropertyValueSpecification\",\"valueRequired\":true,\"valueName\":\"search_term_string\"}}],\"inLanguage\":\"pt-BR\"},{\"@type\":\"Person\",\"@id\":\"https:\/\/nk7-testes.com.br\/agazeta\/#\/schema\/person\/6d6e25cb0435eb4a02fd44d30b4e3020\",\"name\":\"Agazeta.Net\",\"url\":\"https:\/\/nk7-testes.com.br\/agazeta\/author\/agazeta\/\"}]}<\/script>\n<!-- \/ Yoast SEO plugin. -->","yoast_head_json":{"title":"Bairro Cidade do Povo: contexto de viol\u00eancia e medo - Agazeta.net","robots":{"index":"index","follow":"follow","max-snippet":"max-snippet:-1","max-image-preview":"max-image-preview:large","max-video-preview":"max-video-preview:-1"},"canonical":"https:\/\/nk7-testes.com.br\/agazeta\/bairro-cidade-do-povo-contexto-de-violencia-e-medo\/","og_locale":"pt_BR","og_type":"article","og_title":"Bairro Cidade do Povo: contexto de viol\u00eancia e medo - Agazeta.net","og_description":"\u201cPirata\u201d um dos envolvidos no cen\u00e1rio de viol\u00eancia","og_url":"https:\/\/nk7-testes.com.br\/agazeta\/bairro-cidade-do-povo-contexto-de-violencia-e-medo\/","og_site_name":"Agazeta.net","article_published_time":"2016-06-13T20:34:04+00:00","og_image":[{"width":458,"height":340,"url":"https:\/\/nk7-testes.com.br\/agazeta\/wp-content\/uploads\/2016\/06\/130616-policia-cidadopovsemlei-cedida.jpg","type":"image\/jpeg"}],"author":"Agazeta.Net","twitter_card":"summary_large_image","twitter_misc":{"Escrito por":"Agazeta.Net","Est. tempo de leitura":"2 minutos"},"schema":{"@context":"https:\/\/schema.org","@graph":[{"@type":"WebPage","@id":"https:\/\/nk7-testes.com.br\/agazeta\/bairro-cidade-do-povo-contexto-de-violencia-e-medo\/","url":"https:\/\/nk7-testes.com.br\/agazeta\/bairro-cidade-do-povo-contexto-de-violencia-e-medo\/","name":"Bairro Cidade do Povo: contexto de viol\u00eancia e medo - Agazeta.net","isPartOf":{"@id":"https:\/\/nk7-testes.com.br\/agazeta\/#website"},"primaryImageOfPage":{"@id":"https:\/\/nk7-testes.com.br\/agazeta\/bairro-cidade-do-povo-contexto-de-violencia-e-medo\/#primaryimage"},"image":{"@id":"https:\/\/nk7-testes.com.br\/agazeta\/bairro-cidade-do-povo-contexto-de-violencia-e-medo\/#primaryimage"},"thumbnailUrl":"https:\/\/nk7-testes.com.br\/agazeta\/wp-content\/uploads\/2016\/06\/130616-policia-cidadopovsemlei-cedida.jpg","datePublished":"2016-06-13T20:34:04+00:00","author":{"@id":"https:\/\/nk7-testes.com.br\/agazeta\/#\/schema\/person\/6d6e25cb0435eb4a02fd44d30b4e3020"},"breadcrumb":{"@id":"https:\/\/nk7-testes.com.br\/agazeta\/bairro-cidade-do-povo-contexto-de-violencia-e-medo\/#breadcrumb"},"inLanguage":"pt-BR","potentialAction":[{"@type":"ReadAction","target":["https:\/\/nk7-testes.com.br\/agazeta\/bairro-cidade-do-povo-contexto-de-violencia-e-medo\/"]}]},{"@type":"ImageObject","inLanguage":"pt-BR","@id":"https:\/\/nk7-testes.com.br\/agazeta\/bairro-cidade-do-povo-contexto-de-violencia-e-medo\/#primaryimage","url":"https:\/\/nk7-testes.com.br\/agazeta\/wp-content\/uploads\/2016\/06\/130616-policia-cidadopovsemlei-cedida.jpg","contentUrl":"https:\/\/nk7-testes.com.br\/agazeta\/wp-content\/uploads\/2016\/06\/130616-policia-cidadopovsemlei-cedida.jpg","width":458,"height":340,"caption":"130616-policia-cidadopovsemlei-cedida"},{"@type":"BreadcrumbList","@id":"https:\/\/nk7-testes.com.br\/agazeta\/bairro-cidade-do-povo-contexto-de-violencia-e-medo\/#breadcrumb","itemListElement":[{"@type":"ListItem","position":1,"name":"In\u00edcio","item":"https:\/\/nk7-testes.com.br\/agazeta\/"},{"@type":"ListItem","position":2,"name":"Bairro Cidade do Povo: contexto de viol\u00eancia e medo"}]},{"@type":"WebSite","@id":"https:\/\/nk7-testes.com.br\/agazeta\/#website","url":"https:\/\/nk7-testes.com.br\/agazeta\/","name":"Agazeta.net","description":"Agazeta.net - Not\u00edcias de Rio Branco\/AC","potentialAction":[{"@type":"SearchAction","target":{"@type":"EntryPoint","urlTemplate":"https:\/\/nk7-testes.com.br\/agazeta\/?s={search_term_string}"},"query-input":{"@type":"PropertyValueSpecification","valueRequired":true,"valueName":"search_term_string"}}],"inLanguage":"pt-BR"},{"@type":"Person","@id":"https:\/\/nk7-testes.com.br\/agazeta\/#\/schema\/person\/6d6e25cb0435eb4a02fd44d30b4e3020","name":"Agazeta.Net","url":"https:\/\/nk7-testes.com.br\/agazeta\/author\/agazeta\/"}]}},"_links":{"self":[{"href":"https:\/\/nk7-testes.com.br\/agazeta\/wp-json\/wp\/v2\/posts\/23241","targetHints":{"allow":["GET"]}}],"collection":[{"href":"https:\/\/nk7-testes.com.br\/agazeta\/wp-json\/wp\/v2\/posts"}],"about":[{"href":"https:\/\/nk7-testes.com.br\/agazeta\/wp-json\/wp\/v2\/types\/post"}],"author":[{"embeddable":true,"href":"https:\/\/nk7-testes.com.br\/agazeta\/wp-json\/wp\/v2\/users\/4"}],"replies":[{"embeddable":true,"href":"https:\/\/nk7-testes.com.br\/agazeta\/wp-json\/wp\/v2\/comments?post=23241"}],"version-history":[{"count":0,"href":"https:\/\/nk7-testes.com.br\/agazeta\/wp-json\/wp\/v2\/posts\/23241\/revisions"}],"wp:featuredmedia":[{"embeddable":true,"href":"https:\/\/nk7-testes.com.br\/agazeta\/wp-json\/wp\/v2\/media\/23240"}],"wp:attachment":[{"href":"https:\/\/nk7-testes.com.br\/agazeta\/wp-json\/wp\/v2\/media?parent=23241"}],"wp:term":[{"taxonomy":"category","embeddable":true,"href":"https:\/\/nk7-testes.com.br\/agazeta\/wp-json\/wp\/v2\/categories?post=23241"},{"taxonomy":"post_tag","embeddable":true,"href":"https:\/\/nk7-testes.com.br\/agazeta\/wp-json\/wp\/v2\/tags?post=23241"}],"curies":[{"name":"wp","href":"https:\/\/api.w.org\/{rel}","templated":true}]}}