{"id":23237,"date":"2016-06-13T19:44:24","date_gmt":"2016-06-13T19:44:24","guid":{"rendered":"https:\/\/abarevegan.com.br\/index.php\/2016\/06\/13\/acidentes-com-motos-sao-a-principal-causa-de-internacoes\/"},"modified":"2016-06-13T19:44:24","modified_gmt":"2016-06-13T19:44:24","slug":"acidentes-com-motos-sao-a-principal-causa-de-internacoes","status":"publish","type":"post","link":"https:\/\/nk7-testes.com.br\/agazeta\/acidentes-com-motos-sao-a-principal-causa-de-internacoes\/","title":{"rendered":"Acidentes com motos s\u00e3o a principal causa de interna\u00e7\u00f5es"},"content":{"rendered":"<p style=\"text-align: justify;\">No Huerb, mais de 57% dos acidentes envolvem motos<\/p>\n<p style=\"text-align: justify;\">As estat\u00edsticas s\u00e3o categ\u00f3ricas ao constatar que o n\u00famero de v\u00edtimas fatais em acidentes envolvendo motocicletas aumentou. Em 2015 mais de 57% desses acidentes envolveram condutores habilitados na categoria \u201cA\u201d.<\/p>\n<p style=\"text-align: justify;\">Mesmo com a redu\u00e7\u00e3o dos \u00edndices na capital e no interior, n\u00e3o \u00e9 dif\u00edcil flagrar a imprud\u00eancia de motociclistas no tr\u00e2nsito nosso de cada dia. A imprud\u00eancia tem sido a maior causa de mortes nas vias p\u00fablicas.<\/p>\n<p style=\"text-align: justify;\">\u00d3rg\u00e3os respons\u00e1veis pela fiscaliza\u00e7\u00e3o, como o Departamento Estadual de Tr\u00e2nsito (Detran) e a Superintend\u00eancia de Transportes e Tr\u00e2nsito de Rio Branco (RBTrans), realizam diversas campanhas de conscientiza\u00e7\u00e3o na tentativa de fazer com que os condutores adotem posturas defensivas.<\/p>\n<p style=\"text-align: justify;\">Diariamente os agentes da Coordenadoria Integrada de Fiscaliza\u00e7\u00e3o de Tr\u00e2nsito do Detran atendem em m\u00e9dia 20 ocorr\u00eancias envolvendo motos.<\/p>\n<p style=\"text-align: justify;\">O excesso de velocidade, a utiliza\u00e7\u00e3o dos ve\u00edculos para fins inadequados e a n\u00e3o utiliza\u00e7\u00e3o dos equipamentos obrigat\u00f3rios t\u00eam sido as principais causas dos acidentes. \u201cA motocicleta \u00e9 conhecida como um meio de transporte mais \u00e1gil e muitas das colis\u00f5es s\u00e3o provocadas pela imper\u00edcia desses condutores. As pessoas precisam estar mais atentas e preocupadas com a seguran\u00e7a\u201d, ressalta Jones Costa, coordenador da Ciftran.<\/p>\n<p style=\"text-align: justify;\"><strong>Huerb<\/strong><\/p>\n<p style=\"text-align: justify;\">No \u00faltimo fim de semana o Hospital de Urg\u00eancia e Emerg\u00eancia de Rio Branco (Huerb) recebeu mais pacientes do que suas enfermarias comportavam \u2013 foram 70 interna\u00e7\u00f5es decorrentes de acidentes com motocicletas.<\/p>\n<p style=\"text-align: justify;\">Segundo a coordena\u00e7\u00e3o da unidade, se levarmos em considera\u00e7\u00e3o que a capital tem pouco mais de 370 mil habitantes, a taxa de acidentados e pacientes ortop\u00e9dicos \u00e9 muito alta. \u201cSe n\u00e3o houver conscientiza\u00e7\u00e3o por parte dos condutores de nada adiantam os investimentos do Estado em servi\u00e7os de sa\u00fade. Os acidentes continuar\u00e3o acontecendo e os pacientes sofrendo com as sequelas desses traumas\u201d, disse Michel Paes, gerente de Aten\u00e7\u00e3o \u00e0 Sa\u00fade do Huerb.<\/p>\n<p style=\"text-align: justify;\"><strong>V\u00edtimas<\/strong><\/p>\n<p style=\"text-align: justify;\">Carlos Henrique tem 29 anos e trabalha como motorista de \u00f4nibus. Desde que se envolveu em um acidente, h\u00e1 93 dias, ele est\u00e1 afastado de suas fun\u00e7\u00f5es na empresa.<br \/>Henrique conduzia sua motocicleta por uma das ruas do bairro Adalberto Arag\u00e3o, em Rio Branco, quando o carro que estava em sua frente freou bruscamente e ele precisou se desviar do ve\u00edculo. Ao executar a opera\u00e7\u00e3o, bateu em uma caixa coletora de lixo e quebrou a perna em dois lugares.<\/p>\n<p style=\"text-align: justify;\">Assim que deu entrada no Huerb passou pelo procedimento cir\u00fargico. Foram algumas horas na mesa de cirurgia e v\u00e1rios dias de interna\u00e7\u00e3o at\u00e9 que ele tivesse alta e pudesse voltar para casa.<\/p>\n<p style=\"text-align: justify;\">Mas a hist\u00f3ria n\u00e3o termina por aqui. Despois de passar 50 dias se recuperando ele teve que voltar ao hospital. Henrique teve complica\u00e7\u00f5es na cirurgia e o m\u00e9dico resolveu que ele se recuperaria melhor em uma das enfermarias do Huerb, onde j\u00e1 est\u00e1 h\u00e1 tr\u00eas semanas.<\/p>\n<p style=\"text-align: justify;\">Sobre pilotar novamente uma motocicleta, ele foi enf\u00e1tico, \u201cde moto eu n\u00e3o ando nunca mais!\u201d.<\/p>\n<p style=\"text-align: justify;\"><strong>Custos<\/strong><\/p>\n<p style=\"text-align: justify;\">Cada v\u00edtima de acidente de tr\u00e2nsito que d\u00e1 entrada no pronto-socorro da capital custa em m\u00e9dia R$ 70 mil aos cofres do Servi\u00e7o \u00danico de Sa\u00fade (SUS). Em alguns casos somente as \u00f3rteses e pr\u00f3teses utilizadas nas cirurgias custam mais de um ter\u00e7o desse valor. Os procedimentos mais complexos s\u00e3o realizados em unidades conveniadas ao SUS e no Hospital das Cl\u00ednicas.<\/p>\n<p style=\"text-align: justify;\">\u201cN\u00f3s temos hoje 18 ortopedistas. A maior parte das cirurgias \u00e9 realizada aqui no Huerb. Casos mais espec\u00edficos, como cirurgias de m\u00e3o, quadril e ombro, s\u00e3o encaminhados ao Santa Juliana. No HC s\u00e3o realizadas as cirurgias de joelho. Todas as nossas unidades, p\u00fablicas ou conveniadas, t\u00eam condi\u00e7\u00f5es de operar\u201d, afirma Graziela Souza, coordenadora de servi\u00e7os terceirizados do Huerb.<\/p>\n<p style=\"text-align: justify;\">Segundo levantamento do setor de regula\u00e7\u00e3o da unidade a maioria das v\u00edtimas de acidentes com motocicletas s\u00e3o homens. As colis\u00f5es ocorrem com maior frequ\u00eancia nos hor\u00e1rios de pico, quando as pessoas est\u00e3o com pressa e precisam chegar ao seu destino mais r\u00e1pido. Outro detalhe \u00e9 que nos primeiros e nos \u00faltimos dias de cada m\u00eas essas ocorr\u00eancias aumentam.<\/p>\n","protected":false},"excerpt":{"rendered":"<p style=\"text-align: justify;\">No Huerb, mais de 57% dos acidentes envolvem motos<\/p>\n","protected":false},"author":4,"featured_media":21987,"comment_status":"open","ping_status":"open","sticky":false,"template":"","format":"standard","meta":{"jnews-multi-image_gallery":[],"jnews_single_post":[],"jnews_primary_category":[],"jnews_social_meta":[],"jnews_review":[],"enable_review":"","type":"","name":"","summary":"","brand":"","sku":"","good":[],"bad":[],"score_override":"","override_value":"","rating":[],"price":[],"footnotes":""},"categories":[54],"tags":[],"class_list":["post-23237","post","type-post","status-publish","format-standard","has-post-thumbnail","hentry","category-cotidiano"],"yoast_head":"<!-- This site is optimized with the Yoast SEO plugin v26.5 - https:\/\/yoast.com\/wordpress\/plugins\/seo\/ -->\n<title>Acidentes com motos s\u00e3o a principal causa de interna\u00e7\u00f5es - Agazeta.net<\/title>\n<meta name=\"robots\" content=\"index, follow, max-snippet:-1, max-image-preview:large, max-video-preview:-1\" \/>\n<link rel=\"canonical\" href=\"https:\/\/nk7-testes.com.br\/agazeta\/acidentes-com-motos-sao-a-principal-causa-de-internacoes\/\" \/>\n<meta property=\"og:locale\" content=\"pt_BR\" \/>\n<meta property=\"og:type\" content=\"article\" \/>\n<meta property=\"og:title\" content=\"Acidentes com motos s\u00e3o a principal causa de interna\u00e7\u00f5es - Agazeta.net\" \/>\n<meta property=\"og:description\" content=\"No Huerb, mais de 57% dos acidentes envolvem motos\" \/>\n<meta property=\"og:url\" content=\"https:\/\/nk7-testes.com.br\/agazeta\/acidentes-com-motos-sao-a-principal-causa-de-internacoes\/\" \/>\n<meta property=\"og:site_name\" content=\"Agazeta.net\" \/>\n<meta property=\"article:published_time\" content=\"2016-06-13T19:44:24+00:00\" \/>\n<meta property=\"og:image\" content=\"https:\/\/nk7-testes.com.br\/agazeta\/wp-content\/uploads\/2016\/04\/080416-policia-acidentemoto-cleriston.jpg\" \/>\n\t<meta property=\"og:image:width\" content=\"458\" \/>\n\t<meta property=\"og:image:height\" content=\"340\" \/>\n\t<meta property=\"og:image:type\" content=\"image\/jpeg\" \/>\n<meta name=\"author\" content=\"Agazeta.Net\" \/>\n<meta name=\"twitter:card\" content=\"summary_large_image\" \/>\n<meta name=\"twitter:label1\" content=\"Escrito por\" \/>\n\t<meta name=\"twitter:data1\" content=\"Agazeta.Net\" \/>\n\t<meta name=\"twitter:label2\" content=\"Est. tempo de leitura\" \/>\n\t<meta name=\"twitter:data2\" content=\"4 minutos\" \/>\n<script type=\"application\/ld+json\" class=\"yoast-schema-graph\">{\"@context\":\"https:\/\/schema.org\",\"@graph\":[{\"@type\":\"WebPage\",\"@id\":\"https:\/\/nk7-testes.com.br\/agazeta\/acidentes-com-motos-sao-a-principal-causa-de-internacoes\/\",\"url\":\"https:\/\/nk7-testes.com.br\/agazeta\/acidentes-com-motos-sao-a-principal-causa-de-internacoes\/\",\"name\":\"Acidentes com motos s\u00e3o a principal causa de interna\u00e7\u00f5es - Agazeta.net\",\"isPartOf\":{\"@id\":\"https:\/\/nk7-testes.com.br\/agazeta\/#website\"},\"primaryImageOfPage\":{\"@id\":\"https:\/\/nk7-testes.com.br\/agazeta\/acidentes-com-motos-sao-a-principal-causa-de-internacoes\/#primaryimage\"},\"image\":{\"@id\":\"https:\/\/nk7-testes.com.br\/agazeta\/acidentes-com-motos-sao-a-principal-causa-de-internacoes\/#primaryimage\"},\"thumbnailUrl\":\"https:\/\/nk7-testes.com.br\/agazeta\/wp-content\/uploads\/2016\/04\/080416-policia-acidentemoto-cleriston.jpg\",\"datePublished\":\"2016-06-13T19:44:24+00:00\",\"author\":{\"@id\":\"https:\/\/nk7-testes.com.br\/agazeta\/#\/schema\/person\/6d6e25cb0435eb4a02fd44d30b4e3020\"},\"breadcrumb\":{\"@id\":\"https:\/\/nk7-testes.com.br\/agazeta\/acidentes-com-motos-sao-a-principal-causa-de-internacoes\/#breadcrumb\"},\"inLanguage\":\"pt-BR\",\"potentialAction\":[{\"@type\":\"ReadAction\",\"target\":[\"https:\/\/nk7-testes.com.br\/agazeta\/acidentes-com-motos-sao-a-principal-causa-de-internacoes\/\"]}]},{\"@type\":\"ImageObject\",\"inLanguage\":\"pt-BR\",\"@id\":\"https:\/\/nk7-testes.com.br\/agazeta\/acidentes-com-motos-sao-a-principal-causa-de-internacoes\/#primaryimage\",\"url\":\"https:\/\/nk7-testes.com.br\/agazeta\/wp-content\/uploads\/2016\/04\/080416-policia-acidentemoto-cleriston.jpg\",\"contentUrl\":\"https:\/\/nk7-testes.com.br\/agazeta\/wp-content\/uploads\/2016\/04\/080416-policia-acidentemoto-cleriston.jpg\",\"width\":458,\"height\":340,\"caption\":\"080416-policia-acidentemoto-cleriston\"},{\"@type\":\"BreadcrumbList\",\"@id\":\"https:\/\/nk7-testes.com.br\/agazeta\/acidentes-com-motos-sao-a-principal-causa-de-internacoes\/#breadcrumb\",\"itemListElement\":[{\"@type\":\"ListItem\",\"position\":1,\"name\":\"In\u00edcio\",\"item\":\"https:\/\/nk7-testes.com.br\/agazeta\/\"},{\"@type\":\"ListItem\",\"position\":2,\"name\":\"Acidentes com motos s\u00e3o a principal causa de interna\u00e7\u00f5es\"}]},{\"@type\":\"WebSite\",\"@id\":\"https:\/\/nk7-testes.com.br\/agazeta\/#website\",\"url\":\"https:\/\/nk7-testes.com.br\/agazeta\/\",\"name\":\"Agazeta.net\",\"description\":\"Agazeta.net - Not\u00edcias de Rio Branco\/AC\",\"potentialAction\":[{\"@type\":\"SearchAction\",\"target\":{\"@type\":\"EntryPoint\",\"urlTemplate\":\"https:\/\/nk7-testes.com.br\/agazeta\/?s={search_term_string}\"},\"query-input\":{\"@type\":\"PropertyValueSpecification\",\"valueRequired\":true,\"valueName\":\"search_term_string\"}}],\"inLanguage\":\"pt-BR\"},{\"@type\":\"Person\",\"@id\":\"https:\/\/nk7-testes.com.br\/agazeta\/#\/schema\/person\/6d6e25cb0435eb4a02fd44d30b4e3020\",\"name\":\"Agazeta.Net\",\"url\":\"https:\/\/nk7-testes.com.br\/agazeta\/author\/agazeta\/\"}]}<\/script>\n<!-- \/ Yoast SEO plugin. -->","yoast_head_json":{"title":"Acidentes com motos s\u00e3o a principal causa de interna\u00e7\u00f5es - Agazeta.net","robots":{"index":"index","follow":"follow","max-snippet":"max-snippet:-1","max-image-preview":"max-image-preview:large","max-video-preview":"max-video-preview:-1"},"canonical":"https:\/\/nk7-testes.com.br\/agazeta\/acidentes-com-motos-sao-a-principal-causa-de-internacoes\/","og_locale":"pt_BR","og_type":"article","og_title":"Acidentes com motos s\u00e3o a principal causa de interna\u00e7\u00f5es - Agazeta.net","og_description":"No Huerb, mais de 57% dos acidentes envolvem motos","og_url":"https:\/\/nk7-testes.com.br\/agazeta\/acidentes-com-motos-sao-a-principal-causa-de-internacoes\/","og_site_name":"Agazeta.net","article_published_time":"2016-06-13T19:44:24+00:00","og_image":[{"width":458,"height":340,"url":"https:\/\/nk7-testes.com.br\/agazeta\/wp-content\/uploads\/2016\/04\/080416-policia-acidentemoto-cleriston.jpg","type":"image\/jpeg"}],"author":"Agazeta.Net","twitter_card":"summary_large_image","twitter_misc":{"Escrito por":"Agazeta.Net","Est. tempo de leitura":"4 minutos"},"schema":{"@context":"https:\/\/schema.org","@graph":[{"@type":"WebPage","@id":"https:\/\/nk7-testes.com.br\/agazeta\/acidentes-com-motos-sao-a-principal-causa-de-internacoes\/","url":"https:\/\/nk7-testes.com.br\/agazeta\/acidentes-com-motos-sao-a-principal-causa-de-internacoes\/","name":"Acidentes com motos s\u00e3o a principal causa de interna\u00e7\u00f5es - Agazeta.net","isPartOf":{"@id":"https:\/\/nk7-testes.com.br\/agazeta\/#website"},"primaryImageOfPage":{"@id":"https:\/\/nk7-testes.com.br\/agazeta\/acidentes-com-motos-sao-a-principal-causa-de-internacoes\/#primaryimage"},"image":{"@id":"https:\/\/nk7-testes.com.br\/agazeta\/acidentes-com-motos-sao-a-principal-causa-de-internacoes\/#primaryimage"},"thumbnailUrl":"https:\/\/nk7-testes.com.br\/agazeta\/wp-content\/uploads\/2016\/04\/080416-policia-acidentemoto-cleriston.jpg","datePublished":"2016-06-13T19:44:24+00:00","author":{"@id":"https:\/\/nk7-testes.com.br\/agazeta\/#\/schema\/person\/6d6e25cb0435eb4a02fd44d30b4e3020"},"breadcrumb":{"@id":"https:\/\/nk7-testes.com.br\/agazeta\/acidentes-com-motos-sao-a-principal-causa-de-internacoes\/#breadcrumb"},"inLanguage":"pt-BR","potentialAction":[{"@type":"ReadAction","target":["https:\/\/nk7-testes.com.br\/agazeta\/acidentes-com-motos-sao-a-principal-causa-de-internacoes\/"]}]},{"@type":"ImageObject","inLanguage":"pt-BR","@id":"https:\/\/nk7-testes.com.br\/agazeta\/acidentes-com-motos-sao-a-principal-causa-de-internacoes\/#primaryimage","url":"https:\/\/nk7-testes.com.br\/agazeta\/wp-content\/uploads\/2016\/04\/080416-policia-acidentemoto-cleriston.jpg","contentUrl":"https:\/\/nk7-testes.com.br\/agazeta\/wp-content\/uploads\/2016\/04\/080416-policia-acidentemoto-cleriston.jpg","width":458,"height":340,"caption":"080416-policia-acidentemoto-cleriston"},{"@type":"BreadcrumbList","@id":"https:\/\/nk7-testes.com.br\/agazeta\/acidentes-com-motos-sao-a-principal-causa-de-internacoes\/#breadcrumb","itemListElement":[{"@type":"ListItem","position":1,"name":"In\u00edcio","item":"https:\/\/nk7-testes.com.br\/agazeta\/"},{"@type":"ListItem","position":2,"name":"Acidentes com motos s\u00e3o a principal causa de interna\u00e7\u00f5es"}]},{"@type":"WebSite","@id":"https:\/\/nk7-testes.com.br\/agazeta\/#website","url":"https:\/\/nk7-testes.com.br\/agazeta\/","name":"Agazeta.net","description":"Agazeta.net - Not\u00edcias de Rio Branco\/AC","potentialAction":[{"@type":"SearchAction","target":{"@type":"EntryPoint","urlTemplate":"https:\/\/nk7-testes.com.br\/agazeta\/?s={search_term_string}"},"query-input":{"@type":"PropertyValueSpecification","valueRequired":true,"valueName":"search_term_string"}}],"inLanguage":"pt-BR"},{"@type":"Person","@id":"https:\/\/nk7-testes.com.br\/agazeta\/#\/schema\/person\/6d6e25cb0435eb4a02fd44d30b4e3020","name":"Agazeta.Net","url":"https:\/\/nk7-testes.com.br\/agazeta\/author\/agazeta\/"}]}},"_links":{"self":[{"href":"https:\/\/nk7-testes.com.br\/agazeta\/wp-json\/wp\/v2\/posts\/23237","targetHints":{"allow":["GET"]}}],"collection":[{"href":"https:\/\/nk7-testes.com.br\/agazeta\/wp-json\/wp\/v2\/posts"}],"about":[{"href":"https:\/\/nk7-testes.com.br\/agazeta\/wp-json\/wp\/v2\/types\/post"}],"author":[{"embeddable":true,"href":"https:\/\/nk7-testes.com.br\/agazeta\/wp-json\/wp\/v2\/users\/4"}],"replies":[{"embeddable":true,"href":"https:\/\/nk7-testes.com.br\/agazeta\/wp-json\/wp\/v2\/comments?post=23237"}],"version-history":[{"count":0,"href":"https:\/\/nk7-testes.com.br\/agazeta\/wp-json\/wp\/v2\/posts\/23237\/revisions"}],"wp:featuredmedia":[{"embeddable":true,"href":"https:\/\/nk7-testes.com.br\/agazeta\/wp-json\/wp\/v2\/media\/21987"}],"wp:attachment":[{"href":"https:\/\/nk7-testes.com.br\/agazeta\/wp-json\/wp\/v2\/media?parent=23237"}],"wp:term":[{"taxonomy":"category","embeddable":true,"href":"https:\/\/nk7-testes.com.br\/agazeta\/wp-json\/wp\/v2\/categories?post=23237"},{"taxonomy":"post_tag","embeddable":true,"href":"https:\/\/nk7-testes.com.br\/agazeta\/wp-json\/wp\/v2\/tags?post=23237"}],"curies":[{"name":"wp","href":"https:\/\/api.w.org\/{rel}","templated":true}]}}