{"id":23235,"date":"2016-06-13T15:50:49","date_gmt":"2016-06-13T15:50:49","guid":{"rendered":"https:\/\/abarevegan.com.br\/index.php\/2016\/06\/13\/passeata-pela-paz-mobiliza-centenas-de-pessoas\/"},"modified":"2016-06-13T15:50:49","modified_gmt":"2016-06-13T15:50:49","slug":"passeata-pela-paz-mobiliza-centenas-de-pessoas","status":"publish","type":"post","link":"https:\/\/nk7-testes.com.br\/agazeta\/passeata-pela-paz-mobiliza-centenas-de-pessoas\/","title":{"rendered":"Passeata pela Paz mobiliza centenas de pessoas"},"content":{"rendered":"<p style=\"text-align: justify;\">Organiza\u00e7\u00f5es exigem mais investimento em Seguran\u00e7a<\/p>\n<p style=\"text-align: justify;\">A Avenida Cear\u00e1, na altura do Terminal Urbano, foi interditada por uma manifesta\u00e7\u00e3o popular exigindo maiores investimentos em Seguran\u00e7a P\u00fablica. Aproximadamente 100 pessoas participaram do movimento.<\/p>\n<p style=\"text-align: justify;\">O grupo saiu do Terminal Urbano e subiu a Avenida Brasil em dire\u00e7\u00e3o ao Gabinete Civil do Governo do Acre. N\u00e3o h\u00e1 uniformidade em rela\u00e7\u00e3o \u00e0s linhas de defesa. Alguns participantes exigem maior investimento em Seguran\u00e7a P\u00fablica, outros querem rever conceitos como \u201cDireitos Humanos\u201d.<\/p>\n<p style=\"text-align: justify;\">N\u00e3o h\u00e1 registro de confus\u00e3o ou tumulto. Apenas o tr\u00e2nsito ficou lento na regi\u00e3o.<\/p>\n","protected":false},"excerpt":{"rendered":"<p style=\"text-align: justify;\">Organiza\u00e7\u00f5es exigem mais investimento em Seguran\u00e7a<\/p>\n","protected":false},"author":4,"featured_media":23234,"comment_status":"open","ping_status":"open","sticky":false,"template":"","format":"standard","meta":{"jnews-multi-image_gallery":[],"jnews_single_post":[],"jnews_primary_category":[],"jnews_social_meta":[],"jnews_review":[],"enable_review":"","type":"","name":"","summary":"","brand":"","sku":"","good":[],"bad":[],"score_override":"","override_value":"","rating":[],"price":[],"footnotes":""},"categories":[54],"tags":[],"class_list":["post-23235","post","type-post","status-publish","format-standard","has-post-thumbnail","hentry","category-cotidiano"],"yoast_head":"<!-- This site is optimized with the Yoast SEO plugin v26.5 - https:\/\/yoast.com\/wordpress\/plugins\/seo\/ -->\n<title>Passeata pela Paz mobiliza centenas de pessoas - Agazeta.net<\/title>\n<meta name=\"robots\" content=\"index, follow, max-snippet:-1, max-image-preview:large, max-video-preview:-1\" \/>\n<link rel=\"canonical\" href=\"https:\/\/nk7-testes.com.br\/agazeta\/passeata-pela-paz-mobiliza-centenas-de-pessoas\/\" \/>\n<meta property=\"og:locale\" content=\"pt_BR\" \/>\n<meta property=\"og:type\" content=\"article\" \/>\n<meta property=\"og:title\" content=\"Passeata pela Paz mobiliza centenas de pessoas - Agazeta.net\" \/>\n<meta property=\"og:description\" content=\"Organiza\u00e7\u00f5es exigem mais investimento em Seguran\u00e7a\" \/>\n<meta property=\"og:url\" content=\"https:\/\/nk7-testes.com.br\/agazeta\/passeata-pela-paz-mobiliza-centenas-de-pessoas\/\" \/>\n<meta property=\"og:site_name\" content=\"Agazeta.net\" \/>\n<meta property=\"article:published_time\" content=\"2016-06-13T15:50:49+00:00\" \/>\n<meta property=\"og:image\" content=\"https:\/\/nk7-testes.com.br\/agazeta\/wp-content\/uploads\/2016\/06\/130616-cotidiano-protestoseguranca-cedida.jpg\" \/>\n\t<meta property=\"og:image:width\" content=\"458\" \/>\n\t<meta property=\"og:image:height\" content=\"340\" \/>\n\t<meta property=\"og:image:type\" content=\"image\/jpeg\" \/>\n<meta name=\"author\" content=\"Agazeta.Net\" \/>\n<meta name=\"twitter:card\" content=\"summary_large_image\" \/>\n<meta name=\"twitter:label1\" content=\"Escrito por\" \/>\n\t<meta name=\"twitter:data1\" content=\"Agazeta.Net\" \/>\n\t<meta name=\"twitter:label2\" content=\"Est. tempo de leitura\" \/>\n\t<meta name=\"twitter:data2\" content=\"1 minuto\" \/>\n<script type=\"application\/ld+json\" class=\"yoast-schema-graph\">{\"@context\":\"https:\/\/schema.org\",\"@graph\":[{\"@type\":\"WebPage\",\"@id\":\"https:\/\/nk7-testes.com.br\/agazeta\/passeata-pela-paz-mobiliza-centenas-de-pessoas\/\",\"url\":\"https:\/\/nk7-testes.com.br\/agazeta\/passeata-pela-paz-mobiliza-centenas-de-pessoas\/\",\"name\":\"Passeata pela Paz mobiliza centenas de pessoas - Agazeta.net\",\"isPartOf\":{\"@id\":\"https:\/\/nk7-testes.com.br\/agazeta\/#website\"},\"primaryImageOfPage\":{\"@id\":\"https:\/\/nk7-testes.com.br\/agazeta\/passeata-pela-paz-mobiliza-centenas-de-pessoas\/#primaryimage\"},\"image\":{\"@id\":\"https:\/\/nk7-testes.com.br\/agazeta\/passeata-pela-paz-mobiliza-centenas-de-pessoas\/#primaryimage\"},\"thumbnailUrl\":\"https:\/\/nk7-testes.com.br\/agazeta\/wp-content\/uploads\/2016\/06\/130616-cotidiano-protestoseguranca-cedida.jpg\",\"datePublished\":\"2016-06-13T15:50:49+00:00\",\"author\":{\"@id\":\"https:\/\/nk7-testes.com.br\/agazeta\/#\/schema\/person\/6d6e25cb0435eb4a02fd44d30b4e3020\"},\"breadcrumb\":{\"@id\":\"https:\/\/nk7-testes.com.br\/agazeta\/passeata-pela-paz-mobiliza-centenas-de-pessoas\/#breadcrumb\"},\"inLanguage\":\"pt-BR\",\"potentialAction\":[{\"@type\":\"ReadAction\",\"target\":[\"https:\/\/nk7-testes.com.br\/agazeta\/passeata-pela-paz-mobiliza-centenas-de-pessoas\/\"]}]},{\"@type\":\"ImageObject\",\"inLanguage\":\"pt-BR\",\"@id\":\"https:\/\/nk7-testes.com.br\/agazeta\/passeata-pela-paz-mobiliza-centenas-de-pessoas\/#primaryimage\",\"url\":\"https:\/\/nk7-testes.com.br\/agazeta\/wp-content\/uploads\/2016\/06\/130616-cotidiano-protestoseguranca-cedida.jpg\",\"contentUrl\":\"https:\/\/nk7-testes.com.br\/agazeta\/wp-content\/uploads\/2016\/06\/130616-cotidiano-protestoseguranca-cedida.jpg\",\"width\":458,\"height\":340,\"caption\":\"130616-cotidiano-protestoseguranca-cedida\"},{\"@type\":\"BreadcrumbList\",\"@id\":\"https:\/\/nk7-testes.com.br\/agazeta\/passeata-pela-paz-mobiliza-centenas-de-pessoas\/#breadcrumb\",\"itemListElement\":[{\"@type\":\"ListItem\",\"position\":1,\"name\":\"In\u00edcio\",\"item\":\"https:\/\/nk7-testes.com.br\/agazeta\/\"},{\"@type\":\"ListItem\",\"position\":2,\"name\":\"Passeata pela Paz mobiliza centenas de pessoas\"}]},{\"@type\":\"WebSite\",\"@id\":\"https:\/\/nk7-testes.com.br\/agazeta\/#website\",\"url\":\"https:\/\/nk7-testes.com.br\/agazeta\/\",\"name\":\"Agazeta.net\",\"description\":\"Agazeta.net - Not\u00edcias de Rio Branco\/AC\",\"potentialAction\":[{\"@type\":\"SearchAction\",\"target\":{\"@type\":\"EntryPoint\",\"urlTemplate\":\"https:\/\/nk7-testes.com.br\/agazeta\/?s={search_term_string}\"},\"query-input\":{\"@type\":\"PropertyValueSpecification\",\"valueRequired\":true,\"valueName\":\"search_term_string\"}}],\"inLanguage\":\"pt-BR\"},{\"@type\":\"Person\",\"@id\":\"https:\/\/nk7-testes.com.br\/agazeta\/#\/schema\/person\/6d6e25cb0435eb4a02fd44d30b4e3020\",\"name\":\"Agazeta.Net\",\"url\":\"https:\/\/nk7-testes.com.br\/agazeta\/author\/agazeta\/\"}]}<\/script>\n<!-- \/ Yoast SEO plugin. -->","yoast_head_json":{"title":"Passeata pela Paz mobiliza centenas de pessoas - Agazeta.net","robots":{"index":"index","follow":"follow","max-snippet":"max-snippet:-1","max-image-preview":"max-image-preview:large","max-video-preview":"max-video-preview:-1"},"canonical":"https:\/\/nk7-testes.com.br\/agazeta\/passeata-pela-paz-mobiliza-centenas-de-pessoas\/","og_locale":"pt_BR","og_type":"article","og_title":"Passeata pela Paz mobiliza centenas de pessoas - Agazeta.net","og_description":"Organiza\u00e7\u00f5es exigem mais investimento em Seguran\u00e7a","og_url":"https:\/\/nk7-testes.com.br\/agazeta\/passeata-pela-paz-mobiliza-centenas-de-pessoas\/","og_site_name":"Agazeta.net","article_published_time":"2016-06-13T15:50:49+00:00","og_image":[{"width":458,"height":340,"url":"https:\/\/nk7-testes.com.br\/agazeta\/wp-content\/uploads\/2016\/06\/130616-cotidiano-protestoseguranca-cedida.jpg","type":"image\/jpeg"}],"author":"Agazeta.Net","twitter_card":"summary_large_image","twitter_misc":{"Escrito por":"Agazeta.Net","Est. tempo de leitura":"1 minuto"},"schema":{"@context":"https:\/\/schema.org","@graph":[{"@type":"WebPage","@id":"https:\/\/nk7-testes.com.br\/agazeta\/passeata-pela-paz-mobiliza-centenas-de-pessoas\/","url":"https:\/\/nk7-testes.com.br\/agazeta\/passeata-pela-paz-mobiliza-centenas-de-pessoas\/","name":"Passeata pela Paz mobiliza centenas de pessoas - Agazeta.net","isPartOf":{"@id":"https:\/\/nk7-testes.com.br\/agazeta\/#website"},"primaryImageOfPage":{"@id":"https:\/\/nk7-testes.com.br\/agazeta\/passeata-pela-paz-mobiliza-centenas-de-pessoas\/#primaryimage"},"image":{"@id":"https:\/\/nk7-testes.com.br\/agazeta\/passeata-pela-paz-mobiliza-centenas-de-pessoas\/#primaryimage"},"thumbnailUrl":"https:\/\/nk7-testes.com.br\/agazeta\/wp-content\/uploads\/2016\/06\/130616-cotidiano-protestoseguranca-cedida.jpg","datePublished":"2016-06-13T15:50:49+00:00","author":{"@id":"https:\/\/nk7-testes.com.br\/agazeta\/#\/schema\/person\/6d6e25cb0435eb4a02fd44d30b4e3020"},"breadcrumb":{"@id":"https:\/\/nk7-testes.com.br\/agazeta\/passeata-pela-paz-mobiliza-centenas-de-pessoas\/#breadcrumb"},"inLanguage":"pt-BR","potentialAction":[{"@type":"ReadAction","target":["https:\/\/nk7-testes.com.br\/agazeta\/passeata-pela-paz-mobiliza-centenas-de-pessoas\/"]}]},{"@type":"ImageObject","inLanguage":"pt-BR","@id":"https:\/\/nk7-testes.com.br\/agazeta\/passeata-pela-paz-mobiliza-centenas-de-pessoas\/#primaryimage","url":"https:\/\/nk7-testes.com.br\/agazeta\/wp-content\/uploads\/2016\/06\/130616-cotidiano-protestoseguranca-cedida.jpg","contentUrl":"https:\/\/nk7-testes.com.br\/agazeta\/wp-content\/uploads\/2016\/06\/130616-cotidiano-protestoseguranca-cedida.jpg","width":458,"height":340,"caption":"130616-cotidiano-protestoseguranca-cedida"},{"@type":"BreadcrumbList","@id":"https:\/\/nk7-testes.com.br\/agazeta\/passeata-pela-paz-mobiliza-centenas-de-pessoas\/#breadcrumb","itemListElement":[{"@type":"ListItem","position":1,"name":"In\u00edcio","item":"https:\/\/nk7-testes.com.br\/agazeta\/"},{"@type":"ListItem","position":2,"name":"Passeata pela Paz mobiliza centenas de pessoas"}]},{"@type":"WebSite","@id":"https:\/\/nk7-testes.com.br\/agazeta\/#website","url":"https:\/\/nk7-testes.com.br\/agazeta\/","name":"Agazeta.net","description":"Agazeta.net - Not\u00edcias de Rio Branco\/AC","potentialAction":[{"@type":"SearchAction","target":{"@type":"EntryPoint","urlTemplate":"https:\/\/nk7-testes.com.br\/agazeta\/?s={search_term_string}"},"query-input":{"@type":"PropertyValueSpecification","valueRequired":true,"valueName":"search_term_string"}}],"inLanguage":"pt-BR"},{"@type":"Person","@id":"https:\/\/nk7-testes.com.br\/agazeta\/#\/schema\/person\/6d6e25cb0435eb4a02fd44d30b4e3020","name":"Agazeta.Net","url":"https:\/\/nk7-testes.com.br\/agazeta\/author\/agazeta\/"}]}},"_links":{"self":[{"href":"https:\/\/nk7-testes.com.br\/agazeta\/wp-json\/wp\/v2\/posts\/23235","targetHints":{"allow":["GET"]}}],"collection":[{"href":"https:\/\/nk7-testes.com.br\/agazeta\/wp-json\/wp\/v2\/posts"}],"about":[{"href":"https:\/\/nk7-testes.com.br\/agazeta\/wp-json\/wp\/v2\/types\/post"}],"author":[{"embeddable":true,"href":"https:\/\/nk7-testes.com.br\/agazeta\/wp-json\/wp\/v2\/users\/4"}],"replies":[{"embeddable":true,"href":"https:\/\/nk7-testes.com.br\/agazeta\/wp-json\/wp\/v2\/comments?post=23235"}],"version-history":[{"count":0,"href":"https:\/\/nk7-testes.com.br\/agazeta\/wp-json\/wp\/v2\/posts\/23235\/revisions"}],"wp:featuredmedia":[{"embeddable":true,"href":"https:\/\/nk7-testes.com.br\/agazeta\/wp-json\/wp\/v2\/media\/23234"}],"wp:attachment":[{"href":"https:\/\/nk7-testes.com.br\/agazeta\/wp-json\/wp\/v2\/media?parent=23235"}],"wp:term":[{"taxonomy":"category","embeddable":true,"href":"https:\/\/nk7-testes.com.br\/agazeta\/wp-json\/wp\/v2\/categories?post=23235"},{"taxonomy":"post_tag","embeddable":true,"href":"https:\/\/nk7-testes.com.br\/agazeta\/wp-json\/wp\/v2\/tags?post=23235"}],"curies":[{"name":"wp","href":"https:\/\/api.w.org\/{rel}","templated":true}]}}