{"id":23229,"date":"2016-06-13T02:34:29","date_gmt":"2016-06-13T02:34:29","guid":{"rendered":"https:\/\/abarevegan.com.br\/index.php\/2016\/06\/13\/governo-e-exercito-discutem-parceria-contra-analfabetismo\/"},"modified":"2016-06-13T02:34:29","modified_gmt":"2016-06-13T02:34:29","slug":"governo-e-exercito-discutem-parceria-contra-analfabetismo","status":"publish","type":"post","link":"https:\/\/nk7-testes.com.br\/agazeta\/governo-e-exercito-discutem-parceria-contra-analfabetismo\/","title":{"rendered":"Governo e Ex\u00e9rcito discutem parceria contra analfabetismo"},"content":{"rendered":"<p style=\"text-align: justify;\">Programa Quero Ler em \u00e1reas isoladas do Acre<\/p>\n<p style=\"text-align: justify;\">O governador Ti\u00e3o Viana se reuniu na Casa Civil, neste s\u00e1bado, 11, com os comandantes do 4\u00ba Batalh\u00e3o de Infantaria de Selva (4\u00ba BIS), tenente-coronel Medeiros J\u00fanior, e do 7\u00ba Batalh\u00e3o de Engenharia e Constru\u00e7\u00e3o (7\u00ba BIS), tenente-coronel, Lu\u00eds Henrique. O encontro foi para discutir uma parceria com o Ex\u00e9rcito Brasileiro, para promo\u00e7\u00e3o do programa de erradica\u00e7\u00e3o do analfabetismo no Acre, o \u201cQuero Ler\u201d.<\/p>\n<p style=\"text-align: justify;\">O secret\u00e1rio de Estado de Educa\u00e7\u00e3o, Marco Brand\u00e3o, e o secret\u00e1rio adjunto e coordenador do programa, Mois\u00e9s Diniz, acompanharam a agenda. Uma vez que a parceria for firmada, os militares ser\u00e3o treinados para que, no per\u00edodo de folga, possam assumir turmas nos munic\u00edpios ou comunidades rurais.<\/p>\n<p style=\"text-align: justify;\">\u201cO Ex\u00e9rcito est\u00e1 presente em v\u00e1rios munic\u00edpios do Acre, sobretudo, nas \u00e1reas mais distantes como Marechal Thaumaturgo e Santa Rosa do Purus, assim o governador Ti\u00e3o Viana fez o convite, o qual eles est\u00e3o avaliando para firmar a parceria\u201d, contou Mois\u00e9s Diniz.<\/p>\n<p style=\"text-align: justify;\">O coronel Medeiros disse que no momento aguardam a autoriza\u00e7\u00e3o do comando para efetivar a parceria que ajudar\u00e1 o Exercito a cumprir uma miss\u00e3o constitucional: contribuir com o desenvolvimento regional do estado e do Brasil. \u201cConsidero a a\u00e7\u00e3o muito positiva, onde pretendemos envolver os Pelot\u00f5es Oficiais de Fronteira nos munic\u00edpios de dif\u00edcil acesso. \u00c9 algo que pode envolver n\u00e3o s\u00f3 os militares, mas seus familiares tamb\u00e9m\u201d, conta o comandante.<\/p>\n<p style=\"text-align: justify;\">O tenente-coronel Lu\u00eds Henrique, disse que a iniciativa do governo do Estado \u00e9 importante, n\u00e3o s\u00f3 para as gera\u00e7\u00f5es atuais, mas para as futuras. \u201c\u00c9 o investimento em educa\u00e7\u00e3o onde o 7\u00ba BEC est\u00e1 disposto a avan\u00e7ar nas tratativas para aderir e apoiar o programa, a fim de garantir conhecimento a essas pessoas que tanto necessitam\u201d, disse o comandante.<\/p>\n<p style=\"text-align: justify;\">Marco Brand\u00e3o destacou que o Ex\u00e9rcito possui uma capilaridade no estado e atinge diversos munic\u00edpios, al\u00e9m de possuir um contingente de pessoas que s\u00e3o qualificadas para atuar no programa. \u201cEnt\u00e3o nesse primeiro momento fizemos uma conversa para discutir a possibilidade de ades\u00e3o dos comandos. Havendo a ades\u00e3o vamos articular o trabalho junto aos militares\u201d, contou Brand\u00e3o.<\/p>\n<p style=\"text-align: justify;\"><strong>O programa<\/strong><\/p>\n<p style=\"text-align: justify;\">O Quero Ler \u00e9 o programa do governo do Estado, apoiado pelo governo federal, que tem o objetivo de erradicar o analfabetismo no Acre at\u00e9 2018 em pessoas maiores de 15 anos. At\u00e9 o in\u00edcio de 2015, 13,5% da popula\u00e7\u00e3o do Estado n\u00e3o sabia ler e escrever.<\/p>\n<p style=\"text-align: justify;\">O programa visa alfabetizar 20 mil acreanos, garantindo a eles o direito de ler e escrever, para, posteriormente, encaminh\u00e1-los a outros programas de \u00e2mbito estadual e federal voltados para a educa\u00e7\u00e3o e forma\u00e7\u00e3o Educacional de Jovens e Adultos (EJA) e Programa Nacional de Acesso ao Ensino T\u00e9cnico e Emprego (Pronatec).<\/p>\n","protected":false},"excerpt":{"rendered":"<p style=\"text-align: justify;\">Programa Quero Ler em \u00e1reas isoladas do Acre<\/p>\n","protected":false},"author":4,"featured_media":23228,"comment_status":"open","ping_status":"open","sticky":false,"template":"","format":"standard","meta":{"jnews-multi-image_gallery":[],"jnews_single_post":[],"jnews_primary_category":[],"jnews_social_meta":[],"jnews_review":[],"enable_review":"","type":"","name":"","summary":"","brand":"","sku":"","good":[],"bad":[],"score_override":"","override_value":"","rating":[],"price":[],"footnotes":""},"categories":[54],"tags":[],"class_list":["post-23229","post","type-post","status-publish","format-standard","has-post-thumbnail","hentry","category-cotidiano"],"yoast_head":"<!-- This site is optimized with the Yoast SEO plugin v26.5 - https:\/\/yoast.com\/wordpress\/plugins\/seo\/ -->\n<title>Governo e Ex\u00e9rcito discutem parceria contra analfabetismo - Agazeta.net<\/title>\n<meta name=\"robots\" content=\"index, follow, max-snippet:-1, max-image-preview:large, max-video-preview:-1\" \/>\n<link rel=\"canonical\" href=\"https:\/\/nk7-testes.com.br\/agazeta\/governo-e-exercito-discutem-parceria-contra-analfabetismo\/\" \/>\n<meta property=\"og:locale\" content=\"pt_BR\" \/>\n<meta property=\"og:type\" content=\"article\" \/>\n<meta property=\"og:title\" content=\"Governo e Ex\u00e9rcito discutem parceria contra analfabetismo - Agazeta.net\" \/>\n<meta property=\"og:description\" content=\"Programa Quero Ler em \u00e1reas isoladas do Acre\" \/>\n<meta property=\"og:url\" content=\"https:\/\/nk7-testes.com.br\/agazeta\/governo-e-exercito-discutem-parceria-contra-analfabetismo\/\" \/>\n<meta property=\"og:site_name\" content=\"Agazeta.net\" \/>\n<meta property=\"article:published_time\" content=\"2016-06-13T02:34:29+00:00\" \/>\n<meta property=\"og:image\" content=\"https:\/\/nk7-testes.com.br\/agazeta\/wp-content\/uploads\/2016\/06\/120616-cotidiano-queroler-gleilsonmirandaagenciadenoticias.jpg\" \/>\n\t<meta property=\"og:image:width\" content=\"458\" \/>\n\t<meta property=\"og:image:height\" content=\"340\" \/>\n\t<meta property=\"og:image:type\" content=\"image\/jpeg\" \/>\n<meta name=\"author\" content=\"Agazeta.Net\" \/>\n<meta name=\"twitter:card\" content=\"summary_large_image\" \/>\n<meta name=\"twitter:label1\" content=\"Escrito por\" \/>\n\t<meta name=\"twitter:data1\" content=\"Agazeta.Net\" \/>\n\t<meta name=\"twitter:label2\" content=\"Est. tempo de leitura\" \/>\n\t<meta name=\"twitter:data2\" content=\"2 minutos\" \/>\n<script type=\"application\/ld+json\" class=\"yoast-schema-graph\">{\"@context\":\"https:\/\/schema.org\",\"@graph\":[{\"@type\":\"WebPage\",\"@id\":\"https:\/\/nk7-testes.com.br\/agazeta\/governo-e-exercito-discutem-parceria-contra-analfabetismo\/\",\"url\":\"https:\/\/nk7-testes.com.br\/agazeta\/governo-e-exercito-discutem-parceria-contra-analfabetismo\/\",\"name\":\"Governo e Ex\u00e9rcito discutem parceria contra analfabetismo - Agazeta.net\",\"isPartOf\":{\"@id\":\"https:\/\/nk7-testes.com.br\/agazeta\/#website\"},\"primaryImageOfPage\":{\"@id\":\"https:\/\/nk7-testes.com.br\/agazeta\/governo-e-exercito-discutem-parceria-contra-analfabetismo\/#primaryimage\"},\"image\":{\"@id\":\"https:\/\/nk7-testes.com.br\/agazeta\/governo-e-exercito-discutem-parceria-contra-analfabetismo\/#primaryimage\"},\"thumbnailUrl\":\"https:\/\/nk7-testes.com.br\/agazeta\/wp-content\/uploads\/2016\/06\/120616-cotidiano-queroler-gleilsonmirandaagenciadenoticias.jpg\",\"datePublished\":\"2016-06-13T02:34:29+00:00\",\"author\":{\"@id\":\"https:\/\/nk7-testes.com.br\/agazeta\/#\/schema\/person\/6d6e25cb0435eb4a02fd44d30b4e3020\"},\"breadcrumb\":{\"@id\":\"https:\/\/nk7-testes.com.br\/agazeta\/governo-e-exercito-discutem-parceria-contra-analfabetismo\/#breadcrumb\"},\"inLanguage\":\"pt-BR\",\"potentialAction\":[{\"@type\":\"ReadAction\",\"target\":[\"https:\/\/nk7-testes.com.br\/agazeta\/governo-e-exercito-discutem-parceria-contra-analfabetismo\/\"]}]},{\"@type\":\"ImageObject\",\"inLanguage\":\"pt-BR\",\"@id\":\"https:\/\/nk7-testes.com.br\/agazeta\/governo-e-exercito-discutem-parceria-contra-analfabetismo\/#primaryimage\",\"url\":\"https:\/\/nk7-testes.com.br\/agazeta\/wp-content\/uploads\/2016\/06\/120616-cotidiano-queroler-gleilsonmirandaagenciadenoticias.jpg\",\"contentUrl\":\"https:\/\/nk7-testes.com.br\/agazeta\/wp-content\/uploads\/2016\/06\/120616-cotidiano-queroler-gleilsonmirandaagenciadenoticias.jpg\",\"width\":458,\"height\":340,\"caption\":\"120616-cotidiano-queroler-gleilsonmirandaagenciadenoticias\"},{\"@type\":\"BreadcrumbList\",\"@id\":\"https:\/\/nk7-testes.com.br\/agazeta\/governo-e-exercito-discutem-parceria-contra-analfabetismo\/#breadcrumb\",\"itemListElement\":[{\"@type\":\"ListItem\",\"position\":1,\"name\":\"In\u00edcio\",\"item\":\"https:\/\/nk7-testes.com.br\/agazeta\/\"},{\"@type\":\"ListItem\",\"position\":2,\"name\":\"Governo e Ex\u00e9rcito discutem parceria contra analfabetismo\"}]},{\"@type\":\"WebSite\",\"@id\":\"https:\/\/nk7-testes.com.br\/agazeta\/#website\",\"url\":\"https:\/\/nk7-testes.com.br\/agazeta\/\",\"name\":\"Agazeta.net\",\"description\":\"Agazeta.net - Not\u00edcias de Rio Branco\/AC\",\"potentialAction\":[{\"@type\":\"SearchAction\",\"target\":{\"@type\":\"EntryPoint\",\"urlTemplate\":\"https:\/\/nk7-testes.com.br\/agazeta\/?s={search_term_string}\"},\"query-input\":{\"@type\":\"PropertyValueSpecification\",\"valueRequired\":true,\"valueName\":\"search_term_string\"}}],\"inLanguage\":\"pt-BR\"},{\"@type\":\"Person\",\"@id\":\"https:\/\/nk7-testes.com.br\/agazeta\/#\/schema\/person\/6d6e25cb0435eb4a02fd44d30b4e3020\",\"name\":\"Agazeta.Net\",\"url\":\"https:\/\/nk7-testes.com.br\/agazeta\/author\/agazeta\/\"}]}<\/script>\n<!-- \/ Yoast SEO plugin. -->","yoast_head_json":{"title":"Governo e Ex\u00e9rcito discutem parceria contra analfabetismo - Agazeta.net","robots":{"index":"index","follow":"follow","max-snippet":"max-snippet:-1","max-image-preview":"max-image-preview:large","max-video-preview":"max-video-preview:-1"},"canonical":"https:\/\/nk7-testes.com.br\/agazeta\/governo-e-exercito-discutem-parceria-contra-analfabetismo\/","og_locale":"pt_BR","og_type":"article","og_title":"Governo e Ex\u00e9rcito discutem parceria contra analfabetismo - Agazeta.net","og_description":"Programa Quero Ler em \u00e1reas isoladas do Acre","og_url":"https:\/\/nk7-testes.com.br\/agazeta\/governo-e-exercito-discutem-parceria-contra-analfabetismo\/","og_site_name":"Agazeta.net","article_published_time":"2016-06-13T02:34:29+00:00","og_image":[{"width":458,"height":340,"url":"https:\/\/nk7-testes.com.br\/agazeta\/wp-content\/uploads\/2016\/06\/120616-cotidiano-queroler-gleilsonmirandaagenciadenoticias.jpg","type":"image\/jpeg"}],"author":"Agazeta.Net","twitter_card":"summary_large_image","twitter_misc":{"Escrito por":"Agazeta.Net","Est. tempo de leitura":"2 minutos"},"schema":{"@context":"https:\/\/schema.org","@graph":[{"@type":"WebPage","@id":"https:\/\/nk7-testes.com.br\/agazeta\/governo-e-exercito-discutem-parceria-contra-analfabetismo\/","url":"https:\/\/nk7-testes.com.br\/agazeta\/governo-e-exercito-discutem-parceria-contra-analfabetismo\/","name":"Governo e Ex\u00e9rcito discutem parceria contra analfabetismo - Agazeta.net","isPartOf":{"@id":"https:\/\/nk7-testes.com.br\/agazeta\/#website"},"primaryImageOfPage":{"@id":"https:\/\/nk7-testes.com.br\/agazeta\/governo-e-exercito-discutem-parceria-contra-analfabetismo\/#primaryimage"},"image":{"@id":"https:\/\/nk7-testes.com.br\/agazeta\/governo-e-exercito-discutem-parceria-contra-analfabetismo\/#primaryimage"},"thumbnailUrl":"https:\/\/nk7-testes.com.br\/agazeta\/wp-content\/uploads\/2016\/06\/120616-cotidiano-queroler-gleilsonmirandaagenciadenoticias.jpg","datePublished":"2016-06-13T02:34:29+00:00","author":{"@id":"https:\/\/nk7-testes.com.br\/agazeta\/#\/schema\/person\/6d6e25cb0435eb4a02fd44d30b4e3020"},"breadcrumb":{"@id":"https:\/\/nk7-testes.com.br\/agazeta\/governo-e-exercito-discutem-parceria-contra-analfabetismo\/#breadcrumb"},"inLanguage":"pt-BR","potentialAction":[{"@type":"ReadAction","target":["https:\/\/nk7-testes.com.br\/agazeta\/governo-e-exercito-discutem-parceria-contra-analfabetismo\/"]}]},{"@type":"ImageObject","inLanguage":"pt-BR","@id":"https:\/\/nk7-testes.com.br\/agazeta\/governo-e-exercito-discutem-parceria-contra-analfabetismo\/#primaryimage","url":"https:\/\/nk7-testes.com.br\/agazeta\/wp-content\/uploads\/2016\/06\/120616-cotidiano-queroler-gleilsonmirandaagenciadenoticias.jpg","contentUrl":"https:\/\/nk7-testes.com.br\/agazeta\/wp-content\/uploads\/2016\/06\/120616-cotidiano-queroler-gleilsonmirandaagenciadenoticias.jpg","width":458,"height":340,"caption":"120616-cotidiano-queroler-gleilsonmirandaagenciadenoticias"},{"@type":"BreadcrumbList","@id":"https:\/\/nk7-testes.com.br\/agazeta\/governo-e-exercito-discutem-parceria-contra-analfabetismo\/#breadcrumb","itemListElement":[{"@type":"ListItem","position":1,"name":"In\u00edcio","item":"https:\/\/nk7-testes.com.br\/agazeta\/"},{"@type":"ListItem","position":2,"name":"Governo e Ex\u00e9rcito discutem parceria contra analfabetismo"}]},{"@type":"WebSite","@id":"https:\/\/nk7-testes.com.br\/agazeta\/#website","url":"https:\/\/nk7-testes.com.br\/agazeta\/","name":"Agazeta.net","description":"Agazeta.net - Not\u00edcias de Rio Branco\/AC","potentialAction":[{"@type":"SearchAction","target":{"@type":"EntryPoint","urlTemplate":"https:\/\/nk7-testes.com.br\/agazeta\/?s={search_term_string}"},"query-input":{"@type":"PropertyValueSpecification","valueRequired":true,"valueName":"search_term_string"}}],"inLanguage":"pt-BR"},{"@type":"Person","@id":"https:\/\/nk7-testes.com.br\/agazeta\/#\/schema\/person\/6d6e25cb0435eb4a02fd44d30b4e3020","name":"Agazeta.Net","url":"https:\/\/nk7-testes.com.br\/agazeta\/author\/agazeta\/"}]}},"_links":{"self":[{"href":"https:\/\/nk7-testes.com.br\/agazeta\/wp-json\/wp\/v2\/posts\/23229","targetHints":{"allow":["GET"]}}],"collection":[{"href":"https:\/\/nk7-testes.com.br\/agazeta\/wp-json\/wp\/v2\/posts"}],"about":[{"href":"https:\/\/nk7-testes.com.br\/agazeta\/wp-json\/wp\/v2\/types\/post"}],"author":[{"embeddable":true,"href":"https:\/\/nk7-testes.com.br\/agazeta\/wp-json\/wp\/v2\/users\/4"}],"replies":[{"embeddable":true,"href":"https:\/\/nk7-testes.com.br\/agazeta\/wp-json\/wp\/v2\/comments?post=23229"}],"version-history":[{"count":0,"href":"https:\/\/nk7-testes.com.br\/agazeta\/wp-json\/wp\/v2\/posts\/23229\/revisions"}],"wp:featuredmedia":[{"embeddable":true,"href":"https:\/\/nk7-testes.com.br\/agazeta\/wp-json\/wp\/v2\/media\/23228"}],"wp:attachment":[{"href":"https:\/\/nk7-testes.com.br\/agazeta\/wp-json\/wp\/v2\/media?parent=23229"}],"wp:term":[{"taxonomy":"category","embeddable":true,"href":"https:\/\/nk7-testes.com.br\/agazeta\/wp-json\/wp\/v2\/categories?post=23229"},{"taxonomy":"post_tag","embeddable":true,"href":"https:\/\/nk7-testes.com.br\/agazeta\/wp-json\/wp\/v2\/tags?post=23229"}],"curies":[{"name":"wp","href":"https:\/\/api.w.org\/{rel}","templated":true}]}}