{"id":23221,"date":"2016-06-13T00:58:56","date_gmt":"2016-06-13T00:58:56","guid":{"rendered":"https:\/\/abarevegan.com.br\/index.php\/2016\/06\/13\/jovem-denuncia-abuso-de-autoridade-de-policiais\/"},"modified":"2016-06-13T00:58:56","modified_gmt":"2016-06-13T00:58:56","slug":"jovem-denuncia-abuso-de-autoridade-de-policiais","status":"publish","type":"post","link":"https:\/\/nk7-testes.com.br\/agazeta\/jovem-denuncia-abuso-de-autoridade-de-policiais\/","title":{"rendered":"Jovem denuncia abuso de autoridade de policiais"},"content":{"rendered":"<p style=\"text-align: justify;\">Caso ser\u00e1 levado \u00e0 Corregedoria da PM<\/p>\n<p style=\"text-align: justify;\">Na manh\u00e3 desta segunda-feira (13), a fam\u00edlia de Thiago Costa do Nascimento, 17, vai acionar a Corregedoria da Pol\u00edcia Militar denunciando um suposto caso de viol\u00eancia policial e abuso de autoridade.<\/p>\n<p style=\"text-align: justify;\">O adolescente participava de uma festa com amigos no bairro Aeroporto Velho, periferia de Rio Branco, quando chegou uma viatura da Pol\u00edcia Militar. Os agentes de seguran\u00e7a entraram na casa e exigiram que o volume do som fosse diminu\u00eddo.<\/p>\n<p style=\"text-align: justify;\">Ainda n\u00e3o se sabe o motivo, mas, ainda dentro da casa, um dos jovens (amigo de Thiago) foi agredido pelos PM\u2019s. Thiago foi orientado pelos agentes a sair. Perto da viatura policial levou os primeiros socos e algemado. Foi o \u00fanico a ser levado do grupo. Ele informou \u00e0 fam\u00edlia que foi levado para um ramal e agredido. A noite fria de s\u00e1bado piorava a dor.<\/p>\n<p style=\"text-align: justify;\">Thiago do Nascimento n\u00e3o tem passagem pelo Centro Socioeducativo e nem hist\u00f3rico de apreens\u00f5es. \u201cMeu filho \u00e9 um jovem normal, que n\u00e3o consome \u2018essas coisas a\u00ed\u2019 e nunca esteve envolvido com pol\u00edcia\u201d, indigna-se a m\u00e3e do jovem, Olinda Gon\u00e7alves da Costa.<\/p>\n<p style=\"text-align: justify;\">A assessoria da Pol\u00edcia Militar foi acionada. A pr\u00f3pria assessoria tentou contato com o comando da 4\u00aa regional (respons\u00e1vel pelo policiamento da regi\u00e3o) e n\u00e3o conseguiu detalhes do epis\u00f3dio. \u201cA pol\u00edcia s\u00f3 vai se manifestar ap\u00f3s a apresenta\u00e7\u00e3o da den\u00fancia\u201d, disse, por telefone, a assessoria da pol\u00edcia.<\/p>\n","protected":false},"excerpt":{"rendered":"<p style=\"text-align: justify;\">Caso ser\u00e1 levado \u00e0 Corregedoria da PM<\/p>\n","protected":false},"author":4,"featured_media":23220,"comment_status":"open","ping_status":"open","sticky":false,"template":"","format":"standard","meta":{"jnews-multi-image_gallery":[],"jnews_single_post":[],"jnews_primary_category":[],"jnews_social_meta":[],"jnews_review":[],"enable_review":"","type":"","name":"","summary":"","brand":"","sku":"","good":[],"bad":[],"score_override":"","override_value":"","rating":[],"price":[],"footnotes":""},"categories":[44],"tags":[],"class_list":["post-23221","post","type-post","status-publish","format-standard","has-post-thumbnail","hentry","category-policia"],"yoast_head":"<!-- This site is optimized with the Yoast SEO plugin v26.5 - https:\/\/yoast.com\/wordpress\/plugins\/seo\/ -->\n<title>Jovem denuncia abuso de autoridade de policiais - Agazeta.net<\/title>\n<meta name=\"robots\" content=\"index, follow, max-snippet:-1, max-image-preview:large, max-video-preview:-1\" \/>\n<link rel=\"canonical\" href=\"https:\/\/nk7-testes.com.br\/agazeta\/jovem-denuncia-abuso-de-autoridade-de-policiais\/\" \/>\n<meta property=\"og:locale\" content=\"pt_BR\" \/>\n<meta property=\"og:type\" content=\"article\" \/>\n<meta property=\"og:title\" content=\"Jovem denuncia abuso de autoridade de policiais - Agazeta.net\" \/>\n<meta property=\"og:description\" content=\"Caso ser\u00e1 levado \u00e0 Corregedoria da PM\" \/>\n<meta property=\"og:url\" content=\"https:\/\/nk7-testes.com.br\/agazeta\/jovem-denuncia-abuso-de-autoridade-de-policiais\/\" \/>\n<meta property=\"og:site_name\" content=\"Agazeta.net\" \/>\n<meta property=\"article:published_time\" content=\"2016-06-13T00:58:56+00:00\" \/>\n<meta property=\"og:image\" content=\"https:\/\/nk7-testes.com.br\/agazeta\/wp-content\/uploads\/2016\/06\/120616-policia-agressaopolicial-cedida.jpg\" \/>\n\t<meta property=\"og:image:width\" content=\"458\" \/>\n\t<meta property=\"og:image:height\" content=\"340\" \/>\n\t<meta property=\"og:image:type\" content=\"image\/jpeg\" \/>\n<meta name=\"author\" content=\"Agazeta.Net\" \/>\n<meta name=\"twitter:card\" content=\"summary_large_image\" \/>\n<meta name=\"twitter:label1\" content=\"Escrito por\" \/>\n\t<meta name=\"twitter:data1\" content=\"Agazeta.Net\" \/>\n\t<meta name=\"twitter:label2\" content=\"Est. tempo de leitura\" \/>\n\t<meta name=\"twitter:data2\" content=\"1 minuto\" \/>\n<script type=\"application\/ld+json\" class=\"yoast-schema-graph\">{\"@context\":\"https:\/\/schema.org\",\"@graph\":[{\"@type\":\"WebPage\",\"@id\":\"https:\/\/nk7-testes.com.br\/agazeta\/jovem-denuncia-abuso-de-autoridade-de-policiais\/\",\"url\":\"https:\/\/nk7-testes.com.br\/agazeta\/jovem-denuncia-abuso-de-autoridade-de-policiais\/\",\"name\":\"Jovem denuncia abuso de autoridade de policiais - Agazeta.net\",\"isPartOf\":{\"@id\":\"https:\/\/nk7-testes.com.br\/agazeta\/#website\"},\"primaryImageOfPage\":{\"@id\":\"https:\/\/nk7-testes.com.br\/agazeta\/jovem-denuncia-abuso-de-autoridade-de-policiais\/#primaryimage\"},\"image\":{\"@id\":\"https:\/\/nk7-testes.com.br\/agazeta\/jovem-denuncia-abuso-de-autoridade-de-policiais\/#primaryimage\"},\"thumbnailUrl\":\"https:\/\/nk7-testes.com.br\/agazeta\/wp-content\/uploads\/2016\/06\/120616-policia-agressaopolicial-cedida.jpg\",\"datePublished\":\"2016-06-13T00:58:56+00:00\",\"author\":{\"@id\":\"https:\/\/nk7-testes.com.br\/agazeta\/#\/schema\/person\/6d6e25cb0435eb4a02fd44d30b4e3020\"},\"breadcrumb\":{\"@id\":\"https:\/\/nk7-testes.com.br\/agazeta\/jovem-denuncia-abuso-de-autoridade-de-policiais\/#breadcrumb\"},\"inLanguage\":\"pt-BR\",\"potentialAction\":[{\"@type\":\"ReadAction\",\"target\":[\"https:\/\/nk7-testes.com.br\/agazeta\/jovem-denuncia-abuso-de-autoridade-de-policiais\/\"]}]},{\"@type\":\"ImageObject\",\"inLanguage\":\"pt-BR\",\"@id\":\"https:\/\/nk7-testes.com.br\/agazeta\/jovem-denuncia-abuso-de-autoridade-de-policiais\/#primaryimage\",\"url\":\"https:\/\/nk7-testes.com.br\/agazeta\/wp-content\/uploads\/2016\/06\/120616-policia-agressaopolicial-cedida.jpg\",\"contentUrl\":\"https:\/\/nk7-testes.com.br\/agazeta\/wp-content\/uploads\/2016\/06\/120616-policia-agressaopolicial-cedida.jpg\",\"width\":458,\"height\":340,\"caption\":\"120616-policia-agressaopolicial-cedida\"},{\"@type\":\"BreadcrumbList\",\"@id\":\"https:\/\/nk7-testes.com.br\/agazeta\/jovem-denuncia-abuso-de-autoridade-de-policiais\/#breadcrumb\",\"itemListElement\":[{\"@type\":\"ListItem\",\"position\":1,\"name\":\"In\u00edcio\",\"item\":\"https:\/\/nk7-testes.com.br\/agazeta\/\"},{\"@type\":\"ListItem\",\"position\":2,\"name\":\"Jovem denuncia abuso de autoridade de policiais\"}]},{\"@type\":\"WebSite\",\"@id\":\"https:\/\/nk7-testes.com.br\/agazeta\/#website\",\"url\":\"https:\/\/nk7-testes.com.br\/agazeta\/\",\"name\":\"Agazeta.net\",\"description\":\"Agazeta.net - Not\u00edcias de Rio Branco\/AC\",\"potentialAction\":[{\"@type\":\"SearchAction\",\"target\":{\"@type\":\"EntryPoint\",\"urlTemplate\":\"https:\/\/nk7-testes.com.br\/agazeta\/?s={search_term_string}\"},\"query-input\":{\"@type\":\"PropertyValueSpecification\",\"valueRequired\":true,\"valueName\":\"search_term_string\"}}],\"inLanguage\":\"pt-BR\"},{\"@type\":\"Person\",\"@id\":\"https:\/\/nk7-testes.com.br\/agazeta\/#\/schema\/person\/6d6e25cb0435eb4a02fd44d30b4e3020\",\"name\":\"Agazeta.Net\",\"url\":\"https:\/\/nk7-testes.com.br\/agazeta\/author\/agazeta\/\"}]}<\/script>\n<!-- \/ Yoast SEO plugin. -->","yoast_head_json":{"title":"Jovem denuncia abuso de autoridade de policiais - Agazeta.net","robots":{"index":"index","follow":"follow","max-snippet":"max-snippet:-1","max-image-preview":"max-image-preview:large","max-video-preview":"max-video-preview:-1"},"canonical":"https:\/\/nk7-testes.com.br\/agazeta\/jovem-denuncia-abuso-de-autoridade-de-policiais\/","og_locale":"pt_BR","og_type":"article","og_title":"Jovem denuncia abuso de autoridade de policiais - Agazeta.net","og_description":"Caso ser\u00e1 levado \u00e0 Corregedoria da PM","og_url":"https:\/\/nk7-testes.com.br\/agazeta\/jovem-denuncia-abuso-de-autoridade-de-policiais\/","og_site_name":"Agazeta.net","article_published_time":"2016-06-13T00:58:56+00:00","og_image":[{"width":458,"height":340,"url":"https:\/\/nk7-testes.com.br\/agazeta\/wp-content\/uploads\/2016\/06\/120616-policia-agressaopolicial-cedida.jpg","type":"image\/jpeg"}],"author":"Agazeta.Net","twitter_card":"summary_large_image","twitter_misc":{"Escrito por":"Agazeta.Net","Est. tempo de leitura":"1 minuto"},"schema":{"@context":"https:\/\/schema.org","@graph":[{"@type":"WebPage","@id":"https:\/\/nk7-testes.com.br\/agazeta\/jovem-denuncia-abuso-de-autoridade-de-policiais\/","url":"https:\/\/nk7-testes.com.br\/agazeta\/jovem-denuncia-abuso-de-autoridade-de-policiais\/","name":"Jovem denuncia abuso de autoridade de policiais - Agazeta.net","isPartOf":{"@id":"https:\/\/nk7-testes.com.br\/agazeta\/#website"},"primaryImageOfPage":{"@id":"https:\/\/nk7-testes.com.br\/agazeta\/jovem-denuncia-abuso-de-autoridade-de-policiais\/#primaryimage"},"image":{"@id":"https:\/\/nk7-testes.com.br\/agazeta\/jovem-denuncia-abuso-de-autoridade-de-policiais\/#primaryimage"},"thumbnailUrl":"https:\/\/nk7-testes.com.br\/agazeta\/wp-content\/uploads\/2016\/06\/120616-policia-agressaopolicial-cedida.jpg","datePublished":"2016-06-13T00:58:56+00:00","author":{"@id":"https:\/\/nk7-testes.com.br\/agazeta\/#\/schema\/person\/6d6e25cb0435eb4a02fd44d30b4e3020"},"breadcrumb":{"@id":"https:\/\/nk7-testes.com.br\/agazeta\/jovem-denuncia-abuso-de-autoridade-de-policiais\/#breadcrumb"},"inLanguage":"pt-BR","potentialAction":[{"@type":"ReadAction","target":["https:\/\/nk7-testes.com.br\/agazeta\/jovem-denuncia-abuso-de-autoridade-de-policiais\/"]}]},{"@type":"ImageObject","inLanguage":"pt-BR","@id":"https:\/\/nk7-testes.com.br\/agazeta\/jovem-denuncia-abuso-de-autoridade-de-policiais\/#primaryimage","url":"https:\/\/nk7-testes.com.br\/agazeta\/wp-content\/uploads\/2016\/06\/120616-policia-agressaopolicial-cedida.jpg","contentUrl":"https:\/\/nk7-testes.com.br\/agazeta\/wp-content\/uploads\/2016\/06\/120616-policia-agressaopolicial-cedida.jpg","width":458,"height":340,"caption":"120616-policia-agressaopolicial-cedida"},{"@type":"BreadcrumbList","@id":"https:\/\/nk7-testes.com.br\/agazeta\/jovem-denuncia-abuso-de-autoridade-de-policiais\/#breadcrumb","itemListElement":[{"@type":"ListItem","position":1,"name":"In\u00edcio","item":"https:\/\/nk7-testes.com.br\/agazeta\/"},{"@type":"ListItem","position":2,"name":"Jovem denuncia abuso de autoridade de policiais"}]},{"@type":"WebSite","@id":"https:\/\/nk7-testes.com.br\/agazeta\/#website","url":"https:\/\/nk7-testes.com.br\/agazeta\/","name":"Agazeta.net","description":"Agazeta.net - Not\u00edcias de Rio Branco\/AC","potentialAction":[{"@type":"SearchAction","target":{"@type":"EntryPoint","urlTemplate":"https:\/\/nk7-testes.com.br\/agazeta\/?s={search_term_string}"},"query-input":{"@type":"PropertyValueSpecification","valueRequired":true,"valueName":"search_term_string"}}],"inLanguage":"pt-BR"},{"@type":"Person","@id":"https:\/\/nk7-testes.com.br\/agazeta\/#\/schema\/person\/6d6e25cb0435eb4a02fd44d30b4e3020","name":"Agazeta.Net","url":"https:\/\/nk7-testes.com.br\/agazeta\/author\/agazeta\/"}]}},"_links":{"self":[{"href":"https:\/\/nk7-testes.com.br\/agazeta\/wp-json\/wp\/v2\/posts\/23221","targetHints":{"allow":["GET"]}}],"collection":[{"href":"https:\/\/nk7-testes.com.br\/agazeta\/wp-json\/wp\/v2\/posts"}],"about":[{"href":"https:\/\/nk7-testes.com.br\/agazeta\/wp-json\/wp\/v2\/types\/post"}],"author":[{"embeddable":true,"href":"https:\/\/nk7-testes.com.br\/agazeta\/wp-json\/wp\/v2\/users\/4"}],"replies":[{"embeddable":true,"href":"https:\/\/nk7-testes.com.br\/agazeta\/wp-json\/wp\/v2\/comments?post=23221"}],"version-history":[{"count":0,"href":"https:\/\/nk7-testes.com.br\/agazeta\/wp-json\/wp\/v2\/posts\/23221\/revisions"}],"wp:featuredmedia":[{"embeddable":true,"href":"https:\/\/nk7-testes.com.br\/agazeta\/wp-json\/wp\/v2\/media\/23220"}],"wp:attachment":[{"href":"https:\/\/nk7-testes.com.br\/agazeta\/wp-json\/wp\/v2\/media?parent=23221"}],"wp:term":[{"taxonomy":"category","embeddable":true,"href":"https:\/\/nk7-testes.com.br\/agazeta\/wp-json\/wp\/v2\/categories?post=23221"},{"taxonomy":"post_tag","embeddable":true,"href":"https:\/\/nk7-testes.com.br\/agazeta\/wp-json\/wp\/v2\/tags?post=23221"}],"curies":[{"name":"wp","href":"https:\/\/api.w.org\/{rel}","templated":true}]}}