{"id":23201,"date":"2016-06-09T22:05:41","date_gmt":"2016-06-09T22:05:41","guid":{"rendered":"https:\/\/abarevegan.com.br\/index.php\/2016\/06\/09\/operacao-lares-pode-migrar-para-investigacao-federal\/"},"modified":"2016-06-09T22:05:41","modified_gmt":"2016-06-09T22:05:41","slug":"operacao-lares-pode-migrar-para-investigacao-federal","status":"publish","type":"post","link":"https:\/\/nk7-testes.com.br\/agazeta\/operacao-lares-pode-migrar-para-investigacao-federal\/","title":{"rendered":"Opera\u00e7\u00e3o Lares pode \u201cmigrar\u201d para investiga\u00e7\u00e3o federal"},"content":{"rendered":"<p style=\"text-align: justify;\">Admiss\u00e3o foi feita em coletiva de imprensa<\/p>\n<p style=\"text-align: justify;\">Os promotores e procuradores do Gaeco, o Grupo de Combate ao Crime Organizado do Minist\u00e9rio P\u00fablico do Acre confirmaram, durante entrevista coletiva nessa quinta-feira, que Marcus Hulk, o ex-diretor de Servi\u00e7o Social da Secretaria de Estado de Habita\u00e7\u00e3o, teve o pedido de dela\u00e7\u00e3o premiada homologado.<\/p>\n<p style=\"text-align: justify;\">Em troca de redu\u00e7\u00e3o da pena, ele contou \u00e0 Pol\u00edcia Civil e ao Minist\u00e9rio P\u00fablico como funcionava o esquema de vendas de casas do programa Minha Casa Minha Vida. Hulk foi um dos presos na Opera\u00e7\u00e3o Lares, acusado de operar uma organiza\u00e7\u00e3o criminosa que negociava as unidades habitacionais do conjunto Rui Lino III.<\/p>\n<p style=\"text-align: justify;\">Os promotores v\u00e3o juntar ainda os depoimentos de C\u00edcera Dantas e Rossandra Maia, acusadas de fazerem parte da quadrilha, que citaram v\u00e1rios funcion\u00e1rios do alto escal\u00e3o do governo. Essas pessoas escolhiam quem deveria ser beneficiada pelas casas em troca de apoio e votos.<\/p>\n<p style=\"text-align: justify;\">As duas mulheres e o diretor administrativo Daniel Gomes est\u00e3o presos, Marcus Hulk chegou a ser detido, mas, como virou delator, est\u00e1 livre para responder o processo.<\/p>\n<p style=\"text-align: justify;\">O Minist\u00e9rio P\u00fablico entregou \u00e0 Justi\u00e7a a den\u00fancia contra 10 pessoas que s\u00e3o apontadas como membros de uma quadrilha que atuava nas negocia\u00e7\u00f5es das casas. Segundo a promotora de Justi\u00e7a Marcela Os\u00f3rio, os nomes que surgiram durante os depoimentos, os promotores v\u00e3o abrir outra linha de investiga\u00e7\u00e3o em busca de provas.<\/p>\n<p style=\"text-align: justify;\">\u201cDependendo do que for apurado, outra den\u00fancia ser\u00e1 montada com os nomes de outros envolvidos, mas, por enquanto, a materialidade recai sobre essas 10 pessoas\u201d, relatou.<\/p>\n<p style=\"text-align: justify;\">Os membros do Minist\u00e9rio P\u00fablico n\u00e3o descartam que a investiga\u00e7\u00e3o possa ser direcionada para a esfera federal. Segundo o procurador \u00c1lvaro Pereira, os recursos do programa Minha Casa Minha Vida, s\u00e3o oriundos da Caixa Econ\u00f4mica Federal, e, em tese, o inqu\u00e9rito deveria ser apurado pela Pol\u00edcia Federal, principalmente agora, que surgiram membros e at\u00e9 secret\u00e1rios de Estado como suspeitos.<\/p>\n<p style=\"text-align: justify;\">Existe at\u00e9 uma funcion\u00e1ria da Pol\u00edcia Civil citada. \u201cEsse processo vai chegar a um ponto que ficar\u00e1 ligado completamente \u00e0 esfera da Justi\u00e7a Federal, justamente por causa da fonte de recursos. Por enquanto estamos fazendo a nossa parte\u201d, disse.<\/p>\n<p style=\"text-align: justify;\">As 10 pessoas denunciadas que faziam parte da quadrilha est\u00e3o sendo acusadas de falsidade ideol\u00f3gica; corrup\u00e7\u00e3o passiva; prevarica\u00e7\u00e3o; fraude processual e organiza\u00e7\u00e3o criminosa. Dos 10 acusados, apenas tr\u00eas est\u00e3o presos, outros seis respondem em liberdade e Marcus Hulk \u00e9 delator.<\/p>\n","protected":false},"excerpt":{"rendered":"<p style=\"text-align: justify;\">Admiss\u00e3o foi feita em coletiva de imprensa<\/p>\n","protected":false},"author":4,"featured_media":23200,"comment_status":"open","ping_status":"open","sticky":false,"template":"","format":"standard","meta":{"jnews-multi-image_gallery":[],"jnews_single_post":[],"jnews_primary_category":[],"jnews_social_meta":[],"jnews_review":[],"enable_review":"","type":"","name":"","summary":"","brand":"","sku":"","good":[],"bad":[],"score_override":"","override_value":"","rating":[],"price":[],"footnotes":""},"categories":[44],"tags":[],"class_list":["post-23201","post","type-post","status-publish","format-standard","has-post-thumbnail","hentry","category-policia"],"yoast_head":"<!-- This site is optimized with the Yoast SEO plugin v26.5 - https:\/\/yoast.com\/wordpress\/plugins\/seo\/ -->\n<title>Opera\u00e7\u00e3o Lares pode \u201cmigrar\u201d para investiga\u00e7\u00e3o federal - Agazeta.net<\/title>\n<meta name=\"robots\" content=\"index, follow, max-snippet:-1, max-image-preview:large, max-video-preview:-1\" \/>\n<link rel=\"canonical\" href=\"https:\/\/nk7-testes.com.br\/agazeta\/operacao-lares-pode-migrar-para-investigacao-federal\/\" \/>\n<meta property=\"og:locale\" content=\"pt_BR\" \/>\n<meta property=\"og:type\" content=\"article\" \/>\n<meta property=\"og:title\" content=\"Opera\u00e7\u00e3o Lares pode \u201cmigrar\u201d para investiga\u00e7\u00e3o federal - Agazeta.net\" \/>\n<meta property=\"og:description\" content=\"Admiss\u00e3o foi feita em coletiva de imprensa\" \/>\n<meta property=\"og:url\" content=\"https:\/\/nk7-testes.com.br\/agazeta\/operacao-lares-pode-migrar-para-investigacao-federal\/\" \/>\n<meta property=\"og:site_name\" content=\"Agazeta.net\" \/>\n<meta property=\"article:published_time\" content=\"2016-06-09T22:05:41+00:00\" \/>\n<meta property=\"og:image\" content=\"https:\/\/nk7-testes.com.br\/agazeta\/wp-content\/uploads\/2016\/06\/090616-policia-coletiva-tvgazeta.jpg\" \/>\n\t<meta property=\"og:image:width\" content=\"458\" \/>\n\t<meta property=\"og:image:height\" content=\"340\" \/>\n\t<meta property=\"og:image:type\" content=\"image\/jpeg\" \/>\n<meta name=\"author\" content=\"Agazeta.Net\" \/>\n<meta name=\"twitter:card\" content=\"summary_large_image\" \/>\n<meta name=\"twitter:label1\" content=\"Escrito por\" \/>\n\t<meta name=\"twitter:data1\" content=\"Agazeta.Net\" \/>\n\t<meta name=\"twitter:label2\" content=\"Est. tempo de leitura\" \/>\n\t<meta name=\"twitter:data2\" content=\"2 minutos\" \/>\n<script type=\"application\/ld+json\" class=\"yoast-schema-graph\">{\"@context\":\"https:\/\/schema.org\",\"@graph\":[{\"@type\":\"WebPage\",\"@id\":\"https:\/\/nk7-testes.com.br\/agazeta\/operacao-lares-pode-migrar-para-investigacao-federal\/\",\"url\":\"https:\/\/nk7-testes.com.br\/agazeta\/operacao-lares-pode-migrar-para-investigacao-federal\/\",\"name\":\"Opera\u00e7\u00e3o Lares pode \u201cmigrar\u201d para investiga\u00e7\u00e3o federal - Agazeta.net\",\"isPartOf\":{\"@id\":\"https:\/\/nk7-testes.com.br\/agazeta\/#website\"},\"primaryImageOfPage\":{\"@id\":\"https:\/\/nk7-testes.com.br\/agazeta\/operacao-lares-pode-migrar-para-investigacao-federal\/#primaryimage\"},\"image\":{\"@id\":\"https:\/\/nk7-testes.com.br\/agazeta\/operacao-lares-pode-migrar-para-investigacao-federal\/#primaryimage\"},\"thumbnailUrl\":\"https:\/\/nk7-testes.com.br\/agazeta\/wp-content\/uploads\/2016\/06\/090616-policia-coletiva-tvgazeta.jpg\",\"datePublished\":\"2016-06-09T22:05:41+00:00\",\"author\":{\"@id\":\"https:\/\/nk7-testes.com.br\/agazeta\/#\/schema\/person\/6d6e25cb0435eb4a02fd44d30b4e3020\"},\"breadcrumb\":{\"@id\":\"https:\/\/nk7-testes.com.br\/agazeta\/operacao-lares-pode-migrar-para-investigacao-federal\/#breadcrumb\"},\"inLanguage\":\"pt-BR\",\"potentialAction\":[{\"@type\":\"ReadAction\",\"target\":[\"https:\/\/nk7-testes.com.br\/agazeta\/operacao-lares-pode-migrar-para-investigacao-federal\/\"]}]},{\"@type\":\"ImageObject\",\"inLanguage\":\"pt-BR\",\"@id\":\"https:\/\/nk7-testes.com.br\/agazeta\/operacao-lares-pode-migrar-para-investigacao-federal\/#primaryimage\",\"url\":\"https:\/\/nk7-testes.com.br\/agazeta\/wp-content\/uploads\/2016\/06\/090616-policia-coletiva-tvgazeta.jpg\",\"contentUrl\":\"https:\/\/nk7-testes.com.br\/agazeta\/wp-content\/uploads\/2016\/06\/090616-policia-coletiva-tvgazeta.jpg\",\"width\":458,\"height\":340,\"caption\":\"090616-policia-coletiva-tvgazeta\"},{\"@type\":\"BreadcrumbList\",\"@id\":\"https:\/\/nk7-testes.com.br\/agazeta\/operacao-lares-pode-migrar-para-investigacao-federal\/#breadcrumb\",\"itemListElement\":[{\"@type\":\"ListItem\",\"position\":1,\"name\":\"In\u00edcio\",\"item\":\"https:\/\/nk7-testes.com.br\/agazeta\/\"},{\"@type\":\"ListItem\",\"position\":2,\"name\":\"Opera\u00e7\u00e3o Lares pode \u201cmigrar\u201d para investiga\u00e7\u00e3o federal\"}]},{\"@type\":\"WebSite\",\"@id\":\"https:\/\/nk7-testes.com.br\/agazeta\/#website\",\"url\":\"https:\/\/nk7-testes.com.br\/agazeta\/\",\"name\":\"Agazeta.net\",\"description\":\"Agazeta.net - Not\u00edcias de Rio Branco\/AC\",\"potentialAction\":[{\"@type\":\"SearchAction\",\"target\":{\"@type\":\"EntryPoint\",\"urlTemplate\":\"https:\/\/nk7-testes.com.br\/agazeta\/?s={search_term_string}\"},\"query-input\":{\"@type\":\"PropertyValueSpecification\",\"valueRequired\":true,\"valueName\":\"search_term_string\"}}],\"inLanguage\":\"pt-BR\"},{\"@type\":\"Person\",\"@id\":\"https:\/\/nk7-testes.com.br\/agazeta\/#\/schema\/person\/6d6e25cb0435eb4a02fd44d30b4e3020\",\"name\":\"Agazeta.Net\",\"url\":\"https:\/\/nk7-testes.com.br\/agazeta\/author\/agazeta\/\"}]}<\/script>\n<!-- \/ Yoast SEO plugin. -->","yoast_head_json":{"title":"Opera\u00e7\u00e3o Lares pode \u201cmigrar\u201d para investiga\u00e7\u00e3o federal - Agazeta.net","robots":{"index":"index","follow":"follow","max-snippet":"max-snippet:-1","max-image-preview":"max-image-preview:large","max-video-preview":"max-video-preview:-1"},"canonical":"https:\/\/nk7-testes.com.br\/agazeta\/operacao-lares-pode-migrar-para-investigacao-federal\/","og_locale":"pt_BR","og_type":"article","og_title":"Opera\u00e7\u00e3o Lares pode \u201cmigrar\u201d para investiga\u00e7\u00e3o federal - Agazeta.net","og_description":"Admiss\u00e3o foi feita em coletiva de imprensa","og_url":"https:\/\/nk7-testes.com.br\/agazeta\/operacao-lares-pode-migrar-para-investigacao-federal\/","og_site_name":"Agazeta.net","article_published_time":"2016-06-09T22:05:41+00:00","og_image":[{"width":458,"height":340,"url":"https:\/\/nk7-testes.com.br\/agazeta\/wp-content\/uploads\/2016\/06\/090616-policia-coletiva-tvgazeta.jpg","type":"image\/jpeg"}],"author":"Agazeta.Net","twitter_card":"summary_large_image","twitter_misc":{"Escrito por":"Agazeta.Net","Est. tempo de leitura":"2 minutos"},"schema":{"@context":"https:\/\/schema.org","@graph":[{"@type":"WebPage","@id":"https:\/\/nk7-testes.com.br\/agazeta\/operacao-lares-pode-migrar-para-investigacao-federal\/","url":"https:\/\/nk7-testes.com.br\/agazeta\/operacao-lares-pode-migrar-para-investigacao-federal\/","name":"Opera\u00e7\u00e3o Lares pode \u201cmigrar\u201d para investiga\u00e7\u00e3o federal - Agazeta.net","isPartOf":{"@id":"https:\/\/nk7-testes.com.br\/agazeta\/#website"},"primaryImageOfPage":{"@id":"https:\/\/nk7-testes.com.br\/agazeta\/operacao-lares-pode-migrar-para-investigacao-federal\/#primaryimage"},"image":{"@id":"https:\/\/nk7-testes.com.br\/agazeta\/operacao-lares-pode-migrar-para-investigacao-federal\/#primaryimage"},"thumbnailUrl":"https:\/\/nk7-testes.com.br\/agazeta\/wp-content\/uploads\/2016\/06\/090616-policia-coletiva-tvgazeta.jpg","datePublished":"2016-06-09T22:05:41+00:00","author":{"@id":"https:\/\/nk7-testes.com.br\/agazeta\/#\/schema\/person\/6d6e25cb0435eb4a02fd44d30b4e3020"},"breadcrumb":{"@id":"https:\/\/nk7-testes.com.br\/agazeta\/operacao-lares-pode-migrar-para-investigacao-federal\/#breadcrumb"},"inLanguage":"pt-BR","potentialAction":[{"@type":"ReadAction","target":["https:\/\/nk7-testes.com.br\/agazeta\/operacao-lares-pode-migrar-para-investigacao-federal\/"]}]},{"@type":"ImageObject","inLanguage":"pt-BR","@id":"https:\/\/nk7-testes.com.br\/agazeta\/operacao-lares-pode-migrar-para-investigacao-federal\/#primaryimage","url":"https:\/\/nk7-testes.com.br\/agazeta\/wp-content\/uploads\/2016\/06\/090616-policia-coletiva-tvgazeta.jpg","contentUrl":"https:\/\/nk7-testes.com.br\/agazeta\/wp-content\/uploads\/2016\/06\/090616-policia-coletiva-tvgazeta.jpg","width":458,"height":340,"caption":"090616-policia-coletiva-tvgazeta"},{"@type":"BreadcrumbList","@id":"https:\/\/nk7-testes.com.br\/agazeta\/operacao-lares-pode-migrar-para-investigacao-federal\/#breadcrumb","itemListElement":[{"@type":"ListItem","position":1,"name":"In\u00edcio","item":"https:\/\/nk7-testes.com.br\/agazeta\/"},{"@type":"ListItem","position":2,"name":"Opera\u00e7\u00e3o Lares pode \u201cmigrar\u201d para investiga\u00e7\u00e3o federal"}]},{"@type":"WebSite","@id":"https:\/\/nk7-testes.com.br\/agazeta\/#website","url":"https:\/\/nk7-testes.com.br\/agazeta\/","name":"Agazeta.net","description":"Agazeta.net - Not\u00edcias de Rio Branco\/AC","potentialAction":[{"@type":"SearchAction","target":{"@type":"EntryPoint","urlTemplate":"https:\/\/nk7-testes.com.br\/agazeta\/?s={search_term_string}"},"query-input":{"@type":"PropertyValueSpecification","valueRequired":true,"valueName":"search_term_string"}}],"inLanguage":"pt-BR"},{"@type":"Person","@id":"https:\/\/nk7-testes.com.br\/agazeta\/#\/schema\/person\/6d6e25cb0435eb4a02fd44d30b4e3020","name":"Agazeta.Net","url":"https:\/\/nk7-testes.com.br\/agazeta\/author\/agazeta\/"}]}},"_links":{"self":[{"href":"https:\/\/nk7-testes.com.br\/agazeta\/wp-json\/wp\/v2\/posts\/23201","targetHints":{"allow":["GET"]}}],"collection":[{"href":"https:\/\/nk7-testes.com.br\/agazeta\/wp-json\/wp\/v2\/posts"}],"about":[{"href":"https:\/\/nk7-testes.com.br\/agazeta\/wp-json\/wp\/v2\/types\/post"}],"author":[{"embeddable":true,"href":"https:\/\/nk7-testes.com.br\/agazeta\/wp-json\/wp\/v2\/users\/4"}],"replies":[{"embeddable":true,"href":"https:\/\/nk7-testes.com.br\/agazeta\/wp-json\/wp\/v2\/comments?post=23201"}],"version-history":[{"count":0,"href":"https:\/\/nk7-testes.com.br\/agazeta\/wp-json\/wp\/v2\/posts\/23201\/revisions"}],"wp:featuredmedia":[{"embeddable":true,"href":"https:\/\/nk7-testes.com.br\/agazeta\/wp-json\/wp\/v2\/media\/23200"}],"wp:attachment":[{"href":"https:\/\/nk7-testes.com.br\/agazeta\/wp-json\/wp\/v2\/media?parent=23201"}],"wp:term":[{"taxonomy":"category","embeddable":true,"href":"https:\/\/nk7-testes.com.br\/agazeta\/wp-json\/wp\/v2\/categories?post=23201"},{"taxonomy":"post_tag","embeddable":true,"href":"https:\/\/nk7-testes.com.br\/agazeta\/wp-json\/wp\/v2\/tags?post=23201"}],"curies":[{"name":"wp","href":"https:\/\/api.w.org\/{rel}","templated":true}]}}