{"id":23187,"date":"2016-06-09T13:38:22","date_gmt":"2016-06-09T13:38:22","guid":{"rendered":"https:\/\/abarevegan.com.br\/index.php\/2016\/06\/09\/caminhao-com-9-mil-pacotes-de-biscoito-e-apreendido\/"},"modified":"2016-06-09T13:38:22","modified_gmt":"2016-06-09T13:38:22","slug":"caminhao-com-9-mil-pacotes-de-biscoito-e-apreendido","status":"publish","type":"post","link":"https:\/\/nk7-testes.com.br\/agazeta\/caminhao-com-9-mil-pacotes-de-biscoito-e-apreendido\/","title":{"rendered":"Caminh\u00e3o com 9 mil pacotes de biscoito \u00e9 apreendido"},"content":{"rendered":"<p style=\"text-align: justify;\">Mercadoria viria para Rio Branco e n\u00e3o tinha nota fiscal<\/p>\n<p style=\"text-align: justify;\">Em fiscaliza\u00e7\u00e3o de rotina na BR-317, Km 237, no posto da Pol\u00edcia Rodovi\u00e1ria Federal de Xapuri, foi abordado um caminh\u00e3o que trafegava sentido Brasileia &#8211; Rio Branco. Em vistoria no compartimento de carga, verificou-se que o referido ve\u00edculo estava transportando, aproximadamente, 9 mil pacotes de biscoito.<\/p>\n<p style=\"text-align: justify;\">Quando os policiais solicitaram as notas fiscais da mercadoria, o caminhoneiro afirmou n\u00e3o possuir. Diante ao exposto, a ocorr\u00eancia foi encaminhada \u00e0 Secretaria de Estado de Fazenda em Xapuri para que as provid\u00eancias legais sejam providenciadas.<\/p>\n","protected":false},"excerpt":{"rendered":"<p style=\"text-align: justify;\">Mercadoria viria para Rio Branco e n\u00e3o tinha nota fiscal<\/p>\n","protected":false},"author":4,"featured_media":23186,"comment_status":"open","ping_status":"open","sticky":false,"template":"","format":"standard","meta":{"jnews-multi-image_gallery":[],"jnews_single_post":[],"jnews_primary_category":[],"jnews_social_meta":[],"jnews_review":[],"enable_review":"","type":"","name":"","summary":"","brand":"","sku":"","good":[],"bad":[],"score_override":"","override_value":"","rating":[],"price":[],"footnotes":""},"categories":[44],"tags":[],"class_list":["post-23187","post","type-post","status-publish","format-standard","has-post-thumbnail","hentry","category-policia"],"yoast_head":"<!-- This site is optimized with the Yoast SEO plugin v26.5 - https:\/\/yoast.com\/wordpress\/plugins\/seo\/ -->\n<title>Caminh\u00e3o com 9 mil pacotes de biscoito \u00e9 apreendido - Agazeta.net<\/title>\n<meta name=\"robots\" content=\"index, follow, max-snippet:-1, max-image-preview:large, max-video-preview:-1\" \/>\n<link rel=\"canonical\" href=\"https:\/\/nk7-testes.com.br\/agazeta\/caminhao-com-9-mil-pacotes-de-biscoito-e-apreendido\/\" \/>\n<meta property=\"og:locale\" content=\"pt_BR\" \/>\n<meta property=\"og:type\" content=\"article\" \/>\n<meta property=\"og:title\" content=\"Caminh\u00e3o com 9 mil pacotes de biscoito \u00e9 apreendido - Agazeta.net\" \/>\n<meta property=\"og:description\" content=\"Mercadoria viria para Rio Branco e n\u00e3o tinha nota fiscal\" \/>\n<meta property=\"og:url\" content=\"https:\/\/nk7-testes.com.br\/agazeta\/caminhao-com-9-mil-pacotes-de-biscoito-e-apreendido\/\" \/>\n<meta property=\"og:site_name\" content=\"Agazeta.net\" \/>\n<meta property=\"article:published_time\" content=\"2016-06-09T13:38:22+00:00\" \/>\n<meta property=\"og:image\" content=\"https:\/\/nk7-testes.com.br\/agazeta\/wp-content\/uploads\/2016\/06\/090616-policia-biscoitosapreendidos-cedida.jpg\" \/>\n\t<meta property=\"og:image:width\" content=\"458\" \/>\n\t<meta property=\"og:image:height\" content=\"340\" \/>\n\t<meta property=\"og:image:type\" content=\"image\/jpeg\" \/>\n<meta name=\"author\" content=\"Agazeta.Net\" \/>\n<meta name=\"twitter:card\" content=\"summary_large_image\" \/>\n<meta name=\"twitter:label1\" content=\"Escrito por\" \/>\n\t<meta name=\"twitter:data1\" content=\"Agazeta.Net\" \/>\n<script type=\"application\/ld+json\" class=\"yoast-schema-graph\">{\"@context\":\"https:\/\/schema.org\",\"@graph\":[{\"@type\":\"WebPage\",\"@id\":\"https:\/\/nk7-testes.com.br\/agazeta\/caminhao-com-9-mil-pacotes-de-biscoito-e-apreendido\/\",\"url\":\"https:\/\/nk7-testes.com.br\/agazeta\/caminhao-com-9-mil-pacotes-de-biscoito-e-apreendido\/\",\"name\":\"Caminh\u00e3o com 9 mil pacotes de biscoito \u00e9 apreendido - Agazeta.net\",\"isPartOf\":{\"@id\":\"https:\/\/nk7-testes.com.br\/agazeta\/#website\"},\"primaryImageOfPage\":{\"@id\":\"https:\/\/nk7-testes.com.br\/agazeta\/caminhao-com-9-mil-pacotes-de-biscoito-e-apreendido\/#primaryimage\"},\"image\":{\"@id\":\"https:\/\/nk7-testes.com.br\/agazeta\/caminhao-com-9-mil-pacotes-de-biscoito-e-apreendido\/#primaryimage\"},\"thumbnailUrl\":\"https:\/\/nk7-testes.com.br\/agazeta\/wp-content\/uploads\/2016\/06\/090616-policia-biscoitosapreendidos-cedida.jpg\",\"datePublished\":\"2016-06-09T13:38:22+00:00\",\"author\":{\"@id\":\"https:\/\/nk7-testes.com.br\/agazeta\/#\/schema\/person\/6d6e25cb0435eb4a02fd44d30b4e3020\"},\"breadcrumb\":{\"@id\":\"https:\/\/nk7-testes.com.br\/agazeta\/caminhao-com-9-mil-pacotes-de-biscoito-e-apreendido\/#breadcrumb\"},\"inLanguage\":\"pt-BR\",\"potentialAction\":[{\"@type\":\"ReadAction\",\"target\":[\"https:\/\/nk7-testes.com.br\/agazeta\/caminhao-com-9-mil-pacotes-de-biscoito-e-apreendido\/\"]}]},{\"@type\":\"ImageObject\",\"inLanguage\":\"pt-BR\",\"@id\":\"https:\/\/nk7-testes.com.br\/agazeta\/caminhao-com-9-mil-pacotes-de-biscoito-e-apreendido\/#primaryimage\",\"url\":\"https:\/\/nk7-testes.com.br\/agazeta\/wp-content\/uploads\/2016\/06\/090616-policia-biscoitosapreendidos-cedida.jpg\",\"contentUrl\":\"https:\/\/nk7-testes.com.br\/agazeta\/wp-content\/uploads\/2016\/06\/090616-policia-biscoitosapreendidos-cedida.jpg\",\"width\":458,\"height\":340,\"caption\":\"090616-policia-biscoitosapreendidos-cedida\"},{\"@type\":\"BreadcrumbList\",\"@id\":\"https:\/\/nk7-testes.com.br\/agazeta\/caminhao-com-9-mil-pacotes-de-biscoito-e-apreendido\/#breadcrumb\",\"itemListElement\":[{\"@type\":\"ListItem\",\"position\":1,\"name\":\"In\u00edcio\",\"item\":\"https:\/\/nk7-testes.com.br\/agazeta\/\"},{\"@type\":\"ListItem\",\"position\":2,\"name\":\"Caminh\u00e3o com 9 mil pacotes de biscoito \u00e9 apreendido\"}]},{\"@type\":\"WebSite\",\"@id\":\"https:\/\/nk7-testes.com.br\/agazeta\/#website\",\"url\":\"https:\/\/nk7-testes.com.br\/agazeta\/\",\"name\":\"Agazeta.net\",\"description\":\"Agazeta.net - Not\u00edcias de Rio Branco\/AC\",\"potentialAction\":[{\"@type\":\"SearchAction\",\"target\":{\"@type\":\"EntryPoint\",\"urlTemplate\":\"https:\/\/nk7-testes.com.br\/agazeta\/?s={search_term_string}\"},\"query-input\":{\"@type\":\"PropertyValueSpecification\",\"valueRequired\":true,\"valueName\":\"search_term_string\"}}],\"inLanguage\":\"pt-BR\"},{\"@type\":\"Person\",\"@id\":\"https:\/\/nk7-testes.com.br\/agazeta\/#\/schema\/person\/6d6e25cb0435eb4a02fd44d30b4e3020\",\"name\":\"Agazeta.Net\",\"url\":\"https:\/\/nk7-testes.com.br\/agazeta\/author\/agazeta\/\"}]}<\/script>\n<!-- \/ Yoast SEO plugin. -->","yoast_head_json":{"title":"Caminh\u00e3o com 9 mil pacotes de biscoito \u00e9 apreendido - Agazeta.net","robots":{"index":"index","follow":"follow","max-snippet":"max-snippet:-1","max-image-preview":"max-image-preview:large","max-video-preview":"max-video-preview:-1"},"canonical":"https:\/\/nk7-testes.com.br\/agazeta\/caminhao-com-9-mil-pacotes-de-biscoito-e-apreendido\/","og_locale":"pt_BR","og_type":"article","og_title":"Caminh\u00e3o com 9 mil pacotes de biscoito \u00e9 apreendido - Agazeta.net","og_description":"Mercadoria viria para Rio Branco e n\u00e3o tinha nota fiscal","og_url":"https:\/\/nk7-testes.com.br\/agazeta\/caminhao-com-9-mil-pacotes-de-biscoito-e-apreendido\/","og_site_name":"Agazeta.net","article_published_time":"2016-06-09T13:38:22+00:00","og_image":[{"width":458,"height":340,"url":"https:\/\/nk7-testes.com.br\/agazeta\/wp-content\/uploads\/2016\/06\/090616-policia-biscoitosapreendidos-cedida.jpg","type":"image\/jpeg"}],"author":"Agazeta.Net","twitter_card":"summary_large_image","twitter_misc":{"Escrito por":"Agazeta.Net"},"schema":{"@context":"https:\/\/schema.org","@graph":[{"@type":"WebPage","@id":"https:\/\/nk7-testes.com.br\/agazeta\/caminhao-com-9-mil-pacotes-de-biscoito-e-apreendido\/","url":"https:\/\/nk7-testes.com.br\/agazeta\/caminhao-com-9-mil-pacotes-de-biscoito-e-apreendido\/","name":"Caminh\u00e3o com 9 mil pacotes de biscoito \u00e9 apreendido - Agazeta.net","isPartOf":{"@id":"https:\/\/nk7-testes.com.br\/agazeta\/#website"},"primaryImageOfPage":{"@id":"https:\/\/nk7-testes.com.br\/agazeta\/caminhao-com-9-mil-pacotes-de-biscoito-e-apreendido\/#primaryimage"},"image":{"@id":"https:\/\/nk7-testes.com.br\/agazeta\/caminhao-com-9-mil-pacotes-de-biscoito-e-apreendido\/#primaryimage"},"thumbnailUrl":"https:\/\/nk7-testes.com.br\/agazeta\/wp-content\/uploads\/2016\/06\/090616-policia-biscoitosapreendidos-cedida.jpg","datePublished":"2016-06-09T13:38:22+00:00","author":{"@id":"https:\/\/nk7-testes.com.br\/agazeta\/#\/schema\/person\/6d6e25cb0435eb4a02fd44d30b4e3020"},"breadcrumb":{"@id":"https:\/\/nk7-testes.com.br\/agazeta\/caminhao-com-9-mil-pacotes-de-biscoito-e-apreendido\/#breadcrumb"},"inLanguage":"pt-BR","potentialAction":[{"@type":"ReadAction","target":["https:\/\/nk7-testes.com.br\/agazeta\/caminhao-com-9-mil-pacotes-de-biscoito-e-apreendido\/"]}]},{"@type":"ImageObject","inLanguage":"pt-BR","@id":"https:\/\/nk7-testes.com.br\/agazeta\/caminhao-com-9-mil-pacotes-de-biscoito-e-apreendido\/#primaryimage","url":"https:\/\/nk7-testes.com.br\/agazeta\/wp-content\/uploads\/2016\/06\/090616-policia-biscoitosapreendidos-cedida.jpg","contentUrl":"https:\/\/nk7-testes.com.br\/agazeta\/wp-content\/uploads\/2016\/06\/090616-policia-biscoitosapreendidos-cedida.jpg","width":458,"height":340,"caption":"090616-policia-biscoitosapreendidos-cedida"},{"@type":"BreadcrumbList","@id":"https:\/\/nk7-testes.com.br\/agazeta\/caminhao-com-9-mil-pacotes-de-biscoito-e-apreendido\/#breadcrumb","itemListElement":[{"@type":"ListItem","position":1,"name":"In\u00edcio","item":"https:\/\/nk7-testes.com.br\/agazeta\/"},{"@type":"ListItem","position":2,"name":"Caminh\u00e3o com 9 mil pacotes de biscoito \u00e9 apreendido"}]},{"@type":"WebSite","@id":"https:\/\/nk7-testes.com.br\/agazeta\/#website","url":"https:\/\/nk7-testes.com.br\/agazeta\/","name":"Agazeta.net","description":"Agazeta.net - Not\u00edcias de Rio Branco\/AC","potentialAction":[{"@type":"SearchAction","target":{"@type":"EntryPoint","urlTemplate":"https:\/\/nk7-testes.com.br\/agazeta\/?s={search_term_string}"},"query-input":{"@type":"PropertyValueSpecification","valueRequired":true,"valueName":"search_term_string"}}],"inLanguage":"pt-BR"},{"@type":"Person","@id":"https:\/\/nk7-testes.com.br\/agazeta\/#\/schema\/person\/6d6e25cb0435eb4a02fd44d30b4e3020","name":"Agazeta.Net","url":"https:\/\/nk7-testes.com.br\/agazeta\/author\/agazeta\/"}]}},"_links":{"self":[{"href":"https:\/\/nk7-testes.com.br\/agazeta\/wp-json\/wp\/v2\/posts\/23187","targetHints":{"allow":["GET"]}}],"collection":[{"href":"https:\/\/nk7-testes.com.br\/agazeta\/wp-json\/wp\/v2\/posts"}],"about":[{"href":"https:\/\/nk7-testes.com.br\/agazeta\/wp-json\/wp\/v2\/types\/post"}],"author":[{"embeddable":true,"href":"https:\/\/nk7-testes.com.br\/agazeta\/wp-json\/wp\/v2\/users\/4"}],"replies":[{"embeddable":true,"href":"https:\/\/nk7-testes.com.br\/agazeta\/wp-json\/wp\/v2\/comments?post=23187"}],"version-history":[{"count":0,"href":"https:\/\/nk7-testes.com.br\/agazeta\/wp-json\/wp\/v2\/posts\/23187\/revisions"}],"wp:featuredmedia":[{"embeddable":true,"href":"https:\/\/nk7-testes.com.br\/agazeta\/wp-json\/wp\/v2\/media\/23186"}],"wp:attachment":[{"href":"https:\/\/nk7-testes.com.br\/agazeta\/wp-json\/wp\/v2\/media?parent=23187"}],"wp:term":[{"taxonomy":"category","embeddable":true,"href":"https:\/\/nk7-testes.com.br\/agazeta\/wp-json\/wp\/v2\/categories?post=23187"},{"taxonomy":"post_tag","embeddable":true,"href":"https:\/\/nk7-testes.com.br\/agazeta\/wp-json\/wp\/v2\/tags?post=23187"}],"curies":[{"name":"wp","href":"https:\/\/api.w.org\/{rel}","templated":true}]}}