{"id":23172,"date":"2016-06-08T20:59:27","date_gmt":"2016-06-08T20:59:27","guid":{"rendered":"https:\/\/abarevegan.com.br\/index.php\/2016\/06\/08\/o-que-eu-levava-pro-mes-eu-levo-pra-semana-agora\/"},"modified":"2016-06-08T20:59:27","modified_gmt":"2016-06-08T20:59:27","slug":"o-que-eu-levava-pro-mes-eu-levo-pra-semana-agora","status":"publish","type":"post","link":"https:\/\/nk7-testes.com.br\/agazeta\/o-que-eu-levava-pro-mes-eu-levo-pra-semana-agora\/","title":{"rendered":"\u201cO que eu levava pro m\u00eas eu levo pra semana agora\u201d"},"content":{"rendered":"<p style=\"text-align: justify;\">Feij\u00e3o tem se tornado o vil\u00e3o da cesta b\u00e1sica<\/p>\n<p style=\"text-align: justify;\">O Departamento Intersindical de Estat\u00edstica e Estudos Socioecon\u00f4micos (Dieese) divulgou uma pesquisa a respeito do valor da cesta b\u00e1sica nos estados brasileiros.<br \/>De acordo com os dados referentes ao m\u00eas de maio, Rio Branco aparece como a terceira cidade com maior redu\u00e7\u00e3o no valor da cesta b\u00e1sica (-2,49%), custando em m\u00e9dia R$ 335,31.<\/p>\n<p style=\"text-align: justify;\">Embora os dados apontem redu\u00e7\u00e3o, os pre\u00e7os nas prateleiras dos supermercados de Rio Branco mostram outra situa\u00e7\u00e3o. O consumidor tem se deparado nos \u00faltimos dias com pre\u00e7os cada vez mais altos de produtos essenciais na mesa do brasileiro.<\/p>\n<p style=\"text-align: justify;\">A dona de casa Norma da Silva, por exemplo, percebeu o aumento nos valores dos produtos da cesta b\u00e1sica. \u201cT\u00e1 muito caro, principalmente o feij\u00e3o\u201d, constatou.<br \/>Para equilibrar as contas e n\u00e3o deixar faltar nenhum alimento em casa, ela conta que a sa\u00edda \u00e9 reduzir o n\u00famero de produtos na hora da compra, \u201cagora \u00e9 diminuir na hora de comprar\u201d.<\/p>\n<p style=\"text-align: justify;\">A t\u00e9cnica em enfermagem Sebastiana Gadelha tamb\u00e9m observou o aumento de pre\u00e7os nas prateleiras do supermercado. \u201cO que eu levava pro m\u00eas eu levo pra semana agora, e ainda n\u00e3o d\u00e1. Voc\u00ea tem que regrar o m\u00e1ximo que d\u00e1, est\u00e1 tudo mais caro\u201d.<\/p>\n<p style=\"text-align: justify;\">Ela tamb\u00e9m observou que o feij\u00e3o foi um dos produtos que mais subiu de pre\u00e7o, \u201ceu acredito que o que mais aumentou foi o feij\u00e3o, o arroz e a carne. Como n\u00e3o tem como tirar o feij\u00e3o, o jeito \u00e9 diminuir na compra e diminuir na panela tamb\u00e9m\u201d.<\/p>\n<p style=\"text-align: justify;\"><strong>O vil\u00e3o<\/strong><\/p>\n<p style=\"text-align: justify;\">O feij\u00e3o tem se tornado o vil\u00e3o da cesta b\u00e1sica. O produto antes encontrado com valores entre R$ 4 e R$ 6, hoje n\u00e3o \u00e9 encontrado por menos de R$ 9 nos mercados da Capital.<\/p>\n<p style=\"text-align: justify;\">De acordo o secret\u00e1rio de Extens\u00e3o Agroflorestal e Produ\u00e7\u00e3o Familiar, Lourival Marques o aumento do produto pode estar ligado principalmente na baixa da safra do produto neste per\u00edodo, al\u00e9m do fato de que o Acre n\u00e3o produz feij\u00e3o em escala suficiente para abastecer o mercado do Estado.<\/p>\n<p style=\"text-align: justify;\">\u201cEsse feij\u00e3o que \u00e9 colocado nos supermercados vem de fora, de Rond\u00f4nia, Mato Grosso. E o valor \u00e9 conforme a safra. Tem \u00e9poca que a safra \u00e9 muito boa, e quando ruim, ou seja, falta feij\u00e3o l\u00e1, o produto aumenta aqui\u201d.<\/p>\n<p style=\"text-align: justify;\"><img decoding=\"async\" class=\" size-full wp-image-23167\" alt=\"Captura de Tela 2016-06-08 as 15.29.24\" src=\"https:\/\/nk7-testes.com.br\/wp-content\/uploads\/2016\/06\/Captura_de_Tela_2016-06-08_as_15.29.24.png\" height=\"258\" width=\"458\" srcset=\"https:\/\/nk7-testes.com.br\/agazeta\/wp-content\/uploads\/2016\/06\/Captura_de_Tela_2016-06-08_as_15.29.24.png 852w, https:\/\/nk7-testes.com.br\/agazeta\/wp-content\/uploads\/2016\/06\/Captura_de_Tela_2016-06-08_as_15.29.24-300x169.png 300w, https:\/\/nk7-testes.com.br\/agazeta\/wp-content\/uploads\/2016\/06\/Captura_de_Tela_2016-06-08_as_15.29.24-768x433.png 768w\" sizes=\"(max-width: 458px) 100vw, 458px\" \/><\/p>\n<p style=\"text-align: justify;\"><img decoding=\"async\" class=\" size-full wp-image-23168\" alt=\"Captura de Tela 2016-06-08 as 15.28.30\" src=\"https:\/\/nk7-testes.com.br\/wp-content\/uploads\/2016\/06\/Captura_de_Tela_2016-06-08_as_15.28.30.png\" height=\"256\" width=\"458\" srcset=\"https:\/\/nk7-testes.com.br\/agazeta\/wp-content\/uploads\/2016\/06\/Captura_de_Tela_2016-06-08_as_15.28.30.png 854w, https:\/\/nk7-testes.com.br\/agazeta\/wp-content\/uploads\/2016\/06\/Captura_de_Tela_2016-06-08_as_15.28.30-300x168.png 300w, https:\/\/nk7-testes.com.br\/agazeta\/wp-content\/uploads\/2016\/06\/Captura_de_Tela_2016-06-08_as_15.28.30-768x429.png 768w\" sizes=\"(max-width: 458px) 100vw, 458px\" \/><\/p>\n<p style=\"text-align: justify;\"><img decoding=\"async\" class=\" size-full wp-image-23169\" src=\"https:\/\/nk7-testes.com.br\/wp-content\/uploads\/2016\/06\/2feijao08062016.png\" width=\"458\" height=\"257\" alt=\"2feijao08062016\" srcset=\"https:\/\/nk7-testes.com.br\/agazeta\/wp-content\/uploads\/2016\/06\/2feijao08062016.png 660w, https:\/\/nk7-testes.com.br\/agazeta\/wp-content\/uploads\/2016\/06\/2feijao08062016-300x168.png 300w\" sizes=\"(max-width: 458px) 100vw, 458px\" \/><\/p>\n<p style=\"text-align: justify;\"><img decoding=\"async\" class=\" size-full wp-image-23170\" src=\"https:\/\/nk7-testes.com.br\/wp-content\/uploads\/2016\/06\/4feijao08062016.png\" width=\"458\" height=\"256\" alt=\"4feijao08062016\" srcset=\"https:\/\/nk7-testes.com.br\/agazeta\/wp-content\/uploads\/2016\/06\/4feijao08062016.png 659w, https:\/\/nk7-testes.com.br\/agazeta\/wp-content\/uploads\/2016\/06\/4feijao08062016-300x168.png 300w\" sizes=\"(max-width: 458px) 100vw, 458px\" \/><\/p>\n<p style=\"text-align: justify;\"><img decoding=\"async\" class=\" size-full wp-image-23171\" src=\"https:\/\/nk7-testes.com.br\/wp-content\/uploads\/2016\/06\/3feijao08062016.png\" width=\"458\" height=\"257\" alt=\"3feijao08062016\" srcset=\"https:\/\/nk7-testes.com.br\/agazeta\/wp-content\/uploads\/2016\/06\/3feijao08062016.png 660w, https:\/\/nk7-testes.com.br\/agazeta\/wp-content\/uploads\/2016\/06\/3feijao08062016-300x168.png 300w\" sizes=\"(max-width: 458px) 100vw, 458px\" \/><\/p>\n<p style=\"text-align: justify;\">&nbsp;<\/p>\n<p style=\"text-align: justify;\">&nbsp;<\/p>\n<p style=\"text-align: justify;\">&nbsp;<\/p>\n","protected":false},"excerpt":{"rendered":"<p style=\"text-align: justify;\">Feij\u00e3o tem se tornado o vil\u00e3o da cesta b\u00e1sica<\/p>\n","protected":false},"author":4,"featured_media":23166,"comment_status":"open","ping_status":"open","sticky":false,"template":"","format":"standard","meta":{"jnews-multi-image_gallery":[],"jnews_single_post":[],"jnews_primary_category":[],"jnews_social_meta":[],"jnews_review":[],"enable_review":"","type":"","name":"","summary":"","brand":"","sku":"","good":[],"bad":[],"score_override":"","override_value":"","rating":[],"price":[],"footnotes":""},"categories":[54],"tags":[],"class_list":["post-23172","post","type-post","status-publish","format-standard","has-post-thumbnail","hentry","category-cotidiano"],"yoast_head":"<!-- This site is optimized with the Yoast SEO plugin v26.5 - https:\/\/yoast.com\/wordpress\/plugins\/seo\/ -->\n<title>\u201cO que eu levava pro m\u00eas eu levo pra semana agora\u201d - Agazeta.net<\/title>\n<meta name=\"robots\" content=\"index, follow, max-snippet:-1, max-image-preview:large, max-video-preview:-1\" \/>\n<link rel=\"canonical\" href=\"https:\/\/nk7-testes.com.br\/agazeta\/o-que-eu-levava-pro-mes-eu-levo-pra-semana-agora\/\" \/>\n<meta property=\"og:locale\" content=\"pt_BR\" \/>\n<meta property=\"og:type\" content=\"article\" \/>\n<meta property=\"og:title\" content=\"\u201cO que eu levava pro m\u00eas eu levo pra semana agora\u201d - Agazeta.net\" \/>\n<meta property=\"og:description\" content=\"Feij\u00e3o tem se tornado o vil\u00e3o da cesta b\u00e1sica\" \/>\n<meta property=\"og:url\" content=\"https:\/\/nk7-testes.com.br\/agazeta\/o-que-eu-levava-pro-mes-eu-levo-pra-semana-agora\/\" \/>\n<meta property=\"og:site_name\" content=\"Agazeta.net\" \/>\n<meta property=\"article:published_time\" content=\"2016-06-08T20:59:27+00:00\" \/>\n<meta property=\"og:image\" content=\"https:\/\/nk7-testes.com.br\/agazeta\/wp-content\/uploads\/2016\/06\/080616-cotidiano-feijao-tvgazeta.jpg\" \/>\n\t<meta property=\"og:image:width\" content=\"458\" \/>\n\t<meta property=\"og:image:height\" content=\"340\" \/>\n\t<meta property=\"og:image:type\" content=\"image\/jpeg\" \/>\n<meta name=\"author\" content=\"Agazeta.Net\" \/>\n<meta name=\"twitter:card\" content=\"summary_large_image\" \/>\n<meta name=\"twitter:label1\" content=\"Escrito por\" \/>\n\t<meta name=\"twitter:data1\" content=\"Agazeta.Net\" \/>\n\t<meta name=\"twitter:label2\" content=\"Est. tempo de leitura\" \/>\n\t<meta name=\"twitter:data2\" content=\"2 minutos\" \/>\n<script type=\"application\/ld+json\" class=\"yoast-schema-graph\">{\"@context\":\"https:\/\/schema.org\",\"@graph\":[{\"@type\":\"WebPage\",\"@id\":\"https:\/\/nk7-testes.com.br\/agazeta\/o-que-eu-levava-pro-mes-eu-levo-pra-semana-agora\/\",\"url\":\"https:\/\/nk7-testes.com.br\/agazeta\/o-que-eu-levava-pro-mes-eu-levo-pra-semana-agora\/\",\"name\":\"\u201cO que eu levava pro m\u00eas eu levo pra semana agora\u201d - Agazeta.net\",\"isPartOf\":{\"@id\":\"https:\/\/nk7-testes.com.br\/agazeta\/#website\"},\"primaryImageOfPage\":{\"@id\":\"https:\/\/nk7-testes.com.br\/agazeta\/o-que-eu-levava-pro-mes-eu-levo-pra-semana-agora\/#primaryimage\"},\"image\":{\"@id\":\"https:\/\/nk7-testes.com.br\/agazeta\/o-que-eu-levava-pro-mes-eu-levo-pra-semana-agora\/#primaryimage\"},\"thumbnailUrl\":\"https:\/\/nk7-testes.com.br\/agazeta\/wp-content\/uploads\/2016\/06\/080616-cotidiano-feijao-tvgazeta.jpg\",\"datePublished\":\"2016-06-08T20:59:27+00:00\",\"author\":{\"@id\":\"https:\/\/nk7-testes.com.br\/agazeta\/#\/schema\/person\/6d6e25cb0435eb4a02fd44d30b4e3020\"},\"breadcrumb\":{\"@id\":\"https:\/\/nk7-testes.com.br\/agazeta\/o-que-eu-levava-pro-mes-eu-levo-pra-semana-agora\/#breadcrumb\"},\"inLanguage\":\"pt-BR\",\"potentialAction\":[{\"@type\":\"ReadAction\",\"target\":[\"https:\/\/nk7-testes.com.br\/agazeta\/o-que-eu-levava-pro-mes-eu-levo-pra-semana-agora\/\"]}]},{\"@type\":\"ImageObject\",\"inLanguage\":\"pt-BR\",\"@id\":\"https:\/\/nk7-testes.com.br\/agazeta\/o-que-eu-levava-pro-mes-eu-levo-pra-semana-agora\/#primaryimage\",\"url\":\"https:\/\/nk7-testes.com.br\/agazeta\/wp-content\/uploads\/2016\/06\/080616-cotidiano-feijao-tvgazeta.jpg\",\"contentUrl\":\"https:\/\/nk7-testes.com.br\/agazeta\/wp-content\/uploads\/2016\/06\/080616-cotidiano-feijao-tvgazeta.jpg\",\"width\":458,\"height\":340,\"caption\":\"080616-cotidiano-feijao-tvgazeta\"},{\"@type\":\"BreadcrumbList\",\"@id\":\"https:\/\/nk7-testes.com.br\/agazeta\/o-que-eu-levava-pro-mes-eu-levo-pra-semana-agora\/#breadcrumb\",\"itemListElement\":[{\"@type\":\"ListItem\",\"position\":1,\"name\":\"In\u00edcio\",\"item\":\"https:\/\/nk7-testes.com.br\/agazeta\/\"},{\"@type\":\"ListItem\",\"position\":2,\"name\":\"\u201cO que eu levava pro m\u00eas eu levo pra semana agora\u201d\"}]},{\"@type\":\"WebSite\",\"@id\":\"https:\/\/nk7-testes.com.br\/agazeta\/#website\",\"url\":\"https:\/\/nk7-testes.com.br\/agazeta\/\",\"name\":\"Agazeta.net\",\"description\":\"Agazeta.net - Not\u00edcias de Rio Branco\/AC\",\"potentialAction\":[{\"@type\":\"SearchAction\",\"target\":{\"@type\":\"EntryPoint\",\"urlTemplate\":\"https:\/\/nk7-testes.com.br\/agazeta\/?s={search_term_string}\"},\"query-input\":{\"@type\":\"PropertyValueSpecification\",\"valueRequired\":true,\"valueName\":\"search_term_string\"}}],\"inLanguage\":\"pt-BR\"},{\"@type\":\"Person\",\"@id\":\"https:\/\/nk7-testes.com.br\/agazeta\/#\/schema\/person\/6d6e25cb0435eb4a02fd44d30b4e3020\",\"name\":\"Agazeta.Net\",\"url\":\"https:\/\/nk7-testes.com.br\/agazeta\/author\/agazeta\/\"}]}<\/script>\n<!-- \/ Yoast SEO plugin. -->","yoast_head_json":{"title":"\u201cO que eu levava pro m\u00eas eu levo pra semana agora\u201d - Agazeta.net","robots":{"index":"index","follow":"follow","max-snippet":"max-snippet:-1","max-image-preview":"max-image-preview:large","max-video-preview":"max-video-preview:-1"},"canonical":"https:\/\/nk7-testes.com.br\/agazeta\/o-que-eu-levava-pro-mes-eu-levo-pra-semana-agora\/","og_locale":"pt_BR","og_type":"article","og_title":"\u201cO que eu levava pro m\u00eas eu levo pra semana agora\u201d - Agazeta.net","og_description":"Feij\u00e3o tem se tornado o vil\u00e3o da cesta b\u00e1sica","og_url":"https:\/\/nk7-testes.com.br\/agazeta\/o-que-eu-levava-pro-mes-eu-levo-pra-semana-agora\/","og_site_name":"Agazeta.net","article_published_time":"2016-06-08T20:59:27+00:00","og_image":[{"width":458,"height":340,"url":"https:\/\/nk7-testes.com.br\/agazeta\/wp-content\/uploads\/2016\/06\/080616-cotidiano-feijao-tvgazeta.jpg","type":"image\/jpeg"}],"author":"Agazeta.Net","twitter_card":"summary_large_image","twitter_misc":{"Escrito por":"Agazeta.Net","Est. tempo de leitura":"2 minutos"},"schema":{"@context":"https:\/\/schema.org","@graph":[{"@type":"WebPage","@id":"https:\/\/nk7-testes.com.br\/agazeta\/o-que-eu-levava-pro-mes-eu-levo-pra-semana-agora\/","url":"https:\/\/nk7-testes.com.br\/agazeta\/o-que-eu-levava-pro-mes-eu-levo-pra-semana-agora\/","name":"\u201cO que eu levava pro m\u00eas eu levo pra semana agora\u201d - Agazeta.net","isPartOf":{"@id":"https:\/\/nk7-testes.com.br\/agazeta\/#website"},"primaryImageOfPage":{"@id":"https:\/\/nk7-testes.com.br\/agazeta\/o-que-eu-levava-pro-mes-eu-levo-pra-semana-agora\/#primaryimage"},"image":{"@id":"https:\/\/nk7-testes.com.br\/agazeta\/o-que-eu-levava-pro-mes-eu-levo-pra-semana-agora\/#primaryimage"},"thumbnailUrl":"https:\/\/nk7-testes.com.br\/agazeta\/wp-content\/uploads\/2016\/06\/080616-cotidiano-feijao-tvgazeta.jpg","datePublished":"2016-06-08T20:59:27+00:00","author":{"@id":"https:\/\/nk7-testes.com.br\/agazeta\/#\/schema\/person\/6d6e25cb0435eb4a02fd44d30b4e3020"},"breadcrumb":{"@id":"https:\/\/nk7-testes.com.br\/agazeta\/o-que-eu-levava-pro-mes-eu-levo-pra-semana-agora\/#breadcrumb"},"inLanguage":"pt-BR","potentialAction":[{"@type":"ReadAction","target":["https:\/\/nk7-testes.com.br\/agazeta\/o-que-eu-levava-pro-mes-eu-levo-pra-semana-agora\/"]}]},{"@type":"ImageObject","inLanguage":"pt-BR","@id":"https:\/\/nk7-testes.com.br\/agazeta\/o-que-eu-levava-pro-mes-eu-levo-pra-semana-agora\/#primaryimage","url":"https:\/\/nk7-testes.com.br\/agazeta\/wp-content\/uploads\/2016\/06\/080616-cotidiano-feijao-tvgazeta.jpg","contentUrl":"https:\/\/nk7-testes.com.br\/agazeta\/wp-content\/uploads\/2016\/06\/080616-cotidiano-feijao-tvgazeta.jpg","width":458,"height":340,"caption":"080616-cotidiano-feijao-tvgazeta"},{"@type":"BreadcrumbList","@id":"https:\/\/nk7-testes.com.br\/agazeta\/o-que-eu-levava-pro-mes-eu-levo-pra-semana-agora\/#breadcrumb","itemListElement":[{"@type":"ListItem","position":1,"name":"In\u00edcio","item":"https:\/\/nk7-testes.com.br\/agazeta\/"},{"@type":"ListItem","position":2,"name":"\u201cO que eu levava pro m\u00eas eu levo pra semana agora\u201d"}]},{"@type":"WebSite","@id":"https:\/\/nk7-testes.com.br\/agazeta\/#website","url":"https:\/\/nk7-testes.com.br\/agazeta\/","name":"Agazeta.net","description":"Agazeta.net - Not\u00edcias de Rio Branco\/AC","potentialAction":[{"@type":"SearchAction","target":{"@type":"EntryPoint","urlTemplate":"https:\/\/nk7-testes.com.br\/agazeta\/?s={search_term_string}"},"query-input":{"@type":"PropertyValueSpecification","valueRequired":true,"valueName":"search_term_string"}}],"inLanguage":"pt-BR"},{"@type":"Person","@id":"https:\/\/nk7-testes.com.br\/agazeta\/#\/schema\/person\/6d6e25cb0435eb4a02fd44d30b4e3020","name":"Agazeta.Net","url":"https:\/\/nk7-testes.com.br\/agazeta\/author\/agazeta\/"}]}},"_links":{"self":[{"href":"https:\/\/nk7-testes.com.br\/agazeta\/wp-json\/wp\/v2\/posts\/23172","targetHints":{"allow":["GET"]}}],"collection":[{"href":"https:\/\/nk7-testes.com.br\/agazeta\/wp-json\/wp\/v2\/posts"}],"about":[{"href":"https:\/\/nk7-testes.com.br\/agazeta\/wp-json\/wp\/v2\/types\/post"}],"author":[{"embeddable":true,"href":"https:\/\/nk7-testes.com.br\/agazeta\/wp-json\/wp\/v2\/users\/4"}],"replies":[{"embeddable":true,"href":"https:\/\/nk7-testes.com.br\/agazeta\/wp-json\/wp\/v2\/comments?post=23172"}],"version-history":[{"count":0,"href":"https:\/\/nk7-testes.com.br\/agazeta\/wp-json\/wp\/v2\/posts\/23172\/revisions"}],"wp:featuredmedia":[{"embeddable":true,"href":"https:\/\/nk7-testes.com.br\/agazeta\/wp-json\/wp\/v2\/media\/23166"}],"wp:attachment":[{"href":"https:\/\/nk7-testes.com.br\/agazeta\/wp-json\/wp\/v2\/media?parent=23172"}],"wp:term":[{"taxonomy":"category","embeddable":true,"href":"https:\/\/nk7-testes.com.br\/agazeta\/wp-json\/wp\/v2\/categories?post=23172"},{"taxonomy":"post_tag","embeddable":true,"href":"https:\/\/nk7-testes.com.br\/agazeta\/wp-json\/wp\/v2\/tags?post=23172"}],"curies":[{"name":"wp","href":"https:\/\/api.w.org\/{rel}","templated":true}]}}