{"id":23165,"date":"2016-06-08T16:53:31","date_gmt":"2016-06-08T16:53:31","guid":{"rendered":"https:\/\/abarevegan.com.br\/index.php\/2016\/06\/08\/pacientes-da-upa-sobral-reclamam-de-atendimento\/"},"modified":"2016-06-08T16:53:31","modified_gmt":"2016-06-08T16:53:31","slug":"pacientes-da-upa-sobral-reclamam-de-atendimento","status":"publish","type":"post","link":"https:\/\/nk7-testes.com.br\/agazeta\/pacientes-da-upa-sobral-reclamam-de-atendimento\/","title":{"rendered":"Pacientes da UPA Sobral reclamam de atendimento"},"content":{"rendered":"<p style=\"text-align: justify;\">Governo nega falta de pediatras na Baixada da Sobral<\/p>\n<p style=\"text-align: justify;\">Mais uma vez pacientes da UPA reclamam da demora no atendimento e da falta de m\u00e9dicos na UPA do bairro Sobral. O pai de uma crian\u00e7a de 7 meses reclamou da demora para atender o filho com febre, segundo ele, desde \u00e1s 16h aguardava atendimento no local, quando nossa reportagem chegou na UPA j\u00e1 passava das 7 da noite.<\/p>\n<p style=\"text-align: justify;\">Um paciente idoso passando mal era abanado pela filha que reclamou da demora no atendimento, al\u00e9m de outros pacientes ouvidos por nossa reportagem.<\/p>\n<p style=\"text-align: justify;\"><strong>Vers\u00e3o do Governo<\/strong><\/p>\n<p style=\"text-align: justify;\">De acordo com a dire\u00e7\u00e3o cl\u00ednica da Unidade de Pronto Atendimento (UPA) Franco Silva, o plant\u00e3o desta ter\u00e7a-feira, 7, contou com dois pediatras, um no per\u00edodo da manh\u00e3 e outro a tarde.<\/p>\n<p style=\"text-align: justify;\">Ressaltamos que os m\u00e9dicos pediatras e cl\u00ednicos que atendem no ambulat\u00f3rio tamb\u00e9m passam prestando atendimento aos pacientes que est\u00e3o em observa\u00e7\u00e3o naquela unidade para que eles tenham o acompanhamento correto.<\/p>\n<p style=\"text-align: justify;\">Depois de realizar essas visitas, esses m\u00e9dicos seguem para atendimento de urg\u00eancia e emerg\u00eancia, dando prioridade para os pacientes que est\u00e3o com classifica\u00e7\u00e3o de risco elevado. A prioridade sempre ser\u00e1 quem receber classifica\u00e7\u00e3o vermelha, seguida pela laranja e amarela.<\/p>\n<p style=\"text-align: justify;\">Alguns pacientes n\u00e3o aceitam a classifica\u00e7\u00e3o e querem ser atendido de imediato, o que n\u00e3o pode acontecer, pois o atendimento em UPAs n\u00e3o ocorre por ordem de chegada, mas por classifica\u00e7\u00e3o de risco, regida pelo Protocolo de Manchester, uma orienta\u00e7\u00e3o internacional de sa\u00fade que preconiza quais queixas e sintomas apresentados pelos pacientes deve ter prioridade no atendimento m\u00e9dico.<\/p>\n<p style=\"text-align: justify;\">\u00c9 importante destacar que a falta de profissional pediatra \u00e9 sentida em todo o Brasil, n\u00e3o \u00e9 uma realidade apenas do Acre. O governo do Estado vem realizando concursos p\u00fablicos e processos seletivos para contrata\u00e7\u00e3o desses profissionais, mas infelizmente n\u00e3o apareceu candidato suficiente para preencher todas as vagas dispon\u00edveis nos editais.<\/p>\n","protected":false},"excerpt":{"rendered":"<p style=\"text-align: justify;\">Governo nega falta de pediatras na Baixada da Sobral<\/p>\n","protected":false},"author":4,"featured_media":23164,"comment_status":"open","ping_status":"open","sticky":false,"template":"","format":"standard","meta":{"jnews-multi-image_gallery":[],"jnews_single_post":[],"jnews_primary_category":[],"jnews_social_meta":[],"jnews_review":[],"enable_review":"","type":"","name":"","summary":"","brand":"","sku":"","good":[],"bad":[],"score_override":"","override_value":"","rating":[],"price":[],"footnotes":""},"categories":[54],"tags":[],"class_list":["post-23165","post","type-post","status-publish","format-standard","has-post-thumbnail","hentry","category-cotidiano"],"yoast_head":"<!-- This site is optimized with the Yoast SEO plugin v26.5 - https:\/\/yoast.com\/wordpress\/plugins\/seo\/ -->\n<title>Pacientes da UPA Sobral reclamam de atendimento - Agazeta.net<\/title>\n<meta name=\"robots\" content=\"index, follow, max-snippet:-1, max-image-preview:large, max-video-preview:-1\" \/>\n<link rel=\"canonical\" href=\"https:\/\/nk7-testes.com.br\/agazeta\/pacientes-da-upa-sobral-reclamam-de-atendimento\/\" \/>\n<meta property=\"og:locale\" content=\"pt_BR\" \/>\n<meta property=\"og:type\" content=\"article\" \/>\n<meta property=\"og:title\" content=\"Pacientes da UPA Sobral reclamam de atendimento - Agazeta.net\" \/>\n<meta property=\"og:description\" content=\"Governo nega falta de pediatras na Baixada da Sobral\" \/>\n<meta property=\"og:url\" content=\"https:\/\/nk7-testes.com.br\/agazeta\/pacientes-da-upa-sobral-reclamam-de-atendimento\/\" \/>\n<meta property=\"og:site_name\" content=\"Agazeta.net\" \/>\n<meta property=\"article:published_time\" content=\"2016-06-08T16:53:31+00:00\" \/>\n<meta property=\"og:image\" content=\"https:\/\/nk7-testes.com.br\/agazeta\/wp-content\/uploads\/2016\/06\/080616-cotidiano-upaatendimento-cleriston.jpg\" \/>\n\t<meta property=\"og:image:width\" content=\"458\" \/>\n\t<meta property=\"og:image:height\" content=\"340\" \/>\n\t<meta property=\"og:image:type\" content=\"image\/jpeg\" \/>\n<meta name=\"author\" content=\"Agazeta.Net\" \/>\n<meta name=\"twitter:card\" content=\"summary_large_image\" \/>\n<meta name=\"twitter:label1\" content=\"Escrito por\" \/>\n\t<meta name=\"twitter:data1\" content=\"Agazeta.Net\" \/>\n\t<meta name=\"twitter:label2\" content=\"Est. tempo de leitura\" \/>\n\t<meta name=\"twitter:data2\" content=\"2 minutos\" \/>\n<script type=\"application\/ld+json\" class=\"yoast-schema-graph\">{\"@context\":\"https:\/\/schema.org\",\"@graph\":[{\"@type\":\"WebPage\",\"@id\":\"https:\/\/nk7-testes.com.br\/agazeta\/pacientes-da-upa-sobral-reclamam-de-atendimento\/\",\"url\":\"https:\/\/nk7-testes.com.br\/agazeta\/pacientes-da-upa-sobral-reclamam-de-atendimento\/\",\"name\":\"Pacientes da UPA Sobral reclamam de atendimento - Agazeta.net\",\"isPartOf\":{\"@id\":\"https:\/\/nk7-testes.com.br\/agazeta\/#website\"},\"primaryImageOfPage\":{\"@id\":\"https:\/\/nk7-testes.com.br\/agazeta\/pacientes-da-upa-sobral-reclamam-de-atendimento\/#primaryimage\"},\"image\":{\"@id\":\"https:\/\/nk7-testes.com.br\/agazeta\/pacientes-da-upa-sobral-reclamam-de-atendimento\/#primaryimage\"},\"thumbnailUrl\":\"https:\/\/nk7-testes.com.br\/agazeta\/wp-content\/uploads\/2016\/06\/080616-cotidiano-upaatendimento-cleriston.jpg\",\"datePublished\":\"2016-06-08T16:53:31+00:00\",\"author\":{\"@id\":\"https:\/\/nk7-testes.com.br\/agazeta\/#\/schema\/person\/6d6e25cb0435eb4a02fd44d30b4e3020\"},\"breadcrumb\":{\"@id\":\"https:\/\/nk7-testes.com.br\/agazeta\/pacientes-da-upa-sobral-reclamam-de-atendimento\/#breadcrumb\"},\"inLanguage\":\"pt-BR\",\"potentialAction\":[{\"@type\":\"ReadAction\",\"target\":[\"https:\/\/nk7-testes.com.br\/agazeta\/pacientes-da-upa-sobral-reclamam-de-atendimento\/\"]}]},{\"@type\":\"ImageObject\",\"inLanguage\":\"pt-BR\",\"@id\":\"https:\/\/nk7-testes.com.br\/agazeta\/pacientes-da-upa-sobral-reclamam-de-atendimento\/#primaryimage\",\"url\":\"https:\/\/nk7-testes.com.br\/agazeta\/wp-content\/uploads\/2016\/06\/080616-cotidiano-upaatendimento-cleriston.jpg\",\"contentUrl\":\"https:\/\/nk7-testes.com.br\/agazeta\/wp-content\/uploads\/2016\/06\/080616-cotidiano-upaatendimento-cleriston.jpg\",\"width\":458,\"height\":340,\"caption\":\"080616-cotidiano-upaatendimento-cleriston\"},{\"@type\":\"BreadcrumbList\",\"@id\":\"https:\/\/nk7-testes.com.br\/agazeta\/pacientes-da-upa-sobral-reclamam-de-atendimento\/#breadcrumb\",\"itemListElement\":[{\"@type\":\"ListItem\",\"position\":1,\"name\":\"In\u00edcio\",\"item\":\"https:\/\/nk7-testes.com.br\/agazeta\/\"},{\"@type\":\"ListItem\",\"position\":2,\"name\":\"Pacientes da UPA Sobral reclamam de atendimento\"}]},{\"@type\":\"WebSite\",\"@id\":\"https:\/\/nk7-testes.com.br\/agazeta\/#website\",\"url\":\"https:\/\/nk7-testes.com.br\/agazeta\/\",\"name\":\"Agazeta.net\",\"description\":\"Agazeta.net - Not\u00edcias de Rio Branco\/AC\",\"potentialAction\":[{\"@type\":\"SearchAction\",\"target\":{\"@type\":\"EntryPoint\",\"urlTemplate\":\"https:\/\/nk7-testes.com.br\/agazeta\/?s={search_term_string}\"},\"query-input\":{\"@type\":\"PropertyValueSpecification\",\"valueRequired\":true,\"valueName\":\"search_term_string\"}}],\"inLanguage\":\"pt-BR\"},{\"@type\":\"Person\",\"@id\":\"https:\/\/nk7-testes.com.br\/agazeta\/#\/schema\/person\/6d6e25cb0435eb4a02fd44d30b4e3020\",\"name\":\"Agazeta.Net\",\"url\":\"https:\/\/nk7-testes.com.br\/agazeta\/author\/agazeta\/\"}]}<\/script>\n<!-- \/ Yoast SEO plugin. -->","yoast_head_json":{"title":"Pacientes da UPA Sobral reclamam de atendimento - Agazeta.net","robots":{"index":"index","follow":"follow","max-snippet":"max-snippet:-1","max-image-preview":"max-image-preview:large","max-video-preview":"max-video-preview:-1"},"canonical":"https:\/\/nk7-testes.com.br\/agazeta\/pacientes-da-upa-sobral-reclamam-de-atendimento\/","og_locale":"pt_BR","og_type":"article","og_title":"Pacientes da UPA Sobral reclamam de atendimento - Agazeta.net","og_description":"Governo nega falta de pediatras na Baixada da Sobral","og_url":"https:\/\/nk7-testes.com.br\/agazeta\/pacientes-da-upa-sobral-reclamam-de-atendimento\/","og_site_name":"Agazeta.net","article_published_time":"2016-06-08T16:53:31+00:00","og_image":[{"width":458,"height":340,"url":"https:\/\/nk7-testes.com.br\/agazeta\/wp-content\/uploads\/2016\/06\/080616-cotidiano-upaatendimento-cleriston.jpg","type":"image\/jpeg"}],"author":"Agazeta.Net","twitter_card":"summary_large_image","twitter_misc":{"Escrito por":"Agazeta.Net","Est. tempo de leitura":"2 minutos"},"schema":{"@context":"https:\/\/schema.org","@graph":[{"@type":"WebPage","@id":"https:\/\/nk7-testes.com.br\/agazeta\/pacientes-da-upa-sobral-reclamam-de-atendimento\/","url":"https:\/\/nk7-testes.com.br\/agazeta\/pacientes-da-upa-sobral-reclamam-de-atendimento\/","name":"Pacientes da UPA Sobral reclamam de atendimento - Agazeta.net","isPartOf":{"@id":"https:\/\/nk7-testes.com.br\/agazeta\/#website"},"primaryImageOfPage":{"@id":"https:\/\/nk7-testes.com.br\/agazeta\/pacientes-da-upa-sobral-reclamam-de-atendimento\/#primaryimage"},"image":{"@id":"https:\/\/nk7-testes.com.br\/agazeta\/pacientes-da-upa-sobral-reclamam-de-atendimento\/#primaryimage"},"thumbnailUrl":"https:\/\/nk7-testes.com.br\/agazeta\/wp-content\/uploads\/2016\/06\/080616-cotidiano-upaatendimento-cleriston.jpg","datePublished":"2016-06-08T16:53:31+00:00","author":{"@id":"https:\/\/nk7-testes.com.br\/agazeta\/#\/schema\/person\/6d6e25cb0435eb4a02fd44d30b4e3020"},"breadcrumb":{"@id":"https:\/\/nk7-testes.com.br\/agazeta\/pacientes-da-upa-sobral-reclamam-de-atendimento\/#breadcrumb"},"inLanguage":"pt-BR","potentialAction":[{"@type":"ReadAction","target":["https:\/\/nk7-testes.com.br\/agazeta\/pacientes-da-upa-sobral-reclamam-de-atendimento\/"]}]},{"@type":"ImageObject","inLanguage":"pt-BR","@id":"https:\/\/nk7-testes.com.br\/agazeta\/pacientes-da-upa-sobral-reclamam-de-atendimento\/#primaryimage","url":"https:\/\/nk7-testes.com.br\/agazeta\/wp-content\/uploads\/2016\/06\/080616-cotidiano-upaatendimento-cleriston.jpg","contentUrl":"https:\/\/nk7-testes.com.br\/agazeta\/wp-content\/uploads\/2016\/06\/080616-cotidiano-upaatendimento-cleriston.jpg","width":458,"height":340,"caption":"080616-cotidiano-upaatendimento-cleriston"},{"@type":"BreadcrumbList","@id":"https:\/\/nk7-testes.com.br\/agazeta\/pacientes-da-upa-sobral-reclamam-de-atendimento\/#breadcrumb","itemListElement":[{"@type":"ListItem","position":1,"name":"In\u00edcio","item":"https:\/\/nk7-testes.com.br\/agazeta\/"},{"@type":"ListItem","position":2,"name":"Pacientes da UPA Sobral reclamam de atendimento"}]},{"@type":"WebSite","@id":"https:\/\/nk7-testes.com.br\/agazeta\/#website","url":"https:\/\/nk7-testes.com.br\/agazeta\/","name":"Agazeta.net","description":"Agazeta.net - Not\u00edcias de Rio Branco\/AC","potentialAction":[{"@type":"SearchAction","target":{"@type":"EntryPoint","urlTemplate":"https:\/\/nk7-testes.com.br\/agazeta\/?s={search_term_string}"},"query-input":{"@type":"PropertyValueSpecification","valueRequired":true,"valueName":"search_term_string"}}],"inLanguage":"pt-BR"},{"@type":"Person","@id":"https:\/\/nk7-testes.com.br\/agazeta\/#\/schema\/person\/6d6e25cb0435eb4a02fd44d30b4e3020","name":"Agazeta.Net","url":"https:\/\/nk7-testes.com.br\/agazeta\/author\/agazeta\/"}]}},"_links":{"self":[{"href":"https:\/\/nk7-testes.com.br\/agazeta\/wp-json\/wp\/v2\/posts\/23165","targetHints":{"allow":["GET"]}}],"collection":[{"href":"https:\/\/nk7-testes.com.br\/agazeta\/wp-json\/wp\/v2\/posts"}],"about":[{"href":"https:\/\/nk7-testes.com.br\/agazeta\/wp-json\/wp\/v2\/types\/post"}],"author":[{"embeddable":true,"href":"https:\/\/nk7-testes.com.br\/agazeta\/wp-json\/wp\/v2\/users\/4"}],"replies":[{"embeddable":true,"href":"https:\/\/nk7-testes.com.br\/agazeta\/wp-json\/wp\/v2\/comments?post=23165"}],"version-history":[{"count":0,"href":"https:\/\/nk7-testes.com.br\/agazeta\/wp-json\/wp\/v2\/posts\/23165\/revisions"}],"wp:featuredmedia":[{"embeddable":true,"href":"https:\/\/nk7-testes.com.br\/agazeta\/wp-json\/wp\/v2\/media\/23164"}],"wp:attachment":[{"href":"https:\/\/nk7-testes.com.br\/agazeta\/wp-json\/wp\/v2\/media?parent=23165"}],"wp:term":[{"taxonomy":"category","embeddable":true,"href":"https:\/\/nk7-testes.com.br\/agazeta\/wp-json\/wp\/v2\/categories?post=23165"},{"taxonomy":"post_tag","embeddable":true,"href":"https:\/\/nk7-testes.com.br\/agazeta\/wp-json\/wp\/v2\/tags?post=23165"}],"curies":[{"name":"wp","href":"https:\/\/api.w.org\/{rel}","templated":true}]}}