{"id":23147,"date":"2016-06-07T21:35:52","date_gmt":"2016-06-07T21:35:52","guid":{"rendered":"https:\/\/abarevegan.com.br\/index.php\/2016\/06\/07\/liderancas-indigenas-articulam-direcoes-das-casais\/"},"modified":"2016-06-07T21:35:52","modified_gmt":"2016-06-07T21:35:52","slug":"liderancas-indigenas-articulam-direcoes-das-casais","status":"publish","type":"post","link":"https:\/\/nk7-testes.com.br\/agazeta\/liderancas-indigenas-articulam-direcoes-das-casais\/","title":{"rendered":"Lideran\u00e7as ind\u00edgenas articulam dire\u00e7\u00f5es das Casais"},"content":{"rendered":"<p style=\"text-align: justify;\">Movimento quer diretores com identidade entre etnias<\/p>\n<p style=\"text-align: justify;\">As lideran\u00e7as ind\u00edgenas est\u00e3o preocupadas com as mudan\u00e7as que v\u00e3o ocorrer nos \u00f3rg\u00e3os federais. Um grupo se reuniu na manh\u00e3 dessa ter\u00e7a-feira para mostrar for\u00e7a e uni\u00e3o.<\/p>\n<p style=\"text-align: justify;\">No Acre, a Funai e as casas de apoio aos ind\u00edgenas, chamadas de Casai, podem ganhar novas dire\u00e7\u00f5es a qualquer momento.<\/p>\n<p style=\"text-align: justify;\">Esses cargos s\u00e3o decididos pelos partidos pol\u00edticos e as lideran\u00e7as j\u00e1 procuraram essas siglas para informar que at\u00e9 pode vir de uma decis\u00e3o pol\u00edtica, mas, o pretenso candidato ao cargo, deve ser ligado \u00e0s etnias.<\/p>\n<p style=\"text-align: justify;\">Sab\u00e1 Manchineri, uma das lideran\u00e7as, disse que muitos \u00edndios est\u00e3o aptos e preparados para ocupar essas vagas. Para os ind\u00edgenas, as pol\u00edticas atuais da FUNAI est\u00e3o distantes dos anseios ind\u00edgenas.<\/p>\n<p style=\"text-align: justify;\">\u201cNa Sa\u00fade, faltam medicamentos, m\u00e9dicos e dentistas nas aldeias e quando se lan\u00e7a uma pol\u00edtica nova de assist\u00eancia, geralmente n\u00e3o se houve as lideran\u00e7as que sabem onde est\u00e3o os verdadeiros problemas\u201d, alertou.<\/p>\n<p style=\"text-align: justify;\">No pr\u00f3ximo dia 14, come\u00e7a uma s\u00e9rie de encontros com as lideran\u00e7as ind\u00edgenas de todo o estado para discutir as pol\u00edticas p\u00fablicas para as aldeias. Do encontro, sa\u00edra um documento para que os gestores p\u00fablicos possam conhecer a realidade das etnias e os campos de atua\u00e7\u00e3o para melhorar a assist\u00eancia ind\u00edgena.<\/p>\n","protected":false},"excerpt":{"rendered":"<p style=\"text-align: justify;\">Movimento quer diretores com identidade entre etnias<\/p>\n","protected":false},"author":4,"featured_media":23146,"comment_status":"open","ping_status":"open","sticky":false,"template":"","format":"standard","meta":{"jnews-multi-image_gallery":[],"jnews_single_post":[],"jnews_primary_category":[],"jnews_social_meta":[],"jnews_review":[],"enable_review":"","type":"","name":"","summary":"","brand":"","sku":"","good":[],"bad":[],"score_override":"","override_value":"","rating":[],"price":[],"footnotes":""},"categories":[54],"tags":[],"class_list":["post-23147","post","type-post","status-publish","format-standard","has-post-thumbnail","hentry","category-cotidiano"],"yoast_head":"<!-- This site is optimized with the Yoast SEO plugin v26.5 - https:\/\/yoast.com\/wordpress\/plugins\/seo\/ -->\n<title>Lideran\u00e7as ind\u00edgenas articulam dire\u00e7\u00f5es das Casais - Agazeta.net<\/title>\n<meta name=\"robots\" content=\"index, follow, max-snippet:-1, max-image-preview:large, max-video-preview:-1\" \/>\n<link rel=\"canonical\" href=\"https:\/\/nk7-testes.com.br\/agazeta\/liderancas-indigenas-articulam-direcoes-das-casais\/\" \/>\n<meta property=\"og:locale\" content=\"pt_BR\" \/>\n<meta property=\"og:type\" content=\"article\" \/>\n<meta property=\"og:title\" content=\"Lideran\u00e7as ind\u00edgenas articulam dire\u00e7\u00f5es das Casais - Agazeta.net\" \/>\n<meta property=\"og:description\" content=\"Movimento quer diretores com identidade entre etnias\" \/>\n<meta property=\"og:url\" content=\"https:\/\/nk7-testes.com.br\/agazeta\/liderancas-indigenas-articulam-direcoes-das-casais\/\" \/>\n<meta property=\"og:site_name\" content=\"Agazeta.net\" \/>\n<meta property=\"article:published_time\" content=\"2016-06-07T21:35:52+00:00\" \/>\n<meta property=\"og:image\" content=\"https:\/\/nk7-testes.com.br\/agazeta\/wp-content\/uploads\/2016\/06\/070616-politica-liderancasindigenas-tvgazeta.jpg\" \/>\n\t<meta property=\"og:image:width\" content=\"458\" \/>\n\t<meta property=\"og:image:height\" content=\"340\" \/>\n\t<meta property=\"og:image:type\" content=\"image\/jpeg\" \/>\n<meta name=\"author\" content=\"Agazeta.Net\" \/>\n<meta name=\"twitter:card\" content=\"summary_large_image\" \/>\n<meta name=\"twitter:label1\" content=\"Escrito por\" \/>\n\t<meta name=\"twitter:data1\" content=\"Agazeta.Net\" \/>\n\t<meta name=\"twitter:label2\" content=\"Est. tempo de leitura\" \/>\n\t<meta name=\"twitter:data2\" content=\"1 minuto\" \/>\n<script type=\"application\/ld+json\" class=\"yoast-schema-graph\">{\"@context\":\"https:\/\/schema.org\",\"@graph\":[{\"@type\":\"WebPage\",\"@id\":\"https:\/\/nk7-testes.com.br\/agazeta\/liderancas-indigenas-articulam-direcoes-das-casais\/\",\"url\":\"https:\/\/nk7-testes.com.br\/agazeta\/liderancas-indigenas-articulam-direcoes-das-casais\/\",\"name\":\"Lideran\u00e7as ind\u00edgenas articulam dire\u00e7\u00f5es das Casais - Agazeta.net\",\"isPartOf\":{\"@id\":\"https:\/\/nk7-testes.com.br\/agazeta\/#website\"},\"primaryImageOfPage\":{\"@id\":\"https:\/\/nk7-testes.com.br\/agazeta\/liderancas-indigenas-articulam-direcoes-das-casais\/#primaryimage\"},\"image\":{\"@id\":\"https:\/\/nk7-testes.com.br\/agazeta\/liderancas-indigenas-articulam-direcoes-das-casais\/#primaryimage\"},\"thumbnailUrl\":\"https:\/\/nk7-testes.com.br\/agazeta\/wp-content\/uploads\/2016\/06\/070616-politica-liderancasindigenas-tvgazeta.jpg\",\"datePublished\":\"2016-06-07T21:35:52+00:00\",\"author\":{\"@id\":\"https:\/\/nk7-testes.com.br\/agazeta\/#\/schema\/person\/6d6e25cb0435eb4a02fd44d30b4e3020\"},\"breadcrumb\":{\"@id\":\"https:\/\/nk7-testes.com.br\/agazeta\/liderancas-indigenas-articulam-direcoes-das-casais\/#breadcrumb\"},\"inLanguage\":\"pt-BR\",\"potentialAction\":[{\"@type\":\"ReadAction\",\"target\":[\"https:\/\/nk7-testes.com.br\/agazeta\/liderancas-indigenas-articulam-direcoes-das-casais\/\"]}]},{\"@type\":\"ImageObject\",\"inLanguage\":\"pt-BR\",\"@id\":\"https:\/\/nk7-testes.com.br\/agazeta\/liderancas-indigenas-articulam-direcoes-das-casais\/#primaryimage\",\"url\":\"https:\/\/nk7-testes.com.br\/agazeta\/wp-content\/uploads\/2016\/06\/070616-politica-liderancasindigenas-tvgazeta.jpg\",\"contentUrl\":\"https:\/\/nk7-testes.com.br\/agazeta\/wp-content\/uploads\/2016\/06\/070616-politica-liderancasindigenas-tvgazeta.jpg\",\"width\":458,\"height\":340,\"caption\":\"070616-politica-liderancasindigenas-tvgazeta\"},{\"@type\":\"BreadcrumbList\",\"@id\":\"https:\/\/nk7-testes.com.br\/agazeta\/liderancas-indigenas-articulam-direcoes-das-casais\/#breadcrumb\",\"itemListElement\":[{\"@type\":\"ListItem\",\"position\":1,\"name\":\"In\u00edcio\",\"item\":\"https:\/\/nk7-testes.com.br\/agazeta\/\"},{\"@type\":\"ListItem\",\"position\":2,\"name\":\"Lideran\u00e7as ind\u00edgenas articulam dire\u00e7\u00f5es das Casais\"}]},{\"@type\":\"WebSite\",\"@id\":\"https:\/\/nk7-testes.com.br\/agazeta\/#website\",\"url\":\"https:\/\/nk7-testes.com.br\/agazeta\/\",\"name\":\"Agazeta.net\",\"description\":\"Agazeta.net - Not\u00edcias de Rio Branco\/AC\",\"potentialAction\":[{\"@type\":\"SearchAction\",\"target\":{\"@type\":\"EntryPoint\",\"urlTemplate\":\"https:\/\/nk7-testes.com.br\/agazeta\/?s={search_term_string}\"},\"query-input\":{\"@type\":\"PropertyValueSpecification\",\"valueRequired\":true,\"valueName\":\"search_term_string\"}}],\"inLanguage\":\"pt-BR\"},{\"@type\":\"Person\",\"@id\":\"https:\/\/nk7-testes.com.br\/agazeta\/#\/schema\/person\/6d6e25cb0435eb4a02fd44d30b4e3020\",\"name\":\"Agazeta.Net\",\"url\":\"https:\/\/nk7-testes.com.br\/agazeta\/author\/agazeta\/\"}]}<\/script>\n<!-- \/ Yoast SEO plugin. -->","yoast_head_json":{"title":"Lideran\u00e7as ind\u00edgenas articulam dire\u00e7\u00f5es das Casais - Agazeta.net","robots":{"index":"index","follow":"follow","max-snippet":"max-snippet:-1","max-image-preview":"max-image-preview:large","max-video-preview":"max-video-preview:-1"},"canonical":"https:\/\/nk7-testes.com.br\/agazeta\/liderancas-indigenas-articulam-direcoes-das-casais\/","og_locale":"pt_BR","og_type":"article","og_title":"Lideran\u00e7as ind\u00edgenas articulam dire\u00e7\u00f5es das Casais - Agazeta.net","og_description":"Movimento quer diretores com identidade entre etnias","og_url":"https:\/\/nk7-testes.com.br\/agazeta\/liderancas-indigenas-articulam-direcoes-das-casais\/","og_site_name":"Agazeta.net","article_published_time":"2016-06-07T21:35:52+00:00","og_image":[{"width":458,"height":340,"url":"https:\/\/nk7-testes.com.br\/agazeta\/wp-content\/uploads\/2016\/06\/070616-politica-liderancasindigenas-tvgazeta.jpg","type":"image\/jpeg"}],"author":"Agazeta.Net","twitter_card":"summary_large_image","twitter_misc":{"Escrito por":"Agazeta.Net","Est. tempo de leitura":"1 minuto"},"schema":{"@context":"https:\/\/schema.org","@graph":[{"@type":"WebPage","@id":"https:\/\/nk7-testes.com.br\/agazeta\/liderancas-indigenas-articulam-direcoes-das-casais\/","url":"https:\/\/nk7-testes.com.br\/agazeta\/liderancas-indigenas-articulam-direcoes-das-casais\/","name":"Lideran\u00e7as ind\u00edgenas articulam dire\u00e7\u00f5es das Casais - Agazeta.net","isPartOf":{"@id":"https:\/\/nk7-testes.com.br\/agazeta\/#website"},"primaryImageOfPage":{"@id":"https:\/\/nk7-testes.com.br\/agazeta\/liderancas-indigenas-articulam-direcoes-das-casais\/#primaryimage"},"image":{"@id":"https:\/\/nk7-testes.com.br\/agazeta\/liderancas-indigenas-articulam-direcoes-das-casais\/#primaryimage"},"thumbnailUrl":"https:\/\/nk7-testes.com.br\/agazeta\/wp-content\/uploads\/2016\/06\/070616-politica-liderancasindigenas-tvgazeta.jpg","datePublished":"2016-06-07T21:35:52+00:00","author":{"@id":"https:\/\/nk7-testes.com.br\/agazeta\/#\/schema\/person\/6d6e25cb0435eb4a02fd44d30b4e3020"},"breadcrumb":{"@id":"https:\/\/nk7-testes.com.br\/agazeta\/liderancas-indigenas-articulam-direcoes-das-casais\/#breadcrumb"},"inLanguage":"pt-BR","potentialAction":[{"@type":"ReadAction","target":["https:\/\/nk7-testes.com.br\/agazeta\/liderancas-indigenas-articulam-direcoes-das-casais\/"]}]},{"@type":"ImageObject","inLanguage":"pt-BR","@id":"https:\/\/nk7-testes.com.br\/agazeta\/liderancas-indigenas-articulam-direcoes-das-casais\/#primaryimage","url":"https:\/\/nk7-testes.com.br\/agazeta\/wp-content\/uploads\/2016\/06\/070616-politica-liderancasindigenas-tvgazeta.jpg","contentUrl":"https:\/\/nk7-testes.com.br\/agazeta\/wp-content\/uploads\/2016\/06\/070616-politica-liderancasindigenas-tvgazeta.jpg","width":458,"height":340,"caption":"070616-politica-liderancasindigenas-tvgazeta"},{"@type":"BreadcrumbList","@id":"https:\/\/nk7-testes.com.br\/agazeta\/liderancas-indigenas-articulam-direcoes-das-casais\/#breadcrumb","itemListElement":[{"@type":"ListItem","position":1,"name":"In\u00edcio","item":"https:\/\/nk7-testes.com.br\/agazeta\/"},{"@type":"ListItem","position":2,"name":"Lideran\u00e7as ind\u00edgenas articulam dire\u00e7\u00f5es das Casais"}]},{"@type":"WebSite","@id":"https:\/\/nk7-testes.com.br\/agazeta\/#website","url":"https:\/\/nk7-testes.com.br\/agazeta\/","name":"Agazeta.net","description":"Agazeta.net - Not\u00edcias de Rio Branco\/AC","potentialAction":[{"@type":"SearchAction","target":{"@type":"EntryPoint","urlTemplate":"https:\/\/nk7-testes.com.br\/agazeta\/?s={search_term_string}"},"query-input":{"@type":"PropertyValueSpecification","valueRequired":true,"valueName":"search_term_string"}}],"inLanguage":"pt-BR"},{"@type":"Person","@id":"https:\/\/nk7-testes.com.br\/agazeta\/#\/schema\/person\/6d6e25cb0435eb4a02fd44d30b4e3020","name":"Agazeta.Net","url":"https:\/\/nk7-testes.com.br\/agazeta\/author\/agazeta\/"}]}},"_links":{"self":[{"href":"https:\/\/nk7-testes.com.br\/agazeta\/wp-json\/wp\/v2\/posts\/23147","targetHints":{"allow":["GET"]}}],"collection":[{"href":"https:\/\/nk7-testes.com.br\/agazeta\/wp-json\/wp\/v2\/posts"}],"about":[{"href":"https:\/\/nk7-testes.com.br\/agazeta\/wp-json\/wp\/v2\/types\/post"}],"author":[{"embeddable":true,"href":"https:\/\/nk7-testes.com.br\/agazeta\/wp-json\/wp\/v2\/users\/4"}],"replies":[{"embeddable":true,"href":"https:\/\/nk7-testes.com.br\/agazeta\/wp-json\/wp\/v2\/comments?post=23147"}],"version-history":[{"count":0,"href":"https:\/\/nk7-testes.com.br\/agazeta\/wp-json\/wp\/v2\/posts\/23147\/revisions"}],"wp:featuredmedia":[{"embeddable":true,"href":"https:\/\/nk7-testes.com.br\/agazeta\/wp-json\/wp\/v2\/media\/23146"}],"wp:attachment":[{"href":"https:\/\/nk7-testes.com.br\/agazeta\/wp-json\/wp\/v2\/media?parent=23147"}],"wp:term":[{"taxonomy":"category","embeddable":true,"href":"https:\/\/nk7-testes.com.br\/agazeta\/wp-json\/wp\/v2\/categories?post=23147"},{"taxonomy":"post_tag","embeddable":true,"href":"https:\/\/nk7-testes.com.br\/agazeta\/wp-json\/wp\/v2\/tags?post=23147"}],"curies":[{"name":"wp","href":"https:\/\/api.w.org\/{rel}","templated":true}]}}