{"id":23141,"date":"2016-06-07T20:03:13","date_gmt":"2016-06-07T20:03:13","guid":{"rendered":"https:\/\/abarevegan.com.br\/index.php\/2016\/06\/07\/governo-recebe-familia-de-jovem-desaparecida\/"},"modified":"2016-06-07T20:03:13","modified_gmt":"2016-06-07T20:03:13","slug":"governo-recebe-familia-de-jovem-desaparecida","status":"publish","type":"post","link":"https:\/\/nk7-testes.com.br\/agazeta\/governo-recebe-familia-de-jovem-desaparecida\/","title":{"rendered":"Governo recebe fam\u00edlia de jovem desaparecida"},"content":{"rendered":"<p style=\"text-align: justify;\">Fam\u00edlia busca esclarecimentos sobre o caso<\/p>\n<p style=\"text-align: justify;\">Os secret\u00e1rios de Seguran\u00e7a P\u00fablica, Emylson Farias, e de Pol\u00edcia Civil, Carlos Fl\u00e1vio Portela, receberam familiares da jovem Rairleny Ganum da Silva, 19, desaparecida desde a \u00faltima quinta-feira (2).<\/p>\n<p style=\"text-align: justify;\">A fam\u00edlia cobrava esclarecimentos quanto ao caso, al\u00e9m de celeridade na resolu\u00e7\u00e3o. De acordo com o irm\u00e3o da jovem, Ronaldo Ganum, Rairleny e Arnaldo Praxedes, 63, eles n\u00e3o eram exatamente um casal, \u201celes tiveram um filho, fruto de um breve relacionamento, mas eles n\u00e3o viviam juntos. Ele era obcecado por ela, tinha um amor obsessivo, mas ela n\u00e3o queria sustentar aquilo\u201d.<\/p>\n<p style=\"text-align: justify;\">Os familiares conseguiram v\u00eddeos que servir\u00e3o para investiga\u00e7\u00e3o do caso e, segundo Ronaldo, a fam\u00edlia acredita que a jovem possa estar sendo mantida em c\u00e1rcere pelo idoso.<\/p>\n<p style=\"text-align: justify;\">\u201cA gente acredita, tudo leva a crer, que ele est\u00e1 com ela, possivelmente mantendo presa em algum lugar. A fam\u00edlia est\u00e1 abalada, todo mundo em estado de choque, principalmente as crian\u00e7as que chamam por ela\u201d.<\/p>\n<p style=\"text-align: justify;\">Durante a reuni\u00e3o, os secret\u00e1rios explicaram que o caso est\u00e1 sendo apurado pela Delegacia de Investiga\u00e7\u00e3o Criminal e que todo o poss\u00edvel est\u00e1 sendo feito para que o caso seja resolvido dentro do prazo legal de 30 dias.<\/p>\n<p style=\"text-align: justify;\">\u201c\u00c9 um caso complexo, com dificuldades, que ocorreu agora, h\u00e1 cinco dias. Temos algumas medidas cautelares j\u00e1 em andamento. Quem est\u00e1 conduzindo \u00e9 a Delegacia de Investiga\u00e7\u00e3o Criminal. Portanto, \u00e9 uma das melhores estruturas da Pol\u00edcia Civil\u201d, disse o secret\u00e1rio de Seguran\u00e7a P\u00fablica, Emylson Farias.<\/p>\n<p style=\"text-align: justify;\">Quanto \u00e0 suspeita da fam\u00edlia de que a jovem esteja em c\u00e1rcere privado, o secret\u00e1rio de Pol\u00edcia Civil disse que nenhuma hip\u00f3tese foi descartada. \u201cN\u00f3s n\u00e3o descartamos nenhuma hip\u00f3tese. Nada est\u00e1 descartado ent\u00e3o estamos investigando, o que menos importam s\u00e3o as linhas, o que a gente quer \u00e9 chegar a autoria, localizar essas pessoas e espera que estejam vivas\u201d.<\/p>\n<p style=\"text-align: justify;\"><strong>Entenda o caso<\/strong><\/p>\n<p style=\"text-align: justify;\">Rairleny Ganum da Silva, 19, e Arnaldo Reis Praxedes, 63, desapareceram na manh\u00e3 da ultima quinta-feira (2). O carro em que eles estavam foi encontrado no Ramal do Pica Pau, na regi\u00e3o do Amap\u00e1.<\/p>\n<p style=\"text-align: justify;\">Desde quinta-feira, a fam\u00edlia n\u00e3o tem informa\u00e7\u00f5es do paradeiro dos dois. O carro foi encontrado na noite do mesmo dia do desaparecimento.<\/p>\n","protected":false},"excerpt":{"rendered":"<p style=\"text-align: justify;\">Fam\u00edlia busca esclarecimentos sobre o caso<\/p>\n","protected":false},"author":4,"featured_media":23140,"comment_status":"open","ping_status":"open","sticky":false,"template":"","format":"standard","meta":{"jnews-multi-image_gallery":[],"jnews_single_post":[],"jnews_primary_category":[],"jnews_social_meta":[],"jnews_review":[],"enable_review":"","type":"","name":"","summary":"","brand":"","sku":"","good":[],"bad":[],"score_override":"","override_value":"","rating":[],"price":[],"footnotes":""},"categories":[44],"tags":[],"class_list":["post-23141","post","type-post","status-publish","format-standard","has-post-thumbnail","hentry","category-policia"],"yoast_head":"<!-- This site is optimized with the Yoast SEO plugin v26.5 - https:\/\/yoast.com\/wordpress\/plugins\/seo\/ -->\n<title>Governo recebe fam\u00edlia de jovem desaparecida - Agazeta.net<\/title>\n<meta name=\"robots\" content=\"index, follow, max-snippet:-1, max-image-preview:large, max-video-preview:-1\" \/>\n<link rel=\"canonical\" href=\"https:\/\/nk7-testes.com.br\/agazeta\/governo-recebe-familia-de-jovem-desaparecida\/\" \/>\n<meta property=\"og:locale\" content=\"pt_BR\" \/>\n<meta property=\"og:type\" content=\"article\" \/>\n<meta property=\"og:title\" content=\"Governo recebe fam\u00edlia de jovem desaparecida - Agazeta.net\" \/>\n<meta property=\"og:description\" content=\"Fam\u00edlia busca esclarecimentos sobre o caso\" \/>\n<meta property=\"og:url\" content=\"https:\/\/nk7-testes.com.br\/agazeta\/governo-recebe-familia-de-jovem-desaparecida\/\" \/>\n<meta property=\"og:site_name\" content=\"Agazeta.net\" \/>\n<meta property=\"article:published_time\" content=\"2016-06-07T20:03:13+00:00\" \/>\n<meta property=\"og:image\" content=\"https:\/\/nk7-testes.com.br\/agazeta\/wp-content\/uploads\/2016\/06\/070616-policia-familiaresmenina-taianelima.jpg\" \/>\n\t<meta property=\"og:image:width\" content=\"458\" \/>\n\t<meta property=\"og:image:height\" content=\"340\" \/>\n\t<meta property=\"og:image:type\" content=\"image\/jpeg\" \/>\n<meta name=\"author\" content=\"Agazeta.Net\" \/>\n<meta name=\"twitter:card\" content=\"summary_large_image\" \/>\n<meta name=\"twitter:label1\" content=\"Escrito por\" \/>\n\t<meta name=\"twitter:data1\" content=\"Agazeta.Net\" \/>\n\t<meta name=\"twitter:label2\" content=\"Est. tempo de leitura\" \/>\n\t<meta name=\"twitter:data2\" content=\"2 minutos\" \/>\n<script type=\"application\/ld+json\" class=\"yoast-schema-graph\">{\"@context\":\"https:\/\/schema.org\",\"@graph\":[{\"@type\":\"WebPage\",\"@id\":\"https:\/\/nk7-testes.com.br\/agazeta\/governo-recebe-familia-de-jovem-desaparecida\/\",\"url\":\"https:\/\/nk7-testes.com.br\/agazeta\/governo-recebe-familia-de-jovem-desaparecida\/\",\"name\":\"Governo recebe fam\u00edlia de jovem desaparecida - Agazeta.net\",\"isPartOf\":{\"@id\":\"https:\/\/nk7-testes.com.br\/agazeta\/#website\"},\"primaryImageOfPage\":{\"@id\":\"https:\/\/nk7-testes.com.br\/agazeta\/governo-recebe-familia-de-jovem-desaparecida\/#primaryimage\"},\"image\":{\"@id\":\"https:\/\/nk7-testes.com.br\/agazeta\/governo-recebe-familia-de-jovem-desaparecida\/#primaryimage\"},\"thumbnailUrl\":\"https:\/\/nk7-testes.com.br\/agazeta\/wp-content\/uploads\/2016\/06\/070616-policia-familiaresmenina-taianelima.jpg\",\"datePublished\":\"2016-06-07T20:03:13+00:00\",\"author\":{\"@id\":\"https:\/\/nk7-testes.com.br\/agazeta\/#\/schema\/person\/6d6e25cb0435eb4a02fd44d30b4e3020\"},\"breadcrumb\":{\"@id\":\"https:\/\/nk7-testes.com.br\/agazeta\/governo-recebe-familia-de-jovem-desaparecida\/#breadcrumb\"},\"inLanguage\":\"pt-BR\",\"potentialAction\":[{\"@type\":\"ReadAction\",\"target\":[\"https:\/\/nk7-testes.com.br\/agazeta\/governo-recebe-familia-de-jovem-desaparecida\/\"]}]},{\"@type\":\"ImageObject\",\"inLanguage\":\"pt-BR\",\"@id\":\"https:\/\/nk7-testes.com.br\/agazeta\/governo-recebe-familia-de-jovem-desaparecida\/#primaryimage\",\"url\":\"https:\/\/nk7-testes.com.br\/agazeta\/wp-content\/uploads\/2016\/06\/070616-policia-familiaresmenina-taianelima.jpg\",\"contentUrl\":\"https:\/\/nk7-testes.com.br\/agazeta\/wp-content\/uploads\/2016\/06\/070616-policia-familiaresmenina-taianelima.jpg\",\"width\":458,\"height\":340,\"caption\":\"070616-policia-familiaresmenina-taianelima\"},{\"@type\":\"BreadcrumbList\",\"@id\":\"https:\/\/nk7-testes.com.br\/agazeta\/governo-recebe-familia-de-jovem-desaparecida\/#breadcrumb\",\"itemListElement\":[{\"@type\":\"ListItem\",\"position\":1,\"name\":\"In\u00edcio\",\"item\":\"https:\/\/nk7-testes.com.br\/agazeta\/\"},{\"@type\":\"ListItem\",\"position\":2,\"name\":\"Governo recebe fam\u00edlia de jovem desaparecida\"}]},{\"@type\":\"WebSite\",\"@id\":\"https:\/\/nk7-testes.com.br\/agazeta\/#website\",\"url\":\"https:\/\/nk7-testes.com.br\/agazeta\/\",\"name\":\"Agazeta.net\",\"description\":\"Agazeta.net - Not\u00edcias de Rio Branco\/AC\",\"potentialAction\":[{\"@type\":\"SearchAction\",\"target\":{\"@type\":\"EntryPoint\",\"urlTemplate\":\"https:\/\/nk7-testes.com.br\/agazeta\/?s={search_term_string}\"},\"query-input\":{\"@type\":\"PropertyValueSpecification\",\"valueRequired\":true,\"valueName\":\"search_term_string\"}}],\"inLanguage\":\"pt-BR\"},{\"@type\":\"Person\",\"@id\":\"https:\/\/nk7-testes.com.br\/agazeta\/#\/schema\/person\/6d6e25cb0435eb4a02fd44d30b4e3020\",\"name\":\"Agazeta.Net\",\"url\":\"https:\/\/nk7-testes.com.br\/agazeta\/author\/agazeta\/\"}]}<\/script>\n<!-- \/ Yoast SEO plugin. -->","yoast_head_json":{"title":"Governo recebe fam\u00edlia de jovem desaparecida - Agazeta.net","robots":{"index":"index","follow":"follow","max-snippet":"max-snippet:-1","max-image-preview":"max-image-preview:large","max-video-preview":"max-video-preview:-1"},"canonical":"https:\/\/nk7-testes.com.br\/agazeta\/governo-recebe-familia-de-jovem-desaparecida\/","og_locale":"pt_BR","og_type":"article","og_title":"Governo recebe fam\u00edlia de jovem desaparecida - Agazeta.net","og_description":"Fam\u00edlia busca esclarecimentos sobre o caso","og_url":"https:\/\/nk7-testes.com.br\/agazeta\/governo-recebe-familia-de-jovem-desaparecida\/","og_site_name":"Agazeta.net","article_published_time":"2016-06-07T20:03:13+00:00","og_image":[{"width":458,"height":340,"url":"https:\/\/nk7-testes.com.br\/agazeta\/wp-content\/uploads\/2016\/06\/070616-policia-familiaresmenina-taianelima.jpg","type":"image\/jpeg"}],"author":"Agazeta.Net","twitter_card":"summary_large_image","twitter_misc":{"Escrito por":"Agazeta.Net","Est. tempo de leitura":"2 minutos"},"schema":{"@context":"https:\/\/schema.org","@graph":[{"@type":"WebPage","@id":"https:\/\/nk7-testes.com.br\/agazeta\/governo-recebe-familia-de-jovem-desaparecida\/","url":"https:\/\/nk7-testes.com.br\/agazeta\/governo-recebe-familia-de-jovem-desaparecida\/","name":"Governo recebe fam\u00edlia de jovem desaparecida - Agazeta.net","isPartOf":{"@id":"https:\/\/nk7-testes.com.br\/agazeta\/#website"},"primaryImageOfPage":{"@id":"https:\/\/nk7-testes.com.br\/agazeta\/governo-recebe-familia-de-jovem-desaparecida\/#primaryimage"},"image":{"@id":"https:\/\/nk7-testes.com.br\/agazeta\/governo-recebe-familia-de-jovem-desaparecida\/#primaryimage"},"thumbnailUrl":"https:\/\/nk7-testes.com.br\/agazeta\/wp-content\/uploads\/2016\/06\/070616-policia-familiaresmenina-taianelima.jpg","datePublished":"2016-06-07T20:03:13+00:00","author":{"@id":"https:\/\/nk7-testes.com.br\/agazeta\/#\/schema\/person\/6d6e25cb0435eb4a02fd44d30b4e3020"},"breadcrumb":{"@id":"https:\/\/nk7-testes.com.br\/agazeta\/governo-recebe-familia-de-jovem-desaparecida\/#breadcrumb"},"inLanguage":"pt-BR","potentialAction":[{"@type":"ReadAction","target":["https:\/\/nk7-testes.com.br\/agazeta\/governo-recebe-familia-de-jovem-desaparecida\/"]}]},{"@type":"ImageObject","inLanguage":"pt-BR","@id":"https:\/\/nk7-testes.com.br\/agazeta\/governo-recebe-familia-de-jovem-desaparecida\/#primaryimage","url":"https:\/\/nk7-testes.com.br\/agazeta\/wp-content\/uploads\/2016\/06\/070616-policia-familiaresmenina-taianelima.jpg","contentUrl":"https:\/\/nk7-testes.com.br\/agazeta\/wp-content\/uploads\/2016\/06\/070616-policia-familiaresmenina-taianelima.jpg","width":458,"height":340,"caption":"070616-policia-familiaresmenina-taianelima"},{"@type":"BreadcrumbList","@id":"https:\/\/nk7-testes.com.br\/agazeta\/governo-recebe-familia-de-jovem-desaparecida\/#breadcrumb","itemListElement":[{"@type":"ListItem","position":1,"name":"In\u00edcio","item":"https:\/\/nk7-testes.com.br\/agazeta\/"},{"@type":"ListItem","position":2,"name":"Governo recebe fam\u00edlia de jovem desaparecida"}]},{"@type":"WebSite","@id":"https:\/\/nk7-testes.com.br\/agazeta\/#website","url":"https:\/\/nk7-testes.com.br\/agazeta\/","name":"Agazeta.net","description":"Agazeta.net - Not\u00edcias de Rio Branco\/AC","potentialAction":[{"@type":"SearchAction","target":{"@type":"EntryPoint","urlTemplate":"https:\/\/nk7-testes.com.br\/agazeta\/?s={search_term_string}"},"query-input":{"@type":"PropertyValueSpecification","valueRequired":true,"valueName":"search_term_string"}}],"inLanguage":"pt-BR"},{"@type":"Person","@id":"https:\/\/nk7-testes.com.br\/agazeta\/#\/schema\/person\/6d6e25cb0435eb4a02fd44d30b4e3020","name":"Agazeta.Net","url":"https:\/\/nk7-testes.com.br\/agazeta\/author\/agazeta\/"}]}},"_links":{"self":[{"href":"https:\/\/nk7-testes.com.br\/agazeta\/wp-json\/wp\/v2\/posts\/23141","targetHints":{"allow":["GET"]}}],"collection":[{"href":"https:\/\/nk7-testes.com.br\/agazeta\/wp-json\/wp\/v2\/posts"}],"about":[{"href":"https:\/\/nk7-testes.com.br\/agazeta\/wp-json\/wp\/v2\/types\/post"}],"author":[{"embeddable":true,"href":"https:\/\/nk7-testes.com.br\/agazeta\/wp-json\/wp\/v2\/users\/4"}],"replies":[{"embeddable":true,"href":"https:\/\/nk7-testes.com.br\/agazeta\/wp-json\/wp\/v2\/comments?post=23141"}],"version-history":[{"count":0,"href":"https:\/\/nk7-testes.com.br\/agazeta\/wp-json\/wp\/v2\/posts\/23141\/revisions"}],"wp:featuredmedia":[{"embeddable":true,"href":"https:\/\/nk7-testes.com.br\/agazeta\/wp-json\/wp\/v2\/media\/23140"}],"wp:attachment":[{"href":"https:\/\/nk7-testes.com.br\/agazeta\/wp-json\/wp\/v2\/media?parent=23141"}],"wp:term":[{"taxonomy":"category","embeddable":true,"href":"https:\/\/nk7-testes.com.br\/agazeta\/wp-json\/wp\/v2\/categories?post=23141"},{"taxonomy":"post_tag","embeddable":true,"href":"https:\/\/nk7-testes.com.br\/agazeta\/wp-json\/wp\/v2\/tags?post=23141"}],"curies":[{"name":"wp","href":"https:\/\/api.w.org\/{rel}","templated":true}]}}