{"id":23133,"date":"2016-06-07T13:54:57","date_gmt":"2016-06-07T13:54:57","guid":{"rendered":"https:\/\/abarevegan.com.br\/index.php\/2016\/06\/07\/incendio-na-cidade-do-povo-tem-relacao-com-trafico\/"},"modified":"2016-06-07T13:54:57","modified_gmt":"2016-06-07T13:54:57","slug":"incendio-na-cidade-do-povo-tem-relacao-com-trafico","status":"publish","type":"post","link":"https:\/\/nk7-testes.com.br\/agazeta\/incendio-na-cidade-do-povo-tem-relacao-com-trafico\/","title":{"rendered":"Inc\u00eandio na Cidade do Povo tem rela\u00e7\u00e3o com tr\u00e1fico"},"content":{"rendered":"<p justify=\"\">Moradora \u201cvive fugindo\u201d ap\u00f3s denunciar tr\u00e1fico<\/p>\n<hr id=\"\\&quot;system-readmore\\&quot;\" \/>\n<p justify=\"\">Depois de denunciar uma boca de fumo no bairro Cidade do Povo, uma mulher foi expulsa da pr\u00f3pria casa. Os bandidos atiraram v\u00e1rias vezes contra a moradia e em seguida atearam fogo no local.<\/p>\n<p justify=\"\">As fotos mostram como a casa ficou. Em um v\u00eddeo, a v\u00edtima da marginalidade relata como tem sido viver fugindo dos criminosos que aterrorizam o bairro Cidade do Povo.<\/p>\n<p justify=\"\">\u201cVai fazer dois meses que estou sem casa, morando na rua, de aluguel, de favor na casa de parentes. Ningu\u00e9m toma provid\u00eancia de nada. Fico o tempo todo escondida. Meus filhos perdendo aula. Disseram que se eu voltasse pra casa me matavam\u201d, relata.<\/p>\n<p justify=\"\">Nesta segunda-feira (6), o Corpo de Bombeiros e a pol\u00edcia foram acionados para atender a mais uma ocorr\u00eancia de inc\u00eandio criminoso no bairro Cidade do Povo. O fato que ocorreu na quadra 15, tamb\u00e9m teria liga\u00e7\u00e3o com o tr\u00e1fico de drogas.<\/p>\n<p justify=\"\">Segundo moradores, tudo come\u00e7ou no domingo, no in\u00edcio da noite. O irm\u00e3o de um dos moradores da casa teria se envolvido em uma confus\u00e3o e foi atingido por tiros. Os vizinhos ouviram seis disparos. Ele caiu h\u00e1 poucos metros da rua, local inclusive que, segundo testemunhas, mora um dos suspeitos.<\/p>\n<p justify=\"\">O socorro foi chamado e a pol\u00edcia tamb\u00e9m compareceu. Mas, quando a pol\u00edcia saiu, de acordo com relatos, uma gangue invadiu a rua. Os marginais impediram inclusive que os moradores entrassem em suas casas.<\/p>\n<p justify=\"\">Eles invadiram a casa e houve um quebra-quebra. Os moradores tiveram tempo apenas de retirar alguns objetos como televisor e refrigerador. E, na manh\u00e3 desta segunda-feira, os marginais retornaram e incendiaram a casa. No quarto, as roupas, o colch\u00e3o e o guarda-roupa ficaram totalmente destru\u00eddos.<\/p>\n<p justify=\"\">Segundo vizinhos, moram aqui, um casal, uma adolescente e duas crian\u00e7as. Eles fugiram a noite e a casa ficou totalmente aberta, abandonada. O Corpo de Bombeiros conseguiu evitar que as chamas atingissem a casa vizinha.<\/p>\n<p justify=\"\">Ningu\u00e9m sabe informar o hor\u00e1rio, nem mesmo quem teria provocado o inc\u00eandio. Certo \u00e9, segundo testemunhas que pedem o anonimato, que a pol\u00edcia investigando vai descobrir outros crimes, com os mesmos suspeitos e que est\u00e3o ligados ao tr\u00e1fico de drogas.<\/p>\n","protected":false},"excerpt":{"rendered":"<p>Moradora \u201cvive fugindo\u201d ap\u00f3s denunciar tr\u00e1fico Depois de denunciar uma boca de fumo no bairro Cidade do Povo, uma mulher foi expulsa da pr\u00f3pria casa. Os bandidos atiraram v\u00e1rias vezes contra a moradia e em seguida atearam fogo no local. As fotos mostram como a casa ficou. Em um v\u00eddeo, a v\u00edtima da marginalidade relata [&hellip;]<\/p>\n","protected":false},"author":4,"featured_media":23132,"comment_status":"open","ping_status":"open","sticky":false,"template":"","format":"standard","meta":{"jnews-multi-image_gallery":[],"jnews_single_post":[],"jnews_primary_category":[],"jnews_social_meta":[],"jnews_review":[],"enable_review":"","type":"","name":"","summary":"","brand":"","sku":"","good":[],"bad":[],"score_override":"","override_value":"","rating":[],"price":[],"footnotes":""},"categories":[44],"tags":[],"class_list":["post-23133","post","type-post","status-publish","format-standard","has-post-thumbnail","hentry","category-policia"],"yoast_head":"<!-- This site is optimized with the Yoast SEO plugin v26.5 - https:\/\/yoast.com\/wordpress\/plugins\/seo\/ -->\n<title>Inc\u00eandio na Cidade do Povo tem rela\u00e7\u00e3o com tr\u00e1fico - Agazeta.net<\/title>\n<meta name=\"robots\" content=\"index, follow, max-snippet:-1, max-image-preview:large, max-video-preview:-1\" \/>\n<link rel=\"canonical\" href=\"https:\/\/nk7-testes.com.br\/agazeta\/incendio-na-cidade-do-povo-tem-relacao-com-trafico\/\" \/>\n<meta property=\"og:locale\" content=\"pt_BR\" \/>\n<meta property=\"og:type\" content=\"article\" \/>\n<meta property=\"og:title\" content=\"Inc\u00eandio na Cidade do Povo tem rela\u00e7\u00e3o com tr\u00e1fico - Agazeta.net\" \/>\n<meta property=\"og:description\" content=\"Moradora \u201cvive fugindo\u201d ap\u00f3s denunciar tr\u00e1fico Depois de denunciar uma boca de fumo no bairro Cidade do Povo, uma mulher foi expulsa da pr\u00f3pria casa. Os bandidos atiraram v\u00e1rias vezes contra a moradia e em seguida atearam fogo no local. As fotos mostram como a casa ficou. Em um v\u00eddeo, a v\u00edtima da marginalidade relata [&hellip;]\" \/>\n<meta property=\"og:url\" content=\"https:\/\/nk7-testes.com.br\/agazeta\/incendio-na-cidade-do-povo-tem-relacao-com-trafico\/\" \/>\n<meta property=\"og:site_name\" content=\"Agazeta.net\" \/>\n<meta property=\"article:published_time\" content=\"2016-06-07T13:54:57+00:00\" \/>\n<meta property=\"og:image\" content=\"https:\/\/nk7-testes.com.br\/agazeta\/wp-content\/uploads\/2016\/06\/070616-policia-incendiocidadedopovo-gislaine.jpg\" \/>\n\t<meta property=\"og:image:width\" content=\"458\" \/>\n\t<meta property=\"og:image:height\" content=\"340\" \/>\n\t<meta property=\"og:image:type\" content=\"image\/jpeg\" \/>\n<meta name=\"author\" content=\"Agazeta.Net\" \/>\n<meta name=\"twitter:card\" content=\"summary_large_image\" \/>\n<meta name=\"twitter:label1\" content=\"Escrito por\" \/>\n\t<meta name=\"twitter:data1\" content=\"Agazeta.Net\" \/>\n\t<meta name=\"twitter:label2\" content=\"Est. tempo de leitura\" \/>\n\t<meta name=\"twitter:data2\" content=\"2 minutos\" \/>\n<script type=\"application\/ld+json\" class=\"yoast-schema-graph\">{\"@context\":\"https:\/\/schema.org\",\"@graph\":[{\"@type\":\"WebPage\",\"@id\":\"https:\/\/nk7-testes.com.br\/agazeta\/incendio-na-cidade-do-povo-tem-relacao-com-trafico\/\",\"url\":\"https:\/\/nk7-testes.com.br\/agazeta\/incendio-na-cidade-do-povo-tem-relacao-com-trafico\/\",\"name\":\"Inc\u00eandio na Cidade do Povo tem rela\u00e7\u00e3o com tr\u00e1fico - Agazeta.net\",\"isPartOf\":{\"@id\":\"https:\/\/nk7-testes.com.br\/agazeta\/#website\"},\"primaryImageOfPage\":{\"@id\":\"https:\/\/nk7-testes.com.br\/agazeta\/incendio-na-cidade-do-povo-tem-relacao-com-trafico\/#primaryimage\"},\"image\":{\"@id\":\"https:\/\/nk7-testes.com.br\/agazeta\/incendio-na-cidade-do-povo-tem-relacao-com-trafico\/#primaryimage\"},\"thumbnailUrl\":\"https:\/\/nk7-testes.com.br\/agazeta\/wp-content\/uploads\/2016\/06\/070616-policia-incendiocidadedopovo-gislaine.jpg\",\"datePublished\":\"2016-06-07T13:54:57+00:00\",\"author\":{\"@id\":\"https:\/\/nk7-testes.com.br\/agazeta\/#\/schema\/person\/6d6e25cb0435eb4a02fd44d30b4e3020\"},\"breadcrumb\":{\"@id\":\"https:\/\/nk7-testes.com.br\/agazeta\/incendio-na-cidade-do-povo-tem-relacao-com-trafico\/#breadcrumb\"},\"inLanguage\":\"pt-BR\",\"potentialAction\":[{\"@type\":\"ReadAction\",\"target\":[\"https:\/\/nk7-testes.com.br\/agazeta\/incendio-na-cidade-do-povo-tem-relacao-com-trafico\/\"]}]},{\"@type\":\"ImageObject\",\"inLanguage\":\"pt-BR\",\"@id\":\"https:\/\/nk7-testes.com.br\/agazeta\/incendio-na-cidade-do-povo-tem-relacao-com-trafico\/#primaryimage\",\"url\":\"https:\/\/nk7-testes.com.br\/agazeta\/wp-content\/uploads\/2016\/06\/070616-policia-incendiocidadedopovo-gislaine.jpg\",\"contentUrl\":\"https:\/\/nk7-testes.com.br\/agazeta\/wp-content\/uploads\/2016\/06\/070616-policia-incendiocidadedopovo-gislaine.jpg\",\"width\":458,\"height\":340,\"caption\":\"070616-policia-incendiocidadedopovo-gislaine\"},{\"@type\":\"BreadcrumbList\",\"@id\":\"https:\/\/nk7-testes.com.br\/agazeta\/incendio-na-cidade-do-povo-tem-relacao-com-trafico\/#breadcrumb\",\"itemListElement\":[{\"@type\":\"ListItem\",\"position\":1,\"name\":\"In\u00edcio\",\"item\":\"https:\/\/nk7-testes.com.br\/agazeta\/\"},{\"@type\":\"ListItem\",\"position\":2,\"name\":\"Inc\u00eandio na Cidade do Povo tem rela\u00e7\u00e3o com tr\u00e1fico\"}]},{\"@type\":\"WebSite\",\"@id\":\"https:\/\/nk7-testes.com.br\/agazeta\/#website\",\"url\":\"https:\/\/nk7-testes.com.br\/agazeta\/\",\"name\":\"Agazeta.net\",\"description\":\"Agazeta.net - Not\u00edcias de Rio Branco\/AC\",\"potentialAction\":[{\"@type\":\"SearchAction\",\"target\":{\"@type\":\"EntryPoint\",\"urlTemplate\":\"https:\/\/nk7-testes.com.br\/agazeta\/?s={search_term_string}\"},\"query-input\":{\"@type\":\"PropertyValueSpecification\",\"valueRequired\":true,\"valueName\":\"search_term_string\"}}],\"inLanguage\":\"pt-BR\"},{\"@type\":\"Person\",\"@id\":\"https:\/\/nk7-testes.com.br\/agazeta\/#\/schema\/person\/6d6e25cb0435eb4a02fd44d30b4e3020\",\"name\":\"Agazeta.Net\",\"url\":\"https:\/\/nk7-testes.com.br\/agazeta\/author\/agazeta\/\"}]}<\/script>\n<!-- \/ Yoast SEO plugin. -->","yoast_head_json":{"title":"Inc\u00eandio na Cidade do Povo tem rela\u00e7\u00e3o com tr\u00e1fico - Agazeta.net","robots":{"index":"index","follow":"follow","max-snippet":"max-snippet:-1","max-image-preview":"max-image-preview:large","max-video-preview":"max-video-preview:-1"},"canonical":"https:\/\/nk7-testes.com.br\/agazeta\/incendio-na-cidade-do-povo-tem-relacao-com-trafico\/","og_locale":"pt_BR","og_type":"article","og_title":"Inc\u00eandio na Cidade do Povo tem rela\u00e7\u00e3o com tr\u00e1fico - Agazeta.net","og_description":"Moradora \u201cvive fugindo\u201d ap\u00f3s denunciar tr\u00e1fico Depois de denunciar uma boca de fumo no bairro Cidade do Povo, uma mulher foi expulsa da pr\u00f3pria casa. Os bandidos atiraram v\u00e1rias vezes contra a moradia e em seguida atearam fogo no local. As fotos mostram como a casa ficou. Em um v\u00eddeo, a v\u00edtima da marginalidade relata [&hellip;]","og_url":"https:\/\/nk7-testes.com.br\/agazeta\/incendio-na-cidade-do-povo-tem-relacao-com-trafico\/","og_site_name":"Agazeta.net","article_published_time":"2016-06-07T13:54:57+00:00","og_image":[{"width":458,"height":340,"url":"https:\/\/nk7-testes.com.br\/agazeta\/wp-content\/uploads\/2016\/06\/070616-policia-incendiocidadedopovo-gislaine.jpg","type":"image\/jpeg"}],"author":"Agazeta.Net","twitter_card":"summary_large_image","twitter_misc":{"Escrito por":"Agazeta.Net","Est. tempo de leitura":"2 minutos"},"schema":{"@context":"https:\/\/schema.org","@graph":[{"@type":"WebPage","@id":"https:\/\/nk7-testes.com.br\/agazeta\/incendio-na-cidade-do-povo-tem-relacao-com-trafico\/","url":"https:\/\/nk7-testes.com.br\/agazeta\/incendio-na-cidade-do-povo-tem-relacao-com-trafico\/","name":"Inc\u00eandio na Cidade do Povo tem rela\u00e7\u00e3o com tr\u00e1fico - Agazeta.net","isPartOf":{"@id":"https:\/\/nk7-testes.com.br\/agazeta\/#website"},"primaryImageOfPage":{"@id":"https:\/\/nk7-testes.com.br\/agazeta\/incendio-na-cidade-do-povo-tem-relacao-com-trafico\/#primaryimage"},"image":{"@id":"https:\/\/nk7-testes.com.br\/agazeta\/incendio-na-cidade-do-povo-tem-relacao-com-trafico\/#primaryimage"},"thumbnailUrl":"https:\/\/nk7-testes.com.br\/agazeta\/wp-content\/uploads\/2016\/06\/070616-policia-incendiocidadedopovo-gislaine.jpg","datePublished":"2016-06-07T13:54:57+00:00","author":{"@id":"https:\/\/nk7-testes.com.br\/agazeta\/#\/schema\/person\/6d6e25cb0435eb4a02fd44d30b4e3020"},"breadcrumb":{"@id":"https:\/\/nk7-testes.com.br\/agazeta\/incendio-na-cidade-do-povo-tem-relacao-com-trafico\/#breadcrumb"},"inLanguage":"pt-BR","potentialAction":[{"@type":"ReadAction","target":["https:\/\/nk7-testes.com.br\/agazeta\/incendio-na-cidade-do-povo-tem-relacao-com-trafico\/"]}]},{"@type":"ImageObject","inLanguage":"pt-BR","@id":"https:\/\/nk7-testes.com.br\/agazeta\/incendio-na-cidade-do-povo-tem-relacao-com-trafico\/#primaryimage","url":"https:\/\/nk7-testes.com.br\/agazeta\/wp-content\/uploads\/2016\/06\/070616-policia-incendiocidadedopovo-gislaine.jpg","contentUrl":"https:\/\/nk7-testes.com.br\/agazeta\/wp-content\/uploads\/2016\/06\/070616-policia-incendiocidadedopovo-gislaine.jpg","width":458,"height":340,"caption":"070616-policia-incendiocidadedopovo-gislaine"},{"@type":"BreadcrumbList","@id":"https:\/\/nk7-testes.com.br\/agazeta\/incendio-na-cidade-do-povo-tem-relacao-com-trafico\/#breadcrumb","itemListElement":[{"@type":"ListItem","position":1,"name":"In\u00edcio","item":"https:\/\/nk7-testes.com.br\/agazeta\/"},{"@type":"ListItem","position":2,"name":"Inc\u00eandio na Cidade do Povo tem rela\u00e7\u00e3o com tr\u00e1fico"}]},{"@type":"WebSite","@id":"https:\/\/nk7-testes.com.br\/agazeta\/#website","url":"https:\/\/nk7-testes.com.br\/agazeta\/","name":"Agazeta.net","description":"Agazeta.net - Not\u00edcias de Rio Branco\/AC","potentialAction":[{"@type":"SearchAction","target":{"@type":"EntryPoint","urlTemplate":"https:\/\/nk7-testes.com.br\/agazeta\/?s={search_term_string}"},"query-input":{"@type":"PropertyValueSpecification","valueRequired":true,"valueName":"search_term_string"}}],"inLanguage":"pt-BR"},{"@type":"Person","@id":"https:\/\/nk7-testes.com.br\/agazeta\/#\/schema\/person\/6d6e25cb0435eb4a02fd44d30b4e3020","name":"Agazeta.Net","url":"https:\/\/nk7-testes.com.br\/agazeta\/author\/agazeta\/"}]}},"_links":{"self":[{"href":"https:\/\/nk7-testes.com.br\/agazeta\/wp-json\/wp\/v2\/posts\/23133","targetHints":{"allow":["GET"]}}],"collection":[{"href":"https:\/\/nk7-testes.com.br\/agazeta\/wp-json\/wp\/v2\/posts"}],"about":[{"href":"https:\/\/nk7-testes.com.br\/agazeta\/wp-json\/wp\/v2\/types\/post"}],"author":[{"embeddable":true,"href":"https:\/\/nk7-testes.com.br\/agazeta\/wp-json\/wp\/v2\/users\/4"}],"replies":[{"embeddable":true,"href":"https:\/\/nk7-testes.com.br\/agazeta\/wp-json\/wp\/v2\/comments?post=23133"}],"version-history":[{"count":0,"href":"https:\/\/nk7-testes.com.br\/agazeta\/wp-json\/wp\/v2\/posts\/23133\/revisions"}],"wp:featuredmedia":[{"embeddable":true,"href":"https:\/\/nk7-testes.com.br\/agazeta\/wp-json\/wp\/v2\/media\/23132"}],"wp:attachment":[{"href":"https:\/\/nk7-testes.com.br\/agazeta\/wp-json\/wp\/v2\/media?parent=23133"}],"wp:term":[{"taxonomy":"category","embeddable":true,"href":"https:\/\/nk7-testes.com.br\/agazeta\/wp-json\/wp\/v2\/categories?post=23133"},{"taxonomy":"post_tag","embeddable":true,"href":"https:\/\/nk7-testes.com.br\/agazeta\/wp-json\/wp\/v2\/tags?post=23133"}],"curies":[{"name":"wp","href":"https:\/\/api.w.org\/{rel}","templated":true}]}}