{"id":23059,"date":"2016-06-02T21:54:23","date_gmt":"2016-06-02T21:54:23","guid":{"rendered":"https:\/\/abarevegan.com.br\/index.php\/2016\/06\/02\/ufac-recepciona-calouros-do-campus-rio-branco\/"},"modified":"2016-06-02T21:54:23","modified_gmt":"2016-06-02T21:54:23","slug":"ufac-recepciona-calouros-do-campus-rio-branco","status":"publish","type":"post","link":"https:\/\/nk7-testes.com.br\/agazeta\/ufac-recepciona-calouros-do-campus-rio-branco\/","title":{"rendered":"Ufac recepciona calouros do campus Rio Branco"},"content":{"rendered":"<p style=\"text-align: justify;\">Em Cruzeiro, evento ser\u00e1 segunda, dia 6<\/p>\n<p>&nbsp;<\/p>\n<p style=\"text-align: justify;\">Aos 18 anos, Marcos Irineide de Ara\u00fajo era um dos jovens estudantes que lotava o Teatro Universit\u00e1rio na manh\u00e3 desta quinta-feira, 2. Calouro do curso de Engenharia Florestal da Universidade Federal do Acre (Ufac), ele participou da cerim\u00f4nia de recep\u00e7\u00e3o preparada para os cerca de 1.300 novos acad\u00eamicos que ingressam apenas no campus sede no primeiro semestre letivo de 2016, iniciado nessa quarta-feira, 1, na institui\u00e7\u00e3o.<\/p>\n<p style=\"text-align: justify;\">\u201cA gente se prepara no decorrer de toda a vida para este momento. \u00c9 a realiza\u00e7\u00e3o de um sonho que \u00e9 meu, mas tamb\u00e9m da minha fam\u00edlia\u201d, disse o rec\u00e9m-universit\u00e1rio, que cumpriu o ensino m\u00e9dio no Col\u00e9gio de Aplica\u00e7\u00e3o. \u201cSeguir na vida, estar na Ufac, ter uma carreira constru\u00edda na federal do Estado \u00e9 um orgulho para qualquer pai e acaba sendo o alvo de todo estudante. Estou feliz\u201d.<\/p>\n<p style=\"text-align: justify;\">Com a mesma idade, sentada pr\u00f3xima a ele, Fernanda de Farias compartilhava o mesmo sentimento. Caloura pela segunda vez consecutiva, a jovem sempre se preparou para ingressar na Ufac. \u201cEu fiz o Enem [Exame Nacional do Ensino M\u00e9dio] quatro vezes. As duas primeiras vezes foram como teste. No ano passado, passei para Ci\u00eancias Biol\u00f3gicas e comecei o curso e, agora, passei em Enfermagem\u201d, destacou Fernanda. \u201cNa Ufac, vivemos outra realidade. H\u00e1 muita cobran\u00e7a, a gente se prepara para aprender mesmo e poder estar pronto para enfrentar o mercado de trabalho\u201d.<\/p>\n<p style=\"text-align: justify;\">Para o pr\u00f3-reitor de Assuntos Estudantis, Antonio Pontes Junior, a recep\u00e7\u00e3o aos calouros \u00e9 importante para integrar os novos estudantes ao ambiente universit\u00e1rio. A equipe da Pr\u00f3-Reitoria de Assuntos Estudantis (Proaes) distribuiu agendas e folhetos informativos aos presentes.<\/p>\n<p style=\"text-align: justify;\">\u201cA partir de agora, os estudantes entram em um novo universo. Nossa fun\u00e7\u00e3o \u00e9 auxili\u00e1-los nessa adapta\u00e7\u00e3o. As primeiras informa\u00e7\u00f5es est\u00e3o condensadas em um material produzido pela Prograd [Pr\u00f3-Reitoria de Gradua\u00e7\u00e3o], que estamos disponibilizando juntamente com as principais informa\u00e7\u00f5es sobre as bolsas e os aux\u00edlios dispon\u00edveis na institui\u00e7\u00e3o. A Proaes \u00e9 o espa\u00e7o dos estudantes. Estamos sempre abertos a atend\u00ea-los\u201d, disse Pontes Junior.<\/p>\n<p style=\"text-align: justify;\">O reitor Minoru Kinpara e a vice-reitora Guida Aquino receberam os estudantes e falaram das oportunidades que universidade oferece. \u201cAs atividades que a Ufac oferta, hoje, j\u00e1 n\u00e3o se limitam a salas de aula, laborat\u00f3rios e biblioteca. Investimos nas atividades que envolvem ensino-aprendizagem, mas sem esquecer que a universidade \u00e9, tamb\u00e9m, um ambiente de trocas culturais, de experi\u00eancias inovadoras e de aprendizados cont\u00ednuos. Cuidem bem da nossa universidade e aproveitem esses anos de academia\u201d, aconselhou Kinpara.<\/p>\n<p style=\"text-align: justify;\">\u201cVoc\u00eas est\u00e3o chegando agora \u00e0 nossa institui\u00e7\u00e3o e o nosso desejo \u00e9 que dela se apropriem como uma segunda casa\u201d, acrescentou Guida. \u201cTemos certeza que essa ser\u00e1 uma rela\u00e7\u00e3o harmoniosa e de muitos frutos. Al\u00e9m da gradua\u00e7\u00e3o, a Ufac oferece especializa\u00e7\u00f5es, mestrados e doutorados. Tudo \u00e0 disposi\u00e7\u00e3o de voc\u00eas. Sejam bem-vindos.\u201d<\/p>\n<p style=\"text-align: justify;\">A cerim\u00f4nia de recep\u00e7\u00e3o aos estudantes do turno da noite ser\u00e1 realizada na pr\u00f3xima segunda-feira, 6. Em Cruzeiro do Sul, o evento acontece quarta-feira, 8.<\/p>\n","protected":false},"excerpt":{"rendered":"<p style=\"text-align: justify;\">Em Cruzeiro, evento ser\u00e1 segunda, dia 6<\/p>\n","protected":false},"author":4,"featured_media":23058,"comment_status":"open","ping_status":"open","sticky":false,"template":"","format":"standard","meta":{"jnews-multi-image_gallery":[],"jnews_single_post":[],"jnews_primary_category":[],"jnews_social_meta":[],"jnews_review":[],"enable_review":"","type":"","name":"","summary":"","brand":"","sku":"","good":[],"bad":[],"score_override":"","override_value":"","rating":[],"price":[],"footnotes":""},"categories":[54],"tags":[],"class_list":["post-23059","post","type-post","status-publish","format-standard","has-post-thumbnail","hentry","category-cotidiano"],"yoast_head":"<!-- This site is optimized with the Yoast SEO plugin v26.5 - https:\/\/yoast.com\/wordpress\/plugins\/seo\/ -->\n<title>Ufac recepciona calouros do campus Rio Branco - Agazeta.net<\/title>\n<meta name=\"robots\" content=\"index, follow, max-snippet:-1, max-image-preview:large, max-video-preview:-1\" \/>\n<link rel=\"canonical\" href=\"https:\/\/nk7-testes.com.br\/agazeta\/ufac-recepciona-calouros-do-campus-rio-branco\/\" \/>\n<meta property=\"og:locale\" content=\"pt_BR\" \/>\n<meta property=\"og:type\" content=\"article\" \/>\n<meta property=\"og:title\" content=\"Ufac recepciona calouros do campus Rio Branco - Agazeta.net\" \/>\n<meta property=\"og:description\" content=\"Em Cruzeiro, evento ser\u00e1 segunda, dia 6\" \/>\n<meta property=\"og:url\" content=\"https:\/\/nk7-testes.com.br\/agazeta\/ufac-recepciona-calouros-do-campus-rio-branco\/\" \/>\n<meta property=\"og:site_name\" content=\"Agazeta.net\" \/>\n<meta property=\"article:published_time\" content=\"2016-06-02T21:54:23+00:00\" \/>\n<meta property=\"og:image\" content=\"https:\/\/nk7-testes.com.br\/agazeta\/wp-content\/uploads\/2016\/06\/020616-cotidiano-ufac-ascomufac.jpg\" \/>\n\t<meta property=\"og:image:width\" content=\"458\" \/>\n\t<meta property=\"og:image:height\" content=\"340\" \/>\n\t<meta property=\"og:image:type\" content=\"image\/jpeg\" \/>\n<meta name=\"author\" content=\"Agazeta.Net\" \/>\n<meta name=\"twitter:card\" content=\"summary_large_image\" \/>\n<meta name=\"twitter:label1\" content=\"Escrito por\" \/>\n\t<meta name=\"twitter:data1\" content=\"Agazeta.Net\" \/>\n\t<meta name=\"twitter:label2\" content=\"Est. tempo de leitura\" \/>\n\t<meta name=\"twitter:data2\" content=\"3 minutos\" \/>\n<script type=\"application\/ld+json\" class=\"yoast-schema-graph\">{\"@context\":\"https:\/\/schema.org\",\"@graph\":[{\"@type\":\"WebPage\",\"@id\":\"https:\/\/nk7-testes.com.br\/agazeta\/ufac-recepciona-calouros-do-campus-rio-branco\/\",\"url\":\"https:\/\/nk7-testes.com.br\/agazeta\/ufac-recepciona-calouros-do-campus-rio-branco\/\",\"name\":\"Ufac recepciona calouros do campus Rio Branco - Agazeta.net\",\"isPartOf\":{\"@id\":\"https:\/\/nk7-testes.com.br\/agazeta\/#website\"},\"primaryImageOfPage\":{\"@id\":\"https:\/\/nk7-testes.com.br\/agazeta\/ufac-recepciona-calouros-do-campus-rio-branco\/#primaryimage\"},\"image\":{\"@id\":\"https:\/\/nk7-testes.com.br\/agazeta\/ufac-recepciona-calouros-do-campus-rio-branco\/#primaryimage\"},\"thumbnailUrl\":\"https:\/\/nk7-testes.com.br\/agazeta\/wp-content\/uploads\/2016\/06\/020616-cotidiano-ufac-ascomufac.jpg\",\"datePublished\":\"2016-06-02T21:54:23+00:00\",\"author\":{\"@id\":\"https:\/\/nk7-testes.com.br\/agazeta\/#\/schema\/person\/6d6e25cb0435eb4a02fd44d30b4e3020\"},\"breadcrumb\":{\"@id\":\"https:\/\/nk7-testes.com.br\/agazeta\/ufac-recepciona-calouros-do-campus-rio-branco\/#breadcrumb\"},\"inLanguage\":\"pt-BR\",\"potentialAction\":[{\"@type\":\"ReadAction\",\"target\":[\"https:\/\/nk7-testes.com.br\/agazeta\/ufac-recepciona-calouros-do-campus-rio-branco\/\"]}]},{\"@type\":\"ImageObject\",\"inLanguage\":\"pt-BR\",\"@id\":\"https:\/\/nk7-testes.com.br\/agazeta\/ufac-recepciona-calouros-do-campus-rio-branco\/#primaryimage\",\"url\":\"https:\/\/nk7-testes.com.br\/agazeta\/wp-content\/uploads\/2016\/06\/020616-cotidiano-ufac-ascomufac.jpg\",\"contentUrl\":\"https:\/\/nk7-testes.com.br\/agazeta\/wp-content\/uploads\/2016\/06\/020616-cotidiano-ufac-ascomufac.jpg\",\"width\":458,\"height\":340,\"caption\":\"020616-cotidiano-ufac-ascomufac\"},{\"@type\":\"BreadcrumbList\",\"@id\":\"https:\/\/nk7-testes.com.br\/agazeta\/ufac-recepciona-calouros-do-campus-rio-branco\/#breadcrumb\",\"itemListElement\":[{\"@type\":\"ListItem\",\"position\":1,\"name\":\"In\u00edcio\",\"item\":\"https:\/\/nk7-testes.com.br\/agazeta\/\"},{\"@type\":\"ListItem\",\"position\":2,\"name\":\"Ufac recepciona calouros do campus Rio Branco\"}]},{\"@type\":\"WebSite\",\"@id\":\"https:\/\/nk7-testes.com.br\/agazeta\/#website\",\"url\":\"https:\/\/nk7-testes.com.br\/agazeta\/\",\"name\":\"Agazeta.net\",\"description\":\"Agazeta.net - Not\u00edcias de Rio Branco\/AC\",\"potentialAction\":[{\"@type\":\"SearchAction\",\"target\":{\"@type\":\"EntryPoint\",\"urlTemplate\":\"https:\/\/nk7-testes.com.br\/agazeta\/?s={search_term_string}\"},\"query-input\":{\"@type\":\"PropertyValueSpecification\",\"valueRequired\":true,\"valueName\":\"search_term_string\"}}],\"inLanguage\":\"pt-BR\"},{\"@type\":\"Person\",\"@id\":\"https:\/\/nk7-testes.com.br\/agazeta\/#\/schema\/person\/6d6e25cb0435eb4a02fd44d30b4e3020\",\"name\":\"Agazeta.Net\",\"url\":\"https:\/\/nk7-testes.com.br\/agazeta\/author\/agazeta\/\"}]}<\/script>\n<!-- \/ Yoast SEO plugin. -->","yoast_head_json":{"title":"Ufac recepciona calouros do campus Rio Branco - Agazeta.net","robots":{"index":"index","follow":"follow","max-snippet":"max-snippet:-1","max-image-preview":"max-image-preview:large","max-video-preview":"max-video-preview:-1"},"canonical":"https:\/\/nk7-testes.com.br\/agazeta\/ufac-recepciona-calouros-do-campus-rio-branco\/","og_locale":"pt_BR","og_type":"article","og_title":"Ufac recepciona calouros do campus Rio Branco - Agazeta.net","og_description":"Em Cruzeiro, evento ser\u00e1 segunda, dia 6","og_url":"https:\/\/nk7-testes.com.br\/agazeta\/ufac-recepciona-calouros-do-campus-rio-branco\/","og_site_name":"Agazeta.net","article_published_time":"2016-06-02T21:54:23+00:00","og_image":[{"width":458,"height":340,"url":"https:\/\/nk7-testes.com.br\/agazeta\/wp-content\/uploads\/2016\/06\/020616-cotidiano-ufac-ascomufac.jpg","type":"image\/jpeg"}],"author":"Agazeta.Net","twitter_card":"summary_large_image","twitter_misc":{"Escrito por":"Agazeta.Net","Est. tempo de leitura":"3 minutos"},"schema":{"@context":"https:\/\/schema.org","@graph":[{"@type":"WebPage","@id":"https:\/\/nk7-testes.com.br\/agazeta\/ufac-recepciona-calouros-do-campus-rio-branco\/","url":"https:\/\/nk7-testes.com.br\/agazeta\/ufac-recepciona-calouros-do-campus-rio-branco\/","name":"Ufac recepciona calouros do campus Rio Branco - Agazeta.net","isPartOf":{"@id":"https:\/\/nk7-testes.com.br\/agazeta\/#website"},"primaryImageOfPage":{"@id":"https:\/\/nk7-testes.com.br\/agazeta\/ufac-recepciona-calouros-do-campus-rio-branco\/#primaryimage"},"image":{"@id":"https:\/\/nk7-testes.com.br\/agazeta\/ufac-recepciona-calouros-do-campus-rio-branco\/#primaryimage"},"thumbnailUrl":"https:\/\/nk7-testes.com.br\/agazeta\/wp-content\/uploads\/2016\/06\/020616-cotidiano-ufac-ascomufac.jpg","datePublished":"2016-06-02T21:54:23+00:00","author":{"@id":"https:\/\/nk7-testes.com.br\/agazeta\/#\/schema\/person\/6d6e25cb0435eb4a02fd44d30b4e3020"},"breadcrumb":{"@id":"https:\/\/nk7-testes.com.br\/agazeta\/ufac-recepciona-calouros-do-campus-rio-branco\/#breadcrumb"},"inLanguage":"pt-BR","potentialAction":[{"@type":"ReadAction","target":["https:\/\/nk7-testes.com.br\/agazeta\/ufac-recepciona-calouros-do-campus-rio-branco\/"]}]},{"@type":"ImageObject","inLanguage":"pt-BR","@id":"https:\/\/nk7-testes.com.br\/agazeta\/ufac-recepciona-calouros-do-campus-rio-branco\/#primaryimage","url":"https:\/\/nk7-testes.com.br\/agazeta\/wp-content\/uploads\/2016\/06\/020616-cotidiano-ufac-ascomufac.jpg","contentUrl":"https:\/\/nk7-testes.com.br\/agazeta\/wp-content\/uploads\/2016\/06\/020616-cotidiano-ufac-ascomufac.jpg","width":458,"height":340,"caption":"020616-cotidiano-ufac-ascomufac"},{"@type":"BreadcrumbList","@id":"https:\/\/nk7-testes.com.br\/agazeta\/ufac-recepciona-calouros-do-campus-rio-branco\/#breadcrumb","itemListElement":[{"@type":"ListItem","position":1,"name":"In\u00edcio","item":"https:\/\/nk7-testes.com.br\/agazeta\/"},{"@type":"ListItem","position":2,"name":"Ufac recepciona calouros do campus Rio Branco"}]},{"@type":"WebSite","@id":"https:\/\/nk7-testes.com.br\/agazeta\/#website","url":"https:\/\/nk7-testes.com.br\/agazeta\/","name":"Agazeta.net","description":"Agazeta.net - Not\u00edcias de Rio Branco\/AC","potentialAction":[{"@type":"SearchAction","target":{"@type":"EntryPoint","urlTemplate":"https:\/\/nk7-testes.com.br\/agazeta\/?s={search_term_string}"},"query-input":{"@type":"PropertyValueSpecification","valueRequired":true,"valueName":"search_term_string"}}],"inLanguage":"pt-BR"},{"@type":"Person","@id":"https:\/\/nk7-testes.com.br\/agazeta\/#\/schema\/person\/6d6e25cb0435eb4a02fd44d30b4e3020","name":"Agazeta.Net","url":"https:\/\/nk7-testes.com.br\/agazeta\/author\/agazeta\/"}]}},"_links":{"self":[{"href":"https:\/\/nk7-testes.com.br\/agazeta\/wp-json\/wp\/v2\/posts\/23059","targetHints":{"allow":["GET"]}}],"collection":[{"href":"https:\/\/nk7-testes.com.br\/agazeta\/wp-json\/wp\/v2\/posts"}],"about":[{"href":"https:\/\/nk7-testes.com.br\/agazeta\/wp-json\/wp\/v2\/types\/post"}],"author":[{"embeddable":true,"href":"https:\/\/nk7-testes.com.br\/agazeta\/wp-json\/wp\/v2\/users\/4"}],"replies":[{"embeddable":true,"href":"https:\/\/nk7-testes.com.br\/agazeta\/wp-json\/wp\/v2\/comments?post=23059"}],"version-history":[{"count":0,"href":"https:\/\/nk7-testes.com.br\/agazeta\/wp-json\/wp\/v2\/posts\/23059\/revisions"}],"wp:featuredmedia":[{"embeddable":true,"href":"https:\/\/nk7-testes.com.br\/agazeta\/wp-json\/wp\/v2\/media\/23058"}],"wp:attachment":[{"href":"https:\/\/nk7-testes.com.br\/agazeta\/wp-json\/wp\/v2\/media?parent=23059"}],"wp:term":[{"taxonomy":"category","embeddable":true,"href":"https:\/\/nk7-testes.com.br\/agazeta\/wp-json\/wp\/v2\/categories?post=23059"},{"taxonomy":"post_tag","embeddable":true,"href":"https:\/\/nk7-testes.com.br\/agazeta\/wp-json\/wp\/v2\/tags?post=23059"}],"curies":[{"name":"wp","href":"https:\/\/api.w.org\/{rel}","templated":true}]}}