{"id":23053,"date":"2016-06-02T20:38:12","date_gmt":"2016-06-02T20:38:12","guid":{"rendered":"https:\/\/abarevegan.com.br\/index.php\/2016\/06\/02\/jovens-embaixadores-tem-nova-edicao-para-alunos-acrianos\/"},"modified":"2016-06-02T20:38:12","modified_gmt":"2016-06-02T20:38:12","slug":"jovens-embaixadores-tem-nova-edicao-para-alunos-acrianos","status":"publish","type":"post","link":"https:\/\/nk7-testes.com.br\/agazeta\/jovens-embaixadores-tem-nova-edicao-para-alunos-acrianos\/","title":{"rendered":"Jovens embaixadores tem nova edi\u00e7\u00e3o para alunos acrianos"},"content":{"rendered":"<p style=\"text-align: justify;\">Em todo pa\u00eds, 460 alunos foram beneficiados<\/p>\n<p style=\"text-align: justify;\">A Secretaria de Estado de Educa\u00e7\u00e3o lan\u00e7ou a 10\u00aa Edi\u00e7\u00e3o do Programa Jovens Embaixadores no Acre. No Brasil, o Programa est\u00e1 na 15\u00aa Edi\u00e7\u00e3o e contemplou aproximadamente 460 alunos da rede p\u00fablica.<\/p>\n<p style=\"text-align: justify;\">O programa Jovens Embaixadores \u00e9 uma parceria entre a embaixada americana e brasileira. Os escolhidos ficam tr\u00eas semanas nos Estados Unidos e t\u00eam a oportunidade de visitar os principais espa\u00e7os p\u00fablicos do pa\u00eds, fazer programas sociais, al\u00e9m de ter o contato com outra cultura.<\/p>\n<p style=\"text-align: justify;\">\u201cEsse \u00e9 um evento importante porque ele coloca o nosso aluno como cidad\u00e3o do mundo. Em janeiro, eles v\u00e3o e passam 15 dias vivenciando essa nova experi\u00eancia no mundo, que \u00e9 conhecer outra realidade, outra cultura, como se constitui o cen\u00e1rio dessa outra cultura, desde a pol\u00edtica, a economia, as institui\u00e7\u00f5es, mas sobretudo como se faz Educa\u00e7\u00e3o, como se faz participa\u00e7\u00e3o cidad\u00e3\u201d, pontuou o secret\u00e1rio de Estado de Educa\u00e7\u00e3o, Marco Brand\u00e3o.<\/p>\n<p style=\"text-align: justify;\">Diana Paula Nascimento foi a terceira jovem embaixadora do Acre. Hoje, ela \u00e9 professora e coordena o projeto no Estado. Diana passa aos estudantes um pouco da experi\u00eancia que viveu h\u00e1 alguns anos.<\/p>\n<p style=\"text-align: justify;\">\u201cAl\u00e9m de voc\u00ea abrir a mente para o mundo, voc\u00ea para de pensar s\u00f3 em voc\u00ea e passa a pensar na sua comunidade. Ent\u00e3o, o programa traz isso para todos os jovens embaixadores. Essa experi\u00eancia de querer fazer sempre mais n\u00e3o s\u00f3 por voc\u00ea, mas pela comunidade\u201d.<\/p>\n<p style=\"text-align: justify;\">J\u00e1 Cinthia Rios, 17, terminou o Ensino M\u00e9dio no ano passado e mesmo assim vai participar da sele\u00e7\u00e3o e tentar, quem sabe, ser a d\u00e9cima Jovem Embaixadora do Acre. \u201cEssa \u00e9 primeira vez que eu participo e eu treino bastante ingl\u00eas. Essa \u00e9 uma grande oportunidade de adquirir mais conhecimento sobre a l\u00edngua, al\u00e9m de conhecer novos lugares\u201d.<\/p>\n<p style=\"text-align: justify;\">Para participar o interessado deve ter de 15 a 18 anos, ser estudante do ensino m\u00e9dio da rede p\u00fablica, escrever e falar ingl\u00eas fluentemente, participar de um projeto social e ter boas notas em todas as disciplinas. As inscri\u00e7\u00f5es podem ser feitas no site jovensembaixadores.org\/2017 at\u00e9 o dia 18 agosto.<\/p>\n","protected":false},"excerpt":{"rendered":"<p style=\"text-align: justify;\">Em todo pa\u00eds, 460 alunos foram beneficiados<\/p>\n","protected":false},"author":4,"featured_media":23052,"comment_status":"open","ping_status":"open","sticky":false,"template":"","format":"standard","meta":{"jnews-multi-image_gallery":[],"jnews_single_post":[],"jnews_primary_category":[],"jnews_social_meta":[],"jnews_review":[],"enable_review":"","type":"","name":"","summary":"","brand":"","sku":"","good":[],"bad":[],"score_override":"","override_value":"","rating":[],"price":[],"footnotes":""},"categories":[54],"tags":[],"class_list":["post-23053","post","type-post","status-publish","format-standard","has-post-thumbnail","hentry","category-cotidiano"],"yoast_head":"<!-- This site is optimized with the Yoast SEO plugin v26.5 - https:\/\/yoast.com\/wordpress\/plugins\/seo\/ -->\n<title>Jovens embaixadores tem nova edi\u00e7\u00e3o para alunos acrianos - Agazeta.net<\/title>\n<meta name=\"robots\" content=\"index, follow, max-snippet:-1, max-image-preview:large, max-video-preview:-1\" \/>\n<link rel=\"canonical\" href=\"https:\/\/nk7-testes.com.br\/agazeta\/jovens-embaixadores-tem-nova-edicao-para-alunos-acrianos\/\" \/>\n<meta property=\"og:locale\" content=\"pt_BR\" \/>\n<meta property=\"og:type\" content=\"article\" \/>\n<meta property=\"og:title\" content=\"Jovens embaixadores tem nova edi\u00e7\u00e3o para alunos acrianos - Agazeta.net\" \/>\n<meta property=\"og:description\" content=\"Em todo pa\u00eds, 460 alunos foram beneficiados\" \/>\n<meta property=\"og:url\" content=\"https:\/\/nk7-testes.com.br\/agazeta\/jovens-embaixadores-tem-nova-edicao-para-alunos-acrianos\/\" \/>\n<meta property=\"og:site_name\" content=\"Agazeta.net\" \/>\n<meta property=\"article:published_time\" content=\"2016-06-02T20:38:12+00:00\" \/>\n<meta property=\"og:image\" content=\"https:\/\/nk7-testes.com.br\/agazeta\/wp-content\/uploads\/2016\/06\/020616-cotidiano-jovensembaixadores-taiane.jpg\" \/>\n\t<meta property=\"og:image:width\" content=\"458\" \/>\n\t<meta property=\"og:image:height\" content=\"340\" \/>\n\t<meta property=\"og:image:type\" content=\"image\/jpeg\" \/>\n<meta name=\"author\" content=\"Agazeta.Net\" \/>\n<meta name=\"twitter:card\" content=\"summary_large_image\" \/>\n<meta name=\"twitter:label1\" content=\"Escrito por\" \/>\n\t<meta name=\"twitter:data1\" content=\"Agazeta.Net\" \/>\n\t<meta name=\"twitter:label2\" content=\"Est. tempo de leitura\" \/>\n\t<meta name=\"twitter:data2\" content=\"2 minutos\" \/>\n<script type=\"application\/ld+json\" class=\"yoast-schema-graph\">{\"@context\":\"https:\/\/schema.org\",\"@graph\":[{\"@type\":\"WebPage\",\"@id\":\"https:\/\/nk7-testes.com.br\/agazeta\/jovens-embaixadores-tem-nova-edicao-para-alunos-acrianos\/\",\"url\":\"https:\/\/nk7-testes.com.br\/agazeta\/jovens-embaixadores-tem-nova-edicao-para-alunos-acrianos\/\",\"name\":\"Jovens embaixadores tem nova edi\u00e7\u00e3o para alunos acrianos - Agazeta.net\",\"isPartOf\":{\"@id\":\"https:\/\/nk7-testes.com.br\/agazeta\/#website\"},\"primaryImageOfPage\":{\"@id\":\"https:\/\/nk7-testes.com.br\/agazeta\/jovens-embaixadores-tem-nova-edicao-para-alunos-acrianos\/#primaryimage\"},\"image\":{\"@id\":\"https:\/\/nk7-testes.com.br\/agazeta\/jovens-embaixadores-tem-nova-edicao-para-alunos-acrianos\/#primaryimage\"},\"thumbnailUrl\":\"https:\/\/nk7-testes.com.br\/agazeta\/wp-content\/uploads\/2016\/06\/020616-cotidiano-jovensembaixadores-taiane.jpg\",\"datePublished\":\"2016-06-02T20:38:12+00:00\",\"author\":{\"@id\":\"https:\/\/nk7-testes.com.br\/agazeta\/#\/schema\/person\/6d6e25cb0435eb4a02fd44d30b4e3020\"},\"breadcrumb\":{\"@id\":\"https:\/\/nk7-testes.com.br\/agazeta\/jovens-embaixadores-tem-nova-edicao-para-alunos-acrianos\/#breadcrumb\"},\"inLanguage\":\"pt-BR\",\"potentialAction\":[{\"@type\":\"ReadAction\",\"target\":[\"https:\/\/nk7-testes.com.br\/agazeta\/jovens-embaixadores-tem-nova-edicao-para-alunos-acrianos\/\"]}]},{\"@type\":\"ImageObject\",\"inLanguage\":\"pt-BR\",\"@id\":\"https:\/\/nk7-testes.com.br\/agazeta\/jovens-embaixadores-tem-nova-edicao-para-alunos-acrianos\/#primaryimage\",\"url\":\"https:\/\/nk7-testes.com.br\/agazeta\/wp-content\/uploads\/2016\/06\/020616-cotidiano-jovensembaixadores-taiane.jpg\",\"contentUrl\":\"https:\/\/nk7-testes.com.br\/agazeta\/wp-content\/uploads\/2016\/06\/020616-cotidiano-jovensembaixadores-taiane.jpg\",\"width\":458,\"height\":340,\"caption\":\"020616-cotidiano-jovensembaixadores-taiane\"},{\"@type\":\"BreadcrumbList\",\"@id\":\"https:\/\/nk7-testes.com.br\/agazeta\/jovens-embaixadores-tem-nova-edicao-para-alunos-acrianos\/#breadcrumb\",\"itemListElement\":[{\"@type\":\"ListItem\",\"position\":1,\"name\":\"In\u00edcio\",\"item\":\"https:\/\/nk7-testes.com.br\/agazeta\/\"},{\"@type\":\"ListItem\",\"position\":2,\"name\":\"Jovens embaixadores tem nova edi\u00e7\u00e3o para alunos acrianos\"}]},{\"@type\":\"WebSite\",\"@id\":\"https:\/\/nk7-testes.com.br\/agazeta\/#website\",\"url\":\"https:\/\/nk7-testes.com.br\/agazeta\/\",\"name\":\"Agazeta.net\",\"description\":\"Agazeta.net - Not\u00edcias de Rio Branco\/AC\",\"potentialAction\":[{\"@type\":\"SearchAction\",\"target\":{\"@type\":\"EntryPoint\",\"urlTemplate\":\"https:\/\/nk7-testes.com.br\/agazeta\/?s={search_term_string}\"},\"query-input\":{\"@type\":\"PropertyValueSpecification\",\"valueRequired\":true,\"valueName\":\"search_term_string\"}}],\"inLanguage\":\"pt-BR\"},{\"@type\":\"Person\",\"@id\":\"https:\/\/nk7-testes.com.br\/agazeta\/#\/schema\/person\/6d6e25cb0435eb4a02fd44d30b4e3020\",\"name\":\"Agazeta.Net\",\"url\":\"https:\/\/nk7-testes.com.br\/agazeta\/author\/agazeta\/\"}]}<\/script>\n<!-- \/ Yoast SEO plugin. -->","yoast_head_json":{"title":"Jovens embaixadores tem nova edi\u00e7\u00e3o para alunos acrianos - Agazeta.net","robots":{"index":"index","follow":"follow","max-snippet":"max-snippet:-1","max-image-preview":"max-image-preview:large","max-video-preview":"max-video-preview:-1"},"canonical":"https:\/\/nk7-testes.com.br\/agazeta\/jovens-embaixadores-tem-nova-edicao-para-alunos-acrianos\/","og_locale":"pt_BR","og_type":"article","og_title":"Jovens embaixadores tem nova edi\u00e7\u00e3o para alunos acrianos - Agazeta.net","og_description":"Em todo pa\u00eds, 460 alunos foram beneficiados","og_url":"https:\/\/nk7-testes.com.br\/agazeta\/jovens-embaixadores-tem-nova-edicao-para-alunos-acrianos\/","og_site_name":"Agazeta.net","article_published_time":"2016-06-02T20:38:12+00:00","og_image":[{"width":458,"height":340,"url":"https:\/\/nk7-testes.com.br\/agazeta\/wp-content\/uploads\/2016\/06\/020616-cotidiano-jovensembaixadores-taiane.jpg","type":"image\/jpeg"}],"author":"Agazeta.Net","twitter_card":"summary_large_image","twitter_misc":{"Escrito por":"Agazeta.Net","Est. tempo de leitura":"2 minutos"},"schema":{"@context":"https:\/\/schema.org","@graph":[{"@type":"WebPage","@id":"https:\/\/nk7-testes.com.br\/agazeta\/jovens-embaixadores-tem-nova-edicao-para-alunos-acrianos\/","url":"https:\/\/nk7-testes.com.br\/agazeta\/jovens-embaixadores-tem-nova-edicao-para-alunos-acrianos\/","name":"Jovens embaixadores tem nova edi\u00e7\u00e3o para alunos acrianos - Agazeta.net","isPartOf":{"@id":"https:\/\/nk7-testes.com.br\/agazeta\/#website"},"primaryImageOfPage":{"@id":"https:\/\/nk7-testes.com.br\/agazeta\/jovens-embaixadores-tem-nova-edicao-para-alunos-acrianos\/#primaryimage"},"image":{"@id":"https:\/\/nk7-testes.com.br\/agazeta\/jovens-embaixadores-tem-nova-edicao-para-alunos-acrianos\/#primaryimage"},"thumbnailUrl":"https:\/\/nk7-testes.com.br\/agazeta\/wp-content\/uploads\/2016\/06\/020616-cotidiano-jovensembaixadores-taiane.jpg","datePublished":"2016-06-02T20:38:12+00:00","author":{"@id":"https:\/\/nk7-testes.com.br\/agazeta\/#\/schema\/person\/6d6e25cb0435eb4a02fd44d30b4e3020"},"breadcrumb":{"@id":"https:\/\/nk7-testes.com.br\/agazeta\/jovens-embaixadores-tem-nova-edicao-para-alunos-acrianos\/#breadcrumb"},"inLanguage":"pt-BR","potentialAction":[{"@type":"ReadAction","target":["https:\/\/nk7-testes.com.br\/agazeta\/jovens-embaixadores-tem-nova-edicao-para-alunos-acrianos\/"]}]},{"@type":"ImageObject","inLanguage":"pt-BR","@id":"https:\/\/nk7-testes.com.br\/agazeta\/jovens-embaixadores-tem-nova-edicao-para-alunos-acrianos\/#primaryimage","url":"https:\/\/nk7-testes.com.br\/agazeta\/wp-content\/uploads\/2016\/06\/020616-cotidiano-jovensembaixadores-taiane.jpg","contentUrl":"https:\/\/nk7-testes.com.br\/agazeta\/wp-content\/uploads\/2016\/06\/020616-cotidiano-jovensembaixadores-taiane.jpg","width":458,"height":340,"caption":"020616-cotidiano-jovensembaixadores-taiane"},{"@type":"BreadcrumbList","@id":"https:\/\/nk7-testes.com.br\/agazeta\/jovens-embaixadores-tem-nova-edicao-para-alunos-acrianos\/#breadcrumb","itemListElement":[{"@type":"ListItem","position":1,"name":"In\u00edcio","item":"https:\/\/nk7-testes.com.br\/agazeta\/"},{"@type":"ListItem","position":2,"name":"Jovens embaixadores tem nova edi\u00e7\u00e3o para alunos acrianos"}]},{"@type":"WebSite","@id":"https:\/\/nk7-testes.com.br\/agazeta\/#website","url":"https:\/\/nk7-testes.com.br\/agazeta\/","name":"Agazeta.net","description":"Agazeta.net - Not\u00edcias de Rio Branco\/AC","potentialAction":[{"@type":"SearchAction","target":{"@type":"EntryPoint","urlTemplate":"https:\/\/nk7-testes.com.br\/agazeta\/?s={search_term_string}"},"query-input":{"@type":"PropertyValueSpecification","valueRequired":true,"valueName":"search_term_string"}}],"inLanguage":"pt-BR"},{"@type":"Person","@id":"https:\/\/nk7-testes.com.br\/agazeta\/#\/schema\/person\/6d6e25cb0435eb4a02fd44d30b4e3020","name":"Agazeta.Net","url":"https:\/\/nk7-testes.com.br\/agazeta\/author\/agazeta\/"}]}},"_links":{"self":[{"href":"https:\/\/nk7-testes.com.br\/agazeta\/wp-json\/wp\/v2\/posts\/23053","targetHints":{"allow":["GET"]}}],"collection":[{"href":"https:\/\/nk7-testes.com.br\/agazeta\/wp-json\/wp\/v2\/posts"}],"about":[{"href":"https:\/\/nk7-testes.com.br\/agazeta\/wp-json\/wp\/v2\/types\/post"}],"author":[{"embeddable":true,"href":"https:\/\/nk7-testes.com.br\/agazeta\/wp-json\/wp\/v2\/users\/4"}],"replies":[{"embeddable":true,"href":"https:\/\/nk7-testes.com.br\/agazeta\/wp-json\/wp\/v2\/comments?post=23053"}],"version-history":[{"count":0,"href":"https:\/\/nk7-testes.com.br\/agazeta\/wp-json\/wp\/v2\/posts\/23053\/revisions"}],"wp:featuredmedia":[{"embeddable":true,"href":"https:\/\/nk7-testes.com.br\/agazeta\/wp-json\/wp\/v2\/media\/23052"}],"wp:attachment":[{"href":"https:\/\/nk7-testes.com.br\/agazeta\/wp-json\/wp\/v2\/media?parent=23053"}],"wp:term":[{"taxonomy":"category","embeddable":true,"href":"https:\/\/nk7-testes.com.br\/agazeta\/wp-json\/wp\/v2\/categories?post=23053"},{"taxonomy":"post_tag","embeddable":true,"href":"https:\/\/nk7-testes.com.br\/agazeta\/wp-json\/wp\/v2\/tags?post=23053"}],"curies":[{"name":"wp","href":"https:\/\/api.w.org\/{rel}","templated":true}]}}