{"id":23047,"date":"2016-06-02T16:06:12","date_gmt":"2016-06-02T16:06:12","guid":{"rendered":"https:\/\/abarevegan.com.br\/index.php\/2016\/06\/02\/fieac-explica-proposta-da-zona-franca-verde-a-empresas\/"},"modified":"2016-06-02T16:06:12","modified_gmt":"2016-06-02T16:06:12","slug":"fieac-explica-proposta-da-zona-franca-verde-a-empresas","status":"publish","type":"post","link":"https:\/\/nk7-testes.com.br\/agazeta\/fieac-explica-proposta-da-zona-franca-verde-a-empresas\/","title":{"rendered":"Fieac explica proposta da Zona Franca Verde a empresas"},"content":{"rendered":"<p style=\"text-align: justify;\">Discuss\u00f5es qualificam ideia junto \u00e0 iniciativa privada<\/p>\n<p style=\"text-align: justify;\">A Federa\u00e7\u00e3o das Ind\u00fastrias do Acre (Fieac), em parceria com o Governo do Estado, Sebrae e Superintend\u00eancia da Zona Franca de Manaus (Suframa) iniciou um semin\u00e1rio para capacitar servidores de empresas sobre a Zona Franca Verde.<\/p>\n<p style=\"text-align: justify;\">Regulamentado em fevereiro deste ano, o primeiro projeto da Zona Franca Verde foi aprovado em mar\u00e7o, no Amap\u00e1. A ZFV beneficia os empres\u00e1rios na isen\u00e7\u00e3o de Imposto Sobre Produtos Industrializados (IPI) no uso da mat\u00e9ria-prima regional ou industrializada no estado.<\/p>\n<p style=\"text-align: justify;\">\u201cO objetivo do evento de hoje \u00e9 capacitar os servidores das institui\u00e7\u00f5es de \u00e1reas afins ao desenvolvimento do Estado e da Amaz\u00f4nia. O intuito \u00e9 capacitar sobre os incentivos administrados pela Suframa, da Zona Franca Verde e de todos os outros que j\u00e1 existem\u201d, explicou Jo\u00e3o de Deus, Coordenador Regional da Suframa.<\/p>\n<p style=\"text-align: justify;\">Ao todo, quatro estados da Amaz\u00f4nia Ocidental (Acre, Amazonas, Rond\u00f4nia e Roraima) e o Amap\u00e1 s\u00e3o contemplados como \u00e1reas de livre com\u00e9rcio. \u201cA Zona Franca Verde tem o incentivo diferenciado que \u00e9 o IPI na sa\u00edda de produ\u00e7\u00e3o com utiliza\u00e7\u00e3o de mat\u00e9ria-prima regional, que s\u00e3o nas \u00e1reas de livre com\u00e9rcio. No Acre, n\u00f3s temos Brasileia, Epitaciol\u00e2ndia e Cruzeiro do Sul, os outros munic\u00edpios t\u00eam incentivos, mas s\u00e3o incentivos que a gente chama da Amaz\u00f4nia Ocidental, que \u00e9 s\u00f3 o IPI na entrada de mercadorias\u201d, disse Jo\u00e3o de Deus.<\/p>\n<p style=\"text-align: justify;\">O diretor da Fieac, Jorge Tom\u00e1s, diz que a capacita\u00e7\u00e3o \u00e9 importante j\u00e1 que a lei da ZFV \u00e9 recente. \u201cA Zona Franca Verde ainda \u00e9 uma novidade aqui pra n\u00f3s. A Federa\u00e7\u00e3o das Ind\u00fastrias est\u00e1 fazendo um esfor\u00e7o de agregar todas essas institui\u00e7\u00f5es constituindo um foro para discutir tudo isso\u201d.<\/p>\n<p style=\"text-align: justify;\">Para participar da Zona Franca Verde, Jo\u00e3o de Deus explica o que os interessados devem fazer. \u201cAs ind\u00fastrias que queiram utilizar-se do incentivo da Zona Franca Verde v\u00e3o ter que elaborar um projeto t\u00e9cnico econ\u00f4mico, apresentar para a Suframa para ser analisado\u201d.<\/p>\n","protected":false},"excerpt":{"rendered":"<p style=\"text-align: justify;\">Discuss\u00f5es qualificam ideia junto \u00e0 iniciativa privada<\/p>\n","protected":false},"author":4,"featured_media":23046,"comment_status":"open","ping_status":"open","sticky":false,"template":"","format":"standard","meta":{"jnews-multi-image_gallery":[],"jnews_single_post":[],"jnews_primary_category":[],"jnews_social_meta":[],"jnews_review":[],"enable_review":"","type":"","name":"","summary":"","brand":"","sku":"","good":[],"bad":[],"score_override":"","override_value":"","rating":[],"price":[],"footnotes":""},"categories":[54],"tags":[],"class_list":["post-23047","post","type-post","status-publish","format-standard","has-post-thumbnail","hentry","category-cotidiano"],"yoast_head":"<!-- This site is optimized with the Yoast SEO plugin v26.5 - https:\/\/yoast.com\/wordpress\/plugins\/seo\/ -->\n<title>Fieac explica proposta da Zona Franca Verde a empresas - Agazeta.net<\/title>\n<meta name=\"robots\" content=\"index, follow, max-snippet:-1, max-image-preview:large, max-video-preview:-1\" \/>\n<link rel=\"canonical\" href=\"https:\/\/nk7-testes.com.br\/agazeta\/fieac-explica-proposta-da-zona-franca-verde-a-empresas\/\" \/>\n<meta property=\"og:locale\" content=\"pt_BR\" \/>\n<meta property=\"og:type\" content=\"article\" \/>\n<meta property=\"og:title\" content=\"Fieac explica proposta da Zona Franca Verde a empresas - Agazeta.net\" \/>\n<meta property=\"og:description\" content=\"Discuss\u00f5es qualificam ideia junto \u00e0 iniciativa privada\" \/>\n<meta property=\"og:url\" content=\"https:\/\/nk7-testes.com.br\/agazeta\/fieac-explica-proposta-da-zona-franca-verde-a-empresas\/\" \/>\n<meta property=\"og:site_name\" content=\"Agazeta.net\" \/>\n<meta property=\"article:published_time\" content=\"2016-06-02T16:06:12+00:00\" \/>\n<meta property=\"og:image\" content=\"https:\/\/nk7-testes.com.br\/agazeta\/wp-content\/uploads\/2016\/06\/020616-politica-zonafrancaverde-taianelima.jpg\" \/>\n\t<meta property=\"og:image:width\" content=\"458\" \/>\n\t<meta property=\"og:image:height\" content=\"340\" \/>\n\t<meta property=\"og:image:type\" content=\"image\/jpeg\" \/>\n<meta name=\"author\" content=\"Agazeta.Net\" \/>\n<meta name=\"twitter:card\" content=\"summary_large_image\" \/>\n<meta name=\"twitter:label1\" content=\"Escrito por\" \/>\n\t<meta name=\"twitter:data1\" content=\"Agazeta.Net\" \/>\n\t<meta name=\"twitter:label2\" content=\"Est. tempo de leitura\" \/>\n\t<meta name=\"twitter:data2\" content=\"2 minutos\" \/>\n<script type=\"application\/ld+json\" class=\"yoast-schema-graph\">{\"@context\":\"https:\/\/schema.org\",\"@graph\":[{\"@type\":\"WebPage\",\"@id\":\"https:\/\/nk7-testes.com.br\/agazeta\/fieac-explica-proposta-da-zona-franca-verde-a-empresas\/\",\"url\":\"https:\/\/nk7-testes.com.br\/agazeta\/fieac-explica-proposta-da-zona-franca-verde-a-empresas\/\",\"name\":\"Fieac explica proposta da Zona Franca Verde a empresas - Agazeta.net\",\"isPartOf\":{\"@id\":\"https:\/\/nk7-testes.com.br\/agazeta\/#website\"},\"primaryImageOfPage\":{\"@id\":\"https:\/\/nk7-testes.com.br\/agazeta\/fieac-explica-proposta-da-zona-franca-verde-a-empresas\/#primaryimage\"},\"image\":{\"@id\":\"https:\/\/nk7-testes.com.br\/agazeta\/fieac-explica-proposta-da-zona-franca-verde-a-empresas\/#primaryimage\"},\"thumbnailUrl\":\"https:\/\/nk7-testes.com.br\/agazeta\/wp-content\/uploads\/2016\/06\/020616-politica-zonafrancaverde-taianelima.jpg\",\"datePublished\":\"2016-06-02T16:06:12+00:00\",\"author\":{\"@id\":\"https:\/\/nk7-testes.com.br\/agazeta\/#\/schema\/person\/6d6e25cb0435eb4a02fd44d30b4e3020\"},\"breadcrumb\":{\"@id\":\"https:\/\/nk7-testes.com.br\/agazeta\/fieac-explica-proposta-da-zona-franca-verde-a-empresas\/#breadcrumb\"},\"inLanguage\":\"pt-BR\",\"potentialAction\":[{\"@type\":\"ReadAction\",\"target\":[\"https:\/\/nk7-testes.com.br\/agazeta\/fieac-explica-proposta-da-zona-franca-verde-a-empresas\/\"]}]},{\"@type\":\"ImageObject\",\"inLanguage\":\"pt-BR\",\"@id\":\"https:\/\/nk7-testes.com.br\/agazeta\/fieac-explica-proposta-da-zona-franca-verde-a-empresas\/#primaryimage\",\"url\":\"https:\/\/nk7-testes.com.br\/agazeta\/wp-content\/uploads\/2016\/06\/020616-politica-zonafrancaverde-taianelima.jpg\",\"contentUrl\":\"https:\/\/nk7-testes.com.br\/agazeta\/wp-content\/uploads\/2016\/06\/020616-politica-zonafrancaverde-taianelima.jpg\",\"width\":458,\"height\":340,\"caption\":\"020616-politica-zonafrancaverde-taianelima\"},{\"@type\":\"BreadcrumbList\",\"@id\":\"https:\/\/nk7-testes.com.br\/agazeta\/fieac-explica-proposta-da-zona-franca-verde-a-empresas\/#breadcrumb\",\"itemListElement\":[{\"@type\":\"ListItem\",\"position\":1,\"name\":\"In\u00edcio\",\"item\":\"https:\/\/nk7-testes.com.br\/agazeta\/\"},{\"@type\":\"ListItem\",\"position\":2,\"name\":\"Fieac explica proposta da Zona Franca Verde a empresas\"}]},{\"@type\":\"WebSite\",\"@id\":\"https:\/\/nk7-testes.com.br\/agazeta\/#website\",\"url\":\"https:\/\/nk7-testes.com.br\/agazeta\/\",\"name\":\"Agazeta.net\",\"description\":\"Agazeta.net - Not\u00edcias de Rio Branco\/AC\",\"potentialAction\":[{\"@type\":\"SearchAction\",\"target\":{\"@type\":\"EntryPoint\",\"urlTemplate\":\"https:\/\/nk7-testes.com.br\/agazeta\/?s={search_term_string}\"},\"query-input\":{\"@type\":\"PropertyValueSpecification\",\"valueRequired\":true,\"valueName\":\"search_term_string\"}}],\"inLanguage\":\"pt-BR\"},{\"@type\":\"Person\",\"@id\":\"https:\/\/nk7-testes.com.br\/agazeta\/#\/schema\/person\/6d6e25cb0435eb4a02fd44d30b4e3020\",\"name\":\"Agazeta.Net\",\"url\":\"https:\/\/nk7-testes.com.br\/agazeta\/author\/agazeta\/\"}]}<\/script>\n<!-- \/ Yoast SEO plugin. -->","yoast_head_json":{"title":"Fieac explica proposta da Zona Franca Verde a empresas - Agazeta.net","robots":{"index":"index","follow":"follow","max-snippet":"max-snippet:-1","max-image-preview":"max-image-preview:large","max-video-preview":"max-video-preview:-1"},"canonical":"https:\/\/nk7-testes.com.br\/agazeta\/fieac-explica-proposta-da-zona-franca-verde-a-empresas\/","og_locale":"pt_BR","og_type":"article","og_title":"Fieac explica proposta da Zona Franca Verde a empresas - Agazeta.net","og_description":"Discuss\u00f5es qualificam ideia junto \u00e0 iniciativa privada","og_url":"https:\/\/nk7-testes.com.br\/agazeta\/fieac-explica-proposta-da-zona-franca-verde-a-empresas\/","og_site_name":"Agazeta.net","article_published_time":"2016-06-02T16:06:12+00:00","og_image":[{"width":458,"height":340,"url":"https:\/\/nk7-testes.com.br\/agazeta\/wp-content\/uploads\/2016\/06\/020616-politica-zonafrancaverde-taianelima.jpg","type":"image\/jpeg"}],"author":"Agazeta.Net","twitter_card":"summary_large_image","twitter_misc":{"Escrito por":"Agazeta.Net","Est. tempo de leitura":"2 minutos"},"schema":{"@context":"https:\/\/schema.org","@graph":[{"@type":"WebPage","@id":"https:\/\/nk7-testes.com.br\/agazeta\/fieac-explica-proposta-da-zona-franca-verde-a-empresas\/","url":"https:\/\/nk7-testes.com.br\/agazeta\/fieac-explica-proposta-da-zona-franca-verde-a-empresas\/","name":"Fieac explica proposta da Zona Franca Verde a empresas - Agazeta.net","isPartOf":{"@id":"https:\/\/nk7-testes.com.br\/agazeta\/#website"},"primaryImageOfPage":{"@id":"https:\/\/nk7-testes.com.br\/agazeta\/fieac-explica-proposta-da-zona-franca-verde-a-empresas\/#primaryimage"},"image":{"@id":"https:\/\/nk7-testes.com.br\/agazeta\/fieac-explica-proposta-da-zona-franca-verde-a-empresas\/#primaryimage"},"thumbnailUrl":"https:\/\/nk7-testes.com.br\/agazeta\/wp-content\/uploads\/2016\/06\/020616-politica-zonafrancaverde-taianelima.jpg","datePublished":"2016-06-02T16:06:12+00:00","author":{"@id":"https:\/\/nk7-testes.com.br\/agazeta\/#\/schema\/person\/6d6e25cb0435eb4a02fd44d30b4e3020"},"breadcrumb":{"@id":"https:\/\/nk7-testes.com.br\/agazeta\/fieac-explica-proposta-da-zona-franca-verde-a-empresas\/#breadcrumb"},"inLanguage":"pt-BR","potentialAction":[{"@type":"ReadAction","target":["https:\/\/nk7-testes.com.br\/agazeta\/fieac-explica-proposta-da-zona-franca-verde-a-empresas\/"]}]},{"@type":"ImageObject","inLanguage":"pt-BR","@id":"https:\/\/nk7-testes.com.br\/agazeta\/fieac-explica-proposta-da-zona-franca-verde-a-empresas\/#primaryimage","url":"https:\/\/nk7-testes.com.br\/agazeta\/wp-content\/uploads\/2016\/06\/020616-politica-zonafrancaverde-taianelima.jpg","contentUrl":"https:\/\/nk7-testes.com.br\/agazeta\/wp-content\/uploads\/2016\/06\/020616-politica-zonafrancaverde-taianelima.jpg","width":458,"height":340,"caption":"020616-politica-zonafrancaverde-taianelima"},{"@type":"BreadcrumbList","@id":"https:\/\/nk7-testes.com.br\/agazeta\/fieac-explica-proposta-da-zona-franca-verde-a-empresas\/#breadcrumb","itemListElement":[{"@type":"ListItem","position":1,"name":"In\u00edcio","item":"https:\/\/nk7-testes.com.br\/agazeta\/"},{"@type":"ListItem","position":2,"name":"Fieac explica proposta da Zona Franca Verde a empresas"}]},{"@type":"WebSite","@id":"https:\/\/nk7-testes.com.br\/agazeta\/#website","url":"https:\/\/nk7-testes.com.br\/agazeta\/","name":"Agazeta.net","description":"Agazeta.net - Not\u00edcias de Rio Branco\/AC","potentialAction":[{"@type":"SearchAction","target":{"@type":"EntryPoint","urlTemplate":"https:\/\/nk7-testes.com.br\/agazeta\/?s={search_term_string}"},"query-input":{"@type":"PropertyValueSpecification","valueRequired":true,"valueName":"search_term_string"}}],"inLanguage":"pt-BR"},{"@type":"Person","@id":"https:\/\/nk7-testes.com.br\/agazeta\/#\/schema\/person\/6d6e25cb0435eb4a02fd44d30b4e3020","name":"Agazeta.Net","url":"https:\/\/nk7-testes.com.br\/agazeta\/author\/agazeta\/"}]}},"_links":{"self":[{"href":"https:\/\/nk7-testes.com.br\/agazeta\/wp-json\/wp\/v2\/posts\/23047","targetHints":{"allow":["GET"]}}],"collection":[{"href":"https:\/\/nk7-testes.com.br\/agazeta\/wp-json\/wp\/v2\/posts"}],"about":[{"href":"https:\/\/nk7-testes.com.br\/agazeta\/wp-json\/wp\/v2\/types\/post"}],"author":[{"embeddable":true,"href":"https:\/\/nk7-testes.com.br\/agazeta\/wp-json\/wp\/v2\/users\/4"}],"replies":[{"embeddable":true,"href":"https:\/\/nk7-testes.com.br\/agazeta\/wp-json\/wp\/v2\/comments?post=23047"}],"version-history":[{"count":0,"href":"https:\/\/nk7-testes.com.br\/agazeta\/wp-json\/wp\/v2\/posts\/23047\/revisions"}],"wp:featuredmedia":[{"embeddable":true,"href":"https:\/\/nk7-testes.com.br\/agazeta\/wp-json\/wp\/v2\/media\/23046"}],"wp:attachment":[{"href":"https:\/\/nk7-testes.com.br\/agazeta\/wp-json\/wp\/v2\/media?parent=23047"}],"wp:term":[{"taxonomy":"category","embeddable":true,"href":"https:\/\/nk7-testes.com.br\/agazeta\/wp-json\/wp\/v2\/categories?post=23047"},{"taxonomy":"post_tag","embeddable":true,"href":"https:\/\/nk7-testes.com.br\/agazeta\/wp-json\/wp\/v2\/tags?post=23047"}],"curies":[{"name":"wp","href":"https:\/\/api.w.org\/{rel}","templated":true}]}}