{"id":23036,"date":"2016-06-02T14:45:32","date_gmt":"2016-06-02T14:45:32","guid":{"rendered":"https:\/\/abarevegan.com.br\/index.php\/2016\/06\/02\/ong-reforca-campanha-de-doacao-de-cabelo\/"},"modified":"2016-06-02T14:45:32","modified_gmt":"2016-06-02T14:45:32","slug":"ong-reforca-campanha-de-doacao-de-cabelo","status":"publish","type":"post","link":"https:\/\/nk7-testes.com.br\/agazeta\/ong-reforca-campanha-de-doacao-de-cabelo\/","title":{"rendered":"ONG refor\u00e7a campanha de doa\u00e7\u00e3o de cabelo"},"content":{"rendered":"<p style=\"text-align: justify;\">Peruca para crian\u00e7as em tratamento contra c\u00e2ncer<\/p>\n<p style=\"text-align: justify;\">A 3\u00aa edi\u00e7\u00e3o do projeto &#8220;Tesoura Rosa: Meu cabelo por um sorriso&#8221;, que arrecada mechas de cabelo para a fabrica\u00e7\u00e3o de perucas para crian\u00e7as com c\u00e2ncer, foi realizada nesta quarta-feira (1\u00b0) em Rio Branco.<\/p>\n<p style=\"text-align: justify;\">A primeira edi\u00e7\u00e3o do projeto aconteceu em abril de 2015 onde foram arrecadadas 50 mechas de cabelo. Cerca de 20 pessoas fizeram a doa\u00e7\u00e3o. Na segunda edi\u00e7\u00e3o, foram 70 mechas e, de acordo com o coordenador do projeto, Maur\u00edcio Paro, a expectativa \u00e9 que nesta edi\u00e7\u00e3o sejam arrecadadas mais de 70 mechas. \u201cA gente vem desenvolvendo esse projeto at\u00e9 hoje e pretendemos fazer a quarta edi\u00e7\u00e3o ainda este ano\u201d.<\/p>\n<p style=\"text-align: justify;\">A dentista Camila Firmino tinha um cabel\u00e3o e foi ao sal\u00e3o para doar as madeixas, ela conta que ficou sabendo do projeto atrav\u00e9s de uma amiga e ap\u00f3s pesquisar se tratava de uma institui\u00e7\u00e3o s\u00e9ria ela resolveu fazer a doa\u00e7\u00e3o.<\/p>\n<p style=\"text-align: justify;\">\u201cEu falei: \u2018ah, eu vou doar tamb\u00e9m porque tem gente que est\u00e1 precisando mais do que eu\u2019. O meu cabelo j\u00e1 est\u00e1 grande, num tamanho bom pra doar, e fazer outras pessoas felizes. Como o projeto mesmo diz \u2018tesoura rosa: meu cabelo por um sorriso\u2019&#8230; ent\u00e3o, eu espero que as pessoas que v\u00e3o receber eles se sintam a vontade.\u201d<\/p>\n<p style=\"text-align: justify;\">Paro explica quais os crit\u00e9rios para doa\u00e7\u00e3o do cabelo. \u201cO tamanho m\u00ednimo \u00e9 15 cent\u00edmetros. Qualquer pessoa pode doar. Se for menor de idade tem que vir acompanhado dos pais. Pode doar mesmo cabelo com qualquer tipo de colora\u00e7\u00e3o, natural&#8230; a \u00fanica exig\u00eancia \u00e9 que tenha, no m\u00ednimo, 15 cent\u00edmetros\u201d.<\/p>\n<p style=\"text-align: justify;\">Christian Cau\u00ea Vieira tem apenas 9 anos e topou fazer a doa\u00e7\u00e3o do pr\u00f3prio cabelo com incentivo dos pais. A m\u00e3e do menino, a t\u00e9cnica em enfermagem Marly Batista Vieira, fala de onde surgiu a ideia.<\/p>\n<p style=\"text-align: justify;\">\u201cEle sempre usou o cabelo um pouco comprido, mas quando ficamos sabendo da campanha decidimos deixar crescer mais um pouco para doar, ele entendeu e n\u00f3s viemos.\u201d<\/p>\n<p style=\"text-align: justify;\">Quem se interessar em doar pode procurar o sal\u00e3o Dita Cabelo e Corpo, na Travessa Alexandre Lopes, 37, bairro Jos\u00e9 Augusto que \u00e9 parceiro no projeto e coleta as mechas que s\u00e3o enviadas a Ong Cabela\u00e7o que confecciona as perucas e doa para crian\u00e7as em tratamento contra o c\u00e2ncer.<\/p>\n","protected":false},"excerpt":{"rendered":"<p style=\"text-align: justify;\">Peruca para crian\u00e7as em tratamento contra c\u00e2ncer<\/p>\n","protected":false},"author":4,"featured_media":23035,"comment_status":"open","ping_status":"open","sticky":false,"template":"","format":"standard","meta":{"jnews-multi-image_gallery":[],"jnews_single_post":[],"jnews_primary_category":[],"jnews_social_meta":[],"jnews_review":[],"enable_review":"","type":"","name":"","summary":"","brand":"","sku":"","good":[],"bad":[],"score_override":"","override_value":"","rating":[],"price":[],"footnotes":""},"categories":[54],"tags":[],"class_list":["post-23036","post","type-post","status-publish","format-standard","has-post-thumbnail","hentry","category-cotidiano"],"yoast_head":"<!-- This site is optimized with the Yoast SEO plugin v26.5 - https:\/\/yoast.com\/wordpress\/plugins\/seo\/ -->\n<title>ONG refor\u00e7a campanha de doa\u00e7\u00e3o de cabelo - Agazeta.net<\/title>\n<meta name=\"robots\" content=\"index, follow, max-snippet:-1, max-image-preview:large, max-video-preview:-1\" \/>\n<link rel=\"canonical\" href=\"https:\/\/nk7-testes.com.br\/agazeta\/ong-reforca-campanha-de-doacao-de-cabelo\/\" \/>\n<meta property=\"og:locale\" content=\"pt_BR\" \/>\n<meta property=\"og:type\" content=\"article\" \/>\n<meta property=\"og:title\" content=\"ONG refor\u00e7a campanha de doa\u00e7\u00e3o de cabelo - Agazeta.net\" \/>\n<meta property=\"og:description\" content=\"Peruca para crian\u00e7as em tratamento contra c\u00e2ncer\" \/>\n<meta property=\"og:url\" content=\"https:\/\/nk7-testes.com.br\/agazeta\/ong-reforca-campanha-de-doacao-de-cabelo\/\" \/>\n<meta property=\"og:site_name\" content=\"Agazeta.net\" \/>\n<meta property=\"article:published_time\" content=\"2016-06-02T14:45:32+00:00\" \/>\n<meta property=\"og:image\" content=\"https:\/\/nk7-testes.com.br\/agazeta\/wp-content\/uploads\/2016\/06\/020616-cotidiano-tesouramagica-taianelima3.jpg\" \/>\n\t<meta property=\"og:image:width\" content=\"458\" \/>\n\t<meta property=\"og:image:height\" content=\"340\" \/>\n\t<meta property=\"og:image:type\" content=\"image\/jpeg\" \/>\n<meta name=\"author\" content=\"Agazeta.Net\" \/>\n<meta name=\"twitter:card\" content=\"summary_large_image\" \/>\n<meta name=\"twitter:label1\" content=\"Escrito por\" \/>\n\t<meta name=\"twitter:data1\" content=\"Agazeta.Net\" \/>\n\t<meta name=\"twitter:label2\" content=\"Est. tempo de leitura\" \/>\n\t<meta name=\"twitter:data2\" content=\"2 minutos\" \/>\n<script type=\"application\/ld+json\" class=\"yoast-schema-graph\">{\"@context\":\"https:\/\/schema.org\",\"@graph\":[{\"@type\":\"WebPage\",\"@id\":\"https:\/\/nk7-testes.com.br\/agazeta\/ong-reforca-campanha-de-doacao-de-cabelo\/\",\"url\":\"https:\/\/nk7-testes.com.br\/agazeta\/ong-reforca-campanha-de-doacao-de-cabelo\/\",\"name\":\"ONG refor\u00e7a campanha de doa\u00e7\u00e3o de cabelo - Agazeta.net\",\"isPartOf\":{\"@id\":\"https:\/\/nk7-testes.com.br\/agazeta\/#website\"},\"primaryImageOfPage\":{\"@id\":\"https:\/\/nk7-testes.com.br\/agazeta\/ong-reforca-campanha-de-doacao-de-cabelo\/#primaryimage\"},\"image\":{\"@id\":\"https:\/\/nk7-testes.com.br\/agazeta\/ong-reforca-campanha-de-doacao-de-cabelo\/#primaryimage\"},\"thumbnailUrl\":\"https:\/\/nk7-testes.com.br\/agazeta\/wp-content\/uploads\/2016\/06\/020616-cotidiano-tesouramagica-taianelima3.jpg\",\"datePublished\":\"2016-06-02T14:45:32+00:00\",\"author\":{\"@id\":\"https:\/\/nk7-testes.com.br\/agazeta\/#\/schema\/person\/6d6e25cb0435eb4a02fd44d30b4e3020\"},\"breadcrumb\":{\"@id\":\"https:\/\/nk7-testes.com.br\/agazeta\/ong-reforca-campanha-de-doacao-de-cabelo\/#breadcrumb\"},\"inLanguage\":\"pt-BR\",\"potentialAction\":[{\"@type\":\"ReadAction\",\"target\":[\"https:\/\/nk7-testes.com.br\/agazeta\/ong-reforca-campanha-de-doacao-de-cabelo\/\"]}]},{\"@type\":\"ImageObject\",\"inLanguage\":\"pt-BR\",\"@id\":\"https:\/\/nk7-testes.com.br\/agazeta\/ong-reforca-campanha-de-doacao-de-cabelo\/#primaryimage\",\"url\":\"https:\/\/nk7-testes.com.br\/agazeta\/wp-content\/uploads\/2016\/06\/020616-cotidiano-tesouramagica-taianelima3.jpg\",\"contentUrl\":\"https:\/\/nk7-testes.com.br\/agazeta\/wp-content\/uploads\/2016\/06\/020616-cotidiano-tesouramagica-taianelima3.jpg\",\"width\":458,\"height\":340,\"caption\":\"020616-cotidiano-tesouramagica-taianelima3\"},{\"@type\":\"BreadcrumbList\",\"@id\":\"https:\/\/nk7-testes.com.br\/agazeta\/ong-reforca-campanha-de-doacao-de-cabelo\/#breadcrumb\",\"itemListElement\":[{\"@type\":\"ListItem\",\"position\":1,\"name\":\"In\u00edcio\",\"item\":\"https:\/\/nk7-testes.com.br\/agazeta\/\"},{\"@type\":\"ListItem\",\"position\":2,\"name\":\"ONG refor\u00e7a campanha de doa\u00e7\u00e3o de cabelo\"}]},{\"@type\":\"WebSite\",\"@id\":\"https:\/\/nk7-testes.com.br\/agazeta\/#website\",\"url\":\"https:\/\/nk7-testes.com.br\/agazeta\/\",\"name\":\"Agazeta.net\",\"description\":\"Agazeta.net - Not\u00edcias de Rio Branco\/AC\",\"potentialAction\":[{\"@type\":\"SearchAction\",\"target\":{\"@type\":\"EntryPoint\",\"urlTemplate\":\"https:\/\/nk7-testes.com.br\/agazeta\/?s={search_term_string}\"},\"query-input\":{\"@type\":\"PropertyValueSpecification\",\"valueRequired\":true,\"valueName\":\"search_term_string\"}}],\"inLanguage\":\"pt-BR\"},{\"@type\":\"Person\",\"@id\":\"https:\/\/nk7-testes.com.br\/agazeta\/#\/schema\/person\/6d6e25cb0435eb4a02fd44d30b4e3020\",\"name\":\"Agazeta.Net\",\"url\":\"https:\/\/nk7-testes.com.br\/agazeta\/author\/agazeta\/\"}]}<\/script>\n<!-- \/ Yoast SEO plugin. -->","yoast_head_json":{"title":"ONG refor\u00e7a campanha de doa\u00e7\u00e3o de cabelo - Agazeta.net","robots":{"index":"index","follow":"follow","max-snippet":"max-snippet:-1","max-image-preview":"max-image-preview:large","max-video-preview":"max-video-preview:-1"},"canonical":"https:\/\/nk7-testes.com.br\/agazeta\/ong-reforca-campanha-de-doacao-de-cabelo\/","og_locale":"pt_BR","og_type":"article","og_title":"ONG refor\u00e7a campanha de doa\u00e7\u00e3o de cabelo - Agazeta.net","og_description":"Peruca para crian\u00e7as em tratamento contra c\u00e2ncer","og_url":"https:\/\/nk7-testes.com.br\/agazeta\/ong-reforca-campanha-de-doacao-de-cabelo\/","og_site_name":"Agazeta.net","article_published_time":"2016-06-02T14:45:32+00:00","og_image":[{"width":458,"height":340,"url":"https:\/\/nk7-testes.com.br\/agazeta\/wp-content\/uploads\/2016\/06\/020616-cotidiano-tesouramagica-taianelima3.jpg","type":"image\/jpeg"}],"author":"Agazeta.Net","twitter_card":"summary_large_image","twitter_misc":{"Escrito por":"Agazeta.Net","Est. tempo de leitura":"2 minutos"},"schema":{"@context":"https:\/\/schema.org","@graph":[{"@type":"WebPage","@id":"https:\/\/nk7-testes.com.br\/agazeta\/ong-reforca-campanha-de-doacao-de-cabelo\/","url":"https:\/\/nk7-testes.com.br\/agazeta\/ong-reforca-campanha-de-doacao-de-cabelo\/","name":"ONG refor\u00e7a campanha de doa\u00e7\u00e3o de cabelo - Agazeta.net","isPartOf":{"@id":"https:\/\/nk7-testes.com.br\/agazeta\/#website"},"primaryImageOfPage":{"@id":"https:\/\/nk7-testes.com.br\/agazeta\/ong-reforca-campanha-de-doacao-de-cabelo\/#primaryimage"},"image":{"@id":"https:\/\/nk7-testes.com.br\/agazeta\/ong-reforca-campanha-de-doacao-de-cabelo\/#primaryimage"},"thumbnailUrl":"https:\/\/nk7-testes.com.br\/agazeta\/wp-content\/uploads\/2016\/06\/020616-cotidiano-tesouramagica-taianelima3.jpg","datePublished":"2016-06-02T14:45:32+00:00","author":{"@id":"https:\/\/nk7-testes.com.br\/agazeta\/#\/schema\/person\/6d6e25cb0435eb4a02fd44d30b4e3020"},"breadcrumb":{"@id":"https:\/\/nk7-testes.com.br\/agazeta\/ong-reforca-campanha-de-doacao-de-cabelo\/#breadcrumb"},"inLanguage":"pt-BR","potentialAction":[{"@type":"ReadAction","target":["https:\/\/nk7-testes.com.br\/agazeta\/ong-reforca-campanha-de-doacao-de-cabelo\/"]}]},{"@type":"ImageObject","inLanguage":"pt-BR","@id":"https:\/\/nk7-testes.com.br\/agazeta\/ong-reforca-campanha-de-doacao-de-cabelo\/#primaryimage","url":"https:\/\/nk7-testes.com.br\/agazeta\/wp-content\/uploads\/2016\/06\/020616-cotidiano-tesouramagica-taianelima3.jpg","contentUrl":"https:\/\/nk7-testes.com.br\/agazeta\/wp-content\/uploads\/2016\/06\/020616-cotidiano-tesouramagica-taianelima3.jpg","width":458,"height":340,"caption":"020616-cotidiano-tesouramagica-taianelima3"},{"@type":"BreadcrumbList","@id":"https:\/\/nk7-testes.com.br\/agazeta\/ong-reforca-campanha-de-doacao-de-cabelo\/#breadcrumb","itemListElement":[{"@type":"ListItem","position":1,"name":"In\u00edcio","item":"https:\/\/nk7-testes.com.br\/agazeta\/"},{"@type":"ListItem","position":2,"name":"ONG refor\u00e7a campanha de doa\u00e7\u00e3o de cabelo"}]},{"@type":"WebSite","@id":"https:\/\/nk7-testes.com.br\/agazeta\/#website","url":"https:\/\/nk7-testes.com.br\/agazeta\/","name":"Agazeta.net","description":"Agazeta.net - Not\u00edcias de Rio Branco\/AC","potentialAction":[{"@type":"SearchAction","target":{"@type":"EntryPoint","urlTemplate":"https:\/\/nk7-testes.com.br\/agazeta\/?s={search_term_string}"},"query-input":{"@type":"PropertyValueSpecification","valueRequired":true,"valueName":"search_term_string"}}],"inLanguage":"pt-BR"},{"@type":"Person","@id":"https:\/\/nk7-testes.com.br\/agazeta\/#\/schema\/person\/6d6e25cb0435eb4a02fd44d30b4e3020","name":"Agazeta.Net","url":"https:\/\/nk7-testes.com.br\/agazeta\/author\/agazeta\/"}]}},"_links":{"self":[{"href":"https:\/\/nk7-testes.com.br\/agazeta\/wp-json\/wp\/v2\/posts\/23036","targetHints":{"allow":["GET"]}}],"collection":[{"href":"https:\/\/nk7-testes.com.br\/agazeta\/wp-json\/wp\/v2\/posts"}],"about":[{"href":"https:\/\/nk7-testes.com.br\/agazeta\/wp-json\/wp\/v2\/types\/post"}],"author":[{"embeddable":true,"href":"https:\/\/nk7-testes.com.br\/agazeta\/wp-json\/wp\/v2\/users\/4"}],"replies":[{"embeddable":true,"href":"https:\/\/nk7-testes.com.br\/agazeta\/wp-json\/wp\/v2\/comments?post=23036"}],"version-history":[{"count":0,"href":"https:\/\/nk7-testes.com.br\/agazeta\/wp-json\/wp\/v2\/posts\/23036\/revisions"}],"wp:featuredmedia":[{"embeddable":true,"href":"https:\/\/nk7-testes.com.br\/agazeta\/wp-json\/wp\/v2\/media\/23035"}],"wp:attachment":[{"href":"https:\/\/nk7-testes.com.br\/agazeta\/wp-json\/wp\/v2\/media?parent=23036"}],"wp:term":[{"taxonomy":"category","embeddable":true,"href":"https:\/\/nk7-testes.com.br\/agazeta\/wp-json\/wp\/v2\/categories?post=23036"},{"taxonomy":"post_tag","embeddable":true,"href":"https:\/\/nk7-testes.com.br\/agazeta\/wp-json\/wp\/v2\/tags?post=23036"}],"curies":[{"name":"wp","href":"https:\/\/api.w.org\/{rel}","templated":true}]}}