{"id":23034,"date":"2016-06-01T22:32:20","date_gmt":"2016-06-01T22:32:20","guid":{"rendered":"https:\/\/abarevegan.com.br\/index.php\/2016\/06\/01\/prefeitura-cria-ecopontos-para-o-descarte-de-residuos-solidos\/"},"modified":"2016-06-01T22:32:20","modified_gmt":"2016-06-01T22:32:20","slug":"prefeitura-cria-ecopontos-para-o-descarte-de-residuos-solidos","status":"publish","type":"post","link":"https:\/\/nk7-testes.com.br\/agazeta\/prefeitura-cria-ecopontos-para-o-descarte-de-residuos-solidos\/","title":{"rendered":"Prefeitura cria Ecopontos para o descarte de res\u00edduos s\u00f3lidos"},"content":{"rendered":"<p style=\"text-align: justify;\">Experi\u00eancia qualifica participa\u00e7\u00e3o popular<\/p>\n<p style=\"text-align: justify;\">O prefeito Marcus Alexandre assinou na manh\u00e3 desta quarta-feira (1) a ordem de servi\u00e7o para a constru\u00e7\u00e3o do primeiro Ecoponto da cidade, no Conjunto Tucum\u00e3. A obra deve ser entregue em 3 meses e \u00e9 avaliada em R$ 187.740,87, recurso garantido pela Funda\u00e7\u00e3o Banco do Brasil (FBB).<\/p>\n<p style=\"text-align: justify;\">O projeto faz parte do plano de res\u00edduos s\u00f3lidos no Estado e tem por objetivo facilitar o descarte de materiais, principalmente recicl\u00e1veis. \u201cEssa \u00e9 uma proposta que n\u00f3s temos no plano de res\u00edduos s\u00f3lidos, que \u00e9 deixar mais perto das pessoas o local onde elas possam levar, por exemplo, as galhadas, o entulhos, restos de constru\u00e7\u00e3o. O \u00fanico ponto que temos hoje, que fica na Transacreana, \u00e9 o aterro de inertes, e fica distante.\u201d Disse o prefeito de Rio Branco, Marcus Alexandre.<\/p>\n<p style=\"text-align: justify;\">Ao todo ser\u00e3o constru\u00eddos 14 Ecopontos em Rio Branco, sendo 9 no 1\u00ba Distrito e 5 no 2\u00ba. \u201cEsse \u00e9 o primeiro de 14 que ser\u00e3o instalados na cidade e eles t\u00eam uma distribui\u00e7\u00e3o equidistante para cada cidad\u00e3o poder levar o seu res\u00edduo neste local. <br \/>Ele pode trazer os res\u00edduos que s\u00e3o jogados pelas ruas, os volumosos como a gente chama, que s\u00e3o as geladeiras, o fog\u00e3o e alguns outros que prefeitura n\u00e3o tem a atribui\u00e7\u00e3o de coletar, que s\u00e3o as pilhas e baterias, l\u00e2mpadas, pneus \u201d, explicou a Secret\u00e1ria Municipal de Meio Ambiente, Silvia Brilhante.<\/p>\n<p style=\"text-align: justify;\">O secret\u00e1rio de Servi\u00e7os Urbanos de Rio Branco, Kellyton Carvalho, explicou como v\u00e3o funcionar os ecopontos. \u201cN\u00f3s colocamos todos os ecopontos regionalizados, onde o morador vai ter o raio m\u00e1ximo de 2 quil\u00f4metros de deslocamento pra trazer o seu res\u00edduo e dar uma destina\u00e7\u00e3o correta para ele. A Semsur e a Semeia n\u00e3o v\u00e3o recolher mais nessas regi\u00f5es res\u00edduos das vias urbanas e cada morador que fizer esse descarte errado vai receber uma notifica\u00e7\u00e3o. O recolhimento de res\u00edduos domiciliares vai continuar\u201d.<\/p>\n<p style=\"text-align: justify;\">O gerente geral do Banco do Brasil, no departamento de Setor P\u00fablico, M\u00e1rcio Carioca, esteve presente no evento representando a Funda\u00e7\u00e3o Banco do Brasil, financiadora do projeto. \u201cA FBB \u00e9 um bra\u00e7o do Banco do Brasil que permite que o banco atue nessas \u00e1reas. \u00c9 fundamental para funda\u00e7\u00e3o projetos dessa natureza que permitem que as pessoas possam enxergar e vislumbrar a import\u00e2ncia de se cuidar bem da natureza, de se cuidar dos res\u00edduos produzidos no dia-a-dia\u201d, disse.<\/p>\n","protected":false},"excerpt":{"rendered":"<p style=\"text-align: justify;\">Experi\u00eancia qualifica participa\u00e7\u00e3o popular<\/p>\n","protected":false},"author":4,"featured_media":23033,"comment_status":"open","ping_status":"open","sticky":false,"template":"","format":"standard","meta":{"jnews-multi-image_gallery":[],"jnews_single_post":[],"jnews_primary_category":[],"jnews_social_meta":[],"jnews_review":[],"enable_review":"","type":"","name":"","summary":"","brand":"","sku":"","good":[],"bad":[],"score_override":"","override_value":"","rating":[],"price":[],"footnotes":""},"categories":[54],"tags":[],"class_list":["post-23034","post","type-post","status-publish","format-standard","has-post-thumbnail","hentry","category-cotidiano"],"yoast_head":"<!-- This site is optimized with the Yoast SEO plugin v26.5 - https:\/\/yoast.com\/wordpress\/plugins\/seo\/ -->\n<title>Prefeitura cria Ecopontos para o descarte de res\u00edduos s\u00f3lidos - Agazeta.net<\/title>\n<meta name=\"robots\" content=\"index, follow, max-snippet:-1, max-image-preview:large, max-video-preview:-1\" \/>\n<link rel=\"canonical\" href=\"https:\/\/nk7-testes.com.br\/agazeta\/prefeitura-cria-ecopontos-para-o-descarte-de-residuos-solidos\/\" \/>\n<meta property=\"og:locale\" content=\"pt_BR\" \/>\n<meta property=\"og:type\" content=\"article\" \/>\n<meta property=\"og:title\" content=\"Prefeitura cria Ecopontos para o descarte de res\u00edduos s\u00f3lidos - Agazeta.net\" \/>\n<meta property=\"og:description\" content=\"Experi\u00eancia qualifica participa\u00e7\u00e3o popular\" \/>\n<meta property=\"og:url\" content=\"https:\/\/nk7-testes.com.br\/agazeta\/prefeitura-cria-ecopontos-para-o-descarte-de-residuos-solidos\/\" \/>\n<meta property=\"og:site_name\" content=\"Agazeta.net\" \/>\n<meta property=\"article:published_time\" content=\"2016-06-01T22:32:20+00:00\" \/>\n<meta property=\"og:image\" content=\"https:\/\/nk7-testes.com.br\/agazeta\/wp-content\/uploads\/2016\/06\/010616-cotidiano-ecopontos-ascomprefeitura.jpg\" \/>\n\t<meta property=\"og:image:width\" content=\"458\" \/>\n\t<meta property=\"og:image:height\" content=\"340\" \/>\n\t<meta property=\"og:image:type\" content=\"image\/jpeg\" \/>\n<meta name=\"author\" content=\"Agazeta.Net\" \/>\n<meta name=\"twitter:card\" content=\"summary_large_image\" \/>\n<meta name=\"twitter:label1\" content=\"Escrito por\" \/>\n\t<meta name=\"twitter:data1\" content=\"Agazeta.Net\" \/>\n\t<meta name=\"twitter:label2\" content=\"Est. tempo de leitura\" \/>\n\t<meta name=\"twitter:data2\" content=\"2 minutos\" \/>\n<script type=\"application\/ld+json\" class=\"yoast-schema-graph\">{\"@context\":\"https:\/\/schema.org\",\"@graph\":[{\"@type\":\"WebPage\",\"@id\":\"https:\/\/nk7-testes.com.br\/agazeta\/prefeitura-cria-ecopontos-para-o-descarte-de-residuos-solidos\/\",\"url\":\"https:\/\/nk7-testes.com.br\/agazeta\/prefeitura-cria-ecopontos-para-o-descarte-de-residuos-solidos\/\",\"name\":\"Prefeitura cria Ecopontos para o descarte de res\u00edduos s\u00f3lidos - Agazeta.net\",\"isPartOf\":{\"@id\":\"https:\/\/nk7-testes.com.br\/agazeta\/#website\"},\"primaryImageOfPage\":{\"@id\":\"https:\/\/nk7-testes.com.br\/agazeta\/prefeitura-cria-ecopontos-para-o-descarte-de-residuos-solidos\/#primaryimage\"},\"image\":{\"@id\":\"https:\/\/nk7-testes.com.br\/agazeta\/prefeitura-cria-ecopontos-para-o-descarte-de-residuos-solidos\/#primaryimage\"},\"thumbnailUrl\":\"https:\/\/nk7-testes.com.br\/agazeta\/wp-content\/uploads\/2016\/06\/010616-cotidiano-ecopontos-ascomprefeitura.jpg\",\"datePublished\":\"2016-06-01T22:32:20+00:00\",\"author\":{\"@id\":\"https:\/\/nk7-testes.com.br\/agazeta\/#\/schema\/person\/6d6e25cb0435eb4a02fd44d30b4e3020\"},\"breadcrumb\":{\"@id\":\"https:\/\/nk7-testes.com.br\/agazeta\/prefeitura-cria-ecopontos-para-o-descarte-de-residuos-solidos\/#breadcrumb\"},\"inLanguage\":\"pt-BR\",\"potentialAction\":[{\"@type\":\"ReadAction\",\"target\":[\"https:\/\/nk7-testes.com.br\/agazeta\/prefeitura-cria-ecopontos-para-o-descarte-de-residuos-solidos\/\"]}]},{\"@type\":\"ImageObject\",\"inLanguage\":\"pt-BR\",\"@id\":\"https:\/\/nk7-testes.com.br\/agazeta\/prefeitura-cria-ecopontos-para-o-descarte-de-residuos-solidos\/#primaryimage\",\"url\":\"https:\/\/nk7-testes.com.br\/agazeta\/wp-content\/uploads\/2016\/06\/010616-cotidiano-ecopontos-ascomprefeitura.jpg\",\"contentUrl\":\"https:\/\/nk7-testes.com.br\/agazeta\/wp-content\/uploads\/2016\/06\/010616-cotidiano-ecopontos-ascomprefeitura.jpg\",\"width\":458,\"height\":340,\"caption\":\"010616-cotidiano-ecopontos-ascomprefeitura\"},{\"@type\":\"BreadcrumbList\",\"@id\":\"https:\/\/nk7-testes.com.br\/agazeta\/prefeitura-cria-ecopontos-para-o-descarte-de-residuos-solidos\/#breadcrumb\",\"itemListElement\":[{\"@type\":\"ListItem\",\"position\":1,\"name\":\"In\u00edcio\",\"item\":\"https:\/\/nk7-testes.com.br\/agazeta\/\"},{\"@type\":\"ListItem\",\"position\":2,\"name\":\"Prefeitura cria Ecopontos para o descarte de res\u00edduos s\u00f3lidos\"}]},{\"@type\":\"WebSite\",\"@id\":\"https:\/\/nk7-testes.com.br\/agazeta\/#website\",\"url\":\"https:\/\/nk7-testes.com.br\/agazeta\/\",\"name\":\"Agazeta.net\",\"description\":\"Agazeta.net - Not\u00edcias de Rio Branco\/AC\",\"potentialAction\":[{\"@type\":\"SearchAction\",\"target\":{\"@type\":\"EntryPoint\",\"urlTemplate\":\"https:\/\/nk7-testes.com.br\/agazeta\/?s={search_term_string}\"},\"query-input\":{\"@type\":\"PropertyValueSpecification\",\"valueRequired\":true,\"valueName\":\"search_term_string\"}}],\"inLanguage\":\"pt-BR\"},{\"@type\":\"Person\",\"@id\":\"https:\/\/nk7-testes.com.br\/agazeta\/#\/schema\/person\/6d6e25cb0435eb4a02fd44d30b4e3020\",\"name\":\"Agazeta.Net\",\"url\":\"https:\/\/nk7-testes.com.br\/agazeta\/author\/agazeta\/\"}]}<\/script>\n<!-- \/ Yoast SEO plugin. -->","yoast_head_json":{"title":"Prefeitura cria Ecopontos para o descarte de res\u00edduos s\u00f3lidos - Agazeta.net","robots":{"index":"index","follow":"follow","max-snippet":"max-snippet:-1","max-image-preview":"max-image-preview:large","max-video-preview":"max-video-preview:-1"},"canonical":"https:\/\/nk7-testes.com.br\/agazeta\/prefeitura-cria-ecopontos-para-o-descarte-de-residuos-solidos\/","og_locale":"pt_BR","og_type":"article","og_title":"Prefeitura cria Ecopontos para o descarte de res\u00edduos s\u00f3lidos - Agazeta.net","og_description":"Experi\u00eancia qualifica participa\u00e7\u00e3o popular","og_url":"https:\/\/nk7-testes.com.br\/agazeta\/prefeitura-cria-ecopontos-para-o-descarte-de-residuos-solidos\/","og_site_name":"Agazeta.net","article_published_time":"2016-06-01T22:32:20+00:00","og_image":[{"width":458,"height":340,"url":"https:\/\/nk7-testes.com.br\/agazeta\/wp-content\/uploads\/2016\/06\/010616-cotidiano-ecopontos-ascomprefeitura.jpg","type":"image\/jpeg"}],"author":"Agazeta.Net","twitter_card":"summary_large_image","twitter_misc":{"Escrito por":"Agazeta.Net","Est. tempo de leitura":"2 minutos"},"schema":{"@context":"https:\/\/schema.org","@graph":[{"@type":"WebPage","@id":"https:\/\/nk7-testes.com.br\/agazeta\/prefeitura-cria-ecopontos-para-o-descarte-de-residuos-solidos\/","url":"https:\/\/nk7-testes.com.br\/agazeta\/prefeitura-cria-ecopontos-para-o-descarte-de-residuos-solidos\/","name":"Prefeitura cria Ecopontos para o descarte de res\u00edduos s\u00f3lidos - Agazeta.net","isPartOf":{"@id":"https:\/\/nk7-testes.com.br\/agazeta\/#website"},"primaryImageOfPage":{"@id":"https:\/\/nk7-testes.com.br\/agazeta\/prefeitura-cria-ecopontos-para-o-descarte-de-residuos-solidos\/#primaryimage"},"image":{"@id":"https:\/\/nk7-testes.com.br\/agazeta\/prefeitura-cria-ecopontos-para-o-descarte-de-residuos-solidos\/#primaryimage"},"thumbnailUrl":"https:\/\/nk7-testes.com.br\/agazeta\/wp-content\/uploads\/2016\/06\/010616-cotidiano-ecopontos-ascomprefeitura.jpg","datePublished":"2016-06-01T22:32:20+00:00","author":{"@id":"https:\/\/nk7-testes.com.br\/agazeta\/#\/schema\/person\/6d6e25cb0435eb4a02fd44d30b4e3020"},"breadcrumb":{"@id":"https:\/\/nk7-testes.com.br\/agazeta\/prefeitura-cria-ecopontos-para-o-descarte-de-residuos-solidos\/#breadcrumb"},"inLanguage":"pt-BR","potentialAction":[{"@type":"ReadAction","target":["https:\/\/nk7-testes.com.br\/agazeta\/prefeitura-cria-ecopontos-para-o-descarte-de-residuos-solidos\/"]}]},{"@type":"ImageObject","inLanguage":"pt-BR","@id":"https:\/\/nk7-testes.com.br\/agazeta\/prefeitura-cria-ecopontos-para-o-descarte-de-residuos-solidos\/#primaryimage","url":"https:\/\/nk7-testes.com.br\/agazeta\/wp-content\/uploads\/2016\/06\/010616-cotidiano-ecopontos-ascomprefeitura.jpg","contentUrl":"https:\/\/nk7-testes.com.br\/agazeta\/wp-content\/uploads\/2016\/06\/010616-cotidiano-ecopontos-ascomprefeitura.jpg","width":458,"height":340,"caption":"010616-cotidiano-ecopontos-ascomprefeitura"},{"@type":"BreadcrumbList","@id":"https:\/\/nk7-testes.com.br\/agazeta\/prefeitura-cria-ecopontos-para-o-descarte-de-residuos-solidos\/#breadcrumb","itemListElement":[{"@type":"ListItem","position":1,"name":"In\u00edcio","item":"https:\/\/nk7-testes.com.br\/agazeta\/"},{"@type":"ListItem","position":2,"name":"Prefeitura cria Ecopontos para o descarte de res\u00edduos s\u00f3lidos"}]},{"@type":"WebSite","@id":"https:\/\/nk7-testes.com.br\/agazeta\/#website","url":"https:\/\/nk7-testes.com.br\/agazeta\/","name":"Agazeta.net","description":"Agazeta.net - Not\u00edcias de Rio Branco\/AC","potentialAction":[{"@type":"SearchAction","target":{"@type":"EntryPoint","urlTemplate":"https:\/\/nk7-testes.com.br\/agazeta\/?s={search_term_string}"},"query-input":{"@type":"PropertyValueSpecification","valueRequired":true,"valueName":"search_term_string"}}],"inLanguage":"pt-BR"},{"@type":"Person","@id":"https:\/\/nk7-testes.com.br\/agazeta\/#\/schema\/person\/6d6e25cb0435eb4a02fd44d30b4e3020","name":"Agazeta.Net","url":"https:\/\/nk7-testes.com.br\/agazeta\/author\/agazeta\/"}]}},"_links":{"self":[{"href":"https:\/\/nk7-testes.com.br\/agazeta\/wp-json\/wp\/v2\/posts\/23034","targetHints":{"allow":["GET"]}}],"collection":[{"href":"https:\/\/nk7-testes.com.br\/agazeta\/wp-json\/wp\/v2\/posts"}],"about":[{"href":"https:\/\/nk7-testes.com.br\/agazeta\/wp-json\/wp\/v2\/types\/post"}],"author":[{"embeddable":true,"href":"https:\/\/nk7-testes.com.br\/agazeta\/wp-json\/wp\/v2\/users\/4"}],"replies":[{"embeddable":true,"href":"https:\/\/nk7-testes.com.br\/agazeta\/wp-json\/wp\/v2\/comments?post=23034"}],"version-history":[{"count":0,"href":"https:\/\/nk7-testes.com.br\/agazeta\/wp-json\/wp\/v2\/posts\/23034\/revisions"}],"wp:featuredmedia":[{"embeddable":true,"href":"https:\/\/nk7-testes.com.br\/agazeta\/wp-json\/wp\/v2\/media\/23033"}],"wp:attachment":[{"href":"https:\/\/nk7-testes.com.br\/agazeta\/wp-json\/wp\/v2\/media?parent=23034"}],"wp:term":[{"taxonomy":"category","embeddable":true,"href":"https:\/\/nk7-testes.com.br\/agazeta\/wp-json\/wp\/v2\/categories?post=23034"},{"taxonomy":"post_tag","embeddable":true,"href":"https:\/\/nk7-testes.com.br\/agazeta\/wp-json\/wp\/v2\/tags?post=23034"}],"curies":[{"name":"wp","href":"https:\/\/api.w.org\/{rel}","templated":true}]}}