{"id":23032,"date":"2016-06-01T22:14:34","date_gmt":"2016-06-01T22:14:34","guid":{"rendered":"https:\/\/abarevegan.com.br\/index.php\/2016\/06\/01\/eu-tava-drogado-e-peguei-eles-confessa-assassino\/"},"modified":"2016-06-01T22:14:34","modified_gmt":"2016-06-01T22:14:34","slug":"eu-tava-drogado-e-peguei-eles-confessa-assassino","status":"publish","type":"post","link":"https:\/\/nk7-testes.com.br\/agazeta\/eu-tava-drogado-e-peguei-eles-confessa-assassino\/","title":{"rendered":"\u201cEu tava drogado e peguei eles\u201d, confessa assassino"},"content":{"rendered":"<p style=\"text-align: justify;\">Calma e frieza de Jaison chamam aten\u00e7\u00e3o<\/p>\n<p style=\"text-align: justify;\">O propriet\u00e1rio da casa onde a pol\u00edcia fez escava\u00e7\u00f5es para tentar localizar os corpos do casal desaparecido desde o ano passado confessou o crime. Friamente, ele contou por que e como matou.<\/p>\n<p style=\"text-align: justify;\">Jaison Paiva, 28, confessou que matou a golpes de faca e machado, o casal M\u00e1rcia da Cunha e o companheiro dela, Ocivaldo Mendon\u00e7a. Na cela da delegacia, ao rep\u00f3rter Senildo Melo, o criminoso contou com detalhes como o crime aconteceu.<br \/>\u201cEles pularam l\u00e1 pra dentro de casa, n\u00e3o sabia qual era a deles. Eu tava drogado e peguei eles\u201d, explica.<\/p>\n<p style=\"text-align: justify;\">Na manh\u00e3 de ter\u00e7a-feira (31), a pol\u00edcia cumpriu mandado de busca e apreens\u00e3o na resid\u00eancia de Jaison e durante escava\u00e7\u00f5es num local onde ele estava construindo uma nova casa, foram encontrados cabelos e outros materiais org\u00e2nicos.<\/p>\n<p style=\"text-align: justify;\">No mesmo dia, a pol\u00edcia levou Jaison preso como suspeito e encontrou mais tarde os restos mortais das v\u00edtimas. O acusado teria desenterrado os corpos e colocado fogo. \u201cNum entendimento err\u00f4neo de que ele n\u00e3o responderia o crime de homic\u00eddio, se n\u00e3o houvesse ali um corpo. Todavia j\u00e1 havia ind\u00edcios, provas contundentes que levavam a crer que ele era o autor\u201d, afirma o delegado Cleilton Videira.<\/p>\n<p style=\"text-align: justify;\">Friamente, Jaison revela que matou primeiro Ocivaldo com um machado e depois M\u00e1rcia, a facadas. \u201cS\u00f3 cortei ela. N\u00e3o tinha pra onde levar, fiquei com medo e coloquei l\u00e1 em casa\u201d, disse.<\/p>\n<p style=\"text-align: justify;\">O caso est\u00e1 quase conclu\u00eddo, a policia ainda investiga a participa\u00e7\u00e3o de outro suspeito.<\/p>\n<p style=\"text-align: justify;\">Para a m\u00e3e de M\u00e1rcia, a filha que desapareceu no m\u00eas de agosto do ano passado, iria voltar. Ela tinha esperan\u00e7a de reencontrar a filha com vida. \u201cEu achava que minha filha n\u00e3o estava morta. Ela n\u00e3o fazia mal a ningu\u00e9m, era boa, os filhos eram tudo pra ela. Diziam que estava morta, mas eu n\u00e3o sentia isso\u201d, disse.<\/p>\n<p style=\"text-align: justify;\">M\u00e1rcia deixou 6 filhos. No dia em que desapareceu teria dito a um deles que voltaria em breve, depois de visitar uma irm\u00e3. Agora, dona Lina intercede que justi\u00e7a seja feita, em nome dos netos que ficaram.<\/p>\n","protected":false},"excerpt":{"rendered":"<p style=\"text-align: justify;\">Calma e frieza de Jaison chamam aten\u00e7\u00e3o<\/p>\n","protected":false},"author":4,"featured_media":23031,"comment_status":"open","ping_status":"open","sticky":false,"template":"","format":"standard","meta":{"jnews-multi-image_gallery":[],"jnews_single_post":[],"jnews_primary_category":[],"jnews_social_meta":[],"jnews_review":[],"enable_review":"","type":"","name":"","summary":"","brand":"","sku":"","good":[],"bad":[],"score_override":"","override_value":"","rating":[],"price":[],"footnotes":""},"categories":[44],"tags":[],"class_list":["post-23032","post","type-post","status-publish","format-standard","has-post-thumbnail","hentry","category-policia"],"yoast_head":"<!-- This site is optimized with the Yoast SEO plugin v26.5 - https:\/\/yoast.com\/wordpress\/plugins\/seo\/ -->\n<title>\u201cEu tava drogado e peguei eles\u201d, confessa assassino - Agazeta.net<\/title>\n<meta name=\"robots\" content=\"index, follow, max-snippet:-1, max-image-preview:large, max-video-preview:-1\" \/>\n<link rel=\"canonical\" href=\"https:\/\/nk7-testes.com.br\/agazeta\/eu-tava-drogado-e-peguei-eles-confessa-assassino\/\" \/>\n<meta property=\"og:locale\" content=\"pt_BR\" \/>\n<meta property=\"og:type\" content=\"article\" \/>\n<meta property=\"og:title\" content=\"\u201cEu tava drogado e peguei eles\u201d, confessa assassino - Agazeta.net\" \/>\n<meta property=\"og:description\" content=\"Calma e frieza de Jaison chamam aten\u00e7\u00e3o\" \/>\n<meta property=\"og:url\" content=\"https:\/\/nk7-testes.com.br\/agazeta\/eu-tava-drogado-e-peguei-eles-confessa-assassino\/\" \/>\n<meta property=\"og:site_name\" content=\"Agazeta.net\" \/>\n<meta property=\"article:published_time\" content=\"2016-06-01T22:14:34+00:00\" \/>\n<meta property=\"og:image\" content=\"https:\/\/nk7-testes.com.br\/agazeta\/wp-content\/uploads\/2016\/06\/010616-policia-homempreso-tvgazeta.jpg\" \/>\n\t<meta property=\"og:image:width\" content=\"458\" \/>\n\t<meta property=\"og:image:height\" content=\"340\" \/>\n\t<meta property=\"og:image:type\" content=\"image\/jpeg\" \/>\n<meta name=\"author\" content=\"Agazeta.Net\" \/>\n<meta name=\"twitter:card\" content=\"summary_large_image\" \/>\n<meta name=\"twitter:label1\" content=\"Escrito por\" \/>\n\t<meta name=\"twitter:data1\" content=\"Agazeta.Net\" \/>\n\t<meta name=\"twitter:label2\" content=\"Est. tempo de leitura\" \/>\n\t<meta name=\"twitter:data2\" content=\"2 minutos\" \/>\n<script type=\"application\/ld+json\" class=\"yoast-schema-graph\">{\"@context\":\"https:\/\/schema.org\",\"@graph\":[{\"@type\":\"WebPage\",\"@id\":\"https:\/\/nk7-testes.com.br\/agazeta\/eu-tava-drogado-e-peguei-eles-confessa-assassino\/\",\"url\":\"https:\/\/nk7-testes.com.br\/agazeta\/eu-tava-drogado-e-peguei-eles-confessa-assassino\/\",\"name\":\"\u201cEu tava drogado e peguei eles\u201d, confessa assassino - Agazeta.net\",\"isPartOf\":{\"@id\":\"https:\/\/nk7-testes.com.br\/agazeta\/#website\"},\"primaryImageOfPage\":{\"@id\":\"https:\/\/nk7-testes.com.br\/agazeta\/eu-tava-drogado-e-peguei-eles-confessa-assassino\/#primaryimage\"},\"image\":{\"@id\":\"https:\/\/nk7-testes.com.br\/agazeta\/eu-tava-drogado-e-peguei-eles-confessa-assassino\/#primaryimage\"},\"thumbnailUrl\":\"https:\/\/nk7-testes.com.br\/agazeta\/wp-content\/uploads\/2016\/06\/010616-policia-homempreso-tvgazeta.jpg\",\"datePublished\":\"2016-06-01T22:14:34+00:00\",\"author\":{\"@id\":\"https:\/\/nk7-testes.com.br\/agazeta\/#\/schema\/person\/6d6e25cb0435eb4a02fd44d30b4e3020\"},\"breadcrumb\":{\"@id\":\"https:\/\/nk7-testes.com.br\/agazeta\/eu-tava-drogado-e-peguei-eles-confessa-assassino\/#breadcrumb\"},\"inLanguage\":\"pt-BR\",\"potentialAction\":[{\"@type\":\"ReadAction\",\"target\":[\"https:\/\/nk7-testes.com.br\/agazeta\/eu-tava-drogado-e-peguei-eles-confessa-assassino\/\"]}]},{\"@type\":\"ImageObject\",\"inLanguage\":\"pt-BR\",\"@id\":\"https:\/\/nk7-testes.com.br\/agazeta\/eu-tava-drogado-e-peguei-eles-confessa-assassino\/#primaryimage\",\"url\":\"https:\/\/nk7-testes.com.br\/agazeta\/wp-content\/uploads\/2016\/06\/010616-policia-homempreso-tvgazeta.jpg\",\"contentUrl\":\"https:\/\/nk7-testes.com.br\/agazeta\/wp-content\/uploads\/2016\/06\/010616-policia-homempreso-tvgazeta.jpg\",\"width\":458,\"height\":340,\"caption\":\"010616-policia-homempreso-tvgazeta\"},{\"@type\":\"BreadcrumbList\",\"@id\":\"https:\/\/nk7-testes.com.br\/agazeta\/eu-tava-drogado-e-peguei-eles-confessa-assassino\/#breadcrumb\",\"itemListElement\":[{\"@type\":\"ListItem\",\"position\":1,\"name\":\"In\u00edcio\",\"item\":\"https:\/\/nk7-testes.com.br\/agazeta\/\"},{\"@type\":\"ListItem\",\"position\":2,\"name\":\"\u201cEu tava drogado e peguei eles\u201d, confessa assassino\"}]},{\"@type\":\"WebSite\",\"@id\":\"https:\/\/nk7-testes.com.br\/agazeta\/#website\",\"url\":\"https:\/\/nk7-testes.com.br\/agazeta\/\",\"name\":\"Agazeta.net\",\"description\":\"Agazeta.net - Not\u00edcias de Rio Branco\/AC\",\"potentialAction\":[{\"@type\":\"SearchAction\",\"target\":{\"@type\":\"EntryPoint\",\"urlTemplate\":\"https:\/\/nk7-testes.com.br\/agazeta\/?s={search_term_string}\"},\"query-input\":{\"@type\":\"PropertyValueSpecification\",\"valueRequired\":true,\"valueName\":\"search_term_string\"}}],\"inLanguage\":\"pt-BR\"},{\"@type\":\"Person\",\"@id\":\"https:\/\/nk7-testes.com.br\/agazeta\/#\/schema\/person\/6d6e25cb0435eb4a02fd44d30b4e3020\",\"name\":\"Agazeta.Net\",\"url\":\"https:\/\/nk7-testes.com.br\/agazeta\/author\/agazeta\/\"}]}<\/script>\n<!-- \/ Yoast SEO plugin. -->","yoast_head_json":{"title":"\u201cEu tava drogado e peguei eles\u201d, confessa assassino - Agazeta.net","robots":{"index":"index","follow":"follow","max-snippet":"max-snippet:-1","max-image-preview":"max-image-preview:large","max-video-preview":"max-video-preview:-1"},"canonical":"https:\/\/nk7-testes.com.br\/agazeta\/eu-tava-drogado-e-peguei-eles-confessa-assassino\/","og_locale":"pt_BR","og_type":"article","og_title":"\u201cEu tava drogado e peguei eles\u201d, confessa assassino - Agazeta.net","og_description":"Calma e frieza de Jaison chamam aten\u00e7\u00e3o","og_url":"https:\/\/nk7-testes.com.br\/agazeta\/eu-tava-drogado-e-peguei-eles-confessa-assassino\/","og_site_name":"Agazeta.net","article_published_time":"2016-06-01T22:14:34+00:00","og_image":[{"width":458,"height":340,"url":"https:\/\/nk7-testes.com.br\/agazeta\/wp-content\/uploads\/2016\/06\/010616-policia-homempreso-tvgazeta.jpg","type":"image\/jpeg"}],"author":"Agazeta.Net","twitter_card":"summary_large_image","twitter_misc":{"Escrito por":"Agazeta.Net","Est. tempo de leitura":"2 minutos"},"schema":{"@context":"https:\/\/schema.org","@graph":[{"@type":"WebPage","@id":"https:\/\/nk7-testes.com.br\/agazeta\/eu-tava-drogado-e-peguei-eles-confessa-assassino\/","url":"https:\/\/nk7-testes.com.br\/agazeta\/eu-tava-drogado-e-peguei-eles-confessa-assassino\/","name":"\u201cEu tava drogado e peguei eles\u201d, confessa assassino - Agazeta.net","isPartOf":{"@id":"https:\/\/nk7-testes.com.br\/agazeta\/#website"},"primaryImageOfPage":{"@id":"https:\/\/nk7-testes.com.br\/agazeta\/eu-tava-drogado-e-peguei-eles-confessa-assassino\/#primaryimage"},"image":{"@id":"https:\/\/nk7-testes.com.br\/agazeta\/eu-tava-drogado-e-peguei-eles-confessa-assassino\/#primaryimage"},"thumbnailUrl":"https:\/\/nk7-testes.com.br\/agazeta\/wp-content\/uploads\/2016\/06\/010616-policia-homempreso-tvgazeta.jpg","datePublished":"2016-06-01T22:14:34+00:00","author":{"@id":"https:\/\/nk7-testes.com.br\/agazeta\/#\/schema\/person\/6d6e25cb0435eb4a02fd44d30b4e3020"},"breadcrumb":{"@id":"https:\/\/nk7-testes.com.br\/agazeta\/eu-tava-drogado-e-peguei-eles-confessa-assassino\/#breadcrumb"},"inLanguage":"pt-BR","potentialAction":[{"@type":"ReadAction","target":["https:\/\/nk7-testes.com.br\/agazeta\/eu-tava-drogado-e-peguei-eles-confessa-assassino\/"]}]},{"@type":"ImageObject","inLanguage":"pt-BR","@id":"https:\/\/nk7-testes.com.br\/agazeta\/eu-tava-drogado-e-peguei-eles-confessa-assassino\/#primaryimage","url":"https:\/\/nk7-testes.com.br\/agazeta\/wp-content\/uploads\/2016\/06\/010616-policia-homempreso-tvgazeta.jpg","contentUrl":"https:\/\/nk7-testes.com.br\/agazeta\/wp-content\/uploads\/2016\/06\/010616-policia-homempreso-tvgazeta.jpg","width":458,"height":340,"caption":"010616-policia-homempreso-tvgazeta"},{"@type":"BreadcrumbList","@id":"https:\/\/nk7-testes.com.br\/agazeta\/eu-tava-drogado-e-peguei-eles-confessa-assassino\/#breadcrumb","itemListElement":[{"@type":"ListItem","position":1,"name":"In\u00edcio","item":"https:\/\/nk7-testes.com.br\/agazeta\/"},{"@type":"ListItem","position":2,"name":"\u201cEu tava drogado e peguei eles\u201d, confessa assassino"}]},{"@type":"WebSite","@id":"https:\/\/nk7-testes.com.br\/agazeta\/#website","url":"https:\/\/nk7-testes.com.br\/agazeta\/","name":"Agazeta.net","description":"Agazeta.net - Not\u00edcias de Rio Branco\/AC","potentialAction":[{"@type":"SearchAction","target":{"@type":"EntryPoint","urlTemplate":"https:\/\/nk7-testes.com.br\/agazeta\/?s={search_term_string}"},"query-input":{"@type":"PropertyValueSpecification","valueRequired":true,"valueName":"search_term_string"}}],"inLanguage":"pt-BR"},{"@type":"Person","@id":"https:\/\/nk7-testes.com.br\/agazeta\/#\/schema\/person\/6d6e25cb0435eb4a02fd44d30b4e3020","name":"Agazeta.Net","url":"https:\/\/nk7-testes.com.br\/agazeta\/author\/agazeta\/"}]}},"_links":{"self":[{"href":"https:\/\/nk7-testes.com.br\/agazeta\/wp-json\/wp\/v2\/posts\/23032","targetHints":{"allow":["GET"]}}],"collection":[{"href":"https:\/\/nk7-testes.com.br\/agazeta\/wp-json\/wp\/v2\/posts"}],"about":[{"href":"https:\/\/nk7-testes.com.br\/agazeta\/wp-json\/wp\/v2\/types\/post"}],"author":[{"embeddable":true,"href":"https:\/\/nk7-testes.com.br\/agazeta\/wp-json\/wp\/v2\/users\/4"}],"replies":[{"embeddable":true,"href":"https:\/\/nk7-testes.com.br\/agazeta\/wp-json\/wp\/v2\/comments?post=23032"}],"version-history":[{"count":0,"href":"https:\/\/nk7-testes.com.br\/agazeta\/wp-json\/wp\/v2\/posts\/23032\/revisions"}],"wp:featuredmedia":[{"embeddable":true,"href":"https:\/\/nk7-testes.com.br\/agazeta\/wp-json\/wp\/v2\/media\/23031"}],"wp:attachment":[{"href":"https:\/\/nk7-testes.com.br\/agazeta\/wp-json\/wp\/v2\/media?parent=23032"}],"wp:term":[{"taxonomy":"category","embeddable":true,"href":"https:\/\/nk7-testes.com.br\/agazeta\/wp-json\/wp\/v2\/categories?post=23032"},{"taxonomy":"post_tag","embeddable":true,"href":"https:\/\/nk7-testes.com.br\/agazeta\/wp-json\/wp\/v2\/tags?post=23032"}],"curies":[{"name":"wp","href":"https:\/\/api.w.org\/{rel}","templated":true}]}}