{"id":22997,"date":"2016-05-30T21:27:19","date_gmt":"2016-05-30T21:27:19","guid":{"rendered":"https:\/\/abarevegan.com.br\/index.php\/2016\/05\/30\/governo-mobiliza-baixada-para-falar-de-saude-da-mulher\/"},"modified":"2016-05-30T21:27:19","modified_gmt":"2016-05-30T21:27:19","slug":"governo-mobiliza-baixada-para-falar-de-saude-da-mulher","status":"publish","type":"post","link":"https:\/\/nk7-testes.com.br\/agazeta\/governo-mobiliza-baixada-para-falar-de-saude-da-mulher\/","title":{"rendered":"Governo mobiliza Baixada para falar de Sa\u00fade da Mulher"},"content":{"rendered":"<p style=\"text-align: justify;\">Atividade ocorre em meio \u00e0 crise da Maternidade<\/p>\n<p style=\"text-align: justify;\">Nesta segunda-feira, 30, a Secretaria de Estado de Sa\u00fade (Sesacre) lembrou o Dia Internacional de A\u00e7\u00f5es pela Sa\u00fade da Mulher e o dia de Mortalidade Materna. O evento aconteceu durante toda esta segunda na 6\u00aa Regional na Baixada da Sobral, localizada na Rua Osvaldo Andrade, ao Lado da Pra\u00e7a da Semsur.<\/p>\n<p style=\"text-align: justify;\">A atividade ocorre em meio \u00e0 crise deflagrada pelas mortes de beb\u00eas na Maternidade B\u00e1rbara Heliodora (nem todos os casos foram explicados por parte do Governo do Acre).<\/p>\n<p style=\"text-align: justify;\">As mulheres foram orientadas quanto \u00e0s doen\u00e7as como hipertens\u00e3o, diabetes, c\u00e2ncer do colo do \u00fatero, depress\u00e3o p\u00f3s-parto, obesidade e gravidez na adolesc\u00eancia. \u201cCom isso nos estaremos trabalhando a promo\u00e7\u00e3o e preven\u00e7\u00e3o de doen\u00e7as mais prevalentes, por exemplo, a hipertens\u00e3o e diabetes que infelizmente \u00e9 uma das maiores causas de mortalidade materna. Intensificar com essas mulheres a busca na unidade b\u00e1sica de sa\u00fade por esses servi\u00e7os\u201d, explicou a gerente da Divis\u00e3o de Sa\u00fade da Mulher da Sesacre, Emanuelly N\u00f3brega.<\/p>\n<p style=\"text-align: justify;\">Para as mulheres que n\u00e3o conseguirem o atendimento na Regional da Baixada da Sobral ou que moram distantes do local, Emanuelly explica que os atendimentos s\u00e3o realizados em todas as regionais.<\/p>\n<p style=\"text-align: justify;\">\u201cN\u00f3s estamos fazendo essa atividade inicial, temos a proposta de realizar em outras regionais de sa\u00fade, mas esses servi\u00e7os s\u00e3o ofertados nas Unidades B\u00e1sicas\u201d, afirma.<\/p>\n<p style=\"text-align: justify;\">A aut\u00f4noma Em\u00edlia Ribeiro mora no bairro Floresta, mas trabalha no Mercado do Bosque, bem ao lado de onde acontece a a\u00e7\u00e3o. Ela aproveitou para conferir como est\u00e1 sua sa\u00fade.<\/p>\n<p style=\"text-align: justify;\">\u201cEu vim medir minha press\u00e3o, sempre vou ao posto. Eu tenho problema nos ossos e pra mim \u00e9 importante cuidar da sa\u00fade\u201d.<\/p>\n","protected":false},"excerpt":{"rendered":"<p style=\"text-align: justify;\">Atividade ocorre em meio \u00e0 crise da Maternidade<\/p>\n","protected":false},"author":4,"featured_media":22996,"comment_status":"open","ping_status":"open","sticky":false,"template":"","format":"standard","meta":{"jnews-multi-image_gallery":[],"jnews_single_post":[],"jnews_primary_category":[],"jnews_social_meta":[],"jnews_review":[],"enable_review":"","type":"","name":"","summary":"","brand":"","sku":"","good":[],"bad":[],"score_override":"","override_value":"","rating":[],"price":[],"footnotes":""},"categories":[54],"tags":[],"class_list":["post-22997","post","type-post","status-publish","format-standard","has-post-thumbnail","hentry","category-cotidiano"],"yoast_head":"<!-- This site is optimized with the Yoast SEO plugin v26.5 - https:\/\/yoast.com\/wordpress\/plugins\/seo\/ -->\n<title>Governo mobiliza Baixada para falar de Sa\u00fade da Mulher - Agazeta.net<\/title>\n<meta name=\"robots\" content=\"index, follow, max-snippet:-1, max-image-preview:large, max-video-preview:-1\" \/>\n<link rel=\"canonical\" href=\"https:\/\/nk7-testes.com.br\/agazeta\/governo-mobiliza-baixada-para-falar-de-saude-da-mulher\/\" \/>\n<meta property=\"og:locale\" content=\"pt_BR\" \/>\n<meta property=\"og:type\" content=\"article\" \/>\n<meta property=\"og:title\" content=\"Governo mobiliza Baixada para falar de Sa\u00fade da Mulher - Agazeta.net\" \/>\n<meta property=\"og:description\" content=\"Atividade ocorre em meio \u00e0 crise da Maternidade\" \/>\n<meta property=\"og:url\" content=\"https:\/\/nk7-testes.com.br\/agazeta\/governo-mobiliza-baixada-para-falar-de-saude-da-mulher\/\" \/>\n<meta property=\"og:site_name\" content=\"Agazeta.net\" \/>\n<meta property=\"article:published_time\" content=\"2016-05-30T21:27:19+00:00\" \/>\n<meta property=\"og:image\" content=\"https:\/\/nk7-testes.com.br\/agazeta\/wp-content\/uploads\/2016\/05\/300516-cotidiano-saudedamulher-taianelima.jpg\" \/>\n\t<meta property=\"og:image:width\" content=\"458\" \/>\n\t<meta property=\"og:image:height\" content=\"340\" \/>\n\t<meta property=\"og:image:type\" content=\"image\/jpeg\" \/>\n<meta name=\"author\" content=\"Agazeta.Net\" \/>\n<meta name=\"twitter:card\" content=\"summary_large_image\" \/>\n<meta name=\"twitter:label1\" content=\"Escrito por\" \/>\n\t<meta name=\"twitter:data1\" content=\"Agazeta.Net\" \/>\n\t<meta name=\"twitter:label2\" content=\"Est. tempo de leitura\" \/>\n\t<meta name=\"twitter:data2\" content=\"2 minutos\" \/>\n<script type=\"application\/ld+json\" class=\"yoast-schema-graph\">{\"@context\":\"https:\/\/schema.org\",\"@graph\":[{\"@type\":\"WebPage\",\"@id\":\"https:\/\/nk7-testes.com.br\/agazeta\/governo-mobiliza-baixada-para-falar-de-saude-da-mulher\/\",\"url\":\"https:\/\/nk7-testes.com.br\/agazeta\/governo-mobiliza-baixada-para-falar-de-saude-da-mulher\/\",\"name\":\"Governo mobiliza Baixada para falar de Sa\u00fade da Mulher - Agazeta.net\",\"isPartOf\":{\"@id\":\"https:\/\/nk7-testes.com.br\/agazeta\/#website\"},\"primaryImageOfPage\":{\"@id\":\"https:\/\/nk7-testes.com.br\/agazeta\/governo-mobiliza-baixada-para-falar-de-saude-da-mulher\/#primaryimage\"},\"image\":{\"@id\":\"https:\/\/nk7-testes.com.br\/agazeta\/governo-mobiliza-baixada-para-falar-de-saude-da-mulher\/#primaryimage\"},\"thumbnailUrl\":\"https:\/\/nk7-testes.com.br\/agazeta\/wp-content\/uploads\/2016\/05\/300516-cotidiano-saudedamulher-taianelima.jpg\",\"datePublished\":\"2016-05-30T21:27:19+00:00\",\"author\":{\"@id\":\"https:\/\/nk7-testes.com.br\/agazeta\/#\/schema\/person\/6d6e25cb0435eb4a02fd44d30b4e3020\"},\"breadcrumb\":{\"@id\":\"https:\/\/nk7-testes.com.br\/agazeta\/governo-mobiliza-baixada-para-falar-de-saude-da-mulher\/#breadcrumb\"},\"inLanguage\":\"pt-BR\",\"potentialAction\":[{\"@type\":\"ReadAction\",\"target\":[\"https:\/\/nk7-testes.com.br\/agazeta\/governo-mobiliza-baixada-para-falar-de-saude-da-mulher\/\"]}]},{\"@type\":\"ImageObject\",\"inLanguage\":\"pt-BR\",\"@id\":\"https:\/\/nk7-testes.com.br\/agazeta\/governo-mobiliza-baixada-para-falar-de-saude-da-mulher\/#primaryimage\",\"url\":\"https:\/\/nk7-testes.com.br\/agazeta\/wp-content\/uploads\/2016\/05\/300516-cotidiano-saudedamulher-taianelima.jpg\",\"contentUrl\":\"https:\/\/nk7-testes.com.br\/agazeta\/wp-content\/uploads\/2016\/05\/300516-cotidiano-saudedamulher-taianelima.jpg\",\"width\":458,\"height\":340,\"caption\":\"300516-cotidiano-saudedamulher-taianelima\"},{\"@type\":\"BreadcrumbList\",\"@id\":\"https:\/\/nk7-testes.com.br\/agazeta\/governo-mobiliza-baixada-para-falar-de-saude-da-mulher\/#breadcrumb\",\"itemListElement\":[{\"@type\":\"ListItem\",\"position\":1,\"name\":\"In\u00edcio\",\"item\":\"https:\/\/nk7-testes.com.br\/agazeta\/\"},{\"@type\":\"ListItem\",\"position\":2,\"name\":\"Governo mobiliza Baixada para falar de Sa\u00fade da Mulher\"}]},{\"@type\":\"WebSite\",\"@id\":\"https:\/\/nk7-testes.com.br\/agazeta\/#website\",\"url\":\"https:\/\/nk7-testes.com.br\/agazeta\/\",\"name\":\"Agazeta.net\",\"description\":\"Agazeta.net - Not\u00edcias de Rio Branco\/AC\",\"potentialAction\":[{\"@type\":\"SearchAction\",\"target\":{\"@type\":\"EntryPoint\",\"urlTemplate\":\"https:\/\/nk7-testes.com.br\/agazeta\/?s={search_term_string}\"},\"query-input\":{\"@type\":\"PropertyValueSpecification\",\"valueRequired\":true,\"valueName\":\"search_term_string\"}}],\"inLanguage\":\"pt-BR\"},{\"@type\":\"Person\",\"@id\":\"https:\/\/nk7-testes.com.br\/agazeta\/#\/schema\/person\/6d6e25cb0435eb4a02fd44d30b4e3020\",\"name\":\"Agazeta.Net\",\"url\":\"https:\/\/nk7-testes.com.br\/agazeta\/author\/agazeta\/\"}]}<\/script>\n<!-- \/ Yoast SEO plugin. -->","yoast_head_json":{"title":"Governo mobiliza Baixada para falar de Sa\u00fade da Mulher - Agazeta.net","robots":{"index":"index","follow":"follow","max-snippet":"max-snippet:-1","max-image-preview":"max-image-preview:large","max-video-preview":"max-video-preview:-1"},"canonical":"https:\/\/nk7-testes.com.br\/agazeta\/governo-mobiliza-baixada-para-falar-de-saude-da-mulher\/","og_locale":"pt_BR","og_type":"article","og_title":"Governo mobiliza Baixada para falar de Sa\u00fade da Mulher - Agazeta.net","og_description":"Atividade ocorre em meio \u00e0 crise da Maternidade","og_url":"https:\/\/nk7-testes.com.br\/agazeta\/governo-mobiliza-baixada-para-falar-de-saude-da-mulher\/","og_site_name":"Agazeta.net","article_published_time":"2016-05-30T21:27:19+00:00","og_image":[{"width":458,"height":340,"url":"https:\/\/nk7-testes.com.br\/agazeta\/wp-content\/uploads\/2016\/05\/300516-cotidiano-saudedamulher-taianelima.jpg","type":"image\/jpeg"}],"author":"Agazeta.Net","twitter_card":"summary_large_image","twitter_misc":{"Escrito por":"Agazeta.Net","Est. tempo de leitura":"2 minutos"},"schema":{"@context":"https:\/\/schema.org","@graph":[{"@type":"WebPage","@id":"https:\/\/nk7-testes.com.br\/agazeta\/governo-mobiliza-baixada-para-falar-de-saude-da-mulher\/","url":"https:\/\/nk7-testes.com.br\/agazeta\/governo-mobiliza-baixada-para-falar-de-saude-da-mulher\/","name":"Governo mobiliza Baixada para falar de Sa\u00fade da Mulher - Agazeta.net","isPartOf":{"@id":"https:\/\/nk7-testes.com.br\/agazeta\/#website"},"primaryImageOfPage":{"@id":"https:\/\/nk7-testes.com.br\/agazeta\/governo-mobiliza-baixada-para-falar-de-saude-da-mulher\/#primaryimage"},"image":{"@id":"https:\/\/nk7-testes.com.br\/agazeta\/governo-mobiliza-baixada-para-falar-de-saude-da-mulher\/#primaryimage"},"thumbnailUrl":"https:\/\/nk7-testes.com.br\/agazeta\/wp-content\/uploads\/2016\/05\/300516-cotidiano-saudedamulher-taianelima.jpg","datePublished":"2016-05-30T21:27:19+00:00","author":{"@id":"https:\/\/nk7-testes.com.br\/agazeta\/#\/schema\/person\/6d6e25cb0435eb4a02fd44d30b4e3020"},"breadcrumb":{"@id":"https:\/\/nk7-testes.com.br\/agazeta\/governo-mobiliza-baixada-para-falar-de-saude-da-mulher\/#breadcrumb"},"inLanguage":"pt-BR","potentialAction":[{"@type":"ReadAction","target":["https:\/\/nk7-testes.com.br\/agazeta\/governo-mobiliza-baixada-para-falar-de-saude-da-mulher\/"]}]},{"@type":"ImageObject","inLanguage":"pt-BR","@id":"https:\/\/nk7-testes.com.br\/agazeta\/governo-mobiliza-baixada-para-falar-de-saude-da-mulher\/#primaryimage","url":"https:\/\/nk7-testes.com.br\/agazeta\/wp-content\/uploads\/2016\/05\/300516-cotidiano-saudedamulher-taianelima.jpg","contentUrl":"https:\/\/nk7-testes.com.br\/agazeta\/wp-content\/uploads\/2016\/05\/300516-cotidiano-saudedamulher-taianelima.jpg","width":458,"height":340,"caption":"300516-cotidiano-saudedamulher-taianelima"},{"@type":"BreadcrumbList","@id":"https:\/\/nk7-testes.com.br\/agazeta\/governo-mobiliza-baixada-para-falar-de-saude-da-mulher\/#breadcrumb","itemListElement":[{"@type":"ListItem","position":1,"name":"In\u00edcio","item":"https:\/\/nk7-testes.com.br\/agazeta\/"},{"@type":"ListItem","position":2,"name":"Governo mobiliza Baixada para falar de Sa\u00fade da Mulher"}]},{"@type":"WebSite","@id":"https:\/\/nk7-testes.com.br\/agazeta\/#website","url":"https:\/\/nk7-testes.com.br\/agazeta\/","name":"Agazeta.net","description":"Agazeta.net - Not\u00edcias de Rio Branco\/AC","potentialAction":[{"@type":"SearchAction","target":{"@type":"EntryPoint","urlTemplate":"https:\/\/nk7-testes.com.br\/agazeta\/?s={search_term_string}"},"query-input":{"@type":"PropertyValueSpecification","valueRequired":true,"valueName":"search_term_string"}}],"inLanguage":"pt-BR"},{"@type":"Person","@id":"https:\/\/nk7-testes.com.br\/agazeta\/#\/schema\/person\/6d6e25cb0435eb4a02fd44d30b4e3020","name":"Agazeta.Net","url":"https:\/\/nk7-testes.com.br\/agazeta\/author\/agazeta\/"}]}},"_links":{"self":[{"href":"https:\/\/nk7-testes.com.br\/agazeta\/wp-json\/wp\/v2\/posts\/22997","targetHints":{"allow":["GET"]}}],"collection":[{"href":"https:\/\/nk7-testes.com.br\/agazeta\/wp-json\/wp\/v2\/posts"}],"about":[{"href":"https:\/\/nk7-testes.com.br\/agazeta\/wp-json\/wp\/v2\/types\/post"}],"author":[{"embeddable":true,"href":"https:\/\/nk7-testes.com.br\/agazeta\/wp-json\/wp\/v2\/users\/4"}],"replies":[{"embeddable":true,"href":"https:\/\/nk7-testes.com.br\/agazeta\/wp-json\/wp\/v2\/comments?post=22997"}],"version-history":[{"count":0,"href":"https:\/\/nk7-testes.com.br\/agazeta\/wp-json\/wp\/v2\/posts\/22997\/revisions"}],"wp:featuredmedia":[{"embeddable":true,"href":"https:\/\/nk7-testes.com.br\/agazeta\/wp-json\/wp\/v2\/media\/22996"}],"wp:attachment":[{"href":"https:\/\/nk7-testes.com.br\/agazeta\/wp-json\/wp\/v2\/media?parent=22997"}],"wp:term":[{"taxonomy":"category","embeddable":true,"href":"https:\/\/nk7-testes.com.br\/agazeta\/wp-json\/wp\/v2\/categories?post=22997"},{"taxonomy":"post_tag","embeddable":true,"href":"https:\/\/nk7-testes.com.br\/agazeta\/wp-json\/wp\/v2\/tags?post=22997"}],"curies":[{"name":"wp","href":"https:\/\/api.w.org\/{rel}","templated":true}]}}