{"id":22991,"date":"2016-05-30T16:15:56","date_gmt":"2016-05-30T16:15:56","guid":{"rendered":"https:\/\/abarevegan.com.br\/index.php\/2016\/05\/30\/jovem-e-assassinado-com-16-facadas-no-eldorado\/"},"modified":"2016-05-30T16:15:56","modified_gmt":"2016-05-30T16:15:56","slug":"jovem-e-assassinado-com-16-facadas-no-eldorado","status":"publish","type":"post","link":"https:\/\/nk7-testes.com.br\/agazeta\/jovem-e-assassinado-com-16-facadas-no-eldorado\/","title":{"rendered":"Jovem \u00e9 assassinado com 16 facadas no Eldorado"},"content":{"rendered":"<p style=\"text-align: justify;\">Jovens que participavam de uma festa cometeram crime<\/p>\n<p style=\"text-align: justify;\">Um homic\u00eddio aconteceu por volta das 23 horas da noite de domingo (29), na Rua Girassol, no Bairro Eldorado. A v\u00edtima foi Luiz Matheus Pereira da Cruz, 19, ex-presidi\u00e1rio.<\/p>\n<p style=\"text-align: justify;\">Depois de ser perseguido, levou dezesseis facadas e faleceu em frente a uma casa onde estava acontecendo uma confraterniza\u00e7\u00e3o de anivers\u00e1rio de crian\u00e7a.<\/p>\n<p style=\"text-align: justify;\">Luiz Matheus era conhecido pelos furtos que praticava na regi\u00e3o. H\u00e1 algum tempo, o jovem havia sido condenado por assalto a m\u00e3o armada. O ex-presidi\u00e1rio j\u00e1 havia sido amea\u00e7ado. Na noite de domingo, ele foi perseguido por seis homens encapuzados.<\/p>\n<p style=\"text-align: justify;\">A v\u00edtima, antes de morrer, ainda tentou se refugiar em uma casa onde \u00e0 fam\u00edlia do propriet\u00e1rio estava recebendo os amigos para confraterniza\u00e7\u00e3o comemorativa de um anivers\u00e1rio de crian\u00e7a.<\/p>\n<p style=\"text-align: justify;\">Dentro da resid\u00eancia, tr\u00eas homens come\u00e7aram a furar a v\u00edtima sob protestos da fam\u00edlia do aniversariante.<\/p>\n<p style=\"text-align: justify;\">A equipe avan\u00e7ada do Servi\u00e7o M\u00f3vel de Urg\u00eancia (Samu) esteve no local, mas n\u00e3o conseguiram ajudar o rapaz. N\u00e3o resistiu aos ferimentos.<\/p>\n<p style=\"text-align: justify;\">De acordo os peritos de criminal\u00edstica, foram dezesseis perfura\u00e7\u00f5es, dez na parte frontal, cinco nas costas e mais uma no pesco\u00e7o.<\/p>\n","protected":false},"excerpt":{"rendered":"<p style=\"text-align: justify;\">Jovens que participavam de uma festa cometeram crime<\/p>\n","protected":false},"author":4,"featured_media":22990,"comment_status":"open","ping_status":"open","sticky":false,"template":"","format":"standard","meta":{"jnews-multi-image_gallery":[],"jnews_single_post":[],"jnews_primary_category":[],"jnews_social_meta":[],"jnews_review":[],"enable_review":"","type":"","name":"","summary":"","brand":"","sku":"","good":[],"bad":[],"score_override":"","override_value":"","rating":[],"price":[],"footnotes":""},"categories":[44],"tags":[],"class_list":["post-22991","post","type-post","status-publish","format-standard","has-post-thumbnail","hentry","category-policia"],"yoast_head":"<!-- This site is optimized with the Yoast SEO plugin v26.5 - https:\/\/yoast.com\/wordpress\/plugins\/seo\/ -->\n<title>Jovem \u00e9 assassinado com 16 facadas no Eldorado - Agazeta.net<\/title>\n<meta name=\"robots\" content=\"index, follow, max-snippet:-1, max-image-preview:large, max-video-preview:-1\" \/>\n<link rel=\"canonical\" href=\"https:\/\/nk7-testes.com.br\/agazeta\/jovem-e-assassinado-com-16-facadas-no-eldorado\/\" \/>\n<meta property=\"og:locale\" content=\"pt_BR\" \/>\n<meta property=\"og:type\" content=\"article\" \/>\n<meta property=\"og:title\" content=\"Jovem \u00e9 assassinado com 16 facadas no Eldorado - Agazeta.net\" \/>\n<meta property=\"og:description\" content=\"Jovens que participavam de uma festa cometeram crime\" \/>\n<meta property=\"og:url\" content=\"https:\/\/nk7-testes.com.br\/agazeta\/jovem-e-assassinado-com-16-facadas-no-eldorado\/\" \/>\n<meta property=\"og:site_name\" content=\"Agazeta.net\" \/>\n<meta property=\"article:published_time\" content=\"2016-05-30T16:15:56+00:00\" \/>\n<meta property=\"og:image\" content=\"https:\/\/nk7-testes.com.br\/agazeta\/wp-content\/uploads\/2016\/05\/300516-policia-assassinato-cleriston.jpg\" \/>\n\t<meta property=\"og:image:width\" content=\"458\" \/>\n\t<meta property=\"og:image:height\" content=\"340\" \/>\n\t<meta property=\"og:image:type\" content=\"image\/jpeg\" \/>\n<meta name=\"author\" content=\"Agazeta.Net\" \/>\n<meta name=\"twitter:card\" content=\"summary_large_image\" \/>\n<meta name=\"twitter:label1\" content=\"Escrito por\" \/>\n\t<meta name=\"twitter:data1\" content=\"Agazeta.Net\" \/>\n\t<meta name=\"twitter:label2\" content=\"Est. tempo de leitura\" \/>\n\t<meta name=\"twitter:data2\" content=\"1 minuto\" \/>\n<script type=\"application\/ld+json\" class=\"yoast-schema-graph\">{\"@context\":\"https:\/\/schema.org\",\"@graph\":[{\"@type\":\"WebPage\",\"@id\":\"https:\/\/nk7-testes.com.br\/agazeta\/jovem-e-assassinado-com-16-facadas-no-eldorado\/\",\"url\":\"https:\/\/nk7-testes.com.br\/agazeta\/jovem-e-assassinado-com-16-facadas-no-eldorado\/\",\"name\":\"Jovem \u00e9 assassinado com 16 facadas no Eldorado - Agazeta.net\",\"isPartOf\":{\"@id\":\"https:\/\/nk7-testes.com.br\/agazeta\/#website\"},\"primaryImageOfPage\":{\"@id\":\"https:\/\/nk7-testes.com.br\/agazeta\/jovem-e-assassinado-com-16-facadas-no-eldorado\/#primaryimage\"},\"image\":{\"@id\":\"https:\/\/nk7-testes.com.br\/agazeta\/jovem-e-assassinado-com-16-facadas-no-eldorado\/#primaryimage\"},\"thumbnailUrl\":\"https:\/\/nk7-testes.com.br\/agazeta\/wp-content\/uploads\/2016\/05\/300516-policia-assassinato-cleriston.jpg\",\"datePublished\":\"2016-05-30T16:15:56+00:00\",\"author\":{\"@id\":\"https:\/\/nk7-testes.com.br\/agazeta\/#\/schema\/person\/6d6e25cb0435eb4a02fd44d30b4e3020\"},\"breadcrumb\":{\"@id\":\"https:\/\/nk7-testes.com.br\/agazeta\/jovem-e-assassinado-com-16-facadas-no-eldorado\/#breadcrumb\"},\"inLanguage\":\"pt-BR\",\"potentialAction\":[{\"@type\":\"ReadAction\",\"target\":[\"https:\/\/nk7-testes.com.br\/agazeta\/jovem-e-assassinado-com-16-facadas-no-eldorado\/\"]}]},{\"@type\":\"ImageObject\",\"inLanguage\":\"pt-BR\",\"@id\":\"https:\/\/nk7-testes.com.br\/agazeta\/jovem-e-assassinado-com-16-facadas-no-eldorado\/#primaryimage\",\"url\":\"https:\/\/nk7-testes.com.br\/agazeta\/wp-content\/uploads\/2016\/05\/300516-policia-assassinato-cleriston.jpg\",\"contentUrl\":\"https:\/\/nk7-testes.com.br\/agazeta\/wp-content\/uploads\/2016\/05\/300516-policia-assassinato-cleriston.jpg\",\"width\":458,\"height\":340,\"caption\":\"300516-policia-assassinato-cleriston\"},{\"@type\":\"BreadcrumbList\",\"@id\":\"https:\/\/nk7-testes.com.br\/agazeta\/jovem-e-assassinado-com-16-facadas-no-eldorado\/#breadcrumb\",\"itemListElement\":[{\"@type\":\"ListItem\",\"position\":1,\"name\":\"In\u00edcio\",\"item\":\"https:\/\/nk7-testes.com.br\/agazeta\/\"},{\"@type\":\"ListItem\",\"position\":2,\"name\":\"Jovem \u00e9 assassinado com 16 facadas no Eldorado\"}]},{\"@type\":\"WebSite\",\"@id\":\"https:\/\/nk7-testes.com.br\/agazeta\/#website\",\"url\":\"https:\/\/nk7-testes.com.br\/agazeta\/\",\"name\":\"Agazeta.net\",\"description\":\"Agazeta.net - Not\u00edcias de Rio Branco\/AC\",\"potentialAction\":[{\"@type\":\"SearchAction\",\"target\":{\"@type\":\"EntryPoint\",\"urlTemplate\":\"https:\/\/nk7-testes.com.br\/agazeta\/?s={search_term_string}\"},\"query-input\":{\"@type\":\"PropertyValueSpecification\",\"valueRequired\":true,\"valueName\":\"search_term_string\"}}],\"inLanguage\":\"pt-BR\"},{\"@type\":\"Person\",\"@id\":\"https:\/\/nk7-testes.com.br\/agazeta\/#\/schema\/person\/6d6e25cb0435eb4a02fd44d30b4e3020\",\"name\":\"Agazeta.Net\",\"url\":\"https:\/\/nk7-testes.com.br\/agazeta\/author\/agazeta\/\"}]}<\/script>\n<!-- \/ Yoast SEO plugin. -->","yoast_head_json":{"title":"Jovem \u00e9 assassinado com 16 facadas no Eldorado - Agazeta.net","robots":{"index":"index","follow":"follow","max-snippet":"max-snippet:-1","max-image-preview":"max-image-preview:large","max-video-preview":"max-video-preview:-1"},"canonical":"https:\/\/nk7-testes.com.br\/agazeta\/jovem-e-assassinado-com-16-facadas-no-eldorado\/","og_locale":"pt_BR","og_type":"article","og_title":"Jovem \u00e9 assassinado com 16 facadas no Eldorado - Agazeta.net","og_description":"Jovens que participavam de uma festa cometeram crime","og_url":"https:\/\/nk7-testes.com.br\/agazeta\/jovem-e-assassinado-com-16-facadas-no-eldorado\/","og_site_name":"Agazeta.net","article_published_time":"2016-05-30T16:15:56+00:00","og_image":[{"width":458,"height":340,"url":"https:\/\/nk7-testes.com.br\/agazeta\/wp-content\/uploads\/2016\/05\/300516-policia-assassinato-cleriston.jpg","type":"image\/jpeg"}],"author":"Agazeta.Net","twitter_card":"summary_large_image","twitter_misc":{"Escrito por":"Agazeta.Net","Est. tempo de leitura":"1 minuto"},"schema":{"@context":"https:\/\/schema.org","@graph":[{"@type":"WebPage","@id":"https:\/\/nk7-testes.com.br\/agazeta\/jovem-e-assassinado-com-16-facadas-no-eldorado\/","url":"https:\/\/nk7-testes.com.br\/agazeta\/jovem-e-assassinado-com-16-facadas-no-eldorado\/","name":"Jovem \u00e9 assassinado com 16 facadas no Eldorado - Agazeta.net","isPartOf":{"@id":"https:\/\/nk7-testes.com.br\/agazeta\/#website"},"primaryImageOfPage":{"@id":"https:\/\/nk7-testes.com.br\/agazeta\/jovem-e-assassinado-com-16-facadas-no-eldorado\/#primaryimage"},"image":{"@id":"https:\/\/nk7-testes.com.br\/agazeta\/jovem-e-assassinado-com-16-facadas-no-eldorado\/#primaryimage"},"thumbnailUrl":"https:\/\/nk7-testes.com.br\/agazeta\/wp-content\/uploads\/2016\/05\/300516-policia-assassinato-cleriston.jpg","datePublished":"2016-05-30T16:15:56+00:00","author":{"@id":"https:\/\/nk7-testes.com.br\/agazeta\/#\/schema\/person\/6d6e25cb0435eb4a02fd44d30b4e3020"},"breadcrumb":{"@id":"https:\/\/nk7-testes.com.br\/agazeta\/jovem-e-assassinado-com-16-facadas-no-eldorado\/#breadcrumb"},"inLanguage":"pt-BR","potentialAction":[{"@type":"ReadAction","target":["https:\/\/nk7-testes.com.br\/agazeta\/jovem-e-assassinado-com-16-facadas-no-eldorado\/"]}]},{"@type":"ImageObject","inLanguage":"pt-BR","@id":"https:\/\/nk7-testes.com.br\/agazeta\/jovem-e-assassinado-com-16-facadas-no-eldorado\/#primaryimage","url":"https:\/\/nk7-testes.com.br\/agazeta\/wp-content\/uploads\/2016\/05\/300516-policia-assassinato-cleriston.jpg","contentUrl":"https:\/\/nk7-testes.com.br\/agazeta\/wp-content\/uploads\/2016\/05\/300516-policia-assassinato-cleriston.jpg","width":458,"height":340,"caption":"300516-policia-assassinato-cleriston"},{"@type":"BreadcrumbList","@id":"https:\/\/nk7-testes.com.br\/agazeta\/jovem-e-assassinado-com-16-facadas-no-eldorado\/#breadcrumb","itemListElement":[{"@type":"ListItem","position":1,"name":"In\u00edcio","item":"https:\/\/nk7-testes.com.br\/agazeta\/"},{"@type":"ListItem","position":2,"name":"Jovem \u00e9 assassinado com 16 facadas no Eldorado"}]},{"@type":"WebSite","@id":"https:\/\/nk7-testes.com.br\/agazeta\/#website","url":"https:\/\/nk7-testes.com.br\/agazeta\/","name":"Agazeta.net","description":"Agazeta.net - Not\u00edcias de Rio Branco\/AC","potentialAction":[{"@type":"SearchAction","target":{"@type":"EntryPoint","urlTemplate":"https:\/\/nk7-testes.com.br\/agazeta\/?s={search_term_string}"},"query-input":{"@type":"PropertyValueSpecification","valueRequired":true,"valueName":"search_term_string"}}],"inLanguage":"pt-BR"},{"@type":"Person","@id":"https:\/\/nk7-testes.com.br\/agazeta\/#\/schema\/person\/6d6e25cb0435eb4a02fd44d30b4e3020","name":"Agazeta.Net","url":"https:\/\/nk7-testes.com.br\/agazeta\/author\/agazeta\/"}]}},"_links":{"self":[{"href":"https:\/\/nk7-testes.com.br\/agazeta\/wp-json\/wp\/v2\/posts\/22991","targetHints":{"allow":["GET"]}}],"collection":[{"href":"https:\/\/nk7-testes.com.br\/agazeta\/wp-json\/wp\/v2\/posts"}],"about":[{"href":"https:\/\/nk7-testes.com.br\/agazeta\/wp-json\/wp\/v2\/types\/post"}],"author":[{"embeddable":true,"href":"https:\/\/nk7-testes.com.br\/agazeta\/wp-json\/wp\/v2\/users\/4"}],"replies":[{"embeddable":true,"href":"https:\/\/nk7-testes.com.br\/agazeta\/wp-json\/wp\/v2\/comments?post=22991"}],"version-history":[{"count":0,"href":"https:\/\/nk7-testes.com.br\/agazeta\/wp-json\/wp\/v2\/posts\/22991\/revisions"}],"wp:featuredmedia":[{"embeddable":true,"href":"https:\/\/nk7-testes.com.br\/agazeta\/wp-json\/wp\/v2\/media\/22990"}],"wp:attachment":[{"href":"https:\/\/nk7-testes.com.br\/agazeta\/wp-json\/wp\/v2\/media?parent=22991"}],"wp:term":[{"taxonomy":"category","embeddable":true,"href":"https:\/\/nk7-testes.com.br\/agazeta\/wp-json\/wp\/v2\/categories?post=22991"},{"taxonomy":"post_tag","embeddable":true,"href":"https:\/\/nk7-testes.com.br\/agazeta\/wp-json\/wp\/v2\/tags?post=22991"}],"curies":[{"name":"wp","href":"https:\/\/api.w.org\/{rel}","templated":true}]}}