{"id":22942,"date":"2016-05-26T16:52:16","date_gmt":"2016-05-26T16:52:16","guid":{"rendered":"https:\/\/abarevegan.com.br\/index.php\/2016\/05\/26\/microempreendedor-deve-fazer-declaracao-a-receita\/"},"modified":"2016-05-26T16:52:16","modified_gmt":"2016-05-26T16:52:16","slug":"microempreendedor-deve-fazer-declaracao-a-receita","status":"publish","type":"post","link":"https:\/\/nk7-testes.com.br\/agazeta\/microempreendedor-deve-fazer-declaracao-a-receita\/","title":{"rendered":"Microempreendedor deve fazer declara\u00e7\u00e3o \u00e0 Receita"},"content":{"rendered":"<p style=\"text-align: justify;\">Prazo se esgota na pr\u00f3xima ter\u00e7a-feira, 31<\/p>\n<p style=\"text-align: justify;\">A declara\u00e7\u00e3o anual do Microempreendedor Individual (MEI) est\u00e1 dispon\u00edvel no Portal do Empreendedor desde o dia 15 de janeiro e vai at\u00e9 o dia 31 deste m\u00eas. O prazo est\u00e1 se esgotando e apenas 36% dos Mei\u2019s do Acre fizeram a declara\u00e7\u00e3o. O Acre possui mais de 15 mil microempreendedores individuais.<\/p>\n<p style=\"text-align: justify;\">A declara\u00e7\u00e3o pode ser feita de forma gratuita no Portal do Empreendedor (<a href=\"http:\/\/www.portaldoempreendedor.gov.br\/\">http:\/\/www.portaldoempreendedor.gov.br\/<\/a>), digitando o CNPJ e informando o valor da receita bruta referente ao ano de 2015, tamb\u00e9m podendo ser feita na OCA ou nas sedes do Sebrae em Rio Branco, Alto Acre (em Brasileia) ou Juru\u00e1 (Cruzeiro do Sul).<\/p>\n<p style=\"text-align: justify;\">\u201cO MEI que fatura at\u00e9 R$60 mil \u00e9 obrigado a declarar, prestar contas do que ele faturou, atrav\u00e9s do Portal ou ent\u00e3o os pontos de atendimento Sebrae.\u201d Explicou a gerente adjunta de orienta\u00e7\u00e3o comercial do Sebrae, Maysa Gon\u00e7alves.<\/p>\n<p style=\"text-align: justify;\">Caso o microempreendedor n\u00e3o fa\u00e7a a declara\u00e7\u00e3o, \u00e9 aplicada uma multa simb\u00f3lica no valor de R$ 25. Apesar do valor parecer pequeno, a falta de regulariza\u00e7\u00e3o do empres\u00e1rio pode implicar em alguns problemas futuros.<\/p>\n<p style=\"text-align: justify;\">\u201cEle n\u00e3o perde a empresa, mas fica irregular. N\u00e3o vai conseguir nenhum tipo de empr\u00e9stimo, acesso ao cr\u00e9dito junto aos bancos, n\u00e3o consegue financiar, n\u00e3o consegue comprar mercadorias, ent\u00e3o ele fica com alguns impedimentos\u201d, disse a gerente.<\/p>\n<p style=\"text-align: justify;\">O microempreendedor individual \u00e9 o trabalhador por conta pr\u00f3pria que fatura at\u00e9 R$ 60 mil por ano e n\u00e3o participa de outra empresa como s\u00f3cio ou titular, podendo ter um empregado contratado que receba o sal\u00e1rio m\u00ednimo ou o piso da categoria.<\/p>\n<p style=\"text-align: justify;\">Caso o MEI ultrapasse esse valor de rendimento, ele deve pedir o enquadramento na categoria de Microempresa.<\/p>\n","protected":false},"excerpt":{"rendered":"<p style=\"text-align: justify;\">Prazo se esgota na pr\u00f3xima ter\u00e7a-feira, 31<\/p>\n","protected":false},"author":4,"featured_media":22941,"comment_status":"open","ping_status":"open","sticky":false,"template":"","format":"standard","meta":{"jnews-multi-image_gallery":[],"jnews_single_post":[],"jnews_primary_category":[],"jnews_social_meta":[],"jnews_review":[],"enable_review":"","type":"","name":"","summary":"","brand":"","sku":"","good":[],"bad":[],"score_override":"","override_value":"","rating":[],"price":[],"footnotes":""},"categories":[54],"tags":[],"class_list":["post-22942","post","type-post","status-publish","format-standard","has-post-thumbnail","hentry","category-cotidiano"],"yoast_head":"<!-- This site is optimized with the Yoast SEO plugin v26.5 - https:\/\/yoast.com\/wordpress\/plugins\/seo\/ -->\n<title>Microempreendedor deve fazer declara\u00e7\u00e3o \u00e0 Receita - Agazeta.net<\/title>\n<meta name=\"robots\" content=\"index, follow, max-snippet:-1, max-image-preview:large, max-video-preview:-1\" \/>\n<link rel=\"canonical\" href=\"https:\/\/nk7-testes.com.br\/agazeta\/microempreendedor-deve-fazer-declaracao-a-receita\/\" \/>\n<meta property=\"og:locale\" content=\"pt_BR\" \/>\n<meta property=\"og:type\" content=\"article\" \/>\n<meta property=\"og:title\" content=\"Microempreendedor deve fazer declara\u00e7\u00e3o \u00e0 Receita - Agazeta.net\" \/>\n<meta property=\"og:description\" content=\"Prazo se esgota na pr\u00f3xima ter\u00e7a-feira, 31\" \/>\n<meta property=\"og:url\" content=\"https:\/\/nk7-testes.com.br\/agazeta\/microempreendedor-deve-fazer-declaracao-a-receita\/\" \/>\n<meta property=\"og:site_name\" content=\"Agazeta.net\" \/>\n<meta property=\"article:published_time\" content=\"2016-05-26T16:52:16+00:00\" \/>\n<meta property=\"og:image\" content=\"https:\/\/nk7-testes.com.br\/agazeta\/wp-content\/uploads\/2016\/05\/260516-cotidiano-sebraeacre-taianelima.jpg\" \/>\n\t<meta property=\"og:image:width\" content=\"458\" \/>\n\t<meta property=\"og:image:height\" content=\"340\" \/>\n\t<meta property=\"og:image:type\" content=\"image\/jpeg\" \/>\n<meta name=\"author\" content=\"Agazeta.Net\" \/>\n<meta name=\"twitter:card\" content=\"summary_large_image\" \/>\n<meta name=\"twitter:label1\" content=\"Escrito por\" \/>\n\t<meta name=\"twitter:data1\" content=\"Agazeta.Net\" \/>\n\t<meta name=\"twitter:label2\" content=\"Est. tempo de leitura\" \/>\n\t<meta name=\"twitter:data2\" content=\"2 minutos\" \/>\n<script type=\"application\/ld+json\" class=\"yoast-schema-graph\">{\"@context\":\"https:\/\/schema.org\",\"@graph\":[{\"@type\":\"WebPage\",\"@id\":\"https:\/\/nk7-testes.com.br\/agazeta\/microempreendedor-deve-fazer-declaracao-a-receita\/\",\"url\":\"https:\/\/nk7-testes.com.br\/agazeta\/microempreendedor-deve-fazer-declaracao-a-receita\/\",\"name\":\"Microempreendedor deve fazer declara\u00e7\u00e3o \u00e0 Receita - Agazeta.net\",\"isPartOf\":{\"@id\":\"https:\/\/nk7-testes.com.br\/agazeta\/#website\"},\"primaryImageOfPage\":{\"@id\":\"https:\/\/nk7-testes.com.br\/agazeta\/microempreendedor-deve-fazer-declaracao-a-receita\/#primaryimage\"},\"image\":{\"@id\":\"https:\/\/nk7-testes.com.br\/agazeta\/microempreendedor-deve-fazer-declaracao-a-receita\/#primaryimage\"},\"thumbnailUrl\":\"https:\/\/nk7-testes.com.br\/agazeta\/wp-content\/uploads\/2016\/05\/260516-cotidiano-sebraeacre-taianelima.jpg\",\"datePublished\":\"2016-05-26T16:52:16+00:00\",\"author\":{\"@id\":\"https:\/\/nk7-testes.com.br\/agazeta\/#\/schema\/person\/6d6e25cb0435eb4a02fd44d30b4e3020\"},\"breadcrumb\":{\"@id\":\"https:\/\/nk7-testes.com.br\/agazeta\/microempreendedor-deve-fazer-declaracao-a-receita\/#breadcrumb\"},\"inLanguage\":\"pt-BR\",\"potentialAction\":[{\"@type\":\"ReadAction\",\"target\":[\"https:\/\/nk7-testes.com.br\/agazeta\/microempreendedor-deve-fazer-declaracao-a-receita\/\"]}]},{\"@type\":\"ImageObject\",\"inLanguage\":\"pt-BR\",\"@id\":\"https:\/\/nk7-testes.com.br\/agazeta\/microempreendedor-deve-fazer-declaracao-a-receita\/#primaryimage\",\"url\":\"https:\/\/nk7-testes.com.br\/agazeta\/wp-content\/uploads\/2016\/05\/260516-cotidiano-sebraeacre-taianelima.jpg\",\"contentUrl\":\"https:\/\/nk7-testes.com.br\/agazeta\/wp-content\/uploads\/2016\/05\/260516-cotidiano-sebraeacre-taianelima.jpg\",\"width\":458,\"height\":340,\"caption\":\"260516-cotidiano-sebraeacre-taianelima\"},{\"@type\":\"BreadcrumbList\",\"@id\":\"https:\/\/nk7-testes.com.br\/agazeta\/microempreendedor-deve-fazer-declaracao-a-receita\/#breadcrumb\",\"itemListElement\":[{\"@type\":\"ListItem\",\"position\":1,\"name\":\"In\u00edcio\",\"item\":\"https:\/\/nk7-testes.com.br\/agazeta\/\"},{\"@type\":\"ListItem\",\"position\":2,\"name\":\"Microempreendedor deve fazer declara\u00e7\u00e3o \u00e0 Receita\"}]},{\"@type\":\"WebSite\",\"@id\":\"https:\/\/nk7-testes.com.br\/agazeta\/#website\",\"url\":\"https:\/\/nk7-testes.com.br\/agazeta\/\",\"name\":\"Agazeta.net\",\"description\":\"Agazeta.net - Not\u00edcias de Rio Branco\/AC\",\"potentialAction\":[{\"@type\":\"SearchAction\",\"target\":{\"@type\":\"EntryPoint\",\"urlTemplate\":\"https:\/\/nk7-testes.com.br\/agazeta\/?s={search_term_string}\"},\"query-input\":{\"@type\":\"PropertyValueSpecification\",\"valueRequired\":true,\"valueName\":\"search_term_string\"}}],\"inLanguage\":\"pt-BR\"},{\"@type\":\"Person\",\"@id\":\"https:\/\/nk7-testes.com.br\/agazeta\/#\/schema\/person\/6d6e25cb0435eb4a02fd44d30b4e3020\",\"name\":\"Agazeta.Net\",\"url\":\"https:\/\/nk7-testes.com.br\/agazeta\/author\/agazeta\/\"}]}<\/script>\n<!-- \/ Yoast SEO plugin. -->","yoast_head_json":{"title":"Microempreendedor deve fazer declara\u00e7\u00e3o \u00e0 Receita - Agazeta.net","robots":{"index":"index","follow":"follow","max-snippet":"max-snippet:-1","max-image-preview":"max-image-preview:large","max-video-preview":"max-video-preview:-1"},"canonical":"https:\/\/nk7-testes.com.br\/agazeta\/microempreendedor-deve-fazer-declaracao-a-receita\/","og_locale":"pt_BR","og_type":"article","og_title":"Microempreendedor deve fazer declara\u00e7\u00e3o \u00e0 Receita - Agazeta.net","og_description":"Prazo se esgota na pr\u00f3xima ter\u00e7a-feira, 31","og_url":"https:\/\/nk7-testes.com.br\/agazeta\/microempreendedor-deve-fazer-declaracao-a-receita\/","og_site_name":"Agazeta.net","article_published_time":"2016-05-26T16:52:16+00:00","og_image":[{"width":458,"height":340,"url":"https:\/\/nk7-testes.com.br\/agazeta\/wp-content\/uploads\/2016\/05\/260516-cotidiano-sebraeacre-taianelima.jpg","type":"image\/jpeg"}],"author":"Agazeta.Net","twitter_card":"summary_large_image","twitter_misc":{"Escrito por":"Agazeta.Net","Est. tempo de leitura":"2 minutos"},"schema":{"@context":"https:\/\/schema.org","@graph":[{"@type":"WebPage","@id":"https:\/\/nk7-testes.com.br\/agazeta\/microempreendedor-deve-fazer-declaracao-a-receita\/","url":"https:\/\/nk7-testes.com.br\/agazeta\/microempreendedor-deve-fazer-declaracao-a-receita\/","name":"Microempreendedor deve fazer declara\u00e7\u00e3o \u00e0 Receita - Agazeta.net","isPartOf":{"@id":"https:\/\/nk7-testes.com.br\/agazeta\/#website"},"primaryImageOfPage":{"@id":"https:\/\/nk7-testes.com.br\/agazeta\/microempreendedor-deve-fazer-declaracao-a-receita\/#primaryimage"},"image":{"@id":"https:\/\/nk7-testes.com.br\/agazeta\/microempreendedor-deve-fazer-declaracao-a-receita\/#primaryimage"},"thumbnailUrl":"https:\/\/nk7-testes.com.br\/agazeta\/wp-content\/uploads\/2016\/05\/260516-cotidiano-sebraeacre-taianelima.jpg","datePublished":"2016-05-26T16:52:16+00:00","author":{"@id":"https:\/\/nk7-testes.com.br\/agazeta\/#\/schema\/person\/6d6e25cb0435eb4a02fd44d30b4e3020"},"breadcrumb":{"@id":"https:\/\/nk7-testes.com.br\/agazeta\/microempreendedor-deve-fazer-declaracao-a-receita\/#breadcrumb"},"inLanguage":"pt-BR","potentialAction":[{"@type":"ReadAction","target":["https:\/\/nk7-testes.com.br\/agazeta\/microempreendedor-deve-fazer-declaracao-a-receita\/"]}]},{"@type":"ImageObject","inLanguage":"pt-BR","@id":"https:\/\/nk7-testes.com.br\/agazeta\/microempreendedor-deve-fazer-declaracao-a-receita\/#primaryimage","url":"https:\/\/nk7-testes.com.br\/agazeta\/wp-content\/uploads\/2016\/05\/260516-cotidiano-sebraeacre-taianelima.jpg","contentUrl":"https:\/\/nk7-testes.com.br\/agazeta\/wp-content\/uploads\/2016\/05\/260516-cotidiano-sebraeacre-taianelima.jpg","width":458,"height":340,"caption":"260516-cotidiano-sebraeacre-taianelima"},{"@type":"BreadcrumbList","@id":"https:\/\/nk7-testes.com.br\/agazeta\/microempreendedor-deve-fazer-declaracao-a-receita\/#breadcrumb","itemListElement":[{"@type":"ListItem","position":1,"name":"In\u00edcio","item":"https:\/\/nk7-testes.com.br\/agazeta\/"},{"@type":"ListItem","position":2,"name":"Microempreendedor deve fazer declara\u00e7\u00e3o \u00e0 Receita"}]},{"@type":"WebSite","@id":"https:\/\/nk7-testes.com.br\/agazeta\/#website","url":"https:\/\/nk7-testes.com.br\/agazeta\/","name":"Agazeta.net","description":"Agazeta.net - Not\u00edcias de Rio Branco\/AC","potentialAction":[{"@type":"SearchAction","target":{"@type":"EntryPoint","urlTemplate":"https:\/\/nk7-testes.com.br\/agazeta\/?s={search_term_string}"},"query-input":{"@type":"PropertyValueSpecification","valueRequired":true,"valueName":"search_term_string"}}],"inLanguage":"pt-BR"},{"@type":"Person","@id":"https:\/\/nk7-testes.com.br\/agazeta\/#\/schema\/person\/6d6e25cb0435eb4a02fd44d30b4e3020","name":"Agazeta.Net","url":"https:\/\/nk7-testes.com.br\/agazeta\/author\/agazeta\/"}]}},"_links":{"self":[{"href":"https:\/\/nk7-testes.com.br\/agazeta\/wp-json\/wp\/v2\/posts\/22942","targetHints":{"allow":["GET"]}}],"collection":[{"href":"https:\/\/nk7-testes.com.br\/agazeta\/wp-json\/wp\/v2\/posts"}],"about":[{"href":"https:\/\/nk7-testes.com.br\/agazeta\/wp-json\/wp\/v2\/types\/post"}],"author":[{"embeddable":true,"href":"https:\/\/nk7-testes.com.br\/agazeta\/wp-json\/wp\/v2\/users\/4"}],"replies":[{"embeddable":true,"href":"https:\/\/nk7-testes.com.br\/agazeta\/wp-json\/wp\/v2\/comments?post=22942"}],"version-history":[{"count":0,"href":"https:\/\/nk7-testes.com.br\/agazeta\/wp-json\/wp\/v2\/posts\/22942\/revisions"}],"wp:featuredmedia":[{"embeddable":true,"href":"https:\/\/nk7-testes.com.br\/agazeta\/wp-json\/wp\/v2\/media\/22941"}],"wp:attachment":[{"href":"https:\/\/nk7-testes.com.br\/agazeta\/wp-json\/wp\/v2\/media?parent=22942"}],"wp:term":[{"taxonomy":"category","embeddable":true,"href":"https:\/\/nk7-testes.com.br\/agazeta\/wp-json\/wp\/v2\/categories?post=22942"},{"taxonomy":"post_tag","embeddable":true,"href":"https:\/\/nk7-testes.com.br\/agazeta\/wp-json\/wp\/v2\/tags?post=22942"}],"curies":[{"name":"wp","href":"https:\/\/api.w.org\/{rel}","templated":true}]}}