{"id":22936,"date":"2016-05-26T14:48:24","date_gmt":"2016-05-26T14:48:24","guid":{"rendered":"https:\/\/abarevegan.com.br\/index.php\/2016\/05\/26\/homem-e-preso-em-flagrante-acusado-de-estupro\/"},"modified":"2016-05-26T14:48:24","modified_gmt":"2016-05-26T14:48:24","slug":"homem-e-preso-em-flagrante-acusado-de-estupro","status":"publish","type":"post","link":"https:\/\/nk7-testes.com.br\/agazeta\/homem-e-preso-em-flagrante-acusado-de-estupro\/","title":{"rendered":"Homem \u00e9 preso em flagrante, acusado de estupro"},"content":{"rendered":"<p style=\"text-align: justify;\">Crian\u00e7a que seria v\u00edtima de Thiago tem 11 anos<\/p>\n<p style=\"text-align: justify;\">Suspeito de abusar de menina de 11 anos, Thiago Santiago de Mendon\u00e7a, 47, foi preso em flagrante por policiais militares do 5\u00ba Batalh\u00e3o no Conjunto Jarbas Passarinho, acusado de estupro de vulner\u00e1vel.<\/p>\n<p style=\"text-align: justify;\">Em entrevista ao Gazeta Alerta, o pai da crian\u00e7a explicou que a filha foi abordada por Thiago quando retornava da aula de Educa\u00e7\u00e3o F\u00edsica, e o levou at\u00e9 a casa onde mora. De acordo com a menina, o homem teria tocado em suas partes \u00edntimas e tentou praticar sexo, mas a garota resistiu e ainda foi amea\u00e7ada de morte.<\/p>\n<p style=\"text-align: justify;\">A crian\u00e7a foi encontrada ap\u00f3s usar o celular do homem para ligar no telefone do pai e dizer que iria demorar a chegar em casa. Desconfiado, o pai da garota retornou a liga\u00e7\u00e3o e ao reconhecer a voz de um homem do outro lado da linha chamou a pol\u00edcia.<\/p>\n<p style=\"text-align: justify;\">Ao chegar ao local, encontrou a menina chorando dentro da resid\u00eancia. Enquanto isso, o dono da casa tentou fugir, mas foi alcan\u00e7ado na rua de tr\u00e1s pelos policiais militares. Segundo o pai da crian\u00e7a, essa \u00e9 a segunda vez que o homem de 47 anos tenta abusar da crian\u00e7a.<\/p>\n","protected":false},"excerpt":{"rendered":"<p style=\"text-align: justify;\">Crian\u00e7a que seria v\u00edtima de Thiago tem 11 anos<\/p>\n","protected":false},"author":4,"featured_media":22935,"comment_status":"open","ping_status":"open","sticky":false,"template":"","format":"standard","meta":{"jnews-multi-image_gallery":[],"jnews_single_post":[],"jnews_primary_category":[],"jnews_social_meta":[],"jnews_review":[],"enable_review":"","type":"","name":"","summary":"","brand":"","sku":"","good":[],"bad":[],"score_override":"","override_value":"","rating":[],"price":[],"footnotes":""},"categories":[44],"tags":[],"class_list":["post-22936","post","type-post","status-publish","format-standard","has-post-thumbnail","hentry","category-policia"],"yoast_head":"<!-- This site is optimized with the Yoast SEO plugin v26.5 - https:\/\/yoast.com\/wordpress\/plugins\/seo\/ -->\n<title>Homem \u00e9 preso em flagrante, acusado de estupro - Agazeta.net<\/title>\n<meta name=\"robots\" content=\"index, follow, max-snippet:-1, max-image-preview:large, max-video-preview:-1\" \/>\n<link rel=\"canonical\" href=\"https:\/\/nk7-testes.com.br\/agazeta\/homem-e-preso-em-flagrante-acusado-de-estupro\/\" \/>\n<meta property=\"og:locale\" content=\"pt_BR\" \/>\n<meta property=\"og:type\" content=\"article\" \/>\n<meta property=\"og:title\" content=\"Homem \u00e9 preso em flagrante, acusado de estupro - Agazeta.net\" \/>\n<meta property=\"og:description\" content=\"Crian\u00e7a que seria v\u00edtima de Thiago tem 11 anos\" \/>\n<meta property=\"og:url\" content=\"https:\/\/nk7-testes.com.br\/agazeta\/homem-e-preso-em-flagrante-acusado-de-estupro\/\" \/>\n<meta property=\"og:site_name\" content=\"Agazeta.net\" \/>\n<meta property=\"article:published_time\" content=\"2016-05-26T14:48:24+00:00\" \/>\n<meta property=\"og:image\" content=\"https:\/\/nk7-testes.com.br\/agazeta\/wp-content\/uploads\/2016\/05\/260516-policia-acusadoestupro-cleriston.jpg\" \/>\n\t<meta property=\"og:image:width\" content=\"458\" \/>\n\t<meta property=\"og:image:height\" content=\"340\" \/>\n\t<meta property=\"og:image:type\" content=\"image\/jpeg\" \/>\n<meta name=\"author\" content=\"Agazeta.Net\" \/>\n<meta name=\"twitter:card\" content=\"summary_large_image\" \/>\n<meta name=\"twitter:label1\" content=\"Escrito por\" \/>\n\t<meta name=\"twitter:data1\" content=\"Agazeta.Net\" \/>\n\t<meta name=\"twitter:label2\" content=\"Est. tempo de leitura\" \/>\n\t<meta name=\"twitter:data2\" content=\"1 minuto\" \/>\n<script type=\"application\/ld+json\" class=\"yoast-schema-graph\">{\"@context\":\"https:\/\/schema.org\",\"@graph\":[{\"@type\":\"WebPage\",\"@id\":\"https:\/\/nk7-testes.com.br\/agazeta\/homem-e-preso-em-flagrante-acusado-de-estupro\/\",\"url\":\"https:\/\/nk7-testes.com.br\/agazeta\/homem-e-preso-em-flagrante-acusado-de-estupro\/\",\"name\":\"Homem \u00e9 preso em flagrante, acusado de estupro - Agazeta.net\",\"isPartOf\":{\"@id\":\"https:\/\/nk7-testes.com.br\/agazeta\/#website\"},\"primaryImageOfPage\":{\"@id\":\"https:\/\/nk7-testes.com.br\/agazeta\/homem-e-preso-em-flagrante-acusado-de-estupro\/#primaryimage\"},\"image\":{\"@id\":\"https:\/\/nk7-testes.com.br\/agazeta\/homem-e-preso-em-flagrante-acusado-de-estupro\/#primaryimage\"},\"thumbnailUrl\":\"https:\/\/nk7-testes.com.br\/agazeta\/wp-content\/uploads\/2016\/05\/260516-policia-acusadoestupro-cleriston.jpg\",\"datePublished\":\"2016-05-26T14:48:24+00:00\",\"author\":{\"@id\":\"https:\/\/nk7-testes.com.br\/agazeta\/#\/schema\/person\/6d6e25cb0435eb4a02fd44d30b4e3020\"},\"breadcrumb\":{\"@id\":\"https:\/\/nk7-testes.com.br\/agazeta\/homem-e-preso-em-flagrante-acusado-de-estupro\/#breadcrumb\"},\"inLanguage\":\"pt-BR\",\"potentialAction\":[{\"@type\":\"ReadAction\",\"target\":[\"https:\/\/nk7-testes.com.br\/agazeta\/homem-e-preso-em-flagrante-acusado-de-estupro\/\"]}]},{\"@type\":\"ImageObject\",\"inLanguage\":\"pt-BR\",\"@id\":\"https:\/\/nk7-testes.com.br\/agazeta\/homem-e-preso-em-flagrante-acusado-de-estupro\/#primaryimage\",\"url\":\"https:\/\/nk7-testes.com.br\/agazeta\/wp-content\/uploads\/2016\/05\/260516-policia-acusadoestupro-cleriston.jpg\",\"contentUrl\":\"https:\/\/nk7-testes.com.br\/agazeta\/wp-content\/uploads\/2016\/05\/260516-policia-acusadoestupro-cleriston.jpg\",\"width\":458,\"height\":340,\"caption\":\"260516-policia-acusadoestupro-cleriston\"},{\"@type\":\"BreadcrumbList\",\"@id\":\"https:\/\/nk7-testes.com.br\/agazeta\/homem-e-preso-em-flagrante-acusado-de-estupro\/#breadcrumb\",\"itemListElement\":[{\"@type\":\"ListItem\",\"position\":1,\"name\":\"In\u00edcio\",\"item\":\"https:\/\/nk7-testes.com.br\/agazeta\/\"},{\"@type\":\"ListItem\",\"position\":2,\"name\":\"Homem \u00e9 preso em flagrante, acusado de estupro\"}]},{\"@type\":\"WebSite\",\"@id\":\"https:\/\/nk7-testes.com.br\/agazeta\/#website\",\"url\":\"https:\/\/nk7-testes.com.br\/agazeta\/\",\"name\":\"Agazeta.net\",\"description\":\"Agazeta.net - Not\u00edcias de Rio Branco\/AC\",\"potentialAction\":[{\"@type\":\"SearchAction\",\"target\":{\"@type\":\"EntryPoint\",\"urlTemplate\":\"https:\/\/nk7-testes.com.br\/agazeta\/?s={search_term_string}\"},\"query-input\":{\"@type\":\"PropertyValueSpecification\",\"valueRequired\":true,\"valueName\":\"search_term_string\"}}],\"inLanguage\":\"pt-BR\"},{\"@type\":\"Person\",\"@id\":\"https:\/\/nk7-testes.com.br\/agazeta\/#\/schema\/person\/6d6e25cb0435eb4a02fd44d30b4e3020\",\"name\":\"Agazeta.Net\",\"url\":\"https:\/\/nk7-testes.com.br\/agazeta\/author\/agazeta\/\"}]}<\/script>\n<!-- \/ Yoast SEO plugin. -->","yoast_head_json":{"title":"Homem \u00e9 preso em flagrante, acusado de estupro - Agazeta.net","robots":{"index":"index","follow":"follow","max-snippet":"max-snippet:-1","max-image-preview":"max-image-preview:large","max-video-preview":"max-video-preview:-1"},"canonical":"https:\/\/nk7-testes.com.br\/agazeta\/homem-e-preso-em-flagrante-acusado-de-estupro\/","og_locale":"pt_BR","og_type":"article","og_title":"Homem \u00e9 preso em flagrante, acusado de estupro - Agazeta.net","og_description":"Crian\u00e7a que seria v\u00edtima de Thiago tem 11 anos","og_url":"https:\/\/nk7-testes.com.br\/agazeta\/homem-e-preso-em-flagrante-acusado-de-estupro\/","og_site_name":"Agazeta.net","article_published_time":"2016-05-26T14:48:24+00:00","og_image":[{"width":458,"height":340,"url":"https:\/\/nk7-testes.com.br\/agazeta\/wp-content\/uploads\/2016\/05\/260516-policia-acusadoestupro-cleriston.jpg","type":"image\/jpeg"}],"author":"Agazeta.Net","twitter_card":"summary_large_image","twitter_misc":{"Escrito por":"Agazeta.Net","Est. tempo de leitura":"1 minuto"},"schema":{"@context":"https:\/\/schema.org","@graph":[{"@type":"WebPage","@id":"https:\/\/nk7-testes.com.br\/agazeta\/homem-e-preso-em-flagrante-acusado-de-estupro\/","url":"https:\/\/nk7-testes.com.br\/agazeta\/homem-e-preso-em-flagrante-acusado-de-estupro\/","name":"Homem \u00e9 preso em flagrante, acusado de estupro - Agazeta.net","isPartOf":{"@id":"https:\/\/nk7-testes.com.br\/agazeta\/#website"},"primaryImageOfPage":{"@id":"https:\/\/nk7-testes.com.br\/agazeta\/homem-e-preso-em-flagrante-acusado-de-estupro\/#primaryimage"},"image":{"@id":"https:\/\/nk7-testes.com.br\/agazeta\/homem-e-preso-em-flagrante-acusado-de-estupro\/#primaryimage"},"thumbnailUrl":"https:\/\/nk7-testes.com.br\/agazeta\/wp-content\/uploads\/2016\/05\/260516-policia-acusadoestupro-cleriston.jpg","datePublished":"2016-05-26T14:48:24+00:00","author":{"@id":"https:\/\/nk7-testes.com.br\/agazeta\/#\/schema\/person\/6d6e25cb0435eb4a02fd44d30b4e3020"},"breadcrumb":{"@id":"https:\/\/nk7-testes.com.br\/agazeta\/homem-e-preso-em-flagrante-acusado-de-estupro\/#breadcrumb"},"inLanguage":"pt-BR","potentialAction":[{"@type":"ReadAction","target":["https:\/\/nk7-testes.com.br\/agazeta\/homem-e-preso-em-flagrante-acusado-de-estupro\/"]}]},{"@type":"ImageObject","inLanguage":"pt-BR","@id":"https:\/\/nk7-testes.com.br\/agazeta\/homem-e-preso-em-flagrante-acusado-de-estupro\/#primaryimage","url":"https:\/\/nk7-testes.com.br\/agazeta\/wp-content\/uploads\/2016\/05\/260516-policia-acusadoestupro-cleriston.jpg","contentUrl":"https:\/\/nk7-testes.com.br\/agazeta\/wp-content\/uploads\/2016\/05\/260516-policia-acusadoestupro-cleriston.jpg","width":458,"height":340,"caption":"260516-policia-acusadoestupro-cleriston"},{"@type":"BreadcrumbList","@id":"https:\/\/nk7-testes.com.br\/agazeta\/homem-e-preso-em-flagrante-acusado-de-estupro\/#breadcrumb","itemListElement":[{"@type":"ListItem","position":1,"name":"In\u00edcio","item":"https:\/\/nk7-testes.com.br\/agazeta\/"},{"@type":"ListItem","position":2,"name":"Homem \u00e9 preso em flagrante, acusado de estupro"}]},{"@type":"WebSite","@id":"https:\/\/nk7-testes.com.br\/agazeta\/#website","url":"https:\/\/nk7-testes.com.br\/agazeta\/","name":"Agazeta.net","description":"Agazeta.net - Not\u00edcias de Rio Branco\/AC","potentialAction":[{"@type":"SearchAction","target":{"@type":"EntryPoint","urlTemplate":"https:\/\/nk7-testes.com.br\/agazeta\/?s={search_term_string}"},"query-input":{"@type":"PropertyValueSpecification","valueRequired":true,"valueName":"search_term_string"}}],"inLanguage":"pt-BR"},{"@type":"Person","@id":"https:\/\/nk7-testes.com.br\/agazeta\/#\/schema\/person\/6d6e25cb0435eb4a02fd44d30b4e3020","name":"Agazeta.Net","url":"https:\/\/nk7-testes.com.br\/agazeta\/author\/agazeta\/"}]}},"_links":{"self":[{"href":"https:\/\/nk7-testes.com.br\/agazeta\/wp-json\/wp\/v2\/posts\/22936","targetHints":{"allow":["GET"]}}],"collection":[{"href":"https:\/\/nk7-testes.com.br\/agazeta\/wp-json\/wp\/v2\/posts"}],"about":[{"href":"https:\/\/nk7-testes.com.br\/agazeta\/wp-json\/wp\/v2\/types\/post"}],"author":[{"embeddable":true,"href":"https:\/\/nk7-testes.com.br\/agazeta\/wp-json\/wp\/v2\/users\/4"}],"replies":[{"embeddable":true,"href":"https:\/\/nk7-testes.com.br\/agazeta\/wp-json\/wp\/v2\/comments?post=22936"}],"version-history":[{"count":0,"href":"https:\/\/nk7-testes.com.br\/agazeta\/wp-json\/wp\/v2\/posts\/22936\/revisions"}],"wp:featuredmedia":[{"embeddable":true,"href":"https:\/\/nk7-testes.com.br\/agazeta\/wp-json\/wp\/v2\/media\/22935"}],"wp:attachment":[{"href":"https:\/\/nk7-testes.com.br\/agazeta\/wp-json\/wp\/v2\/media?parent=22936"}],"wp:term":[{"taxonomy":"category","embeddable":true,"href":"https:\/\/nk7-testes.com.br\/agazeta\/wp-json\/wp\/v2\/categories?post=22936"},{"taxonomy":"post_tag","embeddable":true,"href":"https:\/\/nk7-testes.com.br\/agazeta\/wp-json\/wp\/v2\/tags?post=22936"}],"curies":[{"name":"wp","href":"https:\/\/api.w.org\/{rel}","templated":true}]}}