{"id":22916,"date":"2016-05-25T13:53:56","date_gmt":"2016-05-25T13:53:56","guid":{"rendered":"https:\/\/abarevegan.com.br\/index.php\/2016\/05\/25\/estrada-irineu-serra-volta-a-ser-desova-de-corpos\/"},"modified":"2016-05-25T13:53:56","modified_gmt":"2016-05-25T13:53:56","slug":"estrada-irineu-serra-volta-a-ser-desova-de-corpos","status":"publish","type":"post","link":"https:\/\/nk7-testes.com.br\/agazeta\/estrada-irineu-serra-volta-a-ser-desova-de-corpos\/","title":{"rendered":"Estrada Irineu Serra volta a ser desova de corpos"},"content":{"rendered":"<p style=\"text-align: justify;\">Forma dos crimes lembra tempos do Esquadr\u00e3o<\/p>\n<p style=\"text-align: justify;\">Tr\u00eas mortes foram registradas na Estrada Irineu Serra, em menos de dois meses. As execu\u00e7\u00f5es segundo a pol\u00edcia n\u00e3o tem rela\u00e7\u00e3o entre s\u00ed, mas est\u00e3o ligadas a acerto de contas do tr\u00e1fico de drogas.<\/p>\n<p style=\"text-align: justify;\">Por volta das 9 da manh\u00e3 desta ter\u00e7a-feira (24), Cesar de Souza Paes de 30 anos, foi morto na casa onde morava com a m\u00e3e, na Estrada Irineu Serra. Segundo testemunha, dois homens chamaram pelo nome da v\u00edtima, que atendeu na janela e foi atingida por um tiro. C\u00e9sar tentou fugir pelos fundos, mas foi alvejado por mais dois tiros e caiu morto no quintal.<\/p>\n<p style=\"text-align: justify;\">A m\u00e3e, Francisca Souza, afirma que o filho era amea\u00e7ado de morte. \u201cEle n\u00e3o saia mais de casa, ficava s\u00f3 dentro de casa. Mas agora eu quero justi\u00e7a. Tava em casa dormindo e chega um cara e faz uma barbaridade dessa\u201d, questiona.<\/p>\n<p style=\"text-align: justify;\">A casa onde Cesar foi morto fica h\u00e1 poucos metros de onde ocorreram outros dois crimes, ainda na Estrada Irineu Serra e pr\u00f3ximo a Ch\u00e1cara Alian\u00e7a, local onde ficaram abrigados os imigrantes.<\/p>\n<p style=\"text-align: justify;\">O primeiro caso foi no dia 13 de abril, e a v\u00edtima era Marcelo Augusto Fraga de Sales, de 20 anos de idade.<\/p>\n<p style=\"text-align: justify;\">O corpo de Marcelo foi encontrado por moradores em um matagal aqui pr\u00f3ximo a Ch\u00e1cara Alian\u00e7a. Ele foi morto com quatro tiros. O jovem tinha passagem por roubo e tr\u00e1fico de drogas no munic\u00edpio de Pl\u00e1cido de Castro. A fam\u00edlia temendo o algoz da v\u00edtima nem chegou a registrar Boletim de Ocorr\u00eancia.<\/p>\n<p style=\"text-align: justify;\">No dia 3 de maio, outro homic\u00eddio tamb\u00e9m foi registrado na regi\u00e3o. Cleiso Moura da Silva, de 34 anos foi morto durante a madrugada daquele dia.<\/p>\n<p style=\"text-align: justify;\">Cleiso estava em um em uma moto, que a fam\u00edlia alega n\u00e3o ser dele. A v\u00edtima teria sido atra\u00edda para a Estrada Irineu Serra por dois homens que tamb\u00e9m estavam em uma moto. Ele foi esfaqueado e morto com v\u00e1rios tiros.<\/p>\n<p style=\"text-align: justify;\">A moto em que Cleiso dirigia \u00e9 outro mist\u00e9rio, j\u00e1 que n\u00e3o foi encontrada no local do crime, contudo atrav\u00e9s do paradeiro dela, a pol\u00edcia pode chegar aos autores da execu\u00e7\u00e3o.<\/p>\n<p style=\"text-align: justify;\">Todos os casos s\u00e3o investigados pela Delegacia da 5\u00aa regional. Segundo o delegado Jos\u00e9 An\u00edbal Tinoco, n\u00e3o h\u00e1 rela\u00e7\u00e3o entre os crimes, contudo, todos est\u00e3o ligados ao tr\u00e1fico de drogas.<\/p>\n<p style=\"text-align: justify;\">\u201cA semelhan\u00e7a que tem \u00e9 nos aspecto s\u00f3 de acerto de contas do tr\u00e1fico de drogas, mas somente isso. Essa \u00faltima v\u00edtima morava ali mesmo mas os outros dois foram atra\u00eddos para ser uma desova, deixar ali no ramal\u201d, comenta o delegado.<\/p>\n<p style=\"text-align: justify;\">Os inqu\u00e9ritos ainda est\u00e3o em fase de conclus\u00e3o e de acordo com o delegado, existem suspeitos para os tr\u00eas homic\u00eddios.<\/p>\n","protected":false},"excerpt":{"rendered":"<p style=\"text-align: justify;\">Forma dos crimes lembra tempos do Esquadr\u00e3o<\/p>\n","protected":false},"author":4,"featured_media":22118,"comment_status":"open","ping_status":"open","sticky":false,"template":"","format":"standard","meta":{"jnews-multi-image_gallery":[],"jnews_single_post":[],"jnews_primary_category":[],"jnews_social_meta":[],"jnews_review":[],"enable_review":"","type":"","name":"","summary":"","brand":"","sku":"","good":[],"bad":[],"score_override":"","override_value":"","rating":[],"price":[],"footnotes":""},"categories":[44],"tags":[],"class_list":["post-22916","post","type-post","status-publish","format-standard","has-post-thumbnail","hentry","category-policia"],"yoast_head":"<!-- This site is optimized with the Yoast SEO plugin v26.5 - https:\/\/yoast.com\/wordpress\/plugins\/seo\/ -->\n<title>Estrada Irineu Serra volta a ser desova de corpos - Agazeta.net<\/title>\n<meta name=\"robots\" content=\"index, follow, max-snippet:-1, max-image-preview:large, max-video-preview:-1\" \/>\n<link rel=\"canonical\" href=\"https:\/\/nk7-testes.com.br\/agazeta\/estrada-irineu-serra-volta-a-ser-desova-de-corpos\/\" \/>\n<meta property=\"og:locale\" content=\"pt_BR\" \/>\n<meta property=\"og:type\" content=\"article\" \/>\n<meta property=\"og:title\" content=\"Estrada Irineu Serra volta a ser desova de corpos - Agazeta.net\" \/>\n<meta property=\"og:description\" content=\"Forma dos crimes lembra tempos do Esquadr\u00e3o\" \/>\n<meta property=\"og:url\" content=\"https:\/\/nk7-testes.com.br\/agazeta\/estrada-irineu-serra-volta-a-ser-desova-de-corpos\/\" \/>\n<meta property=\"og:site_name\" content=\"Agazeta.net\" \/>\n<meta property=\"article:published_time\" content=\"2016-05-25T13:53:56+00:00\" \/>\n<meta property=\"og:image\" content=\"https:\/\/nk7-testes.com.br\/agazeta\/wp-content\/uploads\/2016\/04\/130416-policia-assassinato-cleriston2.jpg\" \/>\n\t<meta property=\"og:image:width\" content=\"458\" \/>\n\t<meta property=\"og:image:height\" content=\"340\" \/>\n\t<meta property=\"og:image:type\" content=\"image\/jpeg\" \/>\n<meta name=\"author\" content=\"Agazeta.Net\" \/>\n<meta name=\"twitter:card\" content=\"summary_large_image\" \/>\n<meta name=\"twitter:label1\" content=\"Escrito por\" \/>\n\t<meta name=\"twitter:data1\" content=\"Agazeta.Net\" \/>\n\t<meta name=\"twitter:label2\" content=\"Est. tempo de leitura\" \/>\n\t<meta name=\"twitter:data2\" content=\"2 minutos\" \/>\n<script type=\"application\/ld+json\" class=\"yoast-schema-graph\">{\"@context\":\"https:\/\/schema.org\",\"@graph\":[{\"@type\":\"WebPage\",\"@id\":\"https:\/\/nk7-testes.com.br\/agazeta\/estrada-irineu-serra-volta-a-ser-desova-de-corpos\/\",\"url\":\"https:\/\/nk7-testes.com.br\/agazeta\/estrada-irineu-serra-volta-a-ser-desova-de-corpos\/\",\"name\":\"Estrada Irineu Serra volta a ser desova de corpos - Agazeta.net\",\"isPartOf\":{\"@id\":\"https:\/\/nk7-testes.com.br\/agazeta\/#website\"},\"primaryImageOfPage\":{\"@id\":\"https:\/\/nk7-testes.com.br\/agazeta\/estrada-irineu-serra-volta-a-ser-desova-de-corpos\/#primaryimage\"},\"image\":{\"@id\":\"https:\/\/nk7-testes.com.br\/agazeta\/estrada-irineu-serra-volta-a-ser-desova-de-corpos\/#primaryimage\"},\"thumbnailUrl\":\"https:\/\/nk7-testes.com.br\/agazeta\/wp-content\/uploads\/2016\/04\/130416-policia-assassinato-cleriston2.jpg\",\"datePublished\":\"2016-05-25T13:53:56+00:00\",\"author\":{\"@id\":\"https:\/\/nk7-testes.com.br\/agazeta\/#\/schema\/person\/6d6e25cb0435eb4a02fd44d30b4e3020\"},\"breadcrumb\":{\"@id\":\"https:\/\/nk7-testes.com.br\/agazeta\/estrada-irineu-serra-volta-a-ser-desova-de-corpos\/#breadcrumb\"},\"inLanguage\":\"pt-BR\",\"potentialAction\":[{\"@type\":\"ReadAction\",\"target\":[\"https:\/\/nk7-testes.com.br\/agazeta\/estrada-irineu-serra-volta-a-ser-desova-de-corpos\/\"]}]},{\"@type\":\"ImageObject\",\"inLanguage\":\"pt-BR\",\"@id\":\"https:\/\/nk7-testes.com.br\/agazeta\/estrada-irineu-serra-volta-a-ser-desova-de-corpos\/#primaryimage\",\"url\":\"https:\/\/nk7-testes.com.br\/agazeta\/wp-content\/uploads\/2016\/04\/130416-policia-assassinato-cleriston2.jpg\",\"contentUrl\":\"https:\/\/nk7-testes.com.br\/agazeta\/wp-content\/uploads\/2016\/04\/130416-policia-assassinato-cleriston2.jpg\",\"width\":458,\"height\":340,\"caption\":\"130416-policia-assassinato-cleriston2\"},{\"@type\":\"BreadcrumbList\",\"@id\":\"https:\/\/nk7-testes.com.br\/agazeta\/estrada-irineu-serra-volta-a-ser-desova-de-corpos\/#breadcrumb\",\"itemListElement\":[{\"@type\":\"ListItem\",\"position\":1,\"name\":\"In\u00edcio\",\"item\":\"https:\/\/nk7-testes.com.br\/agazeta\/\"},{\"@type\":\"ListItem\",\"position\":2,\"name\":\"Estrada Irineu Serra volta a ser desova de corpos\"}]},{\"@type\":\"WebSite\",\"@id\":\"https:\/\/nk7-testes.com.br\/agazeta\/#website\",\"url\":\"https:\/\/nk7-testes.com.br\/agazeta\/\",\"name\":\"Agazeta.net\",\"description\":\"Agazeta.net - Not\u00edcias de Rio Branco\/AC\",\"potentialAction\":[{\"@type\":\"SearchAction\",\"target\":{\"@type\":\"EntryPoint\",\"urlTemplate\":\"https:\/\/nk7-testes.com.br\/agazeta\/?s={search_term_string}\"},\"query-input\":{\"@type\":\"PropertyValueSpecification\",\"valueRequired\":true,\"valueName\":\"search_term_string\"}}],\"inLanguage\":\"pt-BR\"},{\"@type\":\"Person\",\"@id\":\"https:\/\/nk7-testes.com.br\/agazeta\/#\/schema\/person\/6d6e25cb0435eb4a02fd44d30b4e3020\",\"name\":\"Agazeta.Net\",\"url\":\"https:\/\/nk7-testes.com.br\/agazeta\/author\/agazeta\/\"}]}<\/script>\n<!-- \/ Yoast SEO plugin. -->","yoast_head_json":{"title":"Estrada Irineu Serra volta a ser desova de corpos - Agazeta.net","robots":{"index":"index","follow":"follow","max-snippet":"max-snippet:-1","max-image-preview":"max-image-preview:large","max-video-preview":"max-video-preview:-1"},"canonical":"https:\/\/nk7-testes.com.br\/agazeta\/estrada-irineu-serra-volta-a-ser-desova-de-corpos\/","og_locale":"pt_BR","og_type":"article","og_title":"Estrada Irineu Serra volta a ser desova de corpos - Agazeta.net","og_description":"Forma dos crimes lembra tempos do Esquadr\u00e3o","og_url":"https:\/\/nk7-testes.com.br\/agazeta\/estrada-irineu-serra-volta-a-ser-desova-de-corpos\/","og_site_name":"Agazeta.net","article_published_time":"2016-05-25T13:53:56+00:00","og_image":[{"width":458,"height":340,"url":"https:\/\/nk7-testes.com.br\/agazeta\/wp-content\/uploads\/2016\/04\/130416-policia-assassinato-cleriston2.jpg","type":"image\/jpeg"}],"author":"Agazeta.Net","twitter_card":"summary_large_image","twitter_misc":{"Escrito por":"Agazeta.Net","Est. tempo de leitura":"2 minutos"},"schema":{"@context":"https:\/\/schema.org","@graph":[{"@type":"WebPage","@id":"https:\/\/nk7-testes.com.br\/agazeta\/estrada-irineu-serra-volta-a-ser-desova-de-corpos\/","url":"https:\/\/nk7-testes.com.br\/agazeta\/estrada-irineu-serra-volta-a-ser-desova-de-corpos\/","name":"Estrada Irineu Serra volta a ser desova de corpos - Agazeta.net","isPartOf":{"@id":"https:\/\/nk7-testes.com.br\/agazeta\/#website"},"primaryImageOfPage":{"@id":"https:\/\/nk7-testes.com.br\/agazeta\/estrada-irineu-serra-volta-a-ser-desova-de-corpos\/#primaryimage"},"image":{"@id":"https:\/\/nk7-testes.com.br\/agazeta\/estrada-irineu-serra-volta-a-ser-desova-de-corpos\/#primaryimage"},"thumbnailUrl":"https:\/\/nk7-testes.com.br\/agazeta\/wp-content\/uploads\/2016\/04\/130416-policia-assassinato-cleriston2.jpg","datePublished":"2016-05-25T13:53:56+00:00","author":{"@id":"https:\/\/nk7-testes.com.br\/agazeta\/#\/schema\/person\/6d6e25cb0435eb4a02fd44d30b4e3020"},"breadcrumb":{"@id":"https:\/\/nk7-testes.com.br\/agazeta\/estrada-irineu-serra-volta-a-ser-desova-de-corpos\/#breadcrumb"},"inLanguage":"pt-BR","potentialAction":[{"@type":"ReadAction","target":["https:\/\/nk7-testes.com.br\/agazeta\/estrada-irineu-serra-volta-a-ser-desova-de-corpos\/"]}]},{"@type":"ImageObject","inLanguage":"pt-BR","@id":"https:\/\/nk7-testes.com.br\/agazeta\/estrada-irineu-serra-volta-a-ser-desova-de-corpos\/#primaryimage","url":"https:\/\/nk7-testes.com.br\/agazeta\/wp-content\/uploads\/2016\/04\/130416-policia-assassinato-cleriston2.jpg","contentUrl":"https:\/\/nk7-testes.com.br\/agazeta\/wp-content\/uploads\/2016\/04\/130416-policia-assassinato-cleriston2.jpg","width":458,"height":340,"caption":"130416-policia-assassinato-cleriston2"},{"@type":"BreadcrumbList","@id":"https:\/\/nk7-testes.com.br\/agazeta\/estrada-irineu-serra-volta-a-ser-desova-de-corpos\/#breadcrumb","itemListElement":[{"@type":"ListItem","position":1,"name":"In\u00edcio","item":"https:\/\/nk7-testes.com.br\/agazeta\/"},{"@type":"ListItem","position":2,"name":"Estrada Irineu Serra volta a ser desova de corpos"}]},{"@type":"WebSite","@id":"https:\/\/nk7-testes.com.br\/agazeta\/#website","url":"https:\/\/nk7-testes.com.br\/agazeta\/","name":"Agazeta.net","description":"Agazeta.net - Not\u00edcias de Rio Branco\/AC","potentialAction":[{"@type":"SearchAction","target":{"@type":"EntryPoint","urlTemplate":"https:\/\/nk7-testes.com.br\/agazeta\/?s={search_term_string}"},"query-input":{"@type":"PropertyValueSpecification","valueRequired":true,"valueName":"search_term_string"}}],"inLanguage":"pt-BR"},{"@type":"Person","@id":"https:\/\/nk7-testes.com.br\/agazeta\/#\/schema\/person\/6d6e25cb0435eb4a02fd44d30b4e3020","name":"Agazeta.Net","url":"https:\/\/nk7-testes.com.br\/agazeta\/author\/agazeta\/"}]}},"_links":{"self":[{"href":"https:\/\/nk7-testes.com.br\/agazeta\/wp-json\/wp\/v2\/posts\/22916","targetHints":{"allow":["GET"]}}],"collection":[{"href":"https:\/\/nk7-testes.com.br\/agazeta\/wp-json\/wp\/v2\/posts"}],"about":[{"href":"https:\/\/nk7-testes.com.br\/agazeta\/wp-json\/wp\/v2\/types\/post"}],"author":[{"embeddable":true,"href":"https:\/\/nk7-testes.com.br\/agazeta\/wp-json\/wp\/v2\/users\/4"}],"replies":[{"embeddable":true,"href":"https:\/\/nk7-testes.com.br\/agazeta\/wp-json\/wp\/v2\/comments?post=22916"}],"version-history":[{"count":0,"href":"https:\/\/nk7-testes.com.br\/agazeta\/wp-json\/wp\/v2\/posts\/22916\/revisions"}],"wp:featuredmedia":[{"embeddable":true,"href":"https:\/\/nk7-testes.com.br\/agazeta\/wp-json\/wp\/v2\/media\/22118"}],"wp:attachment":[{"href":"https:\/\/nk7-testes.com.br\/agazeta\/wp-json\/wp\/v2\/media?parent=22916"}],"wp:term":[{"taxonomy":"category","embeddable":true,"href":"https:\/\/nk7-testes.com.br\/agazeta\/wp-json\/wp\/v2\/categories?post=22916"},{"taxonomy":"post_tag","embeddable":true,"href":"https:\/\/nk7-testes.com.br\/agazeta\/wp-json\/wp\/v2\/tags?post=22916"}],"curies":[{"name":"wp","href":"https:\/\/api.w.org\/{rel}","templated":true}]}}