{"id":22897,"date":"2016-05-23T23:37:04","date_gmt":"2016-05-23T23:37:04","guid":{"rendered":"https:\/\/abarevegan.com.br\/index.php\/2016\/05\/23\/governo-retira-familias-que-invadiram-casas\/"},"modified":"2016-05-23T23:37:04","modified_gmt":"2016-05-23T23:37:04","slug":"governo-retira-familias-que-invadiram-casas","status":"publish","type":"post","link":"https:\/\/nk7-testes.com.br\/agazeta\/governo-retira-familias-que-invadiram-casas\/","title":{"rendered":"Governo retira fam\u00edlias que invadiram casas"},"content":{"rendered":"<p style=\"text-align: justify;\">Sa\u00edda do Rui Lino foi feita pela PM e Sehab<\/p>\n<p style=\"text-align: justify;\">Enquanto a Secretaria de seguran\u00e7a p\u00fablica e a Secretaria de habita\u00e7\u00e3o falavam com a imprensa em uma coletiva, a pol\u00edcia iniciava o trabalho de esvaziar casas que foram invadidas no final de semana no Conjunto Rui Lino III.<\/p>\n<p style=\"text-align: justify;\">A a\u00e7\u00e3o chamou a aten\u00e7\u00e3o de moradores do local, que sa\u00edram de suas casas para acompanhar tudo. Entre os curiosos tamb\u00e9m estavam moradores do Antigo Beco do H, mesma comunidade que no m\u00eas de fevereiro fechou a Avenida Cear\u00e1, para protestar contra o atraso do aluguel social. E foi exatamente por esse motivo, que algumas fam\u00edlias do Beco e de outros bairros, resolveram invadir unidades habitacionais do Rui Lino.<\/p>\n<p style=\"text-align: justify;\">Elic\u00e9ia Costa, por exemplo, alega que o aluguel social da casa em que mora com os filhos est\u00e1 em atraso. Ela \u00e9 cadastrada na Secretaria municipal de assist\u00eancia social e est\u00e1 inscrita na Secretaria de habita\u00e7\u00e3o desde o ano de 2009.<\/p>\n<p style=\"text-align: justify;\">\u201cJ\u00e1 fui despejada quatro vezes ent\u00e3o resolvi entrar por que tenho direito de entrar nessa por que foi vendida, negociada\u201d, explicou.<\/p>\n<p style=\"text-align: justify;\">Elic\u00e9ia entrou com um termo de reclama\u00e7\u00e3o no Juizado Especial da Fazenda P\u00fablica de Rio Branco, pedindo autoriza\u00e7\u00e3o para ficar morando na casa 10 da quadra 19 do Conjunto. Mas ela foi informada que precisa aguardar uma audi\u00eancia para ter o pedido apreciado. Nesta segunda-feira, a casa que ocupava foi esvaziada e ela, teve que sair.<\/p>\n<p style=\"text-align: justify;\">A mulher resistiu a ordem da pol\u00edcia de ser conduzida \u00e0 delegacia. A situa\u00e7\u00e3o causou desconforto e protestos dos populares que acompanhavam de perto.<\/p>\n<p style=\"text-align: justify;\">Hoje a miss\u00e3o da pol\u00edcia foi de desocupar as casas invadidas por 13 fam\u00edlias que estavam no aluguel social. Mas ao que parece pode ser um trabalho de enxugar gelo, por que muitos afirmam que v\u00e3o voltar a invadir as casas.<\/p>\n<p style=\"text-align: justify;\">At\u00e9 o delegado que conduz a opera\u00e7\u00e3o, Robert Alencar, tem dificuldades em opinar sobre as garantias de que os im\u00f3veis continuar\u00e3o vazios at\u00e9 uma solu\u00e7\u00e3o judicial.<\/p>\n<p style=\"text-align: justify;\">\u201cA gente n\u00e3o tem como lacrar, fechar, por que s]ao casas que j\u00e1 est\u00e3o com v\u00e1rios objetos deteriorados. Janelas, sem portas. Estamos conduzindo essas pessoas e retirando os bens de quem n\u00e3o tem como retirar, mas v\u00e3o ficar [casas] do jeito que est\u00e3o\u201d, disse.<\/p>\n<p style=\"text-align: justify;\">A opera\u00e7\u00e3o Lares em sua terceira fase determinou a sa\u00edda dos moradores que supostamente participaram do esquema de compra ilegal de casas populares. Cada resid\u00eancia era vendida pelos operadores, por valores entre R$ 20 mil e R$ 30 mil. <br \/>As 37 casas desocupadas pela justi\u00e7a sofreram saques e at\u00e9 depreda\u00e7\u00f5es. O fato de algumas perderem portas e fechaduras ajudou na invas\u00e3o ocorrida neste \u00faltimo domingo.<\/p>\n<p style=\"text-align: justify;\">Segundo o chefe do departamento de fiscaliza\u00e7\u00e3o da Sehab, Os\u00e9ias Silva, as unidades habitacionais devem ser ocupadas assim que a justi\u00e7a autorizar pedidos feitos pela secretaria.<\/p>\n<p style=\"text-align: justify;\">\u201cN\u00f3s fizemos exposi\u00e7\u00e3o de motivos ao Minist\u00e9rio P\u00fablico dando sugest\u00e3o de que provisoriamente enquanto n\u00e3o se chegue a uma solu\u00e7\u00e3o dessas casas, que outras fam\u00edlias oriundas do aluguel social ocupem, mas como \u00e9 fruto de investiga\u00e7\u00e3o a gente s\u00f3 vai tomar posi\u00e7\u00e3o com determina\u00e7\u00e3o judicial\u201d, afirmou.<\/p>\n<p style=\"text-align: justify;\">De acordo com o Secret\u00e1rio de seguran\u00e7a p\u00fablica, a pol\u00edcia vai manter vigil\u00e2ncia no Conjunto Habitacional e quem foi conduzido para a delegacia vai responder por invas\u00e3o de domic\u00edlio. Crime de menor potencial ofensivo.<\/p>\n","protected":false},"excerpt":{"rendered":"<p style=\"text-align: justify;\">Sa\u00edda do Rui Lino foi feita pela PM e Sehab<\/p>\n","protected":false},"author":4,"featured_media":22896,"comment_status":"open","ping_status":"open","sticky":false,"template":"","format":"standard","meta":{"jnews-multi-image_gallery":[],"jnews_single_post":[],"jnews_primary_category":[],"jnews_social_meta":[],"jnews_review":[],"enable_review":"","type":"","name":"","summary":"","brand":"","sku":"","good":[],"bad":[],"score_override":"","override_value":"","rating":[],"price":[],"footnotes":""},"categories":[54],"tags":[],"class_list":["post-22897","post","type-post","status-publish","format-standard","has-post-thumbnail","hentry","category-cotidiano"],"yoast_head":"<!-- This site is optimized with the Yoast SEO plugin v26.5 - https:\/\/yoast.com\/wordpress\/plugins\/seo\/ -->\n<title>Governo retira fam\u00edlias que invadiram casas - Agazeta.net<\/title>\n<meta name=\"robots\" content=\"index, follow, max-snippet:-1, max-image-preview:large, max-video-preview:-1\" \/>\n<link rel=\"canonical\" href=\"https:\/\/nk7-testes.com.br\/agazeta\/governo-retira-familias-que-invadiram-casas\/\" \/>\n<meta property=\"og:locale\" content=\"pt_BR\" \/>\n<meta property=\"og:type\" content=\"article\" \/>\n<meta property=\"og:title\" content=\"Governo retira fam\u00edlias que invadiram casas - Agazeta.net\" \/>\n<meta property=\"og:description\" content=\"Sa\u00edda do Rui Lino foi feita pela PM e Sehab\" \/>\n<meta property=\"og:url\" content=\"https:\/\/nk7-testes.com.br\/agazeta\/governo-retira-familias-que-invadiram-casas\/\" \/>\n<meta property=\"og:site_name\" content=\"Agazeta.net\" \/>\n<meta property=\"article:published_time\" content=\"2016-05-23T23:37:04+00:00\" \/>\n<meta property=\"og:image\" content=\"https:\/\/nk7-testes.com.br\/agazeta\/wp-content\/uploads\/2016\/05\/230516-policia-retiradadefamilias-gislainevidal.jpg\" \/>\n\t<meta property=\"og:image:width\" content=\"458\" \/>\n\t<meta property=\"og:image:height\" content=\"340\" \/>\n\t<meta property=\"og:image:type\" content=\"image\/jpeg\" \/>\n<meta name=\"author\" content=\"Agazeta.Net\" \/>\n<meta name=\"twitter:card\" content=\"summary_large_image\" \/>\n<meta name=\"twitter:label1\" content=\"Escrito por\" \/>\n\t<meta name=\"twitter:data1\" content=\"Agazeta.Net\" \/>\n\t<meta name=\"twitter:label2\" content=\"Est. tempo de leitura\" \/>\n\t<meta name=\"twitter:data2\" content=\"3 minutos\" \/>\n<script type=\"application\/ld+json\" class=\"yoast-schema-graph\">{\"@context\":\"https:\/\/schema.org\",\"@graph\":[{\"@type\":\"WebPage\",\"@id\":\"https:\/\/nk7-testes.com.br\/agazeta\/governo-retira-familias-que-invadiram-casas\/\",\"url\":\"https:\/\/nk7-testes.com.br\/agazeta\/governo-retira-familias-que-invadiram-casas\/\",\"name\":\"Governo retira fam\u00edlias que invadiram casas - Agazeta.net\",\"isPartOf\":{\"@id\":\"https:\/\/nk7-testes.com.br\/agazeta\/#website\"},\"primaryImageOfPage\":{\"@id\":\"https:\/\/nk7-testes.com.br\/agazeta\/governo-retira-familias-que-invadiram-casas\/#primaryimage\"},\"image\":{\"@id\":\"https:\/\/nk7-testes.com.br\/agazeta\/governo-retira-familias-que-invadiram-casas\/#primaryimage\"},\"thumbnailUrl\":\"https:\/\/nk7-testes.com.br\/agazeta\/wp-content\/uploads\/2016\/05\/230516-policia-retiradadefamilias-gislainevidal.jpg\",\"datePublished\":\"2016-05-23T23:37:04+00:00\",\"author\":{\"@id\":\"https:\/\/nk7-testes.com.br\/agazeta\/#\/schema\/person\/6d6e25cb0435eb4a02fd44d30b4e3020\"},\"breadcrumb\":{\"@id\":\"https:\/\/nk7-testes.com.br\/agazeta\/governo-retira-familias-que-invadiram-casas\/#breadcrumb\"},\"inLanguage\":\"pt-BR\",\"potentialAction\":[{\"@type\":\"ReadAction\",\"target\":[\"https:\/\/nk7-testes.com.br\/agazeta\/governo-retira-familias-que-invadiram-casas\/\"]}]},{\"@type\":\"ImageObject\",\"inLanguage\":\"pt-BR\",\"@id\":\"https:\/\/nk7-testes.com.br\/agazeta\/governo-retira-familias-que-invadiram-casas\/#primaryimage\",\"url\":\"https:\/\/nk7-testes.com.br\/agazeta\/wp-content\/uploads\/2016\/05\/230516-policia-retiradadefamilias-gislainevidal.jpg\",\"contentUrl\":\"https:\/\/nk7-testes.com.br\/agazeta\/wp-content\/uploads\/2016\/05\/230516-policia-retiradadefamilias-gislainevidal.jpg\",\"width\":458,\"height\":340,\"caption\":\"230516-policia-retiradadefamilias-gislainevidal\"},{\"@type\":\"BreadcrumbList\",\"@id\":\"https:\/\/nk7-testes.com.br\/agazeta\/governo-retira-familias-que-invadiram-casas\/#breadcrumb\",\"itemListElement\":[{\"@type\":\"ListItem\",\"position\":1,\"name\":\"In\u00edcio\",\"item\":\"https:\/\/nk7-testes.com.br\/agazeta\/\"},{\"@type\":\"ListItem\",\"position\":2,\"name\":\"Governo retira fam\u00edlias que invadiram casas\"}]},{\"@type\":\"WebSite\",\"@id\":\"https:\/\/nk7-testes.com.br\/agazeta\/#website\",\"url\":\"https:\/\/nk7-testes.com.br\/agazeta\/\",\"name\":\"Agazeta.net\",\"description\":\"Agazeta.net - Not\u00edcias de Rio Branco\/AC\",\"potentialAction\":[{\"@type\":\"SearchAction\",\"target\":{\"@type\":\"EntryPoint\",\"urlTemplate\":\"https:\/\/nk7-testes.com.br\/agazeta\/?s={search_term_string}\"},\"query-input\":{\"@type\":\"PropertyValueSpecification\",\"valueRequired\":true,\"valueName\":\"search_term_string\"}}],\"inLanguage\":\"pt-BR\"},{\"@type\":\"Person\",\"@id\":\"https:\/\/nk7-testes.com.br\/agazeta\/#\/schema\/person\/6d6e25cb0435eb4a02fd44d30b4e3020\",\"name\":\"Agazeta.Net\",\"url\":\"https:\/\/nk7-testes.com.br\/agazeta\/author\/agazeta\/\"}]}<\/script>\n<!-- \/ Yoast SEO plugin. -->","yoast_head_json":{"title":"Governo retira fam\u00edlias que invadiram casas - Agazeta.net","robots":{"index":"index","follow":"follow","max-snippet":"max-snippet:-1","max-image-preview":"max-image-preview:large","max-video-preview":"max-video-preview:-1"},"canonical":"https:\/\/nk7-testes.com.br\/agazeta\/governo-retira-familias-que-invadiram-casas\/","og_locale":"pt_BR","og_type":"article","og_title":"Governo retira fam\u00edlias que invadiram casas - Agazeta.net","og_description":"Sa\u00edda do Rui Lino foi feita pela PM e Sehab","og_url":"https:\/\/nk7-testes.com.br\/agazeta\/governo-retira-familias-que-invadiram-casas\/","og_site_name":"Agazeta.net","article_published_time":"2016-05-23T23:37:04+00:00","og_image":[{"width":458,"height":340,"url":"https:\/\/nk7-testes.com.br\/agazeta\/wp-content\/uploads\/2016\/05\/230516-policia-retiradadefamilias-gislainevidal.jpg","type":"image\/jpeg"}],"author":"Agazeta.Net","twitter_card":"summary_large_image","twitter_misc":{"Escrito por":"Agazeta.Net","Est. tempo de leitura":"3 minutos"},"schema":{"@context":"https:\/\/schema.org","@graph":[{"@type":"WebPage","@id":"https:\/\/nk7-testes.com.br\/agazeta\/governo-retira-familias-que-invadiram-casas\/","url":"https:\/\/nk7-testes.com.br\/agazeta\/governo-retira-familias-que-invadiram-casas\/","name":"Governo retira fam\u00edlias que invadiram casas - Agazeta.net","isPartOf":{"@id":"https:\/\/nk7-testes.com.br\/agazeta\/#website"},"primaryImageOfPage":{"@id":"https:\/\/nk7-testes.com.br\/agazeta\/governo-retira-familias-que-invadiram-casas\/#primaryimage"},"image":{"@id":"https:\/\/nk7-testes.com.br\/agazeta\/governo-retira-familias-que-invadiram-casas\/#primaryimage"},"thumbnailUrl":"https:\/\/nk7-testes.com.br\/agazeta\/wp-content\/uploads\/2016\/05\/230516-policia-retiradadefamilias-gislainevidal.jpg","datePublished":"2016-05-23T23:37:04+00:00","author":{"@id":"https:\/\/nk7-testes.com.br\/agazeta\/#\/schema\/person\/6d6e25cb0435eb4a02fd44d30b4e3020"},"breadcrumb":{"@id":"https:\/\/nk7-testes.com.br\/agazeta\/governo-retira-familias-que-invadiram-casas\/#breadcrumb"},"inLanguage":"pt-BR","potentialAction":[{"@type":"ReadAction","target":["https:\/\/nk7-testes.com.br\/agazeta\/governo-retira-familias-que-invadiram-casas\/"]}]},{"@type":"ImageObject","inLanguage":"pt-BR","@id":"https:\/\/nk7-testes.com.br\/agazeta\/governo-retira-familias-que-invadiram-casas\/#primaryimage","url":"https:\/\/nk7-testes.com.br\/agazeta\/wp-content\/uploads\/2016\/05\/230516-policia-retiradadefamilias-gislainevidal.jpg","contentUrl":"https:\/\/nk7-testes.com.br\/agazeta\/wp-content\/uploads\/2016\/05\/230516-policia-retiradadefamilias-gislainevidal.jpg","width":458,"height":340,"caption":"230516-policia-retiradadefamilias-gislainevidal"},{"@type":"BreadcrumbList","@id":"https:\/\/nk7-testes.com.br\/agazeta\/governo-retira-familias-que-invadiram-casas\/#breadcrumb","itemListElement":[{"@type":"ListItem","position":1,"name":"In\u00edcio","item":"https:\/\/nk7-testes.com.br\/agazeta\/"},{"@type":"ListItem","position":2,"name":"Governo retira fam\u00edlias que invadiram casas"}]},{"@type":"WebSite","@id":"https:\/\/nk7-testes.com.br\/agazeta\/#website","url":"https:\/\/nk7-testes.com.br\/agazeta\/","name":"Agazeta.net","description":"Agazeta.net - Not\u00edcias de Rio Branco\/AC","potentialAction":[{"@type":"SearchAction","target":{"@type":"EntryPoint","urlTemplate":"https:\/\/nk7-testes.com.br\/agazeta\/?s={search_term_string}"},"query-input":{"@type":"PropertyValueSpecification","valueRequired":true,"valueName":"search_term_string"}}],"inLanguage":"pt-BR"},{"@type":"Person","@id":"https:\/\/nk7-testes.com.br\/agazeta\/#\/schema\/person\/6d6e25cb0435eb4a02fd44d30b4e3020","name":"Agazeta.Net","url":"https:\/\/nk7-testes.com.br\/agazeta\/author\/agazeta\/"}]}},"_links":{"self":[{"href":"https:\/\/nk7-testes.com.br\/agazeta\/wp-json\/wp\/v2\/posts\/22897","targetHints":{"allow":["GET"]}}],"collection":[{"href":"https:\/\/nk7-testes.com.br\/agazeta\/wp-json\/wp\/v2\/posts"}],"about":[{"href":"https:\/\/nk7-testes.com.br\/agazeta\/wp-json\/wp\/v2\/types\/post"}],"author":[{"embeddable":true,"href":"https:\/\/nk7-testes.com.br\/agazeta\/wp-json\/wp\/v2\/users\/4"}],"replies":[{"embeddable":true,"href":"https:\/\/nk7-testes.com.br\/agazeta\/wp-json\/wp\/v2\/comments?post=22897"}],"version-history":[{"count":0,"href":"https:\/\/nk7-testes.com.br\/agazeta\/wp-json\/wp\/v2\/posts\/22897\/revisions"}],"wp:featuredmedia":[{"embeddable":true,"href":"https:\/\/nk7-testes.com.br\/agazeta\/wp-json\/wp\/v2\/media\/22896"}],"wp:attachment":[{"href":"https:\/\/nk7-testes.com.br\/agazeta\/wp-json\/wp\/v2\/media?parent=22897"}],"wp:term":[{"taxonomy":"category","embeddable":true,"href":"https:\/\/nk7-testes.com.br\/agazeta\/wp-json\/wp\/v2\/categories?post=22897"},{"taxonomy":"post_tag","embeddable":true,"href":"https:\/\/nk7-testes.com.br\/agazeta\/wp-json\/wp\/v2\/tags?post=22897"}],"curies":[{"name":"wp","href":"https:\/\/api.w.org\/{rel}","templated":true}]}}