{"id":22867,"date":"2016-05-21T16:42:21","date_gmt":"2016-05-21T16:42:21","guid":{"rendered":"https:\/\/abarevegan.com.br\/index.php\/2016\/05\/21\/50-anos-de-mercado-do-bosque-tem-novidades\/"},"modified":"2016-05-21T16:42:21","modified_gmt":"2016-05-21T16:42:21","slug":"50-anos-de-mercado-do-bosque-tem-novidades","status":"publish","type":"post","link":"https:\/\/nk7-testes.com.br\/agazeta\/50-anos-de-mercado-do-bosque-tem-novidades\/","title":{"rendered":"50 anos de Mercado do Bosque t\u00eam novidades"},"content":{"rendered":"<p style=\"text-align: justify;\">Revitaliza\u00e7\u00e3o reverencia hist\u00f3ria do lugar<\/p>\n<p style=\"text-align: justify;\">A Prefeitura de Rio Branco inaugurou na \u00faltima sexta-feira, a restaura\u00e7\u00e3o que compreendeu parte do Mercado do Bosque. A obra de revitaliza\u00e7\u00e3o de pouco mais de R$ 1 milh\u00e3o modernizou as instala\u00e7\u00f5es onde 42 permission\u00e1rios comercializam produtos.<\/p>\n<p style=\"text-align: justify;\">Na chegada, o visitante que n\u00e3o conhecia, pode compreender a dimens\u00e3o da transforma\u00e7\u00e3o. As fotos relembram o antes do Mercado do Bosque. O espa\u00e7o completa em 2016, 50 anos de exist\u00eancia, com uma revitaliza\u00e7\u00e3o parcial.<\/p>\n<p style=\"text-align: justify;\">Entre os 42 permission\u00e1rios beneficiados com o novo ambiente est\u00e1 Vera L\u00facia Pupio. H\u00e1 25 anos no mercado, consolidou seus clientes com as op\u00e7\u00f5es preferidas dos acreanos. \u201c\u00c9 tapioca recheada, baixaria e quibe\u201d, explica.<br \/>Vera atende de 6 da tarde \u00e0s 6 da manh\u00e3. Agora com o box novo, ela espera vencer a crise o cansa\u00e7o e faturar. \u201cEspero vender mais por que as coisas est\u00e3o dif\u00edceis\u201d, disse.<\/p>\n<p style=\"text-align: justify;\">Quem tamb\u00e9m est\u00e1 contente com o novo ambiente \u00e9 Sebastiana Feliz. No pequeno box chamado de casa da goma ela tamb\u00e9m comercializa farinha de Cruzeiro do Sul, milho entre outros produtos. Ap\u00f3s um ano, per\u00edodo em que o local ficou em obras, ela retorna com boas expectativas.<\/p>\n<p style=\"text-align: justify;\">\u201cUm ambiente melhor \u00e9 melhor pra trabalhar e os clientes tamb\u00e9m gostam\u201d, disse.<br \/>Um dos detalhes da obra com novo padr\u00e3o de comunica\u00e7\u00e3o visual \u00e9 o passo a passo de pratos e alimentos tradicionais como: quibe, mingau de banana e baixaria.<\/p>\n<p style=\"text-align: justify;\">Daniel participou da inaugura\u00e7\u00e3o, fazendo um lanche com a fam\u00edlia. Aprovou a obra, mas criticou a ventila\u00e7\u00e3o do espa\u00e7o. \u201cFicou muito bonito, bem diferente, mas t\u00e1 muito quente. Hoje \u00e9 um dia fresco e t\u00f4 com calor aqui, imagine em dias quentes\u201d, opinou.<\/p>\n<p style=\"text-align: justify;\">A interven\u00e7\u00e3o parcial no Mercado do Bosque custou pouco mais de R$ 1 milh\u00e3o. Segundo o prefeito, a segunda etapa j\u00e1 tem data prevista para ser entregue. \u201cNa segunda etapa vamos ligar os permission\u00e1rios da Avenida Na\u00e7\u00f5es Unidas e Rua Coronel Alexandrino. As obras j\u00e1 come\u00e7aram e at\u00e9 o final do ano tudo deve ficar pronto\u201d, disse o prefeito Marcus Alexandre.<\/p>\n","protected":false},"excerpt":{"rendered":"<p style=\"text-align: justify;\">Revitaliza\u00e7\u00e3o reverencia hist\u00f3ria do lugar<\/p>\n","protected":false},"author":4,"featured_media":22866,"comment_status":"open","ping_status":"open","sticky":false,"template":"","format":"standard","meta":{"jnews-multi-image_gallery":[],"jnews_single_post":[],"jnews_primary_category":[],"jnews_social_meta":[],"jnews_review":[],"enable_review":"","type":"","name":"","summary":"","brand":"","sku":"","good":[],"bad":[],"score_override":"","override_value":"","rating":[],"price":[],"footnotes":""},"categories":[54],"tags":[],"class_list":["post-22867","post","type-post","status-publish","format-standard","has-post-thumbnail","hentry","category-cotidiano"],"yoast_head":"<!-- This site is optimized with the Yoast SEO plugin v26.5 - https:\/\/yoast.com\/wordpress\/plugins\/seo\/ -->\n<title>50 anos de Mercado do Bosque t\u00eam novidades - Agazeta.net<\/title>\n<meta name=\"robots\" content=\"index, follow, max-snippet:-1, max-image-preview:large, max-video-preview:-1\" \/>\n<link rel=\"canonical\" href=\"https:\/\/nk7-testes.com.br\/agazeta\/50-anos-de-mercado-do-bosque-tem-novidades\/\" \/>\n<meta property=\"og:locale\" content=\"pt_BR\" \/>\n<meta property=\"og:type\" content=\"article\" \/>\n<meta property=\"og:title\" content=\"50 anos de Mercado do Bosque t\u00eam novidades - Agazeta.net\" \/>\n<meta property=\"og:description\" content=\"Revitaliza\u00e7\u00e3o reverencia hist\u00f3ria do lugar\" \/>\n<meta property=\"og:url\" content=\"https:\/\/nk7-testes.com.br\/agazeta\/50-anos-de-mercado-do-bosque-tem-novidades\/\" \/>\n<meta property=\"og:site_name\" content=\"Agazeta.net\" \/>\n<meta property=\"article:published_time\" content=\"2016-05-21T16:42:21+00:00\" \/>\n<meta property=\"og:image\" content=\"https:\/\/nk7-testes.com.br\/agazeta\/wp-content\/uploads\/2016\/05\/210516-cotidiano-inauguracaomercado-marcusvicentti.jpg\" \/>\n\t<meta property=\"og:image:width\" content=\"458\" \/>\n\t<meta property=\"og:image:height\" content=\"340\" \/>\n\t<meta property=\"og:image:type\" content=\"image\/jpeg\" \/>\n<meta name=\"author\" content=\"Agazeta.Net\" \/>\n<meta name=\"twitter:card\" content=\"summary_large_image\" \/>\n<meta name=\"twitter:label1\" content=\"Escrito por\" \/>\n\t<meta name=\"twitter:data1\" content=\"Agazeta.Net\" \/>\n\t<meta name=\"twitter:label2\" content=\"Est. tempo de leitura\" \/>\n\t<meta name=\"twitter:data2\" content=\"2 minutos\" \/>\n<script type=\"application\/ld+json\" class=\"yoast-schema-graph\">{\"@context\":\"https:\/\/schema.org\",\"@graph\":[{\"@type\":\"WebPage\",\"@id\":\"https:\/\/nk7-testes.com.br\/agazeta\/50-anos-de-mercado-do-bosque-tem-novidades\/\",\"url\":\"https:\/\/nk7-testes.com.br\/agazeta\/50-anos-de-mercado-do-bosque-tem-novidades\/\",\"name\":\"50 anos de Mercado do Bosque t\u00eam novidades - Agazeta.net\",\"isPartOf\":{\"@id\":\"https:\/\/nk7-testes.com.br\/agazeta\/#website\"},\"primaryImageOfPage\":{\"@id\":\"https:\/\/nk7-testes.com.br\/agazeta\/50-anos-de-mercado-do-bosque-tem-novidades\/#primaryimage\"},\"image\":{\"@id\":\"https:\/\/nk7-testes.com.br\/agazeta\/50-anos-de-mercado-do-bosque-tem-novidades\/#primaryimage\"},\"thumbnailUrl\":\"https:\/\/nk7-testes.com.br\/agazeta\/wp-content\/uploads\/2016\/05\/210516-cotidiano-inauguracaomercado-marcusvicentti.jpg\",\"datePublished\":\"2016-05-21T16:42:21+00:00\",\"author\":{\"@id\":\"https:\/\/nk7-testes.com.br\/agazeta\/#\/schema\/person\/6d6e25cb0435eb4a02fd44d30b4e3020\"},\"breadcrumb\":{\"@id\":\"https:\/\/nk7-testes.com.br\/agazeta\/50-anos-de-mercado-do-bosque-tem-novidades\/#breadcrumb\"},\"inLanguage\":\"pt-BR\",\"potentialAction\":[{\"@type\":\"ReadAction\",\"target\":[\"https:\/\/nk7-testes.com.br\/agazeta\/50-anos-de-mercado-do-bosque-tem-novidades\/\"]}]},{\"@type\":\"ImageObject\",\"inLanguage\":\"pt-BR\",\"@id\":\"https:\/\/nk7-testes.com.br\/agazeta\/50-anos-de-mercado-do-bosque-tem-novidades\/#primaryimage\",\"url\":\"https:\/\/nk7-testes.com.br\/agazeta\/wp-content\/uploads\/2016\/05\/210516-cotidiano-inauguracaomercado-marcusvicentti.jpg\",\"contentUrl\":\"https:\/\/nk7-testes.com.br\/agazeta\/wp-content\/uploads\/2016\/05\/210516-cotidiano-inauguracaomercado-marcusvicentti.jpg\",\"width\":458,\"height\":340,\"caption\":\"210516-cotidiano-inauguracaomercado-marcusvicentti\"},{\"@type\":\"BreadcrumbList\",\"@id\":\"https:\/\/nk7-testes.com.br\/agazeta\/50-anos-de-mercado-do-bosque-tem-novidades\/#breadcrumb\",\"itemListElement\":[{\"@type\":\"ListItem\",\"position\":1,\"name\":\"In\u00edcio\",\"item\":\"https:\/\/nk7-testes.com.br\/agazeta\/\"},{\"@type\":\"ListItem\",\"position\":2,\"name\":\"50 anos de Mercado do Bosque t\u00eam novidades\"}]},{\"@type\":\"WebSite\",\"@id\":\"https:\/\/nk7-testes.com.br\/agazeta\/#website\",\"url\":\"https:\/\/nk7-testes.com.br\/agazeta\/\",\"name\":\"Agazeta.net\",\"description\":\"Agazeta.net - Not\u00edcias de Rio Branco\/AC\",\"potentialAction\":[{\"@type\":\"SearchAction\",\"target\":{\"@type\":\"EntryPoint\",\"urlTemplate\":\"https:\/\/nk7-testes.com.br\/agazeta\/?s={search_term_string}\"},\"query-input\":{\"@type\":\"PropertyValueSpecification\",\"valueRequired\":true,\"valueName\":\"search_term_string\"}}],\"inLanguage\":\"pt-BR\"},{\"@type\":\"Person\",\"@id\":\"https:\/\/nk7-testes.com.br\/agazeta\/#\/schema\/person\/6d6e25cb0435eb4a02fd44d30b4e3020\",\"name\":\"Agazeta.Net\",\"url\":\"https:\/\/nk7-testes.com.br\/agazeta\/author\/agazeta\/\"}]}<\/script>\n<!-- \/ Yoast SEO plugin. -->","yoast_head_json":{"title":"50 anos de Mercado do Bosque t\u00eam novidades - Agazeta.net","robots":{"index":"index","follow":"follow","max-snippet":"max-snippet:-1","max-image-preview":"max-image-preview:large","max-video-preview":"max-video-preview:-1"},"canonical":"https:\/\/nk7-testes.com.br\/agazeta\/50-anos-de-mercado-do-bosque-tem-novidades\/","og_locale":"pt_BR","og_type":"article","og_title":"50 anos de Mercado do Bosque t\u00eam novidades - Agazeta.net","og_description":"Revitaliza\u00e7\u00e3o reverencia hist\u00f3ria do lugar","og_url":"https:\/\/nk7-testes.com.br\/agazeta\/50-anos-de-mercado-do-bosque-tem-novidades\/","og_site_name":"Agazeta.net","article_published_time":"2016-05-21T16:42:21+00:00","og_image":[{"width":458,"height":340,"url":"https:\/\/nk7-testes.com.br\/agazeta\/wp-content\/uploads\/2016\/05\/210516-cotidiano-inauguracaomercado-marcusvicentti.jpg","type":"image\/jpeg"}],"author":"Agazeta.Net","twitter_card":"summary_large_image","twitter_misc":{"Escrito por":"Agazeta.Net","Est. tempo de leitura":"2 minutos"},"schema":{"@context":"https:\/\/schema.org","@graph":[{"@type":"WebPage","@id":"https:\/\/nk7-testes.com.br\/agazeta\/50-anos-de-mercado-do-bosque-tem-novidades\/","url":"https:\/\/nk7-testes.com.br\/agazeta\/50-anos-de-mercado-do-bosque-tem-novidades\/","name":"50 anos de Mercado do Bosque t\u00eam novidades - Agazeta.net","isPartOf":{"@id":"https:\/\/nk7-testes.com.br\/agazeta\/#website"},"primaryImageOfPage":{"@id":"https:\/\/nk7-testes.com.br\/agazeta\/50-anos-de-mercado-do-bosque-tem-novidades\/#primaryimage"},"image":{"@id":"https:\/\/nk7-testes.com.br\/agazeta\/50-anos-de-mercado-do-bosque-tem-novidades\/#primaryimage"},"thumbnailUrl":"https:\/\/nk7-testes.com.br\/agazeta\/wp-content\/uploads\/2016\/05\/210516-cotidiano-inauguracaomercado-marcusvicentti.jpg","datePublished":"2016-05-21T16:42:21+00:00","author":{"@id":"https:\/\/nk7-testes.com.br\/agazeta\/#\/schema\/person\/6d6e25cb0435eb4a02fd44d30b4e3020"},"breadcrumb":{"@id":"https:\/\/nk7-testes.com.br\/agazeta\/50-anos-de-mercado-do-bosque-tem-novidades\/#breadcrumb"},"inLanguage":"pt-BR","potentialAction":[{"@type":"ReadAction","target":["https:\/\/nk7-testes.com.br\/agazeta\/50-anos-de-mercado-do-bosque-tem-novidades\/"]}]},{"@type":"ImageObject","inLanguage":"pt-BR","@id":"https:\/\/nk7-testes.com.br\/agazeta\/50-anos-de-mercado-do-bosque-tem-novidades\/#primaryimage","url":"https:\/\/nk7-testes.com.br\/agazeta\/wp-content\/uploads\/2016\/05\/210516-cotidiano-inauguracaomercado-marcusvicentti.jpg","contentUrl":"https:\/\/nk7-testes.com.br\/agazeta\/wp-content\/uploads\/2016\/05\/210516-cotidiano-inauguracaomercado-marcusvicentti.jpg","width":458,"height":340,"caption":"210516-cotidiano-inauguracaomercado-marcusvicentti"},{"@type":"BreadcrumbList","@id":"https:\/\/nk7-testes.com.br\/agazeta\/50-anos-de-mercado-do-bosque-tem-novidades\/#breadcrumb","itemListElement":[{"@type":"ListItem","position":1,"name":"In\u00edcio","item":"https:\/\/nk7-testes.com.br\/agazeta\/"},{"@type":"ListItem","position":2,"name":"50 anos de Mercado do Bosque t\u00eam novidades"}]},{"@type":"WebSite","@id":"https:\/\/nk7-testes.com.br\/agazeta\/#website","url":"https:\/\/nk7-testes.com.br\/agazeta\/","name":"Agazeta.net","description":"Agazeta.net - Not\u00edcias de Rio Branco\/AC","potentialAction":[{"@type":"SearchAction","target":{"@type":"EntryPoint","urlTemplate":"https:\/\/nk7-testes.com.br\/agazeta\/?s={search_term_string}"},"query-input":{"@type":"PropertyValueSpecification","valueRequired":true,"valueName":"search_term_string"}}],"inLanguage":"pt-BR"},{"@type":"Person","@id":"https:\/\/nk7-testes.com.br\/agazeta\/#\/schema\/person\/6d6e25cb0435eb4a02fd44d30b4e3020","name":"Agazeta.Net","url":"https:\/\/nk7-testes.com.br\/agazeta\/author\/agazeta\/"}]}},"_links":{"self":[{"href":"https:\/\/nk7-testes.com.br\/agazeta\/wp-json\/wp\/v2\/posts\/22867","targetHints":{"allow":["GET"]}}],"collection":[{"href":"https:\/\/nk7-testes.com.br\/agazeta\/wp-json\/wp\/v2\/posts"}],"about":[{"href":"https:\/\/nk7-testes.com.br\/agazeta\/wp-json\/wp\/v2\/types\/post"}],"author":[{"embeddable":true,"href":"https:\/\/nk7-testes.com.br\/agazeta\/wp-json\/wp\/v2\/users\/4"}],"replies":[{"embeddable":true,"href":"https:\/\/nk7-testes.com.br\/agazeta\/wp-json\/wp\/v2\/comments?post=22867"}],"version-history":[{"count":0,"href":"https:\/\/nk7-testes.com.br\/agazeta\/wp-json\/wp\/v2\/posts\/22867\/revisions"}],"wp:featuredmedia":[{"embeddable":true,"href":"https:\/\/nk7-testes.com.br\/agazeta\/wp-json\/wp\/v2\/media\/22866"}],"wp:attachment":[{"href":"https:\/\/nk7-testes.com.br\/agazeta\/wp-json\/wp\/v2\/media?parent=22867"}],"wp:term":[{"taxonomy":"category","embeddable":true,"href":"https:\/\/nk7-testes.com.br\/agazeta\/wp-json\/wp\/v2\/categories?post=22867"},{"taxonomy":"post_tag","embeddable":true,"href":"https:\/\/nk7-testes.com.br\/agazeta\/wp-json\/wp\/v2\/tags?post=22867"}],"curies":[{"name":"wp","href":"https:\/\/api.w.org\/{rel}","templated":true}]}}