{"id":22860,"date":"2016-05-20T20:02:51","date_gmt":"2016-05-20T20:02:51","guid":{"rendered":"https:\/\/abarevegan.com.br\/index.php\/2016\/05\/20\/mercado-do-bosque-50-anos-de-historia\/"},"modified":"2016-05-20T20:02:51","modified_gmt":"2016-05-20T20:02:51","slug":"mercado-do-bosque-50-anos-de-historia","status":"publish","type":"post","link":"https:\/\/nk7-testes.com.br\/agazeta\/mercado-do-bosque-50-anos-de-historia\/","title":{"rendered":"Mercado do Bosque: 50 anos de hist\u00f3ria"},"content":{"rendered":"<p style=\"text-align: justify;\">Revitaliza\u00e7\u00e3o ao custo de R$ 1,025 milh\u00e3o<\/p>\n<p style=\"text-align: justify;\">A 1\u00aa etapa da revitaliza\u00e7\u00e3o do Mercado do Bosque &#8220;\u00c1lvaro Rocha&#8221;, ser\u00e1 inaugurado ainda na tarde desta sexta-feira (20). O espa\u00e7o recebeu investimentos para modernizar as suas instala\u00e7\u00f5es, incluindo melhorias no piso, telhado e fachada, sem perder os detalhes tradicionais tendo em vista que o local que completa este ano, 50 anos de exist\u00eancia.<\/p>\n<p style=\"text-align: justify;\">Quem frequenta o lugar h\u00e1 bastante tempo disse que a obra deu uma cara nova ao mercado. A aposentada Ant\u00f4nia da Costa disse ter passado algumas vezes pelo mercado, mas n\u00e3o frequentava o espa\u00e7o regularmente, pela falta de organiza\u00e7\u00e3o, \u201cagora t\u00e1 bem organizado, limpinho o atendimento, t\u00e1 tudo bom. Aqui era muito desagrad\u00e1vel, muito desorganizado. Agora pretendo voltar mais vezes\u201d.<\/p>\n<p style=\"text-align: justify;\">J\u00e1 Chinel, como gosta de ser chamado \u00e9 velho conhecido dos comerciantes do Mercado, ele frequenta o lugar h\u00e1 12 anos e sabe bem como era a realidade do lugar. \u201cAgora at\u00e9 melhor, antes tinha muito inseto, essas coisas. Era muito feio. Agora ficou bacana\u201d.<\/p>\n<p style=\"text-align: justify;\">E o espa\u00e7o melhorou n\u00e3o apenas para os frequentadores, mas tamb\u00e9m para quem trabalha no local. Sebastiana Filinto \u00e9 microempres\u00e1ria desde 1991 no Mercado do Bosque. Quando chegamos a sua lojinha ela ainda organizava os produtos para receber os clientes, \u201cum ambiente muito bom, nosso mercado ficou muito bonito, agora agente tem muito que zelar pra n\u00e3o ficar feio que nem era antes\u201d.<\/p>\n<p style=\"text-align: justify;\">Maria Lucirene Nobre trabalha no mercado h\u00e1 12 anos e lembra como era a situa\u00e7\u00e3o no lugar. \u201cEra feio, muito feio. Agora a gente atende com gosto, antes a gente ficava meio constrangido, porque as pessoas pagam pra comer num ambiente bom, limpinho. E antes as pessoas reclamavam dizendo: voc\u00eas tem que ir atr\u00e1s de reivindicar. Mas n\u00f3s esperamos. Pra qu\u00ea fazer baixaria, se j\u00e1 vendemos baixaria aqui?\u201d, disse, cheia de bom humor.<\/p>\n","protected":false},"excerpt":{"rendered":"<p style=\"text-align: justify;\">Revitaliza\u00e7\u00e3o ao custo de R$ 1,025 milh\u00e3o<\/p>\n","protected":false},"author":4,"featured_media":22859,"comment_status":"open","ping_status":"open","sticky":false,"template":"","format":"standard","meta":{"jnews-multi-image_gallery":[],"jnews_single_post":[],"jnews_primary_category":[],"jnews_social_meta":[],"jnews_review":[],"enable_review":"","type":"","name":"","summary":"","brand":"","sku":"","good":[],"bad":[],"score_override":"","override_value":"","rating":[],"price":[],"footnotes":""},"categories":[54],"tags":[],"class_list":["post-22860","post","type-post","status-publish","format-standard","has-post-thumbnail","hentry","category-cotidiano"],"yoast_head":"<!-- This site is optimized with the Yoast SEO plugin v26.5 - https:\/\/yoast.com\/wordpress\/plugins\/seo\/ -->\n<title>Mercado do Bosque: 50 anos de hist\u00f3ria - Agazeta.net<\/title>\n<meta name=\"robots\" content=\"index, follow, max-snippet:-1, max-image-preview:large, max-video-preview:-1\" \/>\n<link rel=\"canonical\" href=\"https:\/\/nk7-testes.com.br\/agazeta\/mercado-do-bosque-50-anos-de-historia\/\" \/>\n<meta property=\"og:locale\" content=\"pt_BR\" \/>\n<meta property=\"og:type\" content=\"article\" \/>\n<meta property=\"og:title\" content=\"Mercado do Bosque: 50 anos de hist\u00f3ria - Agazeta.net\" \/>\n<meta property=\"og:description\" content=\"Revitaliza\u00e7\u00e3o ao custo de R$ 1,025 milh\u00e3o\" \/>\n<meta property=\"og:url\" content=\"https:\/\/nk7-testes.com.br\/agazeta\/mercado-do-bosque-50-anos-de-historia\/\" \/>\n<meta property=\"og:site_name\" content=\"Agazeta.net\" \/>\n<meta property=\"article:published_time\" content=\"2016-05-20T20:02:51+00:00\" \/>\n<meta property=\"og:image\" content=\"https:\/\/nk7-testes.com.br\/agazeta\/wp-content\/uploads\/2016\/05\/200516-cotidiano-mercadodobosque-taianelima.jpg\" \/>\n\t<meta property=\"og:image:width\" content=\"458\" \/>\n\t<meta property=\"og:image:height\" content=\"340\" \/>\n\t<meta property=\"og:image:type\" content=\"image\/jpeg\" \/>\n<meta name=\"author\" content=\"Agazeta.Net\" \/>\n<meta name=\"twitter:card\" content=\"summary_large_image\" \/>\n<meta name=\"twitter:label1\" content=\"Escrito por\" \/>\n\t<meta name=\"twitter:data1\" content=\"Agazeta.Net\" \/>\n\t<meta name=\"twitter:label2\" content=\"Est. tempo de leitura\" \/>\n\t<meta name=\"twitter:data2\" content=\"2 minutos\" \/>\n<script type=\"application\/ld+json\" class=\"yoast-schema-graph\">{\"@context\":\"https:\/\/schema.org\",\"@graph\":[{\"@type\":\"WebPage\",\"@id\":\"https:\/\/nk7-testes.com.br\/agazeta\/mercado-do-bosque-50-anos-de-historia\/\",\"url\":\"https:\/\/nk7-testes.com.br\/agazeta\/mercado-do-bosque-50-anos-de-historia\/\",\"name\":\"Mercado do Bosque: 50 anos de hist\u00f3ria - Agazeta.net\",\"isPartOf\":{\"@id\":\"https:\/\/nk7-testes.com.br\/agazeta\/#website\"},\"primaryImageOfPage\":{\"@id\":\"https:\/\/nk7-testes.com.br\/agazeta\/mercado-do-bosque-50-anos-de-historia\/#primaryimage\"},\"image\":{\"@id\":\"https:\/\/nk7-testes.com.br\/agazeta\/mercado-do-bosque-50-anos-de-historia\/#primaryimage\"},\"thumbnailUrl\":\"https:\/\/nk7-testes.com.br\/agazeta\/wp-content\/uploads\/2016\/05\/200516-cotidiano-mercadodobosque-taianelima.jpg\",\"datePublished\":\"2016-05-20T20:02:51+00:00\",\"author\":{\"@id\":\"https:\/\/nk7-testes.com.br\/agazeta\/#\/schema\/person\/6d6e25cb0435eb4a02fd44d30b4e3020\"},\"breadcrumb\":{\"@id\":\"https:\/\/nk7-testes.com.br\/agazeta\/mercado-do-bosque-50-anos-de-historia\/#breadcrumb\"},\"inLanguage\":\"pt-BR\",\"potentialAction\":[{\"@type\":\"ReadAction\",\"target\":[\"https:\/\/nk7-testes.com.br\/agazeta\/mercado-do-bosque-50-anos-de-historia\/\"]}]},{\"@type\":\"ImageObject\",\"inLanguage\":\"pt-BR\",\"@id\":\"https:\/\/nk7-testes.com.br\/agazeta\/mercado-do-bosque-50-anos-de-historia\/#primaryimage\",\"url\":\"https:\/\/nk7-testes.com.br\/agazeta\/wp-content\/uploads\/2016\/05\/200516-cotidiano-mercadodobosque-taianelima.jpg\",\"contentUrl\":\"https:\/\/nk7-testes.com.br\/agazeta\/wp-content\/uploads\/2016\/05\/200516-cotidiano-mercadodobosque-taianelima.jpg\",\"width\":458,\"height\":340,\"caption\":\"200516-cotidiano-mercadodobosque-taianelima\"},{\"@type\":\"BreadcrumbList\",\"@id\":\"https:\/\/nk7-testes.com.br\/agazeta\/mercado-do-bosque-50-anos-de-historia\/#breadcrumb\",\"itemListElement\":[{\"@type\":\"ListItem\",\"position\":1,\"name\":\"In\u00edcio\",\"item\":\"https:\/\/nk7-testes.com.br\/agazeta\/\"},{\"@type\":\"ListItem\",\"position\":2,\"name\":\"Mercado do Bosque: 50 anos de hist\u00f3ria\"}]},{\"@type\":\"WebSite\",\"@id\":\"https:\/\/nk7-testes.com.br\/agazeta\/#website\",\"url\":\"https:\/\/nk7-testes.com.br\/agazeta\/\",\"name\":\"Agazeta.net\",\"description\":\"Agazeta.net - Not\u00edcias de Rio Branco\/AC\",\"potentialAction\":[{\"@type\":\"SearchAction\",\"target\":{\"@type\":\"EntryPoint\",\"urlTemplate\":\"https:\/\/nk7-testes.com.br\/agazeta\/?s={search_term_string}\"},\"query-input\":{\"@type\":\"PropertyValueSpecification\",\"valueRequired\":true,\"valueName\":\"search_term_string\"}}],\"inLanguage\":\"pt-BR\"},{\"@type\":\"Person\",\"@id\":\"https:\/\/nk7-testes.com.br\/agazeta\/#\/schema\/person\/6d6e25cb0435eb4a02fd44d30b4e3020\",\"name\":\"Agazeta.Net\",\"url\":\"https:\/\/nk7-testes.com.br\/agazeta\/author\/agazeta\/\"}]}<\/script>\n<!-- \/ Yoast SEO plugin. -->","yoast_head_json":{"title":"Mercado do Bosque: 50 anos de hist\u00f3ria - Agazeta.net","robots":{"index":"index","follow":"follow","max-snippet":"max-snippet:-1","max-image-preview":"max-image-preview:large","max-video-preview":"max-video-preview:-1"},"canonical":"https:\/\/nk7-testes.com.br\/agazeta\/mercado-do-bosque-50-anos-de-historia\/","og_locale":"pt_BR","og_type":"article","og_title":"Mercado do Bosque: 50 anos de hist\u00f3ria - Agazeta.net","og_description":"Revitaliza\u00e7\u00e3o ao custo de R$ 1,025 milh\u00e3o","og_url":"https:\/\/nk7-testes.com.br\/agazeta\/mercado-do-bosque-50-anos-de-historia\/","og_site_name":"Agazeta.net","article_published_time":"2016-05-20T20:02:51+00:00","og_image":[{"width":458,"height":340,"url":"https:\/\/nk7-testes.com.br\/agazeta\/wp-content\/uploads\/2016\/05\/200516-cotidiano-mercadodobosque-taianelima.jpg","type":"image\/jpeg"}],"author":"Agazeta.Net","twitter_card":"summary_large_image","twitter_misc":{"Escrito por":"Agazeta.Net","Est. tempo de leitura":"2 minutos"},"schema":{"@context":"https:\/\/schema.org","@graph":[{"@type":"WebPage","@id":"https:\/\/nk7-testes.com.br\/agazeta\/mercado-do-bosque-50-anos-de-historia\/","url":"https:\/\/nk7-testes.com.br\/agazeta\/mercado-do-bosque-50-anos-de-historia\/","name":"Mercado do Bosque: 50 anos de hist\u00f3ria - Agazeta.net","isPartOf":{"@id":"https:\/\/nk7-testes.com.br\/agazeta\/#website"},"primaryImageOfPage":{"@id":"https:\/\/nk7-testes.com.br\/agazeta\/mercado-do-bosque-50-anos-de-historia\/#primaryimage"},"image":{"@id":"https:\/\/nk7-testes.com.br\/agazeta\/mercado-do-bosque-50-anos-de-historia\/#primaryimage"},"thumbnailUrl":"https:\/\/nk7-testes.com.br\/agazeta\/wp-content\/uploads\/2016\/05\/200516-cotidiano-mercadodobosque-taianelima.jpg","datePublished":"2016-05-20T20:02:51+00:00","author":{"@id":"https:\/\/nk7-testes.com.br\/agazeta\/#\/schema\/person\/6d6e25cb0435eb4a02fd44d30b4e3020"},"breadcrumb":{"@id":"https:\/\/nk7-testes.com.br\/agazeta\/mercado-do-bosque-50-anos-de-historia\/#breadcrumb"},"inLanguage":"pt-BR","potentialAction":[{"@type":"ReadAction","target":["https:\/\/nk7-testes.com.br\/agazeta\/mercado-do-bosque-50-anos-de-historia\/"]}]},{"@type":"ImageObject","inLanguage":"pt-BR","@id":"https:\/\/nk7-testes.com.br\/agazeta\/mercado-do-bosque-50-anos-de-historia\/#primaryimage","url":"https:\/\/nk7-testes.com.br\/agazeta\/wp-content\/uploads\/2016\/05\/200516-cotidiano-mercadodobosque-taianelima.jpg","contentUrl":"https:\/\/nk7-testes.com.br\/agazeta\/wp-content\/uploads\/2016\/05\/200516-cotidiano-mercadodobosque-taianelima.jpg","width":458,"height":340,"caption":"200516-cotidiano-mercadodobosque-taianelima"},{"@type":"BreadcrumbList","@id":"https:\/\/nk7-testes.com.br\/agazeta\/mercado-do-bosque-50-anos-de-historia\/#breadcrumb","itemListElement":[{"@type":"ListItem","position":1,"name":"In\u00edcio","item":"https:\/\/nk7-testes.com.br\/agazeta\/"},{"@type":"ListItem","position":2,"name":"Mercado do Bosque: 50 anos de hist\u00f3ria"}]},{"@type":"WebSite","@id":"https:\/\/nk7-testes.com.br\/agazeta\/#website","url":"https:\/\/nk7-testes.com.br\/agazeta\/","name":"Agazeta.net","description":"Agazeta.net - Not\u00edcias de Rio Branco\/AC","potentialAction":[{"@type":"SearchAction","target":{"@type":"EntryPoint","urlTemplate":"https:\/\/nk7-testes.com.br\/agazeta\/?s={search_term_string}"},"query-input":{"@type":"PropertyValueSpecification","valueRequired":true,"valueName":"search_term_string"}}],"inLanguage":"pt-BR"},{"@type":"Person","@id":"https:\/\/nk7-testes.com.br\/agazeta\/#\/schema\/person\/6d6e25cb0435eb4a02fd44d30b4e3020","name":"Agazeta.Net","url":"https:\/\/nk7-testes.com.br\/agazeta\/author\/agazeta\/"}]}},"_links":{"self":[{"href":"https:\/\/nk7-testes.com.br\/agazeta\/wp-json\/wp\/v2\/posts\/22860","targetHints":{"allow":["GET"]}}],"collection":[{"href":"https:\/\/nk7-testes.com.br\/agazeta\/wp-json\/wp\/v2\/posts"}],"about":[{"href":"https:\/\/nk7-testes.com.br\/agazeta\/wp-json\/wp\/v2\/types\/post"}],"author":[{"embeddable":true,"href":"https:\/\/nk7-testes.com.br\/agazeta\/wp-json\/wp\/v2\/users\/4"}],"replies":[{"embeddable":true,"href":"https:\/\/nk7-testes.com.br\/agazeta\/wp-json\/wp\/v2\/comments?post=22860"}],"version-history":[{"count":0,"href":"https:\/\/nk7-testes.com.br\/agazeta\/wp-json\/wp\/v2\/posts\/22860\/revisions"}],"wp:featuredmedia":[{"embeddable":true,"href":"https:\/\/nk7-testes.com.br\/agazeta\/wp-json\/wp\/v2\/media\/22859"}],"wp:attachment":[{"href":"https:\/\/nk7-testes.com.br\/agazeta\/wp-json\/wp\/v2\/media?parent=22860"}],"wp:term":[{"taxonomy":"category","embeddable":true,"href":"https:\/\/nk7-testes.com.br\/agazeta\/wp-json\/wp\/v2\/categories?post=22860"},{"taxonomy":"post_tag","embeddable":true,"href":"https:\/\/nk7-testes.com.br\/agazeta\/wp-json\/wp\/v2\/tags?post=22860"}],"curies":[{"name":"wp","href":"https:\/\/api.w.org\/{rel}","templated":true}]}}