{"id":22857,"date":"2016-05-20T19:34:52","date_gmt":"2016-05-20T19:34:52","guid":{"rendered":"https:\/\/abarevegan.com.br\/index.php\/2016\/05\/20\/mais-uma-morte-de-crianca-na-maternidade-publica\/"},"modified":"2016-05-20T19:34:52","modified_gmt":"2016-05-20T19:34:52","slug":"mais-uma-morte-de-crianca-na-maternidade-publica","status":"publish","type":"post","link":"https:\/\/nk7-testes.com.br\/agazeta\/mais-uma-morte-de-crianca-na-maternidade-publica\/","title":{"rendered":"Mais uma morte de crian\u00e7a na maternidade p\u00fablica"},"content":{"rendered":"<p style=\"text-align: justify;\">Fam\u00edlia alega que houve demora no atendimento<\/p>\n<p style=\"text-align: justify;\">O agricultor Francimar Silva de Jesus, 32, esperava pela chegada de Iana Ferreira de Jesus, aquela que seria a primeira filha. Mas, o sonho de ter nos bra\u00e7os o primeiro filho, hoje se tornou pesadelo.<\/p>\n<p style=\"text-align: justify;\">A fam\u00edlia mora no munic\u00edpio de Capixaba e estava em Rio Branco h\u00e1 duas semanas, a espera da pequena Iana. De acordo com Antonia Pereira Chaves, irm\u00e3 de Francimar que acompanhava a esposa dele, Elica da Silva Ferreira, 22, a jovem teria sido levada a Maternidade B\u00e1rbara Heliodora ainda na segunda-feira (16) sentindo muitas dores, mas o m\u00e9dico que a atendeu disse que n\u00e3o havia nenhum problema e que ela retornasse para casa.<\/p>\n<p style=\"text-align: justify;\">\u201cEla fez a ultrassom, fez outros exames, e quando a gente apresentou pro m\u00e9dico ele falou que n\u00e3o era paciente dele e mandou ela pra casa dizendo que estava tudo bem\u201d.<\/p>\n<p style=\"text-align: justify;\">J\u00e1 nesta quinta-feira (19), Elica foi novamente levada \u00e0 Maternidade B\u00e1rbara Heliodora com muita dor de cabe\u00e7a. De acordo com a fam\u00edlia da jovem, ela teria chegado ao local por volta das 20h e s\u00f3 fez a ces\u00e1rea por volta das 22h. A crian\u00e7a nasceu ainda com vida mas, minutos depois, morreu.<\/p>\n<p style=\"text-align: justify;\">\u201cEu acho isso uma falta de responsabilidade porque as ultrassons todas pediam que o parto fosse no dia 17, ela veio um dia antes e mandaram ela ir embora. Eles disseram que ela s\u00f3 ia ganhar no fim do m\u00eas ou in\u00edcio de junho. A\u00ed ela retornou depois, demoraram a tirar a crian\u00e7a e ela n\u00e3o resistiu. Minha primeira filha, infelizmente&#8230;\u201d, revoltou-se Francimar, aos prantos.<\/p>\n<p style=\"text-align: justify;\">O advogado da fam\u00edlia, Neutel Soares, que acompanha de perto o caso, disse que vai entrar com a\u00e7\u00e3o para que seja apurado se houve neglig\u00eancia m\u00e9dica. \u201cA gente vem acompanhando essas situa\u00e7\u00f5es na maternidade e jamais espera que uma pessoa pr\u00f3xima a gente passe por essa situa\u00e7\u00e3o. Mas, vamos tomar provid\u00eancia, entrar com uma representa\u00e7\u00e3o no Minist\u00e9rio P\u00fablico, vamos fazer um boletim de ocorr\u00eancia, para que sejam tomadas provid\u00eancias\u201d.<\/p>\n<p style=\"text-align: justify;\">A declara\u00e7\u00e3o de \u00f3bito do beb\u00ea atesta que a crian\u00e7a faleceu \u00e0s 22h35min, por hemorragia pulmonar, hipertens\u00e3o pulmonar, aspira\u00e7\u00e3o neonatal de mec\u00f4nio e hipertens\u00e3o materna gestacional.<\/p>\n<p style=\"text-align: justify;\">Ainda muito abalado com a situa\u00e7\u00e3o, Francimar exige que medidas sejam tomadas para que casos como esse n\u00e3o venham a acontecer novamente. \u201cO que eu tenho a desejar \u00e9 que isso n\u00e3o aconte\u00e7a com outra fam\u00edlia. A gente est\u00e1 esperando um fruto de felicidade e acaba numa tristeza dessa. \u00c9 muito dif\u00edcil\u201d.<\/p>\n<p style=\"text-align: justify;\"><strong>Reposta da Dire\u00e7\u00e3o<\/strong><\/p>\n<p style=\"text-align: justify;\">A Diretora do Sasmc (Sistema Assistencial da Sa\u00fade da Mulher e da Crian\u00e7a), Rossana de Oliveira, disse que haver\u00e1 abertura de sindic\u00e2ncia e processo administrativo para apurar o caso.<\/p>\n<p style=\"text-align: justify;\">\u201cTodos os casos que ocorrem de \u00f3bito que \u00e9 suspeito de neglig\u00eancia, quando se acredita que possa ter ocorrido algo irregular, \u00e9 apurado. Todos os \u00f3bitos t\u00eam a causa morte, seja por conta de patologias da m\u00e3e ou do beb\u00ea. Nesse caso, vamos ter acesso aos prontu\u00e1rios, a toda documenta\u00e7\u00e3o, boletins emergenciais, tudo ser\u00e1 apurado. Todos os profissionais que atenderam essa paciente ser\u00e3o ouvidos\u201d.<\/p>\n","protected":false},"excerpt":{"rendered":"<p style=\"text-align: justify;\">Fam\u00edlia alega que houve demora no atendimento<\/p>\n","protected":false},"author":4,"featured_media":22856,"comment_status":"open","ping_status":"open","sticky":false,"template":"","format":"standard","meta":{"jnews-multi-image_gallery":[],"jnews_single_post":[],"jnews_primary_category":[],"jnews_social_meta":[],"jnews_review":[],"enable_review":"","type":"","name":"","summary":"","brand":"","sku":"","good":[],"bad":[],"score_override":"","override_value":"","rating":[],"price":[],"footnotes":""},"categories":[54],"tags":[],"class_list":["post-22857","post","type-post","status-publish","format-standard","has-post-thumbnail","hentry","category-cotidiano"],"yoast_head":"<!-- This site is optimized with the Yoast SEO plugin v26.5 - https:\/\/yoast.com\/wordpress\/plugins\/seo\/ -->\n<title>Mais uma morte de crian\u00e7a na maternidade p\u00fablica - Agazeta.net<\/title>\n<meta name=\"robots\" content=\"index, follow, max-snippet:-1, max-image-preview:large, max-video-preview:-1\" \/>\n<link rel=\"canonical\" href=\"https:\/\/nk7-testes.com.br\/agazeta\/mais-uma-morte-de-crianca-na-maternidade-publica\/\" \/>\n<meta property=\"og:locale\" content=\"pt_BR\" \/>\n<meta property=\"og:type\" content=\"article\" \/>\n<meta property=\"og:title\" content=\"Mais uma morte de crian\u00e7a na maternidade p\u00fablica - Agazeta.net\" \/>\n<meta property=\"og:description\" content=\"Fam\u00edlia alega que houve demora no atendimento\" \/>\n<meta property=\"og:url\" content=\"https:\/\/nk7-testes.com.br\/agazeta\/mais-uma-morte-de-crianca-na-maternidade-publica\/\" \/>\n<meta property=\"og:site_name\" content=\"Agazeta.net\" \/>\n<meta property=\"article:published_time\" content=\"2016-05-20T19:34:52+00:00\" \/>\n<meta property=\"og:image\" content=\"https:\/\/nk7-testes.com.br\/agazeta\/wp-content\/uploads\/2016\/05\/200516-cotidiano-saudedopovo-taianelima2.jpg\" \/>\n\t<meta property=\"og:image:width\" content=\"458\" \/>\n\t<meta property=\"og:image:height\" content=\"340\" \/>\n\t<meta property=\"og:image:type\" content=\"image\/jpeg\" \/>\n<meta name=\"author\" content=\"Agazeta.Net\" \/>\n<meta name=\"twitter:card\" content=\"summary_large_image\" \/>\n<meta name=\"twitter:label1\" content=\"Escrito por\" \/>\n\t<meta name=\"twitter:data1\" content=\"Agazeta.Net\" \/>\n\t<meta name=\"twitter:label2\" content=\"Est. tempo de leitura\" \/>\n\t<meta name=\"twitter:data2\" content=\"3 minutos\" \/>\n<script type=\"application\/ld+json\" class=\"yoast-schema-graph\">{\"@context\":\"https:\/\/schema.org\",\"@graph\":[{\"@type\":\"WebPage\",\"@id\":\"https:\/\/nk7-testes.com.br\/agazeta\/mais-uma-morte-de-crianca-na-maternidade-publica\/\",\"url\":\"https:\/\/nk7-testes.com.br\/agazeta\/mais-uma-morte-de-crianca-na-maternidade-publica\/\",\"name\":\"Mais uma morte de crian\u00e7a na maternidade p\u00fablica - Agazeta.net\",\"isPartOf\":{\"@id\":\"https:\/\/nk7-testes.com.br\/agazeta\/#website\"},\"primaryImageOfPage\":{\"@id\":\"https:\/\/nk7-testes.com.br\/agazeta\/mais-uma-morte-de-crianca-na-maternidade-publica\/#primaryimage\"},\"image\":{\"@id\":\"https:\/\/nk7-testes.com.br\/agazeta\/mais-uma-morte-de-crianca-na-maternidade-publica\/#primaryimage\"},\"thumbnailUrl\":\"https:\/\/nk7-testes.com.br\/agazeta\/wp-content\/uploads\/2016\/05\/200516-cotidiano-saudedopovo-taianelima2.jpg\",\"datePublished\":\"2016-05-20T19:34:52+00:00\",\"author\":{\"@id\":\"https:\/\/nk7-testes.com.br\/agazeta\/#\/schema\/person\/6d6e25cb0435eb4a02fd44d30b4e3020\"},\"breadcrumb\":{\"@id\":\"https:\/\/nk7-testes.com.br\/agazeta\/mais-uma-morte-de-crianca-na-maternidade-publica\/#breadcrumb\"},\"inLanguage\":\"pt-BR\",\"potentialAction\":[{\"@type\":\"ReadAction\",\"target\":[\"https:\/\/nk7-testes.com.br\/agazeta\/mais-uma-morte-de-crianca-na-maternidade-publica\/\"]}]},{\"@type\":\"ImageObject\",\"inLanguage\":\"pt-BR\",\"@id\":\"https:\/\/nk7-testes.com.br\/agazeta\/mais-uma-morte-de-crianca-na-maternidade-publica\/#primaryimage\",\"url\":\"https:\/\/nk7-testes.com.br\/agazeta\/wp-content\/uploads\/2016\/05\/200516-cotidiano-saudedopovo-taianelima2.jpg\",\"contentUrl\":\"https:\/\/nk7-testes.com.br\/agazeta\/wp-content\/uploads\/2016\/05\/200516-cotidiano-saudedopovo-taianelima2.jpg\",\"width\":458,\"height\":340,\"caption\":\"200516-cotidiano-saudedopovo-taianelima2\"},{\"@type\":\"BreadcrumbList\",\"@id\":\"https:\/\/nk7-testes.com.br\/agazeta\/mais-uma-morte-de-crianca-na-maternidade-publica\/#breadcrumb\",\"itemListElement\":[{\"@type\":\"ListItem\",\"position\":1,\"name\":\"In\u00edcio\",\"item\":\"https:\/\/nk7-testes.com.br\/agazeta\/\"},{\"@type\":\"ListItem\",\"position\":2,\"name\":\"Mais uma morte de crian\u00e7a na maternidade p\u00fablica\"}]},{\"@type\":\"WebSite\",\"@id\":\"https:\/\/nk7-testes.com.br\/agazeta\/#website\",\"url\":\"https:\/\/nk7-testes.com.br\/agazeta\/\",\"name\":\"Agazeta.net\",\"description\":\"Agazeta.net - Not\u00edcias de Rio Branco\/AC\",\"potentialAction\":[{\"@type\":\"SearchAction\",\"target\":{\"@type\":\"EntryPoint\",\"urlTemplate\":\"https:\/\/nk7-testes.com.br\/agazeta\/?s={search_term_string}\"},\"query-input\":{\"@type\":\"PropertyValueSpecification\",\"valueRequired\":true,\"valueName\":\"search_term_string\"}}],\"inLanguage\":\"pt-BR\"},{\"@type\":\"Person\",\"@id\":\"https:\/\/nk7-testes.com.br\/agazeta\/#\/schema\/person\/6d6e25cb0435eb4a02fd44d30b4e3020\",\"name\":\"Agazeta.Net\",\"url\":\"https:\/\/nk7-testes.com.br\/agazeta\/author\/agazeta\/\"}]}<\/script>\n<!-- \/ Yoast SEO plugin. -->","yoast_head_json":{"title":"Mais uma morte de crian\u00e7a na maternidade p\u00fablica - Agazeta.net","robots":{"index":"index","follow":"follow","max-snippet":"max-snippet:-1","max-image-preview":"max-image-preview:large","max-video-preview":"max-video-preview:-1"},"canonical":"https:\/\/nk7-testes.com.br\/agazeta\/mais-uma-morte-de-crianca-na-maternidade-publica\/","og_locale":"pt_BR","og_type":"article","og_title":"Mais uma morte de crian\u00e7a na maternidade p\u00fablica - Agazeta.net","og_description":"Fam\u00edlia alega que houve demora no atendimento","og_url":"https:\/\/nk7-testes.com.br\/agazeta\/mais-uma-morte-de-crianca-na-maternidade-publica\/","og_site_name":"Agazeta.net","article_published_time":"2016-05-20T19:34:52+00:00","og_image":[{"width":458,"height":340,"url":"https:\/\/nk7-testes.com.br\/agazeta\/wp-content\/uploads\/2016\/05\/200516-cotidiano-saudedopovo-taianelima2.jpg","type":"image\/jpeg"}],"author":"Agazeta.Net","twitter_card":"summary_large_image","twitter_misc":{"Escrito por":"Agazeta.Net","Est. tempo de leitura":"3 minutos"},"schema":{"@context":"https:\/\/schema.org","@graph":[{"@type":"WebPage","@id":"https:\/\/nk7-testes.com.br\/agazeta\/mais-uma-morte-de-crianca-na-maternidade-publica\/","url":"https:\/\/nk7-testes.com.br\/agazeta\/mais-uma-morte-de-crianca-na-maternidade-publica\/","name":"Mais uma morte de crian\u00e7a na maternidade p\u00fablica - Agazeta.net","isPartOf":{"@id":"https:\/\/nk7-testes.com.br\/agazeta\/#website"},"primaryImageOfPage":{"@id":"https:\/\/nk7-testes.com.br\/agazeta\/mais-uma-morte-de-crianca-na-maternidade-publica\/#primaryimage"},"image":{"@id":"https:\/\/nk7-testes.com.br\/agazeta\/mais-uma-morte-de-crianca-na-maternidade-publica\/#primaryimage"},"thumbnailUrl":"https:\/\/nk7-testes.com.br\/agazeta\/wp-content\/uploads\/2016\/05\/200516-cotidiano-saudedopovo-taianelima2.jpg","datePublished":"2016-05-20T19:34:52+00:00","author":{"@id":"https:\/\/nk7-testes.com.br\/agazeta\/#\/schema\/person\/6d6e25cb0435eb4a02fd44d30b4e3020"},"breadcrumb":{"@id":"https:\/\/nk7-testes.com.br\/agazeta\/mais-uma-morte-de-crianca-na-maternidade-publica\/#breadcrumb"},"inLanguage":"pt-BR","potentialAction":[{"@type":"ReadAction","target":["https:\/\/nk7-testes.com.br\/agazeta\/mais-uma-morte-de-crianca-na-maternidade-publica\/"]}]},{"@type":"ImageObject","inLanguage":"pt-BR","@id":"https:\/\/nk7-testes.com.br\/agazeta\/mais-uma-morte-de-crianca-na-maternidade-publica\/#primaryimage","url":"https:\/\/nk7-testes.com.br\/agazeta\/wp-content\/uploads\/2016\/05\/200516-cotidiano-saudedopovo-taianelima2.jpg","contentUrl":"https:\/\/nk7-testes.com.br\/agazeta\/wp-content\/uploads\/2016\/05\/200516-cotidiano-saudedopovo-taianelima2.jpg","width":458,"height":340,"caption":"200516-cotidiano-saudedopovo-taianelima2"},{"@type":"BreadcrumbList","@id":"https:\/\/nk7-testes.com.br\/agazeta\/mais-uma-morte-de-crianca-na-maternidade-publica\/#breadcrumb","itemListElement":[{"@type":"ListItem","position":1,"name":"In\u00edcio","item":"https:\/\/nk7-testes.com.br\/agazeta\/"},{"@type":"ListItem","position":2,"name":"Mais uma morte de crian\u00e7a na maternidade p\u00fablica"}]},{"@type":"WebSite","@id":"https:\/\/nk7-testes.com.br\/agazeta\/#website","url":"https:\/\/nk7-testes.com.br\/agazeta\/","name":"Agazeta.net","description":"Agazeta.net - Not\u00edcias de Rio Branco\/AC","potentialAction":[{"@type":"SearchAction","target":{"@type":"EntryPoint","urlTemplate":"https:\/\/nk7-testes.com.br\/agazeta\/?s={search_term_string}"},"query-input":{"@type":"PropertyValueSpecification","valueRequired":true,"valueName":"search_term_string"}}],"inLanguage":"pt-BR"},{"@type":"Person","@id":"https:\/\/nk7-testes.com.br\/agazeta\/#\/schema\/person\/6d6e25cb0435eb4a02fd44d30b4e3020","name":"Agazeta.Net","url":"https:\/\/nk7-testes.com.br\/agazeta\/author\/agazeta\/"}]}},"_links":{"self":[{"href":"https:\/\/nk7-testes.com.br\/agazeta\/wp-json\/wp\/v2\/posts\/22857","targetHints":{"allow":["GET"]}}],"collection":[{"href":"https:\/\/nk7-testes.com.br\/agazeta\/wp-json\/wp\/v2\/posts"}],"about":[{"href":"https:\/\/nk7-testes.com.br\/agazeta\/wp-json\/wp\/v2\/types\/post"}],"author":[{"embeddable":true,"href":"https:\/\/nk7-testes.com.br\/agazeta\/wp-json\/wp\/v2\/users\/4"}],"replies":[{"embeddable":true,"href":"https:\/\/nk7-testes.com.br\/agazeta\/wp-json\/wp\/v2\/comments?post=22857"}],"version-history":[{"count":0,"href":"https:\/\/nk7-testes.com.br\/agazeta\/wp-json\/wp\/v2\/posts\/22857\/revisions"}],"wp:featuredmedia":[{"embeddable":true,"href":"https:\/\/nk7-testes.com.br\/agazeta\/wp-json\/wp\/v2\/media\/22856"}],"wp:attachment":[{"href":"https:\/\/nk7-testes.com.br\/agazeta\/wp-json\/wp\/v2\/media?parent=22857"}],"wp:term":[{"taxonomy":"category","embeddable":true,"href":"https:\/\/nk7-testes.com.br\/agazeta\/wp-json\/wp\/v2\/categories?post=22857"},{"taxonomy":"post_tag","embeddable":true,"href":"https:\/\/nk7-testes.com.br\/agazeta\/wp-json\/wp\/v2\/tags?post=22857"}],"curies":[{"name":"wp","href":"https:\/\/api.w.org\/{rel}","templated":true}]}}