{"id":22843,"date":"2016-05-19T21:15:19","date_gmt":"2016-05-19T21:15:19","guid":{"rendered":"https:\/\/abarevegan.com.br\/index.php\/2016\/05\/19\/escola-sera-desativada-no-seis-de-agosto\/"},"modified":"2016-05-19T21:15:19","modified_gmt":"2016-05-19T21:15:19","slug":"escola-sera-desativada-no-seis-de-agosto","status":"publish","type":"post","link":"https:\/\/nk7-testes.com.br\/agazeta\/escola-sera-desativada-no-seis-de-agosto\/","title":{"rendered":"Escola ser\u00e1 desativada no bairro Seis de Agosto"},"content":{"rendered":"<p style=\"text-align: justify;\">SEE n\u00e3o recuperou estrutura da escola ap\u00f3s alaga\u00e7\u00e3o<\/p>\n<p style=\"text-align: justify;\">Com o pr\u00e9dio comprometido com a cheia do ano passado, a Escola Reinaldo Pereira da Silva no bairro Seis de Agosto ser\u00e1 desativada. Desde o m\u00eas de janeiro est\u00e3o trabalhando apenas tr\u00eas servidores administrativos, um da limpeza e o diretor.<\/p>\n<p style=\"text-align: justify;\">O grupo, que se abriga em uma das salas, ficou apenas para preparar os documentos dos alunos que est\u00e3o sendo transferidos para outras escolas.<\/p>\n<p style=\"text-align: justify;\">As \u00e1guas do rio acabaram com as salas de aula, os m\u00f3veis, trof\u00e9us, materiais esportivos e at\u00e9 o arquivo da escola. Numa das salas, nossa equipe encontrou v\u00e1rios viol\u00f5es, que est\u00e3o em perfeito estado de uso, mas, como n\u00e3o houve zelo, com o que sobrou depois da alaga\u00e7\u00e3o, est\u00e3o jogados.<\/p>\n<p style=\"text-align: justify;\">O diretor da escola, Ant\u00f4nio Jos\u00e9 Morais, disse que, por enquanto, o pr\u00e9dio n\u00e3o est\u00e1 abandonado. No hor\u00e1rio da manh\u00e3, ainda ficam os servidores e o pessoal da limpeza. Outra escola, com o mesmo nome, est\u00e1 sendo constru\u00edda no residencial Santo Afonso, e deve ficar pronta em junho.<\/p>\n<p style=\"text-align: justify;\">O medo do diretor \u00e9 quando ele tiver que sair do pr\u00e9dio, os v\u00e2ndalos podem levar o que sobrou da velha escola. \u201cQuando a outra escola estiver pronta eu vou ter que sair e n\u00e3o sei o que ser\u00e1 desse im\u00f3vel. A Secretaria de Estado de Educa\u00e7\u00e3o j\u00e1 deveria ter tomado provid\u00eancias para enviar o material e equipamentos que sobraram para outras escolas\u201d, relatou.<\/p>\n<p style=\"text-align: justify;\">A escola ainda mant\u00e9m a cozinha, as mesas onde era servida a merenda. As c\u00e2meras e sensores de seguran\u00e7a, ar condicionado e computadores ainda est\u00e3o instalados. Nos banheiros, est\u00e3o pias de m\u00e1rmore e em cima delas as roupas usadas pelos alunos da fanfarra nas apresenta\u00e7\u00f5es da escola.<\/p>\n<p style=\"text-align: justify;\">O diretor informou que j\u00e1 pediu \u00e0 Secretaria de Estado de Educa\u00e7\u00e3o que venha retirar os equipamentos, mas at\u00e9 agora ningu\u00e9m apareceu. E com isso os v\u00e2ndalos j\u00e1 come\u00e7aram a atacar. No \u00faltimo final de semana, o motor do ar condicionado da diretoria foi roubado. A escola Reinaldo Pereira comportava 400 alunos do Ensino Fundamental.<\/p>\n","protected":false},"excerpt":{"rendered":"<p style=\"text-align: justify;\">SEE n\u00e3o recuperou estrutura da escola ap\u00f3s alaga\u00e7\u00e3o<\/p>\n","protected":false},"author":4,"featured_media":22842,"comment_status":"open","ping_status":"open","sticky":false,"template":"","format":"standard","meta":{"jnews-multi-image_gallery":[],"jnews_single_post":[],"jnews_primary_category":[],"jnews_social_meta":[],"jnews_review":[],"enable_review":"","type":"","name":"","summary":"","brand":"","sku":"","good":[],"bad":[],"score_override":"","override_value":"","rating":[],"price":[],"footnotes":""},"categories":[54],"tags":[],"class_list":["post-22843","post","type-post","status-publish","format-standard","has-post-thumbnail","hentry","category-cotidiano"],"yoast_head":"<!-- This site is optimized with the Yoast SEO plugin v26.5 - https:\/\/yoast.com\/wordpress\/plugins\/seo\/ -->\n<title>Escola ser\u00e1 desativada no bairro Seis de Agosto - Agazeta.net<\/title>\n<meta name=\"robots\" content=\"index, follow, max-snippet:-1, max-image-preview:large, max-video-preview:-1\" \/>\n<link rel=\"canonical\" href=\"https:\/\/nk7-testes.com.br\/agazeta\/escola-sera-desativada-no-seis-de-agosto\/\" \/>\n<meta property=\"og:locale\" content=\"pt_BR\" \/>\n<meta property=\"og:type\" content=\"article\" \/>\n<meta property=\"og:title\" content=\"Escola ser\u00e1 desativada no bairro Seis de Agosto - Agazeta.net\" \/>\n<meta property=\"og:description\" content=\"SEE n\u00e3o recuperou estrutura da escola ap\u00f3s alaga\u00e7\u00e3o\" \/>\n<meta property=\"og:url\" content=\"https:\/\/nk7-testes.com.br\/agazeta\/escola-sera-desativada-no-seis-de-agosto\/\" \/>\n<meta property=\"og:site_name\" content=\"Agazeta.net\" \/>\n<meta property=\"article:published_time\" content=\"2016-05-19T21:15:19+00:00\" \/>\n<meta property=\"og:image\" content=\"https:\/\/nk7-testes.com.br\/agazeta\/wp-content\/uploads\/2016\/05\/190516-cotidiano-escolaabandonada-tvgazeta.jpg\" \/>\n\t<meta property=\"og:image:width\" content=\"458\" \/>\n\t<meta property=\"og:image:height\" content=\"340\" \/>\n\t<meta property=\"og:image:type\" content=\"image\/jpeg\" \/>\n<meta name=\"author\" content=\"Agazeta.Net\" \/>\n<meta name=\"twitter:card\" content=\"summary_large_image\" \/>\n<meta name=\"twitter:label1\" content=\"Escrito por\" \/>\n\t<meta name=\"twitter:data1\" content=\"Agazeta.Net\" \/>\n\t<meta name=\"twitter:label2\" content=\"Est. tempo de leitura\" \/>\n\t<meta name=\"twitter:data2\" content=\"2 minutos\" \/>\n<script type=\"application\/ld+json\" class=\"yoast-schema-graph\">{\"@context\":\"https:\/\/schema.org\",\"@graph\":[{\"@type\":\"WebPage\",\"@id\":\"https:\/\/nk7-testes.com.br\/agazeta\/escola-sera-desativada-no-seis-de-agosto\/\",\"url\":\"https:\/\/nk7-testes.com.br\/agazeta\/escola-sera-desativada-no-seis-de-agosto\/\",\"name\":\"Escola ser\u00e1 desativada no bairro Seis de Agosto - Agazeta.net\",\"isPartOf\":{\"@id\":\"https:\/\/nk7-testes.com.br\/agazeta\/#website\"},\"primaryImageOfPage\":{\"@id\":\"https:\/\/nk7-testes.com.br\/agazeta\/escola-sera-desativada-no-seis-de-agosto\/#primaryimage\"},\"image\":{\"@id\":\"https:\/\/nk7-testes.com.br\/agazeta\/escola-sera-desativada-no-seis-de-agosto\/#primaryimage\"},\"thumbnailUrl\":\"https:\/\/nk7-testes.com.br\/agazeta\/wp-content\/uploads\/2016\/05\/190516-cotidiano-escolaabandonada-tvgazeta.jpg\",\"datePublished\":\"2016-05-19T21:15:19+00:00\",\"author\":{\"@id\":\"https:\/\/nk7-testes.com.br\/agazeta\/#\/schema\/person\/6d6e25cb0435eb4a02fd44d30b4e3020\"},\"breadcrumb\":{\"@id\":\"https:\/\/nk7-testes.com.br\/agazeta\/escola-sera-desativada-no-seis-de-agosto\/#breadcrumb\"},\"inLanguage\":\"pt-BR\",\"potentialAction\":[{\"@type\":\"ReadAction\",\"target\":[\"https:\/\/nk7-testes.com.br\/agazeta\/escola-sera-desativada-no-seis-de-agosto\/\"]}]},{\"@type\":\"ImageObject\",\"inLanguage\":\"pt-BR\",\"@id\":\"https:\/\/nk7-testes.com.br\/agazeta\/escola-sera-desativada-no-seis-de-agosto\/#primaryimage\",\"url\":\"https:\/\/nk7-testes.com.br\/agazeta\/wp-content\/uploads\/2016\/05\/190516-cotidiano-escolaabandonada-tvgazeta.jpg\",\"contentUrl\":\"https:\/\/nk7-testes.com.br\/agazeta\/wp-content\/uploads\/2016\/05\/190516-cotidiano-escolaabandonada-tvgazeta.jpg\",\"width\":458,\"height\":340,\"caption\":\"190516-cotidiano-escolaabandonada-tvgazeta\"},{\"@type\":\"BreadcrumbList\",\"@id\":\"https:\/\/nk7-testes.com.br\/agazeta\/escola-sera-desativada-no-seis-de-agosto\/#breadcrumb\",\"itemListElement\":[{\"@type\":\"ListItem\",\"position\":1,\"name\":\"In\u00edcio\",\"item\":\"https:\/\/nk7-testes.com.br\/agazeta\/\"},{\"@type\":\"ListItem\",\"position\":2,\"name\":\"Escola ser\u00e1 desativada no bairro Seis de Agosto\"}]},{\"@type\":\"WebSite\",\"@id\":\"https:\/\/nk7-testes.com.br\/agazeta\/#website\",\"url\":\"https:\/\/nk7-testes.com.br\/agazeta\/\",\"name\":\"Agazeta.net\",\"description\":\"Agazeta.net - Not\u00edcias de Rio Branco\/AC\",\"potentialAction\":[{\"@type\":\"SearchAction\",\"target\":{\"@type\":\"EntryPoint\",\"urlTemplate\":\"https:\/\/nk7-testes.com.br\/agazeta\/?s={search_term_string}\"},\"query-input\":{\"@type\":\"PropertyValueSpecification\",\"valueRequired\":true,\"valueName\":\"search_term_string\"}}],\"inLanguage\":\"pt-BR\"},{\"@type\":\"Person\",\"@id\":\"https:\/\/nk7-testes.com.br\/agazeta\/#\/schema\/person\/6d6e25cb0435eb4a02fd44d30b4e3020\",\"name\":\"Agazeta.Net\",\"url\":\"https:\/\/nk7-testes.com.br\/agazeta\/author\/agazeta\/\"}]}<\/script>\n<!-- \/ Yoast SEO plugin. -->","yoast_head_json":{"title":"Escola ser\u00e1 desativada no bairro Seis de Agosto - Agazeta.net","robots":{"index":"index","follow":"follow","max-snippet":"max-snippet:-1","max-image-preview":"max-image-preview:large","max-video-preview":"max-video-preview:-1"},"canonical":"https:\/\/nk7-testes.com.br\/agazeta\/escola-sera-desativada-no-seis-de-agosto\/","og_locale":"pt_BR","og_type":"article","og_title":"Escola ser\u00e1 desativada no bairro Seis de Agosto - Agazeta.net","og_description":"SEE n\u00e3o recuperou estrutura da escola ap\u00f3s alaga\u00e7\u00e3o","og_url":"https:\/\/nk7-testes.com.br\/agazeta\/escola-sera-desativada-no-seis-de-agosto\/","og_site_name":"Agazeta.net","article_published_time":"2016-05-19T21:15:19+00:00","og_image":[{"width":458,"height":340,"url":"https:\/\/nk7-testes.com.br\/agazeta\/wp-content\/uploads\/2016\/05\/190516-cotidiano-escolaabandonada-tvgazeta.jpg","type":"image\/jpeg"}],"author":"Agazeta.Net","twitter_card":"summary_large_image","twitter_misc":{"Escrito por":"Agazeta.Net","Est. tempo de leitura":"2 minutos"},"schema":{"@context":"https:\/\/schema.org","@graph":[{"@type":"WebPage","@id":"https:\/\/nk7-testes.com.br\/agazeta\/escola-sera-desativada-no-seis-de-agosto\/","url":"https:\/\/nk7-testes.com.br\/agazeta\/escola-sera-desativada-no-seis-de-agosto\/","name":"Escola ser\u00e1 desativada no bairro Seis de Agosto - Agazeta.net","isPartOf":{"@id":"https:\/\/nk7-testes.com.br\/agazeta\/#website"},"primaryImageOfPage":{"@id":"https:\/\/nk7-testes.com.br\/agazeta\/escola-sera-desativada-no-seis-de-agosto\/#primaryimage"},"image":{"@id":"https:\/\/nk7-testes.com.br\/agazeta\/escola-sera-desativada-no-seis-de-agosto\/#primaryimage"},"thumbnailUrl":"https:\/\/nk7-testes.com.br\/agazeta\/wp-content\/uploads\/2016\/05\/190516-cotidiano-escolaabandonada-tvgazeta.jpg","datePublished":"2016-05-19T21:15:19+00:00","author":{"@id":"https:\/\/nk7-testes.com.br\/agazeta\/#\/schema\/person\/6d6e25cb0435eb4a02fd44d30b4e3020"},"breadcrumb":{"@id":"https:\/\/nk7-testes.com.br\/agazeta\/escola-sera-desativada-no-seis-de-agosto\/#breadcrumb"},"inLanguage":"pt-BR","potentialAction":[{"@type":"ReadAction","target":["https:\/\/nk7-testes.com.br\/agazeta\/escola-sera-desativada-no-seis-de-agosto\/"]}]},{"@type":"ImageObject","inLanguage":"pt-BR","@id":"https:\/\/nk7-testes.com.br\/agazeta\/escola-sera-desativada-no-seis-de-agosto\/#primaryimage","url":"https:\/\/nk7-testes.com.br\/agazeta\/wp-content\/uploads\/2016\/05\/190516-cotidiano-escolaabandonada-tvgazeta.jpg","contentUrl":"https:\/\/nk7-testes.com.br\/agazeta\/wp-content\/uploads\/2016\/05\/190516-cotidiano-escolaabandonada-tvgazeta.jpg","width":458,"height":340,"caption":"190516-cotidiano-escolaabandonada-tvgazeta"},{"@type":"BreadcrumbList","@id":"https:\/\/nk7-testes.com.br\/agazeta\/escola-sera-desativada-no-seis-de-agosto\/#breadcrumb","itemListElement":[{"@type":"ListItem","position":1,"name":"In\u00edcio","item":"https:\/\/nk7-testes.com.br\/agazeta\/"},{"@type":"ListItem","position":2,"name":"Escola ser\u00e1 desativada no bairro Seis de Agosto"}]},{"@type":"WebSite","@id":"https:\/\/nk7-testes.com.br\/agazeta\/#website","url":"https:\/\/nk7-testes.com.br\/agazeta\/","name":"Agazeta.net","description":"Agazeta.net - Not\u00edcias de Rio Branco\/AC","potentialAction":[{"@type":"SearchAction","target":{"@type":"EntryPoint","urlTemplate":"https:\/\/nk7-testes.com.br\/agazeta\/?s={search_term_string}"},"query-input":{"@type":"PropertyValueSpecification","valueRequired":true,"valueName":"search_term_string"}}],"inLanguage":"pt-BR"},{"@type":"Person","@id":"https:\/\/nk7-testes.com.br\/agazeta\/#\/schema\/person\/6d6e25cb0435eb4a02fd44d30b4e3020","name":"Agazeta.Net","url":"https:\/\/nk7-testes.com.br\/agazeta\/author\/agazeta\/"}]}},"_links":{"self":[{"href":"https:\/\/nk7-testes.com.br\/agazeta\/wp-json\/wp\/v2\/posts\/22843","targetHints":{"allow":["GET"]}}],"collection":[{"href":"https:\/\/nk7-testes.com.br\/agazeta\/wp-json\/wp\/v2\/posts"}],"about":[{"href":"https:\/\/nk7-testes.com.br\/agazeta\/wp-json\/wp\/v2\/types\/post"}],"author":[{"embeddable":true,"href":"https:\/\/nk7-testes.com.br\/agazeta\/wp-json\/wp\/v2\/users\/4"}],"replies":[{"embeddable":true,"href":"https:\/\/nk7-testes.com.br\/agazeta\/wp-json\/wp\/v2\/comments?post=22843"}],"version-history":[{"count":0,"href":"https:\/\/nk7-testes.com.br\/agazeta\/wp-json\/wp\/v2\/posts\/22843\/revisions"}],"wp:featuredmedia":[{"embeddable":true,"href":"https:\/\/nk7-testes.com.br\/agazeta\/wp-json\/wp\/v2\/media\/22842"}],"wp:attachment":[{"href":"https:\/\/nk7-testes.com.br\/agazeta\/wp-json\/wp\/v2\/media?parent=22843"}],"wp:term":[{"taxonomy":"category","embeddable":true,"href":"https:\/\/nk7-testes.com.br\/agazeta\/wp-json\/wp\/v2\/categories?post=22843"},{"taxonomy":"post_tag","embeddable":true,"href":"https:\/\/nk7-testes.com.br\/agazeta\/wp-json\/wp\/v2\/tags?post=22843"}],"curies":[{"name":"wp","href":"https:\/\/api.w.org\/{rel}","templated":true}]}}