{"id":22841,"date":"2016-05-19T20:51:43","date_gmt":"2016-05-19T20:51:43","guid":{"rendered":"https:\/\/abarevegan.com.br\/index.php\/2016\/05\/19\/governo-e-empresas-estudam-derrubar-resolucao-federal\/"},"modified":"2016-05-19T20:51:43","modified_gmt":"2016-05-19T20:51:43","slug":"governo-e-empresas-estudam-derrubar-resolucao-federal","status":"publish","type":"post","link":"https:\/\/nk7-testes.com.br\/agazeta\/governo-e-empresas-estudam-derrubar-resolucao-federal\/","title":{"rendered":"Governo e empresas estudam derrubar resolu\u00e7\u00e3o federal"},"content":{"rendered":"<p style=\"text-align: justify;\">Pesquisa mostra impacto da decis\u00e3o no setor madeireiro<\/p>\n<p style=\"text-align: justify;\">O Governo do Estado vai ajudar o setor madeireiro a produzir uma pesquisa que visa derrubar uma resolu\u00e7\u00e3o do Ibama, na qual o limite de venda de uma tora de madeira passa de 45% para 35%.<\/p>\n<p style=\"text-align: justify;\">Com o coeficiente de 45% j\u00e1 estava dif\u00edcil para os empres\u00e1rios, essa redu\u00e7\u00e3o pode trazer um colapso ainda maior para o setor que passa por uma crise. Das 25 ind\u00fastrias que se instalaram no Acre nos \u00faltimos anos apenas 10 est\u00e3o ainda sobrevivendo.<\/p>\n<p style=\"text-align: justify;\">Na pr\u00e1tica, o Ibama est\u00e1 autorizando o empres\u00e1rio a vender 35% da tora de uma \u00e1rvore. S\u00f3 que cada esp\u00e9cie tem um percentual diferente de aproveitamento. Tem esp\u00e9cie que pode chegar a 80%, explicou a presidente do Sindicato das Ind\u00fastrias de Serrarias, Carpintarias, Tanoarias, Madeiras Compensadas e Laminadas, Aglomerados e Chapas de Fibra de Madeiras do Estado do Acre, Adela\u00edde de F\u00e1tima Oliveira.<\/p>\n<p style=\"text-align: justify;\">O problema \u00e9 que vai sobrar madeira nos p\u00e1tios, porque o empres\u00e1rio n\u00e3o vai ter documento autorizando a venda. \u201cAtualmente os 45% j\u00e1 trazem preju\u00edzos, e, para n\u00e3o perder a madeira, muitos optaram em vender sem nota fiscal, o que \u00e9 pior para o governo que perde em impostos\u201d, argumentou.<\/p>\n<p style=\"text-align: justify;\">Numa reuni\u00e3o com representantes do setor na manh\u00e3 dessa quinta-feira, na sede da Federa\u00e7\u00e3o das Ind\u00fastrias do Acre, os empres\u00e1rios assinaram um conv\u00eanio com o Governo do Estado.<\/p>\n<p style=\"text-align: justify;\">\u201cRecursos ser\u00e3o repassados para que seja feita uma pesquisa no setor madeireiro e mostre ao Ibama que esse percentual de 35% vai ajudar a fechar mais empresas, e cada esp\u00e9cie deve ter um coeficiente de aproveitamento\u201d, explicou a presidente.<\/p>\n<p style=\"text-align: justify;\">Os estudos come\u00e7am na segunda-feira e t\u00eam um prazo de 180 dias. A equipe, composta por engenheiros florestais, tem um prazo de 180 para concluir o relat\u00f3rio.<span style=\"font-size: 12pt; line-height: 115%; font-family: 'Times New Roman', serif;\">&nbsp;<\/span><\/p>\n","protected":false},"excerpt":{"rendered":"<p style=\"text-align: justify;\">Pesquisa mostra impacto da decis\u00e3o no setor madeireiro<\/p>\n","protected":false},"author":4,"featured_media":22840,"comment_status":"open","ping_status":"open","sticky":false,"template":"","format":"standard","meta":{"jnews-multi-image_gallery":[],"jnews_single_post":[],"jnews_primary_category":[],"jnews_social_meta":[],"jnews_review":[],"enable_review":"","type":"","name":"","summary":"","brand":"","sku":"","good":[],"bad":[],"score_override":"","override_value":"","rating":[],"price":[],"footnotes":""},"categories":[54],"tags":[],"class_list":["post-22841","post","type-post","status-publish","format-standard","has-post-thumbnail","hentry","category-cotidiano"],"yoast_head":"<!-- This site is optimized with the Yoast SEO plugin v26.5 - https:\/\/yoast.com\/wordpress\/plugins\/seo\/ -->\n<title>Governo e empresas estudam derrubar resolu\u00e7\u00e3o federal - Agazeta.net<\/title>\n<meta name=\"robots\" content=\"index, follow, max-snippet:-1, max-image-preview:large, max-video-preview:-1\" \/>\n<link rel=\"canonical\" href=\"https:\/\/nk7-testes.com.br\/agazeta\/governo-e-empresas-estudam-derrubar-resolucao-federal\/\" \/>\n<meta property=\"og:locale\" content=\"pt_BR\" \/>\n<meta property=\"og:type\" content=\"article\" \/>\n<meta property=\"og:title\" content=\"Governo e empresas estudam derrubar resolu\u00e7\u00e3o federal - Agazeta.net\" \/>\n<meta property=\"og:description\" content=\"Pesquisa mostra impacto da decis\u00e3o no setor madeireiro\" \/>\n<meta property=\"og:url\" content=\"https:\/\/nk7-testes.com.br\/agazeta\/governo-e-empresas-estudam-derrubar-resolucao-federal\/\" \/>\n<meta property=\"og:site_name\" content=\"Agazeta.net\" \/>\n<meta property=\"article:published_time\" content=\"2016-05-19T20:51:43+00:00\" \/>\n<meta property=\"og:image\" content=\"https:\/\/nk7-testes.com.br\/agazeta\/wp-content\/uploads\/2016\/05\/190516-cotidiano-madeireiros-tvgazeta.jpg\" \/>\n\t<meta property=\"og:image:width\" content=\"458\" \/>\n\t<meta property=\"og:image:height\" content=\"340\" \/>\n\t<meta property=\"og:image:type\" content=\"image\/jpeg\" \/>\n<meta name=\"author\" content=\"Agazeta.Net\" \/>\n<meta name=\"twitter:card\" content=\"summary_large_image\" \/>\n<meta name=\"twitter:label1\" content=\"Escrito por\" \/>\n\t<meta name=\"twitter:data1\" content=\"Agazeta.Net\" \/>\n\t<meta name=\"twitter:label2\" content=\"Est. tempo de leitura\" \/>\n\t<meta name=\"twitter:data2\" content=\"2 minutos\" \/>\n<script type=\"application\/ld+json\" class=\"yoast-schema-graph\">{\"@context\":\"https:\/\/schema.org\",\"@graph\":[{\"@type\":\"WebPage\",\"@id\":\"https:\/\/nk7-testes.com.br\/agazeta\/governo-e-empresas-estudam-derrubar-resolucao-federal\/\",\"url\":\"https:\/\/nk7-testes.com.br\/agazeta\/governo-e-empresas-estudam-derrubar-resolucao-federal\/\",\"name\":\"Governo e empresas estudam derrubar resolu\u00e7\u00e3o federal - Agazeta.net\",\"isPartOf\":{\"@id\":\"https:\/\/nk7-testes.com.br\/agazeta\/#website\"},\"primaryImageOfPage\":{\"@id\":\"https:\/\/nk7-testes.com.br\/agazeta\/governo-e-empresas-estudam-derrubar-resolucao-federal\/#primaryimage\"},\"image\":{\"@id\":\"https:\/\/nk7-testes.com.br\/agazeta\/governo-e-empresas-estudam-derrubar-resolucao-federal\/#primaryimage\"},\"thumbnailUrl\":\"https:\/\/nk7-testes.com.br\/agazeta\/wp-content\/uploads\/2016\/05\/190516-cotidiano-madeireiros-tvgazeta.jpg\",\"datePublished\":\"2016-05-19T20:51:43+00:00\",\"author\":{\"@id\":\"https:\/\/nk7-testes.com.br\/agazeta\/#\/schema\/person\/6d6e25cb0435eb4a02fd44d30b4e3020\"},\"breadcrumb\":{\"@id\":\"https:\/\/nk7-testes.com.br\/agazeta\/governo-e-empresas-estudam-derrubar-resolucao-federal\/#breadcrumb\"},\"inLanguage\":\"pt-BR\",\"potentialAction\":[{\"@type\":\"ReadAction\",\"target\":[\"https:\/\/nk7-testes.com.br\/agazeta\/governo-e-empresas-estudam-derrubar-resolucao-federal\/\"]}]},{\"@type\":\"ImageObject\",\"inLanguage\":\"pt-BR\",\"@id\":\"https:\/\/nk7-testes.com.br\/agazeta\/governo-e-empresas-estudam-derrubar-resolucao-federal\/#primaryimage\",\"url\":\"https:\/\/nk7-testes.com.br\/agazeta\/wp-content\/uploads\/2016\/05\/190516-cotidiano-madeireiros-tvgazeta.jpg\",\"contentUrl\":\"https:\/\/nk7-testes.com.br\/agazeta\/wp-content\/uploads\/2016\/05\/190516-cotidiano-madeireiros-tvgazeta.jpg\",\"width\":458,\"height\":340,\"caption\":\"190516-cotidiano-madeireiros-tvgazeta\"},{\"@type\":\"BreadcrumbList\",\"@id\":\"https:\/\/nk7-testes.com.br\/agazeta\/governo-e-empresas-estudam-derrubar-resolucao-federal\/#breadcrumb\",\"itemListElement\":[{\"@type\":\"ListItem\",\"position\":1,\"name\":\"In\u00edcio\",\"item\":\"https:\/\/nk7-testes.com.br\/agazeta\/\"},{\"@type\":\"ListItem\",\"position\":2,\"name\":\"Governo e empresas estudam derrubar resolu\u00e7\u00e3o federal\"}]},{\"@type\":\"WebSite\",\"@id\":\"https:\/\/nk7-testes.com.br\/agazeta\/#website\",\"url\":\"https:\/\/nk7-testes.com.br\/agazeta\/\",\"name\":\"Agazeta.net\",\"description\":\"Agazeta.net - Not\u00edcias de Rio Branco\/AC\",\"potentialAction\":[{\"@type\":\"SearchAction\",\"target\":{\"@type\":\"EntryPoint\",\"urlTemplate\":\"https:\/\/nk7-testes.com.br\/agazeta\/?s={search_term_string}\"},\"query-input\":{\"@type\":\"PropertyValueSpecification\",\"valueRequired\":true,\"valueName\":\"search_term_string\"}}],\"inLanguage\":\"pt-BR\"},{\"@type\":\"Person\",\"@id\":\"https:\/\/nk7-testes.com.br\/agazeta\/#\/schema\/person\/6d6e25cb0435eb4a02fd44d30b4e3020\",\"name\":\"Agazeta.Net\",\"url\":\"https:\/\/nk7-testes.com.br\/agazeta\/author\/agazeta\/\"}]}<\/script>\n<!-- \/ Yoast SEO plugin. -->","yoast_head_json":{"title":"Governo e empresas estudam derrubar resolu\u00e7\u00e3o federal - Agazeta.net","robots":{"index":"index","follow":"follow","max-snippet":"max-snippet:-1","max-image-preview":"max-image-preview:large","max-video-preview":"max-video-preview:-1"},"canonical":"https:\/\/nk7-testes.com.br\/agazeta\/governo-e-empresas-estudam-derrubar-resolucao-federal\/","og_locale":"pt_BR","og_type":"article","og_title":"Governo e empresas estudam derrubar resolu\u00e7\u00e3o federal - Agazeta.net","og_description":"Pesquisa mostra impacto da decis\u00e3o no setor madeireiro","og_url":"https:\/\/nk7-testes.com.br\/agazeta\/governo-e-empresas-estudam-derrubar-resolucao-federal\/","og_site_name":"Agazeta.net","article_published_time":"2016-05-19T20:51:43+00:00","og_image":[{"width":458,"height":340,"url":"https:\/\/nk7-testes.com.br\/agazeta\/wp-content\/uploads\/2016\/05\/190516-cotidiano-madeireiros-tvgazeta.jpg","type":"image\/jpeg"}],"author":"Agazeta.Net","twitter_card":"summary_large_image","twitter_misc":{"Escrito por":"Agazeta.Net","Est. tempo de leitura":"2 minutos"},"schema":{"@context":"https:\/\/schema.org","@graph":[{"@type":"WebPage","@id":"https:\/\/nk7-testes.com.br\/agazeta\/governo-e-empresas-estudam-derrubar-resolucao-federal\/","url":"https:\/\/nk7-testes.com.br\/agazeta\/governo-e-empresas-estudam-derrubar-resolucao-federal\/","name":"Governo e empresas estudam derrubar resolu\u00e7\u00e3o federal - Agazeta.net","isPartOf":{"@id":"https:\/\/nk7-testes.com.br\/agazeta\/#website"},"primaryImageOfPage":{"@id":"https:\/\/nk7-testes.com.br\/agazeta\/governo-e-empresas-estudam-derrubar-resolucao-federal\/#primaryimage"},"image":{"@id":"https:\/\/nk7-testes.com.br\/agazeta\/governo-e-empresas-estudam-derrubar-resolucao-federal\/#primaryimage"},"thumbnailUrl":"https:\/\/nk7-testes.com.br\/agazeta\/wp-content\/uploads\/2016\/05\/190516-cotidiano-madeireiros-tvgazeta.jpg","datePublished":"2016-05-19T20:51:43+00:00","author":{"@id":"https:\/\/nk7-testes.com.br\/agazeta\/#\/schema\/person\/6d6e25cb0435eb4a02fd44d30b4e3020"},"breadcrumb":{"@id":"https:\/\/nk7-testes.com.br\/agazeta\/governo-e-empresas-estudam-derrubar-resolucao-federal\/#breadcrumb"},"inLanguage":"pt-BR","potentialAction":[{"@type":"ReadAction","target":["https:\/\/nk7-testes.com.br\/agazeta\/governo-e-empresas-estudam-derrubar-resolucao-federal\/"]}]},{"@type":"ImageObject","inLanguage":"pt-BR","@id":"https:\/\/nk7-testes.com.br\/agazeta\/governo-e-empresas-estudam-derrubar-resolucao-federal\/#primaryimage","url":"https:\/\/nk7-testes.com.br\/agazeta\/wp-content\/uploads\/2016\/05\/190516-cotidiano-madeireiros-tvgazeta.jpg","contentUrl":"https:\/\/nk7-testes.com.br\/agazeta\/wp-content\/uploads\/2016\/05\/190516-cotidiano-madeireiros-tvgazeta.jpg","width":458,"height":340,"caption":"190516-cotidiano-madeireiros-tvgazeta"},{"@type":"BreadcrumbList","@id":"https:\/\/nk7-testes.com.br\/agazeta\/governo-e-empresas-estudam-derrubar-resolucao-federal\/#breadcrumb","itemListElement":[{"@type":"ListItem","position":1,"name":"In\u00edcio","item":"https:\/\/nk7-testes.com.br\/agazeta\/"},{"@type":"ListItem","position":2,"name":"Governo e empresas estudam derrubar resolu\u00e7\u00e3o federal"}]},{"@type":"WebSite","@id":"https:\/\/nk7-testes.com.br\/agazeta\/#website","url":"https:\/\/nk7-testes.com.br\/agazeta\/","name":"Agazeta.net","description":"Agazeta.net - Not\u00edcias de Rio Branco\/AC","potentialAction":[{"@type":"SearchAction","target":{"@type":"EntryPoint","urlTemplate":"https:\/\/nk7-testes.com.br\/agazeta\/?s={search_term_string}"},"query-input":{"@type":"PropertyValueSpecification","valueRequired":true,"valueName":"search_term_string"}}],"inLanguage":"pt-BR"},{"@type":"Person","@id":"https:\/\/nk7-testes.com.br\/agazeta\/#\/schema\/person\/6d6e25cb0435eb4a02fd44d30b4e3020","name":"Agazeta.Net","url":"https:\/\/nk7-testes.com.br\/agazeta\/author\/agazeta\/"}]}},"_links":{"self":[{"href":"https:\/\/nk7-testes.com.br\/agazeta\/wp-json\/wp\/v2\/posts\/22841","targetHints":{"allow":["GET"]}}],"collection":[{"href":"https:\/\/nk7-testes.com.br\/agazeta\/wp-json\/wp\/v2\/posts"}],"about":[{"href":"https:\/\/nk7-testes.com.br\/agazeta\/wp-json\/wp\/v2\/types\/post"}],"author":[{"embeddable":true,"href":"https:\/\/nk7-testes.com.br\/agazeta\/wp-json\/wp\/v2\/users\/4"}],"replies":[{"embeddable":true,"href":"https:\/\/nk7-testes.com.br\/agazeta\/wp-json\/wp\/v2\/comments?post=22841"}],"version-history":[{"count":0,"href":"https:\/\/nk7-testes.com.br\/agazeta\/wp-json\/wp\/v2\/posts\/22841\/revisions"}],"wp:featuredmedia":[{"embeddable":true,"href":"https:\/\/nk7-testes.com.br\/agazeta\/wp-json\/wp\/v2\/media\/22840"}],"wp:attachment":[{"href":"https:\/\/nk7-testes.com.br\/agazeta\/wp-json\/wp\/v2\/media?parent=22841"}],"wp:term":[{"taxonomy":"category","embeddable":true,"href":"https:\/\/nk7-testes.com.br\/agazeta\/wp-json\/wp\/v2\/categories?post=22841"},{"taxonomy":"post_tag","embeddable":true,"href":"https:\/\/nk7-testes.com.br\/agazeta\/wp-json\/wp\/v2\/tags?post=22841"}],"curies":[{"name":"wp","href":"https:\/\/api.w.org\/{rel}","templated":true}]}}