{"id":22823,"date":"2016-05-18T20:37:44","date_gmt":"2016-05-18T20:37:44","guid":{"rendered":"https:\/\/abarevegan.com.br\/index.php\/2016\/05\/18\/mp-oferece-denuncia-a-justica-contra-faccao-criminosa\/"},"modified":"2016-05-18T20:37:44","modified_gmt":"2016-05-18T20:37:44","slug":"mp-oferece-denuncia-a-justica-contra-faccao-criminosa","status":"publish","type":"post","link":"https:\/\/nk7-testes.com.br\/agazeta\/mp-oferece-denuncia-a-justica-contra-faccao-criminosa\/","title":{"rendered":"MP oferece den\u00fancia \u00e0 Justi\u00e7a contra fac\u00e7\u00e3o criminosa"},"content":{"rendered":"<p style=\"text-align: justify;\">Investiga\u00e7\u00e3o detalha modo de atua\u00e7\u00e3o do bando na regi\u00e3o<\/p>\n<p style=\"text-align: justify;\">O Gaeco (Grupo de Combate ao Crime Organizado) do Minist\u00e9rio P\u00fablico vai entregar \u00e0 Justi\u00e7a o inqu\u00e9rito em que pede a condena\u00e7\u00e3o de 165 membros da fac\u00e7\u00e3o criminosa conhecida como Bonde dos 13.<\/p>\n<p style=\"text-align: justify;\">Durante entrevista coletiva concedida na manh\u00e3 dessa quarta-feira, os promotores apresentaram a foto de 13 homens que fazem parte do \u201cconselho\u201d ou \u201cl\u00edderes\u201d do grupo criminoso.<\/p>\n<p style=\"text-align: justify;\">Apenas um dos 13 chefes est\u00e1 foragido. Os outros est\u00e3o no pres\u00eddio Francisco de Oliveira Conde ou em pris\u00f5es federais fora do Acre. O acusado foragido \u00e9 Marcos da Cunha Lindozo, que, na verdade, foi resgatado pelo bando h\u00e1 duas semanas quando participava de um evento fora do pres\u00eddio. Ele fazia exposi\u00e7\u00e3o de artesanato, quando os \u201ccolegas\u201d renderam o agente e o levaram.<\/p>\n<p style=\"text-align: justify;\">A fac\u00e7\u00e3o surgiu em 12 de junho de 2013, porque alguns presos n\u00e3o aceitavam ordens de outras fac\u00e7\u00f5es como o Comando Vermelho. O grupo atualmente est\u00e1 em todos os bairros de Rio Branco. A cada dia aumenta o ingresso de jovens ao grupo, que cobra mensalidade de seus \u201cs\u00f3cios\u201d.<\/p>\n<p style=\"text-align: justify;\">Quem est\u00e1 preso paga R$ 50; nas ruas R$ 100 e dono de ponto de revenda de droga paga at\u00e9 R$ 1,5 mil. Quem n\u00e3o paga ou n\u00e3o segue as ordens \u00e9 morto.<\/p>\n<p style=\"text-align: justify;\">A Capital viu nos \u00faltimos meses crescer o n\u00famero de execu\u00e7\u00f5es. Para os promotores do Minist\u00e9rio P\u00fablico Estadual, a fac\u00e7\u00e3o criminosa est\u00e1 por tr\u00e1s de boa parte desses crimes. O que aumentou, tamb\u00e9m, foram os furtos \u00e0s resid\u00eancias.<\/p>\n<p style=\"text-align: justify;\">\u201cMuitos jovens, para conseguir entrar na fac\u00e7\u00e3o, precisam cometer crimes e provar que s\u00e3o corajosos\u201d, disse o delgado Get\u00falio Monteiro, que trabalhou nas investiga\u00e7\u00f5es.<\/p>\n<p style=\"text-align: justify;\">Todas as informa\u00e7\u00f5es sobre o bonde dos 13 est\u00e3o em relat\u00f3rios produzidos pelo Gaeco. Dos 165 membros denunciados 21 s\u00e3o conselheiros, 38 representantes de bairros e 106 integrantes. Quase todos est\u00e3o presos por crimes por tr\u00e1fico de drogas e homic\u00eddios.<\/p>\n<p style=\"text-align: justify;\">O Gaeco informou que a organiza\u00e7\u00e3o criminosa vem sendo monitorada e as pris\u00f5es e condena\u00e7\u00f5es desses membros mostram que o estado n\u00e3o vai desistir de buscar o controle das ruas e reduzir a a\u00e7\u00e3o do grupo que \u00e9 extremamente violento em suas a\u00e7\u00f5es.<\/p>\n<p style=\"text-align: justify;\">As investiga\u00e7\u00f5es e as pris\u00f5es dos membros se intensificaram em outubro do ano passado quando o grupo fez v\u00e1rios ataques a \u00f4nibus e at\u00e9 resid\u00eancias. Na \u00e9poca a policia transferiu os l\u00edderes do bonde para pres\u00eddios de outros estados, o que reduziu os atos violentos da fac\u00e7\u00e3o.<\/p>\n","protected":false},"excerpt":{"rendered":"<p style=\"text-align: justify;\">Investiga\u00e7\u00e3o detalha modo de atua\u00e7\u00e3o do bando na regi\u00e3o<\/p>\n","protected":false},"author":4,"featured_media":22822,"comment_status":"open","ping_status":"open","sticky":false,"template":"","format":"standard","meta":{"jnews-multi-image_gallery":[],"jnews_single_post":[],"jnews_primary_category":[],"jnews_social_meta":[],"jnews_review":[],"enable_review":"","type":"","name":"","summary":"","brand":"","sku":"","good":[],"bad":[],"score_override":"","override_value":"","rating":[],"price":[],"footnotes":""},"categories":[44],"tags":[],"class_list":["post-22823","post","type-post","status-publish","format-standard","has-post-thumbnail","hentry","category-policia"],"yoast_head":"<!-- This site is optimized with the Yoast SEO plugin v26.5 - https:\/\/yoast.com\/wordpress\/plugins\/seo\/ -->\n<title>MP oferece den\u00fancia \u00e0 Justi\u00e7a contra fac\u00e7\u00e3o criminosa - Agazeta.net<\/title>\n<meta name=\"robots\" content=\"index, follow, max-snippet:-1, max-image-preview:large, max-video-preview:-1\" \/>\n<link rel=\"canonical\" href=\"https:\/\/nk7-testes.com.br\/agazeta\/mp-oferece-denuncia-a-justica-contra-faccao-criminosa\/\" \/>\n<meta property=\"og:locale\" content=\"pt_BR\" \/>\n<meta property=\"og:type\" content=\"article\" \/>\n<meta property=\"og:title\" content=\"MP oferece den\u00fancia \u00e0 Justi\u00e7a contra fac\u00e7\u00e3o criminosa - Agazeta.net\" \/>\n<meta property=\"og:description\" content=\"Investiga\u00e7\u00e3o detalha modo de atua\u00e7\u00e3o do bando na regi\u00e3o\" \/>\n<meta property=\"og:url\" content=\"https:\/\/nk7-testes.com.br\/agazeta\/mp-oferece-denuncia-a-justica-contra-faccao-criminosa\/\" \/>\n<meta property=\"og:site_name\" content=\"Agazeta.net\" \/>\n<meta property=\"article:published_time\" content=\"2016-05-18T20:37:44+00:00\" \/>\n<meta property=\"og:image\" content=\"https:\/\/nk7-testes.com.br\/agazeta\/wp-content\/uploads\/2016\/05\/180516-policia-coletivamp-tvgazeta.jpg\" \/>\n\t<meta property=\"og:image:width\" content=\"458\" \/>\n\t<meta property=\"og:image:height\" content=\"340\" \/>\n\t<meta property=\"og:image:type\" content=\"image\/jpeg\" \/>\n<meta name=\"author\" content=\"Agazeta.Net\" \/>\n<meta name=\"twitter:card\" content=\"summary_large_image\" \/>\n<meta name=\"twitter:label1\" content=\"Escrito por\" \/>\n\t<meta name=\"twitter:data1\" content=\"Agazeta.Net\" \/>\n\t<meta name=\"twitter:label2\" content=\"Est. tempo de leitura\" \/>\n\t<meta name=\"twitter:data2\" content=\"2 minutos\" \/>\n<script type=\"application\/ld+json\" class=\"yoast-schema-graph\">{\"@context\":\"https:\/\/schema.org\",\"@graph\":[{\"@type\":\"WebPage\",\"@id\":\"https:\/\/nk7-testes.com.br\/agazeta\/mp-oferece-denuncia-a-justica-contra-faccao-criminosa\/\",\"url\":\"https:\/\/nk7-testes.com.br\/agazeta\/mp-oferece-denuncia-a-justica-contra-faccao-criminosa\/\",\"name\":\"MP oferece den\u00fancia \u00e0 Justi\u00e7a contra fac\u00e7\u00e3o criminosa - Agazeta.net\",\"isPartOf\":{\"@id\":\"https:\/\/nk7-testes.com.br\/agazeta\/#website\"},\"primaryImageOfPage\":{\"@id\":\"https:\/\/nk7-testes.com.br\/agazeta\/mp-oferece-denuncia-a-justica-contra-faccao-criminosa\/#primaryimage\"},\"image\":{\"@id\":\"https:\/\/nk7-testes.com.br\/agazeta\/mp-oferece-denuncia-a-justica-contra-faccao-criminosa\/#primaryimage\"},\"thumbnailUrl\":\"https:\/\/nk7-testes.com.br\/agazeta\/wp-content\/uploads\/2016\/05\/180516-policia-coletivamp-tvgazeta.jpg\",\"datePublished\":\"2016-05-18T20:37:44+00:00\",\"author\":{\"@id\":\"https:\/\/nk7-testes.com.br\/agazeta\/#\/schema\/person\/6d6e25cb0435eb4a02fd44d30b4e3020\"},\"breadcrumb\":{\"@id\":\"https:\/\/nk7-testes.com.br\/agazeta\/mp-oferece-denuncia-a-justica-contra-faccao-criminosa\/#breadcrumb\"},\"inLanguage\":\"pt-BR\",\"potentialAction\":[{\"@type\":\"ReadAction\",\"target\":[\"https:\/\/nk7-testes.com.br\/agazeta\/mp-oferece-denuncia-a-justica-contra-faccao-criminosa\/\"]}]},{\"@type\":\"ImageObject\",\"inLanguage\":\"pt-BR\",\"@id\":\"https:\/\/nk7-testes.com.br\/agazeta\/mp-oferece-denuncia-a-justica-contra-faccao-criminosa\/#primaryimage\",\"url\":\"https:\/\/nk7-testes.com.br\/agazeta\/wp-content\/uploads\/2016\/05\/180516-policia-coletivamp-tvgazeta.jpg\",\"contentUrl\":\"https:\/\/nk7-testes.com.br\/agazeta\/wp-content\/uploads\/2016\/05\/180516-policia-coletivamp-tvgazeta.jpg\",\"width\":458,\"height\":340,\"caption\":\"180516-policia-coletivamp-tvgazeta\"},{\"@type\":\"BreadcrumbList\",\"@id\":\"https:\/\/nk7-testes.com.br\/agazeta\/mp-oferece-denuncia-a-justica-contra-faccao-criminosa\/#breadcrumb\",\"itemListElement\":[{\"@type\":\"ListItem\",\"position\":1,\"name\":\"In\u00edcio\",\"item\":\"https:\/\/nk7-testes.com.br\/agazeta\/\"},{\"@type\":\"ListItem\",\"position\":2,\"name\":\"MP oferece den\u00fancia \u00e0 Justi\u00e7a contra fac\u00e7\u00e3o criminosa\"}]},{\"@type\":\"WebSite\",\"@id\":\"https:\/\/nk7-testes.com.br\/agazeta\/#website\",\"url\":\"https:\/\/nk7-testes.com.br\/agazeta\/\",\"name\":\"Agazeta.net\",\"description\":\"Agazeta.net - Not\u00edcias de Rio Branco\/AC\",\"potentialAction\":[{\"@type\":\"SearchAction\",\"target\":{\"@type\":\"EntryPoint\",\"urlTemplate\":\"https:\/\/nk7-testes.com.br\/agazeta\/?s={search_term_string}\"},\"query-input\":{\"@type\":\"PropertyValueSpecification\",\"valueRequired\":true,\"valueName\":\"search_term_string\"}}],\"inLanguage\":\"pt-BR\"},{\"@type\":\"Person\",\"@id\":\"https:\/\/nk7-testes.com.br\/agazeta\/#\/schema\/person\/6d6e25cb0435eb4a02fd44d30b4e3020\",\"name\":\"Agazeta.Net\",\"url\":\"https:\/\/nk7-testes.com.br\/agazeta\/author\/agazeta\/\"}]}<\/script>\n<!-- \/ Yoast SEO plugin. -->","yoast_head_json":{"title":"MP oferece den\u00fancia \u00e0 Justi\u00e7a contra fac\u00e7\u00e3o criminosa - Agazeta.net","robots":{"index":"index","follow":"follow","max-snippet":"max-snippet:-1","max-image-preview":"max-image-preview:large","max-video-preview":"max-video-preview:-1"},"canonical":"https:\/\/nk7-testes.com.br\/agazeta\/mp-oferece-denuncia-a-justica-contra-faccao-criminosa\/","og_locale":"pt_BR","og_type":"article","og_title":"MP oferece den\u00fancia \u00e0 Justi\u00e7a contra fac\u00e7\u00e3o criminosa - Agazeta.net","og_description":"Investiga\u00e7\u00e3o detalha modo de atua\u00e7\u00e3o do bando na regi\u00e3o","og_url":"https:\/\/nk7-testes.com.br\/agazeta\/mp-oferece-denuncia-a-justica-contra-faccao-criminosa\/","og_site_name":"Agazeta.net","article_published_time":"2016-05-18T20:37:44+00:00","og_image":[{"width":458,"height":340,"url":"https:\/\/nk7-testes.com.br\/agazeta\/wp-content\/uploads\/2016\/05\/180516-policia-coletivamp-tvgazeta.jpg","type":"image\/jpeg"}],"author":"Agazeta.Net","twitter_card":"summary_large_image","twitter_misc":{"Escrito por":"Agazeta.Net","Est. tempo de leitura":"2 minutos"},"schema":{"@context":"https:\/\/schema.org","@graph":[{"@type":"WebPage","@id":"https:\/\/nk7-testes.com.br\/agazeta\/mp-oferece-denuncia-a-justica-contra-faccao-criminosa\/","url":"https:\/\/nk7-testes.com.br\/agazeta\/mp-oferece-denuncia-a-justica-contra-faccao-criminosa\/","name":"MP oferece den\u00fancia \u00e0 Justi\u00e7a contra fac\u00e7\u00e3o criminosa - Agazeta.net","isPartOf":{"@id":"https:\/\/nk7-testes.com.br\/agazeta\/#website"},"primaryImageOfPage":{"@id":"https:\/\/nk7-testes.com.br\/agazeta\/mp-oferece-denuncia-a-justica-contra-faccao-criminosa\/#primaryimage"},"image":{"@id":"https:\/\/nk7-testes.com.br\/agazeta\/mp-oferece-denuncia-a-justica-contra-faccao-criminosa\/#primaryimage"},"thumbnailUrl":"https:\/\/nk7-testes.com.br\/agazeta\/wp-content\/uploads\/2016\/05\/180516-policia-coletivamp-tvgazeta.jpg","datePublished":"2016-05-18T20:37:44+00:00","author":{"@id":"https:\/\/nk7-testes.com.br\/agazeta\/#\/schema\/person\/6d6e25cb0435eb4a02fd44d30b4e3020"},"breadcrumb":{"@id":"https:\/\/nk7-testes.com.br\/agazeta\/mp-oferece-denuncia-a-justica-contra-faccao-criminosa\/#breadcrumb"},"inLanguage":"pt-BR","potentialAction":[{"@type":"ReadAction","target":["https:\/\/nk7-testes.com.br\/agazeta\/mp-oferece-denuncia-a-justica-contra-faccao-criminosa\/"]}]},{"@type":"ImageObject","inLanguage":"pt-BR","@id":"https:\/\/nk7-testes.com.br\/agazeta\/mp-oferece-denuncia-a-justica-contra-faccao-criminosa\/#primaryimage","url":"https:\/\/nk7-testes.com.br\/agazeta\/wp-content\/uploads\/2016\/05\/180516-policia-coletivamp-tvgazeta.jpg","contentUrl":"https:\/\/nk7-testes.com.br\/agazeta\/wp-content\/uploads\/2016\/05\/180516-policia-coletivamp-tvgazeta.jpg","width":458,"height":340,"caption":"180516-policia-coletivamp-tvgazeta"},{"@type":"BreadcrumbList","@id":"https:\/\/nk7-testes.com.br\/agazeta\/mp-oferece-denuncia-a-justica-contra-faccao-criminosa\/#breadcrumb","itemListElement":[{"@type":"ListItem","position":1,"name":"In\u00edcio","item":"https:\/\/nk7-testes.com.br\/agazeta\/"},{"@type":"ListItem","position":2,"name":"MP oferece den\u00fancia \u00e0 Justi\u00e7a contra fac\u00e7\u00e3o criminosa"}]},{"@type":"WebSite","@id":"https:\/\/nk7-testes.com.br\/agazeta\/#website","url":"https:\/\/nk7-testes.com.br\/agazeta\/","name":"Agazeta.net","description":"Agazeta.net - Not\u00edcias de Rio Branco\/AC","potentialAction":[{"@type":"SearchAction","target":{"@type":"EntryPoint","urlTemplate":"https:\/\/nk7-testes.com.br\/agazeta\/?s={search_term_string}"},"query-input":{"@type":"PropertyValueSpecification","valueRequired":true,"valueName":"search_term_string"}}],"inLanguage":"pt-BR"},{"@type":"Person","@id":"https:\/\/nk7-testes.com.br\/agazeta\/#\/schema\/person\/6d6e25cb0435eb4a02fd44d30b4e3020","name":"Agazeta.Net","url":"https:\/\/nk7-testes.com.br\/agazeta\/author\/agazeta\/"}]}},"_links":{"self":[{"href":"https:\/\/nk7-testes.com.br\/agazeta\/wp-json\/wp\/v2\/posts\/22823","targetHints":{"allow":["GET"]}}],"collection":[{"href":"https:\/\/nk7-testes.com.br\/agazeta\/wp-json\/wp\/v2\/posts"}],"about":[{"href":"https:\/\/nk7-testes.com.br\/agazeta\/wp-json\/wp\/v2\/types\/post"}],"author":[{"embeddable":true,"href":"https:\/\/nk7-testes.com.br\/agazeta\/wp-json\/wp\/v2\/users\/4"}],"replies":[{"embeddable":true,"href":"https:\/\/nk7-testes.com.br\/agazeta\/wp-json\/wp\/v2\/comments?post=22823"}],"version-history":[{"count":0,"href":"https:\/\/nk7-testes.com.br\/agazeta\/wp-json\/wp\/v2\/posts\/22823\/revisions"}],"wp:featuredmedia":[{"embeddable":true,"href":"https:\/\/nk7-testes.com.br\/agazeta\/wp-json\/wp\/v2\/media\/22822"}],"wp:attachment":[{"href":"https:\/\/nk7-testes.com.br\/agazeta\/wp-json\/wp\/v2\/media?parent=22823"}],"wp:term":[{"taxonomy":"category","embeddable":true,"href":"https:\/\/nk7-testes.com.br\/agazeta\/wp-json\/wp\/v2\/categories?post=22823"},{"taxonomy":"post_tag","embeddable":true,"href":"https:\/\/nk7-testes.com.br\/agazeta\/wp-json\/wp\/v2\/tags?post=22823"}],"curies":[{"name":"wp","href":"https:\/\/api.w.org\/{rel}","templated":true}]}}