{"id":22820,"date":"2016-05-18T20:18:17","date_gmt":"2016-05-18T20:18:17","guid":{"rendered":"https:\/\/abarevegan.com.br\/index.php\/2016\/05\/18\/acre-reduz-163-leitos-no-sistema-de-saude-publica\/"},"modified":"2016-05-18T20:18:17","modified_gmt":"2016-05-18T20:18:17","slug":"acre-reduz-163-leitos-no-sistema-de-saude-publica","status":"publish","type":"post","link":"https:\/\/nk7-testes.com.br\/agazeta\/acre-reduz-163-leitos-no-sistema-de-saude-publica\/","title":{"rendered":"Acre reduz 163 leitos no sistema de sa\u00fade p\u00fablica"},"content":{"rendered":"<p style=\"text-align: justify;\">&#8220;Como ter tratamento adequado nessas condi\u00e7\u00f5es?&#8221;<\/p>\n<p style=\"text-align: justify;\">Em cinco anos, em todo pa\u00eds, 24 mil leitos de interna\u00e7\u00e3o foram desativados nos hospitais que integram o sistema SUS. No Acre, de 2010 a 2015, a redu\u00e7\u00e3o foi de 163 leitos. Desses, 92 eram nos centros cir\u00fargicos, 25 obst\u00e9tricos, 11 cl\u00ednicos e 22 pedi\u00e1tricos e 16 divididos em v\u00e1rias especialidades.<\/p>\n<p style=\"text-align: justify;\">Os dados apresentados pelo Conselho Federal de Medicina mostram a situa\u00e7\u00e3o ca\u00f3tica por que passam os hospitais. O presidente do Conselho Regional de Medicina do Acre, Virg\u00edlio Prado, disse que essa situa\u00e7\u00e3o n\u00e3o \u00e9 nova.<\/p>\n<p style=\"text-align: justify;\">A popula\u00e7\u00e3o do Estado aumentou, milhares de pessoas sa\u00edram dos planos de sa\u00fade privados e migraram para o SUS e as vagas nos hospitais reduziram: o que mostra o caminho inverso seguido pelo poder p\u00fablico.<\/p>\n<p style=\"text-align: justify;\">\u201cPor isso, \u00e9 t\u00e3o comum nos corredores dos hospitais o ac\u00famulo de macas com pacientes agonizando, e o crescimento das taxas de mortalidade. Os m\u00e9dicos n\u00e3o conseguem fazer o diagn\u00f3stico e o tratamento completos\u201d, acrescentou Prado.<\/p>\n<p style=\"text-align: justify;\">Entre as capitais da regi\u00e3o Norte, Rio Branco s\u00f3 n\u00e3o perdeu para Manaus em se tratando de \u00edndices negativos. Foram menos 84 leitos, enquanto Porto Velho (RO), Boa Vista (RR) e Macap\u00e1 (AP) foi aumentada a quantidade de leitos de interna\u00e7\u00e3o.<\/p>\n<p style=\"text-align: justify;\">A secretaria estadual de Sa\u00fade informou, atrav\u00e9s da assessoria, que vai confirmar os n\u00fameros e s\u00f3 depois vai falar sobre o assunto. Mas, segundo o m\u00e9dico Guilherme Pulici, n\u00e3o precisa de tanta burocracia para ver a realidade. Bastava conversar com os profissionais da \u00e1rea e um olhar mais atento aos hospitais.<\/p>\n<p style=\"text-align: justify;\">Guilherme, que \u00e9 vice-presidente do Sindicato dos M\u00e9dicos do Acre, disse que a categoria vinha alertando sobre esse problema e como o sistema deixa de tratar os pacientes com a falta de estrutura.<\/p>\n<p style=\"text-align: justify;\">\u201cComo uma pessoa vai ter um tratamento adequado se chega num hospital e n\u00e3o tem direito \u00e0 interna\u00e7\u00e3o? A pessoa fica jogada numa maca, nos corredores esperando surgir uma vaga\u201d, relatou.<\/p>\n","protected":false},"excerpt":{"rendered":"<p style=\"text-align: justify;\">&#8220;Como ter tratamento adequado nessas condi\u00e7\u00f5es?&#8221;<\/p>\n","protected":false},"author":4,"featured_media":22819,"comment_status":"open","ping_status":"open","sticky":false,"template":"","format":"standard","meta":{"jnews-multi-image_gallery":[],"jnews_single_post":[],"jnews_primary_category":[],"jnews_social_meta":[],"jnews_review":[],"enable_review":"","type":"","name":"","summary":"","brand":"","sku":"","good":[],"bad":[],"score_override":"","override_value":"","rating":[],"price":[],"footnotes":""},"categories":[54],"tags":[],"class_list":["post-22820","post","type-post","status-publish","format-standard","has-post-thumbnail","hentry","category-cotidiano"],"yoast_head":"<!-- This site is optimized with the Yoast SEO plugin v26.5 - https:\/\/yoast.com\/wordpress\/plugins\/seo\/ -->\n<title>Acre reduz 163 leitos no sistema de sa\u00fade p\u00fablica - Agazeta.net<\/title>\n<meta name=\"robots\" content=\"index, follow, max-snippet:-1, max-image-preview:large, max-video-preview:-1\" \/>\n<link rel=\"canonical\" href=\"https:\/\/nk7-testes.com.br\/agazeta\/acre-reduz-163-leitos-no-sistema-de-saude-publica\/\" \/>\n<meta property=\"og:locale\" content=\"pt_BR\" \/>\n<meta property=\"og:type\" content=\"article\" \/>\n<meta property=\"og:title\" content=\"Acre reduz 163 leitos no sistema de sa\u00fade p\u00fablica - Agazeta.net\" \/>\n<meta property=\"og:description\" content=\"&quot;Como ter tratamento adequado nessas condi\u00e7\u00f5es?&quot;\" \/>\n<meta property=\"og:url\" content=\"https:\/\/nk7-testes.com.br\/agazeta\/acre-reduz-163-leitos-no-sistema-de-saude-publica\/\" \/>\n<meta property=\"og:site_name\" content=\"Agazeta.net\" \/>\n<meta property=\"article:published_time\" content=\"2016-05-18T20:18:17+00:00\" \/>\n<meta property=\"og:image\" content=\"https:\/\/nk7-testes.com.br\/agazeta\/wp-content\/uploads\/2016\/05\/180516-cotidiano-medico-tvgazeta.jpg\" \/>\n\t<meta property=\"og:image:width\" content=\"458\" \/>\n\t<meta property=\"og:image:height\" content=\"340\" \/>\n\t<meta property=\"og:image:type\" content=\"image\/jpeg\" \/>\n<meta name=\"author\" content=\"Agazeta.Net\" \/>\n<meta name=\"twitter:card\" content=\"summary_large_image\" \/>\n<meta name=\"twitter:label1\" content=\"Escrito por\" \/>\n\t<meta name=\"twitter:data1\" content=\"Agazeta.Net\" \/>\n\t<meta name=\"twitter:label2\" content=\"Est. tempo de leitura\" \/>\n\t<meta name=\"twitter:data2\" content=\"2 minutos\" \/>\n<script type=\"application\/ld+json\" class=\"yoast-schema-graph\">{\"@context\":\"https:\/\/schema.org\",\"@graph\":[{\"@type\":\"WebPage\",\"@id\":\"https:\/\/nk7-testes.com.br\/agazeta\/acre-reduz-163-leitos-no-sistema-de-saude-publica\/\",\"url\":\"https:\/\/nk7-testes.com.br\/agazeta\/acre-reduz-163-leitos-no-sistema-de-saude-publica\/\",\"name\":\"Acre reduz 163 leitos no sistema de sa\u00fade p\u00fablica - Agazeta.net\",\"isPartOf\":{\"@id\":\"https:\/\/nk7-testes.com.br\/agazeta\/#website\"},\"primaryImageOfPage\":{\"@id\":\"https:\/\/nk7-testes.com.br\/agazeta\/acre-reduz-163-leitos-no-sistema-de-saude-publica\/#primaryimage\"},\"image\":{\"@id\":\"https:\/\/nk7-testes.com.br\/agazeta\/acre-reduz-163-leitos-no-sistema-de-saude-publica\/#primaryimage\"},\"thumbnailUrl\":\"https:\/\/nk7-testes.com.br\/agazeta\/wp-content\/uploads\/2016\/05\/180516-cotidiano-medico-tvgazeta.jpg\",\"datePublished\":\"2016-05-18T20:18:17+00:00\",\"author\":{\"@id\":\"https:\/\/nk7-testes.com.br\/agazeta\/#\/schema\/person\/6d6e25cb0435eb4a02fd44d30b4e3020\"},\"breadcrumb\":{\"@id\":\"https:\/\/nk7-testes.com.br\/agazeta\/acre-reduz-163-leitos-no-sistema-de-saude-publica\/#breadcrumb\"},\"inLanguage\":\"pt-BR\",\"potentialAction\":[{\"@type\":\"ReadAction\",\"target\":[\"https:\/\/nk7-testes.com.br\/agazeta\/acre-reduz-163-leitos-no-sistema-de-saude-publica\/\"]}]},{\"@type\":\"ImageObject\",\"inLanguage\":\"pt-BR\",\"@id\":\"https:\/\/nk7-testes.com.br\/agazeta\/acre-reduz-163-leitos-no-sistema-de-saude-publica\/#primaryimage\",\"url\":\"https:\/\/nk7-testes.com.br\/agazeta\/wp-content\/uploads\/2016\/05\/180516-cotidiano-medico-tvgazeta.jpg\",\"contentUrl\":\"https:\/\/nk7-testes.com.br\/agazeta\/wp-content\/uploads\/2016\/05\/180516-cotidiano-medico-tvgazeta.jpg\",\"width\":458,\"height\":340,\"caption\":\"180516-cotidiano-medico-tvgazeta\"},{\"@type\":\"BreadcrumbList\",\"@id\":\"https:\/\/nk7-testes.com.br\/agazeta\/acre-reduz-163-leitos-no-sistema-de-saude-publica\/#breadcrumb\",\"itemListElement\":[{\"@type\":\"ListItem\",\"position\":1,\"name\":\"In\u00edcio\",\"item\":\"https:\/\/nk7-testes.com.br\/agazeta\/\"},{\"@type\":\"ListItem\",\"position\":2,\"name\":\"Acre reduz 163 leitos no sistema de sa\u00fade p\u00fablica\"}]},{\"@type\":\"WebSite\",\"@id\":\"https:\/\/nk7-testes.com.br\/agazeta\/#website\",\"url\":\"https:\/\/nk7-testes.com.br\/agazeta\/\",\"name\":\"Agazeta.net\",\"description\":\"Agazeta.net - Not\u00edcias de Rio Branco\/AC\",\"potentialAction\":[{\"@type\":\"SearchAction\",\"target\":{\"@type\":\"EntryPoint\",\"urlTemplate\":\"https:\/\/nk7-testes.com.br\/agazeta\/?s={search_term_string}\"},\"query-input\":{\"@type\":\"PropertyValueSpecification\",\"valueRequired\":true,\"valueName\":\"search_term_string\"}}],\"inLanguage\":\"pt-BR\"},{\"@type\":\"Person\",\"@id\":\"https:\/\/nk7-testes.com.br\/agazeta\/#\/schema\/person\/6d6e25cb0435eb4a02fd44d30b4e3020\",\"name\":\"Agazeta.Net\",\"url\":\"https:\/\/nk7-testes.com.br\/agazeta\/author\/agazeta\/\"}]}<\/script>\n<!-- \/ Yoast SEO plugin. -->","yoast_head_json":{"title":"Acre reduz 163 leitos no sistema de sa\u00fade p\u00fablica - Agazeta.net","robots":{"index":"index","follow":"follow","max-snippet":"max-snippet:-1","max-image-preview":"max-image-preview:large","max-video-preview":"max-video-preview:-1"},"canonical":"https:\/\/nk7-testes.com.br\/agazeta\/acre-reduz-163-leitos-no-sistema-de-saude-publica\/","og_locale":"pt_BR","og_type":"article","og_title":"Acre reduz 163 leitos no sistema de sa\u00fade p\u00fablica - Agazeta.net","og_description":"\"Como ter tratamento adequado nessas condi\u00e7\u00f5es?\"","og_url":"https:\/\/nk7-testes.com.br\/agazeta\/acre-reduz-163-leitos-no-sistema-de-saude-publica\/","og_site_name":"Agazeta.net","article_published_time":"2016-05-18T20:18:17+00:00","og_image":[{"width":458,"height":340,"url":"https:\/\/nk7-testes.com.br\/agazeta\/wp-content\/uploads\/2016\/05\/180516-cotidiano-medico-tvgazeta.jpg","type":"image\/jpeg"}],"author":"Agazeta.Net","twitter_card":"summary_large_image","twitter_misc":{"Escrito por":"Agazeta.Net","Est. tempo de leitura":"2 minutos"},"schema":{"@context":"https:\/\/schema.org","@graph":[{"@type":"WebPage","@id":"https:\/\/nk7-testes.com.br\/agazeta\/acre-reduz-163-leitos-no-sistema-de-saude-publica\/","url":"https:\/\/nk7-testes.com.br\/agazeta\/acre-reduz-163-leitos-no-sistema-de-saude-publica\/","name":"Acre reduz 163 leitos no sistema de sa\u00fade p\u00fablica - Agazeta.net","isPartOf":{"@id":"https:\/\/nk7-testes.com.br\/agazeta\/#website"},"primaryImageOfPage":{"@id":"https:\/\/nk7-testes.com.br\/agazeta\/acre-reduz-163-leitos-no-sistema-de-saude-publica\/#primaryimage"},"image":{"@id":"https:\/\/nk7-testes.com.br\/agazeta\/acre-reduz-163-leitos-no-sistema-de-saude-publica\/#primaryimage"},"thumbnailUrl":"https:\/\/nk7-testes.com.br\/agazeta\/wp-content\/uploads\/2016\/05\/180516-cotidiano-medico-tvgazeta.jpg","datePublished":"2016-05-18T20:18:17+00:00","author":{"@id":"https:\/\/nk7-testes.com.br\/agazeta\/#\/schema\/person\/6d6e25cb0435eb4a02fd44d30b4e3020"},"breadcrumb":{"@id":"https:\/\/nk7-testes.com.br\/agazeta\/acre-reduz-163-leitos-no-sistema-de-saude-publica\/#breadcrumb"},"inLanguage":"pt-BR","potentialAction":[{"@type":"ReadAction","target":["https:\/\/nk7-testes.com.br\/agazeta\/acre-reduz-163-leitos-no-sistema-de-saude-publica\/"]}]},{"@type":"ImageObject","inLanguage":"pt-BR","@id":"https:\/\/nk7-testes.com.br\/agazeta\/acre-reduz-163-leitos-no-sistema-de-saude-publica\/#primaryimage","url":"https:\/\/nk7-testes.com.br\/agazeta\/wp-content\/uploads\/2016\/05\/180516-cotidiano-medico-tvgazeta.jpg","contentUrl":"https:\/\/nk7-testes.com.br\/agazeta\/wp-content\/uploads\/2016\/05\/180516-cotidiano-medico-tvgazeta.jpg","width":458,"height":340,"caption":"180516-cotidiano-medico-tvgazeta"},{"@type":"BreadcrumbList","@id":"https:\/\/nk7-testes.com.br\/agazeta\/acre-reduz-163-leitos-no-sistema-de-saude-publica\/#breadcrumb","itemListElement":[{"@type":"ListItem","position":1,"name":"In\u00edcio","item":"https:\/\/nk7-testes.com.br\/agazeta\/"},{"@type":"ListItem","position":2,"name":"Acre reduz 163 leitos no sistema de sa\u00fade p\u00fablica"}]},{"@type":"WebSite","@id":"https:\/\/nk7-testes.com.br\/agazeta\/#website","url":"https:\/\/nk7-testes.com.br\/agazeta\/","name":"Agazeta.net","description":"Agazeta.net - Not\u00edcias de Rio Branco\/AC","potentialAction":[{"@type":"SearchAction","target":{"@type":"EntryPoint","urlTemplate":"https:\/\/nk7-testes.com.br\/agazeta\/?s={search_term_string}"},"query-input":{"@type":"PropertyValueSpecification","valueRequired":true,"valueName":"search_term_string"}}],"inLanguage":"pt-BR"},{"@type":"Person","@id":"https:\/\/nk7-testes.com.br\/agazeta\/#\/schema\/person\/6d6e25cb0435eb4a02fd44d30b4e3020","name":"Agazeta.Net","url":"https:\/\/nk7-testes.com.br\/agazeta\/author\/agazeta\/"}]}},"_links":{"self":[{"href":"https:\/\/nk7-testes.com.br\/agazeta\/wp-json\/wp\/v2\/posts\/22820","targetHints":{"allow":["GET"]}}],"collection":[{"href":"https:\/\/nk7-testes.com.br\/agazeta\/wp-json\/wp\/v2\/posts"}],"about":[{"href":"https:\/\/nk7-testes.com.br\/agazeta\/wp-json\/wp\/v2\/types\/post"}],"author":[{"embeddable":true,"href":"https:\/\/nk7-testes.com.br\/agazeta\/wp-json\/wp\/v2\/users\/4"}],"replies":[{"embeddable":true,"href":"https:\/\/nk7-testes.com.br\/agazeta\/wp-json\/wp\/v2\/comments?post=22820"}],"version-history":[{"count":0,"href":"https:\/\/nk7-testes.com.br\/agazeta\/wp-json\/wp\/v2\/posts\/22820\/revisions"}],"wp:featuredmedia":[{"embeddable":true,"href":"https:\/\/nk7-testes.com.br\/agazeta\/wp-json\/wp\/v2\/media\/22819"}],"wp:attachment":[{"href":"https:\/\/nk7-testes.com.br\/agazeta\/wp-json\/wp\/v2\/media?parent=22820"}],"wp:term":[{"taxonomy":"category","embeddable":true,"href":"https:\/\/nk7-testes.com.br\/agazeta\/wp-json\/wp\/v2\/categories?post=22820"},{"taxonomy":"post_tag","embeddable":true,"href":"https:\/\/nk7-testes.com.br\/agazeta\/wp-json\/wp\/v2\/tags?post=22820"}],"curies":[{"name":"wp","href":"https:\/\/api.w.org\/{rel}","templated":true}]}}