{"id":22807,"date":"2016-05-18T15:12:49","date_gmt":"2016-05-18T15:12:49","guid":{"rendered":"https:\/\/abarevegan.com.br\/index.php\/2016\/05\/18\/educacao-inclusiva-autismo-in-foco\/"},"modified":"2016-05-18T15:12:49","modified_gmt":"2016-05-18T15:12:49","slug":"educacao-inclusiva-autismo-in-foco","status":"publish","type":"post","link":"https:\/\/nk7-testes.com.br\/agazeta\/educacao-inclusiva-autismo-in-foco\/","title":{"rendered":"Educa\u00e7\u00e3o inclusiva: \u201cAutismo In foco\u201d"},"content":{"rendered":"<p style=\"text-align: justify;\">Assembleia traz especialistas para debater assunto<\/p>\n<p style=\"text-align: justify;\">Aconteceu na tarde desta quarta-feira, o lan\u00e7amento do 1\u00ba Programa em educa\u00e7\u00e3o inclusiva, com \u00eanfase em autismo do Estado. A parceria entre governo, Aleac e Tribunal de Contas vai garantir descontos de at\u00e9 80% nas mensalidades dos inscritos para cursos de forma\u00e7\u00e3o continuada e p\u00f3s-gradua\u00e7\u00e3o.<\/p>\n<p style=\"text-align: justify;\">O audit\u00f3rio do Teatro Pl\u00e1cido de Castro lotou para acompanhar o lan\u00e7amento do programa em educa\u00e7\u00e3o inclusiva. A principal convidada do evento, professora Maria Elisa Fonseca recebeu muitos aplausos ao ser apresentada.<\/p>\n<p style=\"text-align: justify;\">Coordenadora do programa \u201cAutismo Infoco\u201d, psic\u00f3loga e mestre em educa\u00e7\u00e3o especial, Maria Elisa tamb\u00e9m ganhou respeito, por ser uma das profissionais mais qualificadas no tema autismo.<\/p>\n<p style=\"text-align: justify;\">O Programa em educa\u00e7\u00e3o inclusiva, pol\u00edticas de inclus\u00e3o e autismo do Estado \u00e9 uma parceria entre a Assembleia Legislativa, o governo do Acre o Tribunal de Contas do Estado e o Instituto Infoco P\u00f3lis Civitas.<\/p>\n<p style=\"text-align: justify;\">Ser\u00e3o ofertados cinco cursos para pessoas de n\u00edvel m\u00e9dio ou superior nas modalidades de aperfei\u00e7oamento e p\u00f3s-gradua\u00e7\u00e3o.<\/p>\n<p style=\"text-align: justify;\">Com as parcerias entre Aleac, governo e TCE, os cursos foram subsidiados e o desconto chega a 80%. Pagando a vista, o investimento total do aluno ser\u00e1 de R$ 690,00. Tamb\u00e9m h\u00e1 op\u00e7\u00e3o de parcelamento em at\u00e9 12 vezes.<\/p>\n<p style=\"text-align: justify;\">Segundo o presidente da Aleac, o objetivo \u00e9 proporcionar capacita\u00e7\u00e3o de qualidade e fortalecer a inclus\u00e3o. \u201cAcho que a Assembleia Legislativa d\u00e1 um ponta p\u00e9 inicial extremamente importante nessa quest\u00e3o da inclus\u00e3o social\u201d, afirmou.<\/p>\n<p style=\"text-align: justify;\">Para o presidente da comiss\u00e3o de educa\u00e7\u00e3o da Aleac, deputado Daniel Zen, o autismo \u00e9 um tema ainda pouco difundido e que precisa ser aprofundado tanto entre profissionais da educa\u00e7\u00e3o, quanto da sa\u00fade.<\/p>\n<p style=\"text-align: justify;\">\u201cUma em cada 100 pessoas apresentam diagn\u00f3stico de autismo sobretudo na primeira e segunda inf\u00e2ncia. Ent\u00e3o \u00e9 necess\u00e1rio investir pesadamente nos profissionais que atuam com educa\u00e7\u00e3o especial e tamb\u00e9m os profissionais de sa\u00fade\u201d, disse.<\/p>\n<p style=\"text-align: justify;\">O programa disponibiliza mais de tr\u00eas mil vagas a partir desta quarta-feira pelo site: www.acreinfoco.com.br<\/p>\n","protected":false},"excerpt":{"rendered":"<p style=\"text-align: justify;\">Assembleia traz especialistas para debater assunto<\/p>\n","protected":false},"author":4,"featured_media":22806,"comment_status":"open","ping_status":"open","sticky":false,"template":"","format":"standard","meta":{"jnews-multi-image_gallery":[],"jnews_single_post":[],"jnews_primary_category":[],"jnews_social_meta":[],"jnews_review":[],"enable_review":"","type":"","name":"","summary":"","brand":"","sku":"","good":[],"bad":[],"score_override":"","override_value":"","rating":[],"price":[],"footnotes":""},"categories":[54],"tags":[],"class_list":["post-22807","post","type-post","status-publish","format-standard","has-post-thumbnail","hentry","category-cotidiano"],"yoast_head":"<!-- This site is optimized with the Yoast SEO plugin v26.5 - https:\/\/yoast.com\/wordpress\/plugins\/seo\/ -->\n<title>Educa\u00e7\u00e3o inclusiva: \u201cAutismo In foco\u201d - Agazeta.net<\/title>\n<meta name=\"robots\" content=\"index, follow, max-snippet:-1, max-image-preview:large, max-video-preview:-1\" \/>\n<link rel=\"canonical\" href=\"https:\/\/nk7-testes.com.br\/agazeta\/educacao-inclusiva-autismo-in-foco\/\" \/>\n<meta property=\"og:locale\" content=\"pt_BR\" \/>\n<meta property=\"og:type\" content=\"article\" \/>\n<meta property=\"og:title\" content=\"Educa\u00e7\u00e3o inclusiva: \u201cAutismo In foco\u201d - Agazeta.net\" \/>\n<meta property=\"og:description\" content=\"Assembleia traz especialistas para debater assunto\" \/>\n<meta property=\"og:url\" content=\"https:\/\/nk7-testes.com.br\/agazeta\/educacao-inclusiva-autismo-in-foco\/\" \/>\n<meta property=\"og:site_name\" content=\"Agazeta.net\" \/>\n<meta property=\"article:published_time\" content=\"2016-05-18T15:12:49+00:00\" \/>\n<meta property=\"og:image\" content=\"https:\/\/nk7-testes.com.br\/agazeta\/wp-content\/uploads\/2016\/05\/180516-cotidiano-educacaoinclusiva-tvgazeta.jpg\" \/>\n\t<meta property=\"og:image:width\" content=\"458\" \/>\n\t<meta property=\"og:image:height\" content=\"340\" \/>\n\t<meta property=\"og:image:type\" content=\"image\/jpeg\" \/>\n<meta name=\"author\" content=\"Agazeta.Net\" \/>\n<meta name=\"twitter:card\" content=\"summary_large_image\" \/>\n<meta name=\"twitter:label1\" content=\"Escrito por\" \/>\n\t<meta name=\"twitter:data1\" content=\"Agazeta.Net\" \/>\n\t<meta name=\"twitter:label2\" content=\"Est. tempo de leitura\" \/>\n\t<meta name=\"twitter:data2\" content=\"2 minutos\" \/>\n<script type=\"application\/ld+json\" class=\"yoast-schema-graph\">{\"@context\":\"https:\/\/schema.org\",\"@graph\":[{\"@type\":\"WebPage\",\"@id\":\"https:\/\/nk7-testes.com.br\/agazeta\/educacao-inclusiva-autismo-in-foco\/\",\"url\":\"https:\/\/nk7-testes.com.br\/agazeta\/educacao-inclusiva-autismo-in-foco\/\",\"name\":\"Educa\u00e7\u00e3o inclusiva: \u201cAutismo In foco\u201d - Agazeta.net\",\"isPartOf\":{\"@id\":\"https:\/\/nk7-testes.com.br\/agazeta\/#website\"},\"primaryImageOfPage\":{\"@id\":\"https:\/\/nk7-testes.com.br\/agazeta\/educacao-inclusiva-autismo-in-foco\/#primaryimage\"},\"image\":{\"@id\":\"https:\/\/nk7-testes.com.br\/agazeta\/educacao-inclusiva-autismo-in-foco\/#primaryimage\"},\"thumbnailUrl\":\"https:\/\/nk7-testes.com.br\/agazeta\/wp-content\/uploads\/2016\/05\/180516-cotidiano-educacaoinclusiva-tvgazeta.jpg\",\"datePublished\":\"2016-05-18T15:12:49+00:00\",\"author\":{\"@id\":\"https:\/\/nk7-testes.com.br\/agazeta\/#\/schema\/person\/6d6e25cb0435eb4a02fd44d30b4e3020\"},\"breadcrumb\":{\"@id\":\"https:\/\/nk7-testes.com.br\/agazeta\/educacao-inclusiva-autismo-in-foco\/#breadcrumb\"},\"inLanguage\":\"pt-BR\",\"potentialAction\":[{\"@type\":\"ReadAction\",\"target\":[\"https:\/\/nk7-testes.com.br\/agazeta\/educacao-inclusiva-autismo-in-foco\/\"]}]},{\"@type\":\"ImageObject\",\"inLanguage\":\"pt-BR\",\"@id\":\"https:\/\/nk7-testes.com.br\/agazeta\/educacao-inclusiva-autismo-in-foco\/#primaryimage\",\"url\":\"https:\/\/nk7-testes.com.br\/agazeta\/wp-content\/uploads\/2016\/05\/180516-cotidiano-educacaoinclusiva-tvgazeta.jpg\",\"contentUrl\":\"https:\/\/nk7-testes.com.br\/agazeta\/wp-content\/uploads\/2016\/05\/180516-cotidiano-educacaoinclusiva-tvgazeta.jpg\",\"width\":458,\"height\":340,\"caption\":\"180516-cotidiano-educacaoinclusiva-tvgazeta\"},{\"@type\":\"BreadcrumbList\",\"@id\":\"https:\/\/nk7-testes.com.br\/agazeta\/educacao-inclusiva-autismo-in-foco\/#breadcrumb\",\"itemListElement\":[{\"@type\":\"ListItem\",\"position\":1,\"name\":\"In\u00edcio\",\"item\":\"https:\/\/nk7-testes.com.br\/agazeta\/\"},{\"@type\":\"ListItem\",\"position\":2,\"name\":\"Educa\u00e7\u00e3o inclusiva: \u201cAutismo In foco\u201d\"}]},{\"@type\":\"WebSite\",\"@id\":\"https:\/\/nk7-testes.com.br\/agazeta\/#website\",\"url\":\"https:\/\/nk7-testes.com.br\/agazeta\/\",\"name\":\"Agazeta.net\",\"description\":\"Agazeta.net - Not\u00edcias de Rio Branco\/AC\",\"potentialAction\":[{\"@type\":\"SearchAction\",\"target\":{\"@type\":\"EntryPoint\",\"urlTemplate\":\"https:\/\/nk7-testes.com.br\/agazeta\/?s={search_term_string}\"},\"query-input\":{\"@type\":\"PropertyValueSpecification\",\"valueRequired\":true,\"valueName\":\"search_term_string\"}}],\"inLanguage\":\"pt-BR\"},{\"@type\":\"Person\",\"@id\":\"https:\/\/nk7-testes.com.br\/agazeta\/#\/schema\/person\/6d6e25cb0435eb4a02fd44d30b4e3020\",\"name\":\"Agazeta.Net\",\"url\":\"https:\/\/nk7-testes.com.br\/agazeta\/author\/agazeta\/\"}]}<\/script>\n<!-- \/ Yoast SEO plugin. -->","yoast_head_json":{"title":"Educa\u00e7\u00e3o inclusiva: \u201cAutismo In foco\u201d - Agazeta.net","robots":{"index":"index","follow":"follow","max-snippet":"max-snippet:-1","max-image-preview":"max-image-preview:large","max-video-preview":"max-video-preview:-1"},"canonical":"https:\/\/nk7-testes.com.br\/agazeta\/educacao-inclusiva-autismo-in-foco\/","og_locale":"pt_BR","og_type":"article","og_title":"Educa\u00e7\u00e3o inclusiva: \u201cAutismo In foco\u201d - Agazeta.net","og_description":"Assembleia traz especialistas para debater assunto","og_url":"https:\/\/nk7-testes.com.br\/agazeta\/educacao-inclusiva-autismo-in-foco\/","og_site_name":"Agazeta.net","article_published_time":"2016-05-18T15:12:49+00:00","og_image":[{"width":458,"height":340,"url":"https:\/\/nk7-testes.com.br\/agazeta\/wp-content\/uploads\/2016\/05\/180516-cotidiano-educacaoinclusiva-tvgazeta.jpg","type":"image\/jpeg"}],"author":"Agazeta.Net","twitter_card":"summary_large_image","twitter_misc":{"Escrito por":"Agazeta.Net","Est. tempo de leitura":"2 minutos"},"schema":{"@context":"https:\/\/schema.org","@graph":[{"@type":"WebPage","@id":"https:\/\/nk7-testes.com.br\/agazeta\/educacao-inclusiva-autismo-in-foco\/","url":"https:\/\/nk7-testes.com.br\/agazeta\/educacao-inclusiva-autismo-in-foco\/","name":"Educa\u00e7\u00e3o inclusiva: \u201cAutismo In foco\u201d - Agazeta.net","isPartOf":{"@id":"https:\/\/nk7-testes.com.br\/agazeta\/#website"},"primaryImageOfPage":{"@id":"https:\/\/nk7-testes.com.br\/agazeta\/educacao-inclusiva-autismo-in-foco\/#primaryimage"},"image":{"@id":"https:\/\/nk7-testes.com.br\/agazeta\/educacao-inclusiva-autismo-in-foco\/#primaryimage"},"thumbnailUrl":"https:\/\/nk7-testes.com.br\/agazeta\/wp-content\/uploads\/2016\/05\/180516-cotidiano-educacaoinclusiva-tvgazeta.jpg","datePublished":"2016-05-18T15:12:49+00:00","author":{"@id":"https:\/\/nk7-testes.com.br\/agazeta\/#\/schema\/person\/6d6e25cb0435eb4a02fd44d30b4e3020"},"breadcrumb":{"@id":"https:\/\/nk7-testes.com.br\/agazeta\/educacao-inclusiva-autismo-in-foco\/#breadcrumb"},"inLanguage":"pt-BR","potentialAction":[{"@type":"ReadAction","target":["https:\/\/nk7-testes.com.br\/agazeta\/educacao-inclusiva-autismo-in-foco\/"]}]},{"@type":"ImageObject","inLanguage":"pt-BR","@id":"https:\/\/nk7-testes.com.br\/agazeta\/educacao-inclusiva-autismo-in-foco\/#primaryimage","url":"https:\/\/nk7-testes.com.br\/agazeta\/wp-content\/uploads\/2016\/05\/180516-cotidiano-educacaoinclusiva-tvgazeta.jpg","contentUrl":"https:\/\/nk7-testes.com.br\/agazeta\/wp-content\/uploads\/2016\/05\/180516-cotidiano-educacaoinclusiva-tvgazeta.jpg","width":458,"height":340,"caption":"180516-cotidiano-educacaoinclusiva-tvgazeta"},{"@type":"BreadcrumbList","@id":"https:\/\/nk7-testes.com.br\/agazeta\/educacao-inclusiva-autismo-in-foco\/#breadcrumb","itemListElement":[{"@type":"ListItem","position":1,"name":"In\u00edcio","item":"https:\/\/nk7-testes.com.br\/agazeta\/"},{"@type":"ListItem","position":2,"name":"Educa\u00e7\u00e3o inclusiva: \u201cAutismo In foco\u201d"}]},{"@type":"WebSite","@id":"https:\/\/nk7-testes.com.br\/agazeta\/#website","url":"https:\/\/nk7-testes.com.br\/agazeta\/","name":"Agazeta.net","description":"Agazeta.net - Not\u00edcias de Rio Branco\/AC","potentialAction":[{"@type":"SearchAction","target":{"@type":"EntryPoint","urlTemplate":"https:\/\/nk7-testes.com.br\/agazeta\/?s={search_term_string}"},"query-input":{"@type":"PropertyValueSpecification","valueRequired":true,"valueName":"search_term_string"}}],"inLanguage":"pt-BR"},{"@type":"Person","@id":"https:\/\/nk7-testes.com.br\/agazeta\/#\/schema\/person\/6d6e25cb0435eb4a02fd44d30b4e3020","name":"Agazeta.Net","url":"https:\/\/nk7-testes.com.br\/agazeta\/author\/agazeta\/"}]}},"_links":{"self":[{"href":"https:\/\/nk7-testes.com.br\/agazeta\/wp-json\/wp\/v2\/posts\/22807","targetHints":{"allow":["GET"]}}],"collection":[{"href":"https:\/\/nk7-testes.com.br\/agazeta\/wp-json\/wp\/v2\/posts"}],"about":[{"href":"https:\/\/nk7-testes.com.br\/agazeta\/wp-json\/wp\/v2\/types\/post"}],"author":[{"embeddable":true,"href":"https:\/\/nk7-testes.com.br\/agazeta\/wp-json\/wp\/v2\/users\/4"}],"replies":[{"embeddable":true,"href":"https:\/\/nk7-testes.com.br\/agazeta\/wp-json\/wp\/v2\/comments?post=22807"}],"version-history":[{"count":0,"href":"https:\/\/nk7-testes.com.br\/agazeta\/wp-json\/wp\/v2\/posts\/22807\/revisions"}],"wp:featuredmedia":[{"embeddable":true,"href":"https:\/\/nk7-testes.com.br\/agazeta\/wp-json\/wp\/v2\/media\/22806"}],"wp:attachment":[{"href":"https:\/\/nk7-testes.com.br\/agazeta\/wp-json\/wp\/v2\/media?parent=22807"}],"wp:term":[{"taxonomy":"category","embeddable":true,"href":"https:\/\/nk7-testes.com.br\/agazeta\/wp-json\/wp\/v2\/categories?post=22807"},{"taxonomy":"post_tag","embeddable":true,"href":"https:\/\/nk7-testes.com.br\/agazeta\/wp-json\/wp\/v2\/tags?post=22807"}],"curies":[{"name":"wp","href":"https:\/\/api.w.org\/{rel}","templated":true}]}}