{"id":22803,"date":"2016-05-18T14:29:54","date_gmt":"2016-05-18T14:29:54","guid":{"rendered":"https:\/\/abarevegan.com.br\/index.php\/2016\/05\/18\/rapaz-de-19-anos-atira-acidentalmente-na-propria-barriga\/"},"modified":"2016-05-18T14:29:54","modified_gmt":"2016-05-18T14:29:54","slug":"rapaz-de-19-anos-atira-acidentalmente-na-propria-barriga","status":"publish","type":"post","link":"https:\/\/nk7-testes.com.br\/agazeta\/rapaz-de-19-anos-atira-acidentalmente-na-propria-barriga\/","title":{"rendered":"Rapaz de 19 anos atira acidentalmente na pr\u00f3pria barriga"},"content":{"rendered":"<p style=\"text-align: justify;\">Jovem entrou em estado grava no Hospital de Urg\u00eancia<\/p>\n<p style=\"text-align: justify;\">Pablo Corr\u00eaa do Nascimento, 19, foi socorrido pelo Samu por volta das 18h, ap\u00f3s se ferir com uma arma de fogo em casa localizada na Rua Bel\u00e9m, no bairro Nova Esta\u00e7\u00e3o em Rio Branco.<\/p>\n<p style=\"text-align: justify;\">Segundo informa\u00e7\u00f5es do Samu, o jovem teve o abdome perfurado e deu entrada em estado grave no Hospital de Urg\u00eancia e Emerg\u00eancia onde passaria por um procedimento cir\u00fargico (Huerb).<\/p>\n","protected":false},"excerpt":{"rendered":"<p style=\"text-align: justify;\">Jovem entrou em estado grava no Hospital de Urg\u00eancia<\/p>\n","protected":false},"author":4,"featured_media":22802,"comment_status":"open","ping_status":"open","sticky":false,"template":"","format":"standard","meta":{"jnews-multi-image_gallery":[],"jnews_single_post":[],"jnews_primary_category":[],"jnews_social_meta":[],"jnews_review":[],"enable_review":"","type":"","name":"","summary":"","brand":"","sku":"","good":[],"bad":[],"score_override":"","override_value":"","rating":[],"price":[],"footnotes":""},"categories":[44],"tags":[],"class_list":["post-22803","post","type-post","status-publish","format-standard","has-post-thumbnail","hentry","category-policia"],"yoast_head":"<!-- This site is optimized with the Yoast SEO plugin v26.5 - https:\/\/yoast.com\/wordpress\/plugins\/seo\/ -->\n<title>Rapaz de 19 anos atira acidentalmente na pr\u00f3pria barriga - Agazeta.net<\/title>\n<meta name=\"robots\" content=\"index, follow, max-snippet:-1, max-image-preview:large, max-video-preview:-1\" \/>\n<link rel=\"canonical\" href=\"https:\/\/nk7-testes.com.br\/agazeta\/rapaz-de-19-anos-atira-acidentalmente-na-propria-barriga\/\" \/>\n<meta property=\"og:locale\" content=\"pt_BR\" \/>\n<meta property=\"og:type\" content=\"article\" \/>\n<meta property=\"og:title\" content=\"Rapaz de 19 anos atira acidentalmente na pr\u00f3pria barriga - Agazeta.net\" \/>\n<meta property=\"og:description\" content=\"Jovem entrou em estado grava no Hospital de Urg\u00eancia\" \/>\n<meta property=\"og:url\" content=\"https:\/\/nk7-testes.com.br\/agazeta\/rapaz-de-19-anos-atira-acidentalmente-na-propria-barriga\/\" \/>\n<meta property=\"og:site_name\" content=\"Agazeta.net\" \/>\n<meta property=\"article:published_time\" content=\"2016-05-18T14:29:54+00:00\" \/>\n<meta property=\"og:image\" content=\"https:\/\/nk7-testes.com.br\/agazeta\/wp-content\/uploads\/2016\/05\/180516-policia-acidente-cleriston.jpg\" \/>\n\t<meta property=\"og:image:width\" content=\"458\" \/>\n\t<meta property=\"og:image:height\" content=\"340\" \/>\n\t<meta property=\"og:image:type\" content=\"image\/jpeg\" \/>\n<meta name=\"author\" content=\"Agazeta.Net\" \/>\n<meta name=\"twitter:card\" content=\"summary_large_image\" \/>\n<meta name=\"twitter:label1\" content=\"Escrito por\" \/>\n\t<meta name=\"twitter:data1\" content=\"Agazeta.Net\" \/>\n<script type=\"application\/ld+json\" class=\"yoast-schema-graph\">{\"@context\":\"https:\/\/schema.org\",\"@graph\":[{\"@type\":\"WebPage\",\"@id\":\"https:\/\/nk7-testes.com.br\/agazeta\/rapaz-de-19-anos-atira-acidentalmente-na-propria-barriga\/\",\"url\":\"https:\/\/nk7-testes.com.br\/agazeta\/rapaz-de-19-anos-atira-acidentalmente-na-propria-barriga\/\",\"name\":\"Rapaz de 19 anos atira acidentalmente na pr\u00f3pria barriga - Agazeta.net\",\"isPartOf\":{\"@id\":\"https:\/\/nk7-testes.com.br\/agazeta\/#website\"},\"primaryImageOfPage\":{\"@id\":\"https:\/\/nk7-testes.com.br\/agazeta\/rapaz-de-19-anos-atira-acidentalmente-na-propria-barriga\/#primaryimage\"},\"image\":{\"@id\":\"https:\/\/nk7-testes.com.br\/agazeta\/rapaz-de-19-anos-atira-acidentalmente-na-propria-barriga\/#primaryimage\"},\"thumbnailUrl\":\"https:\/\/nk7-testes.com.br\/agazeta\/wp-content\/uploads\/2016\/05\/180516-policia-acidente-cleriston.jpg\",\"datePublished\":\"2016-05-18T14:29:54+00:00\",\"author\":{\"@id\":\"https:\/\/nk7-testes.com.br\/agazeta\/#\/schema\/person\/6d6e25cb0435eb4a02fd44d30b4e3020\"},\"breadcrumb\":{\"@id\":\"https:\/\/nk7-testes.com.br\/agazeta\/rapaz-de-19-anos-atira-acidentalmente-na-propria-barriga\/#breadcrumb\"},\"inLanguage\":\"pt-BR\",\"potentialAction\":[{\"@type\":\"ReadAction\",\"target\":[\"https:\/\/nk7-testes.com.br\/agazeta\/rapaz-de-19-anos-atira-acidentalmente-na-propria-barriga\/\"]}]},{\"@type\":\"ImageObject\",\"inLanguage\":\"pt-BR\",\"@id\":\"https:\/\/nk7-testes.com.br\/agazeta\/rapaz-de-19-anos-atira-acidentalmente-na-propria-barriga\/#primaryimage\",\"url\":\"https:\/\/nk7-testes.com.br\/agazeta\/wp-content\/uploads\/2016\/05\/180516-policia-acidente-cleriston.jpg\",\"contentUrl\":\"https:\/\/nk7-testes.com.br\/agazeta\/wp-content\/uploads\/2016\/05\/180516-policia-acidente-cleriston.jpg\",\"width\":458,\"height\":340,\"caption\":\"180516-policia-acidente-cleriston\"},{\"@type\":\"BreadcrumbList\",\"@id\":\"https:\/\/nk7-testes.com.br\/agazeta\/rapaz-de-19-anos-atira-acidentalmente-na-propria-barriga\/#breadcrumb\",\"itemListElement\":[{\"@type\":\"ListItem\",\"position\":1,\"name\":\"In\u00edcio\",\"item\":\"https:\/\/nk7-testes.com.br\/agazeta\/\"},{\"@type\":\"ListItem\",\"position\":2,\"name\":\"Rapaz de 19 anos atira acidentalmente na pr\u00f3pria barriga\"}]},{\"@type\":\"WebSite\",\"@id\":\"https:\/\/nk7-testes.com.br\/agazeta\/#website\",\"url\":\"https:\/\/nk7-testes.com.br\/agazeta\/\",\"name\":\"Agazeta.net\",\"description\":\"Agazeta.net - Not\u00edcias de Rio Branco\/AC\",\"potentialAction\":[{\"@type\":\"SearchAction\",\"target\":{\"@type\":\"EntryPoint\",\"urlTemplate\":\"https:\/\/nk7-testes.com.br\/agazeta\/?s={search_term_string}\"},\"query-input\":{\"@type\":\"PropertyValueSpecification\",\"valueRequired\":true,\"valueName\":\"search_term_string\"}}],\"inLanguage\":\"pt-BR\"},{\"@type\":\"Person\",\"@id\":\"https:\/\/nk7-testes.com.br\/agazeta\/#\/schema\/person\/6d6e25cb0435eb4a02fd44d30b4e3020\",\"name\":\"Agazeta.Net\",\"url\":\"https:\/\/nk7-testes.com.br\/agazeta\/author\/agazeta\/\"}]}<\/script>\n<!-- \/ Yoast SEO plugin. -->","yoast_head_json":{"title":"Rapaz de 19 anos atira acidentalmente na pr\u00f3pria barriga - Agazeta.net","robots":{"index":"index","follow":"follow","max-snippet":"max-snippet:-1","max-image-preview":"max-image-preview:large","max-video-preview":"max-video-preview:-1"},"canonical":"https:\/\/nk7-testes.com.br\/agazeta\/rapaz-de-19-anos-atira-acidentalmente-na-propria-barriga\/","og_locale":"pt_BR","og_type":"article","og_title":"Rapaz de 19 anos atira acidentalmente na pr\u00f3pria barriga - Agazeta.net","og_description":"Jovem entrou em estado grava no Hospital de Urg\u00eancia","og_url":"https:\/\/nk7-testes.com.br\/agazeta\/rapaz-de-19-anos-atira-acidentalmente-na-propria-barriga\/","og_site_name":"Agazeta.net","article_published_time":"2016-05-18T14:29:54+00:00","og_image":[{"width":458,"height":340,"url":"https:\/\/nk7-testes.com.br\/agazeta\/wp-content\/uploads\/2016\/05\/180516-policia-acidente-cleriston.jpg","type":"image\/jpeg"}],"author":"Agazeta.Net","twitter_card":"summary_large_image","twitter_misc":{"Escrito por":"Agazeta.Net"},"schema":{"@context":"https:\/\/schema.org","@graph":[{"@type":"WebPage","@id":"https:\/\/nk7-testes.com.br\/agazeta\/rapaz-de-19-anos-atira-acidentalmente-na-propria-barriga\/","url":"https:\/\/nk7-testes.com.br\/agazeta\/rapaz-de-19-anos-atira-acidentalmente-na-propria-barriga\/","name":"Rapaz de 19 anos atira acidentalmente na pr\u00f3pria barriga - Agazeta.net","isPartOf":{"@id":"https:\/\/nk7-testes.com.br\/agazeta\/#website"},"primaryImageOfPage":{"@id":"https:\/\/nk7-testes.com.br\/agazeta\/rapaz-de-19-anos-atira-acidentalmente-na-propria-barriga\/#primaryimage"},"image":{"@id":"https:\/\/nk7-testes.com.br\/agazeta\/rapaz-de-19-anos-atira-acidentalmente-na-propria-barriga\/#primaryimage"},"thumbnailUrl":"https:\/\/nk7-testes.com.br\/agazeta\/wp-content\/uploads\/2016\/05\/180516-policia-acidente-cleriston.jpg","datePublished":"2016-05-18T14:29:54+00:00","author":{"@id":"https:\/\/nk7-testes.com.br\/agazeta\/#\/schema\/person\/6d6e25cb0435eb4a02fd44d30b4e3020"},"breadcrumb":{"@id":"https:\/\/nk7-testes.com.br\/agazeta\/rapaz-de-19-anos-atira-acidentalmente-na-propria-barriga\/#breadcrumb"},"inLanguage":"pt-BR","potentialAction":[{"@type":"ReadAction","target":["https:\/\/nk7-testes.com.br\/agazeta\/rapaz-de-19-anos-atira-acidentalmente-na-propria-barriga\/"]}]},{"@type":"ImageObject","inLanguage":"pt-BR","@id":"https:\/\/nk7-testes.com.br\/agazeta\/rapaz-de-19-anos-atira-acidentalmente-na-propria-barriga\/#primaryimage","url":"https:\/\/nk7-testes.com.br\/agazeta\/wp-content\/uploads\/2016\/05\/180516-policia-acidente-cleriston.jpg","contentUrl":"https:\/\/nk7-testes.com.br\/agazeta\/wp-content\/uploads\/2016\/05\/180516-policia-acidente-cleriston.jpg","width":458,"height":340,"caption":"180516-policia-acidente-cleriston"},{"@type":"BreadcrumbList","@id":"https:\/\/nk7-testes.com.br\/agazeta\/rapaz-de-19-anos-atira-acidentalmente-na-propria-barriga\/#breadcrumb","itemListElement":[{"@type":"ListItem","position":1,"name":"In\u00edcio","item":"https:\/\/nk7-testes.com.br\/agazeta\/"},{"@type":"ListItem","position":2,"name":"Rapaz de 19 anos atira acidentalmente na pr\u00f3pria barriga"}]},{"@type":"WebSite","@id":"https:\/\/nk7-testes.com.br\/agazeta\/#website","url":"https:\/\/nk7-testes.com.br\/agazeta\/","name":"Agazeta.net","description":"Agazeta.net - Not\u00edcias de Rio Branco\/AC","potentialAction":[{"@type":"SearchAction","target":{"@type":"EntryPoint","urlTemplate":"https:\/\/nk7-testes.com.br\/agazeta\/?s={search_term_string}"},"query-input":{"@type":"PropertyValueSpecification","valueRequired":true,"valueName":"search_term_string"}}],"inLanguage":"pt-BR"},{"@type":"Person","@id":"https:\/\/nk7-testes.com.br\/agazeta\/#\/schema\/person\/6d6e25cb0435eb4a02fd44d30b4e3020","name":"Agazeta.Net","url":"https:\/\/nk7-testes.com.br\/agazeta\/author\/agazeta\/"}]}},"_links":{"self":[{"href":"https:\/\/nk7-testes.com.br\/agazeta\/wp-json\/wp\/v2\/posts\/22803","targetHints":{"allow":["GET"]}}],"collection":[{"href":"https:\/\/nk7-testes.com.br\/agazeta\/wp-json\/wp\/v2\/posts"}],"about":[{"href":"https:\/\/nk7-testes.com.br\/agazeta\/wp-json\/wp\/v2\/types\/post"}],"author":[{"embeddable":true,"href":"https:\/\/nk7-testes.com.br\/agazeta\/wp-json\/wp\/v2\/users\/4"}],"replies":[{"embeddable":true,"href":"https:\/\/nk7-testes.com.br\/agazeta\/wp-json\/wp\/v2\/comments?post=22803"}],"version-history":[{"count":0,"href":"https:\/\/nk7-testes.com.br\/agazeta\/wp-json\/wp\/v2\/posts\/22803\/revisions"}],"wp:featuredmedia":[{"embeddable":true,"href":"https:\/\/nk7-testes.com.br\/agazeta\/wp-json\/wp\/v2\/media\/22802"}],"wp:attachment":[{"href":"https:\/\/nk7-testes.com.br\/agazeta\/wp-json\/wp\/v2\/media?parent=22803"}],"wp:term":[{"taxonomy":"category","embeddable":true,"href":"https:\/\/nk7-testes.com.br\/agazeta\/wp-json\/wp\/v2\/categories?post=22803"},{"taxonomy":"post_tag","embeddable":true,"href":"https:\/\/nk7-testes.com.br\/agazeta\/wp-json\/wp\/v2\/tags?post=22803"}],"curies":[{"name":"wp","href":"https:\/\/api.w.org\/{rel}","templated":true}]}}