{"id":22791,"date":"2016-05-17T19:09:25","date_gmt":"2016-05-17T19:09:25","guid":{"rendered":"https:\/\/abarevegan.com.br\/index.php\/2016\/05\/17\/hulk-nao-fez-delacao-premiada-diz-defesa\/"},"modified":"2016-05-17T19:09:25","modified_gmt":"2016-05-17T19:09:25","slug":"hulk-nao-fez-delacao-premiada-diz-defesa","status":"publish","type":"post","link":"https:\/\/nk7-testes.com.br\/agazeta\/hulk-nao-fez-delacao-premiada-diz-defesa\/","title":{"rendered":"Hulk n\u00e3o fez dela\u00e7\u00e3o premiada, diz defesa"},"content":{"rendered":"<p style=\"text-align: justify;\">Ex-diretor da Sehab nega acordo com Minist\u00e9rio P\u00fablico<\/p>\n<p style=\"text-align: justify;\">A defesa de Marcus Hulk, ex-diretor da Secretaria de Estado de Habita\u00e7\u00e3o, acusado de vender casas do programa Minha Casa Minha Vida, tenta acabar com o boato de que ele teria fechado acordo com o Minist\u00e9rio P\u00fablico do Estado e aderido ao programa de dela\u00e7\u00e3o premiada.<\/p>\n<p style=\"text-align: justify;\">Das quatro pessoas presas em 26 de abril, acusadas de fazer parte de uma quadrilha que negociava moradias do conjunto Rui Lino III, Hulk foi o \u00fanico que a Justi\u00e7a aceitou o habeas corpus, proporcionando ao acusado a oportunidade de responder o processo em liberdade.<\/p>\n<p style=\"text-align: justify;\">Os outros tr\u00eas presos tiveram os pedidos negados pela Justi\u00e7a. O benef\u00edcio para hulk gerou a especula\u00e7\u00e3o de que poderia entregar todo o esquema das negocia\u00e7\u00f5es e apontar outras pessoas envolvidas.<\/p>\n<p style=\"text-align: justify;\">Na segunda fase da Opera\u00e7\u00e3o Lares, dois diretores da Secretaria de Estado de Habita\u00e7\u00e3o foram presos: Daniel Gomes diretor Geral e Marcos Hulk, diretor Social. No mesmo dia, a Justi\u00e7a autorizou a pris\u00e3o preventiva da ex-funcion\u00e1ria da secretaria, C\u00edcera Silva e da comerciante Rossandra Lima.<\/p>\n<p style=\"text-align: justify;\">Segundo Armysson Lee, advogado de Hulk, a liberdade do acusado se deu porque a Justi\u00e7a entendeu que ele n\u00e3o oferece riscos \u00e0 investiga\u00e7\u00e3o. Todos os fatos sobre a participa\u00e7\u00e3o dele j\u00e1 foram a p\u00fablico.<\/p>\n<p style=\"text-align: justify;\">\u201cA defesa agiu como dita as normas, e o entendimento do julgador \u00e9 que meu cliente, que \u00e9 funcion\u00e1rio p\u00fablico, tem endere\u00e7o certo e prim\u00e1rio, oferece condi\u00e7\u00f5es para responder \u00e0 a\u00e7\u00e3o em liberdade\u201d, completou. Para o advogado, o juiz entendeu que os outros acusados podem atrapalhar.<\/p>\n<p style=\"text-align: justify;\">No dia das pris\u00f5es, a pol\u00edcia chegou a divulgar informa\u00e7\u00f5es de que algumas pessoas que deram dinheiro \u00e0 quadrilha e n\u00e3o receberam a casa estavam sendo amea\u00e7ados por C\u00edcera e Rossandra, quando cobravam a moradia ou dinheiro de volta.<\/p>\n","protected":false},"excerpt":{"rendered":"<p style=\"text-align: justify;\">Ex-diretor da Sehab nega acordo com Minist\u00e9rio P\u00fablico<\/p>\n","protected":false},"author":4,"featured_media":22790,"comment_status":"open","ping_status":"open","sticky":false,"template":"","format":"standard","meta":{"jnews-multi-image_gallery":[],"jnews_single_post":[],"jnews_primary_category":[],"jnews_social_meta":[],"jnews_review":[],"enable_review":"","type":"","name":"","summary":"","brand":"","sku":"","good":[],"bad":[],"score_override":"","override_value":"","rating":[],"price":[],"footnotes":""},"categories":[44],"tags":[],"class_list":["post-22791","post","type-post","status-publish","format-standard","has-post-thumbnail","hentry","category-policia"],"yoast_head":"<!-- This site is optimized with the Yoast SEO plugin v26.5 - https:\/\/yoast.com\/wordpress\/plugins\/seo\/ -->\n<title>Hulk n\u00e3o fez dela\u00e7\u00e3o premiada, diz defesa - Agazeta.net<\/title>\n<meta name=\"robots\" content=\"index, follow, max-snippet:-1, max-image-preview:large, max-video-preview:-1\" \/>\n<link rel=\"canonical\" href=\"https:\/\/nk7-testes.com.br\/agazeta\/hulk-nao-fez-delacao-premiada-diz-defesa\/\" \/>\n<meta property=\"og:locale\" content=\"pt_BR\" \/>\n<meta property=\"og:type\" content=\"article\" \/>\n<meta property=\"og:title\" content=\"Hulk n\u00e3o fez dela\u00e7\u00e3o premiada, diz defesa - Agazeta.net\" \/>\n<meta property=\"og:description\" content=\"Ex-diretor da Sehab nega acordo com Minist\u00e9rio P\u00fablico\" \/>\n<meta property=\"og:url\" content=\"https:\/\/nk7-testes.com.br\/agazeta\/hulk-nao-fez-delacao-premiada-diz-defesa\/\" \/>\n<meta property=\"og:site_name\" content=\"Agazeta.net\" \/>\n<meta property=\"article:published_time\" content=\"2016-05-17T19:09:25+00:00\" \/>\n<meta property=\"og:image\" content=\"https:\/\/nk7-testes.com.br\/agazeta\/wp-content\/uploads\/2016\/05\/170516-policia-hulck-arquivopessoal.jpg\" \/>\n\t<meta property=\"og:image:width\" content=\"458\" \/>\n\t<meta property=\"og:image:height\" content=\"340\" \/>\n\t<meta property=\"og:image:type\" content=\"image\/jpeg\" \/>\n<meta name=\"author\" content=\"Agazeta.Net\" \/>\n<meta name=\"twitter:card\" content=\"summary_large_image\" \/>\n<meta name=\"twitter:label1\" content=\"Escrito por\" \/>\n\t<meta name=\"twitter:data1\" content=\"Agazeta.Net\" \/>\n\t<meta name=\"twitter:label2\" content=\"Est. tempo de leitura\" \/>\n\t<meta name=\"twitter:data2\" content=\"2 minutos\" \/>\n<script type=\"application\/ld+json\" class=\"yoast-schema-graph\">{\"@context\":\"https:\/\/schema.org\",\"@graph\":[{\"@type\":\"WebPage\",\"@id\":\"https:\/\/nk7-testes.com.br\/agazeta\/hulk-nao-fez-delacao-premiada-diz-defesa\/\",\"url\":\"https:\/\/nk7-testes.com.br\/agazeta\/hulk-nao-fez-delacao-premiada-diz-defesa\/\",\"name\":\"Hulk n\u00e3o fez dela\u00e7\u00e3o premiada, diz defesa - Agazeta.net\",\"isPartOf\":{\"@id\":\"https:\/\/nk7-testes.com.br\/agazeta\/#website\"},\"primaryImageOfPage\":{\"@id\":\"https:\/\/nk7-testes.com.br\/agazeta\/hulk-nao-fez-delacao-premiada-diz-defesa\/#primaryimage\"},\"image\":{\"@id\":\"https:\/\/nk7-testes.com.br\/agazeta\/hulk-nao-fez-delacao-premiada-diz-defesa\/#primaryimage\"},\"thumbnailUrl\":\"https:\/\/nk7-testes.com.br\/agazeta\/wp-content\/uploads\/2016\/05\/170516-policia-hulck-arquivopessoal.jpg\",\"datePublished\":\"2016-05-17T19:09:25+00:00\",\"author\":{\"@id\":\"https:\/\/nk7-testes.com.br\/agazeta\/#\/schema\/person\/6d6e25cb0435eb4a02fd44d30b4e3020\"},\"breadcrumb\":{\"@id\":\"https:\/\/nk7-testes.com.br\/agazeta\/hulk-nao-fez-delacao-premiada-diz-defesa\/#breadcrumb\"},\"inLanguage\":\"pt-BR\",\"potentialAction\":[{\"@type\":\"ReadAction\",\"target\":[\"https:\/\/nk7-testes.com.br\/agazeta\/hulk-nao-fez-delacao-premiada-diz-defesa\/\"]}]},{\"@type\":\"ImageObject\",\"inLanguage\":\"pt-BR\",\"@id\":\"https:\/\/nk7-testes.com.br\/agazeta\/hulk-nao-fez-delacao-premiada-diz-defesa\/#primaryimage\",\"url\":\"https:\/\/nk7-testes.com.br\/agazeta\/wp-content\/uploads\/2016\/05\/170516-policia-hulck-arquivopessoal.jpg\",\"contentUrl\":\"https:\/\/nk7-testes.com.br\/agazeta\/wp-content\/uploads\/2016\/05\/170516-policia-hulck-arquivopessoal.jpg\",\"width\":458,\"height\":340,\"caption\":\"170516-policia-hulck-arquivopessoal\"},{\"@type\":\"BreadcrumbList\",\"@id\":\"https:\/\/nk7-testes.com.br\/agazeta\/hulk-nao-fez-delacao-premiada-diz-defesa\/#breadcrumb\",\"itemListElement\":[{\"@type\":\"ListItem\",\"position\":1,\"name\":\"In\u00edcio\",\"item\":\"https:\/\/nk7-testes.com.br\/agazeta\/\"},{\"@type\":\"ListItem\",\"position\":2,\"name\":\"Hulk n\u00e3o fez dela\u00e7\u00e3o premiada, diz defesa\"}]},{\"@type\":\"WebSite\",\"@id\":\"https:\/\/nk7-testes.com.br\/agazeta\/#website\",\"url\":\"https:\/\/nk7-testes.com.br\/agazeta\/\",\"name\":\"Agazeta.net\",\"description\":\"Agazeta.net - Not\u00edcias de Rio Branco\/AC\",\"potentialAction\":[{\"@type\":\"SearchAction\",\"target\":{\"@type\":\"EntryPoint\",\"urlTemplate\":\"https:\/\/nk7-testes.com.br\/agazeta\/?s={search_term_string}\"},\"query-input\":{\"@type\":\"PropertyValueSpecification\",\"valueRequired\":true,\"valueName\":\"search_term_string\"}}],\"inLanguage\":\"pt-BR\"},{\"@type\":\"Person\",\"@id\":\"https:\/\/nk7-testes.com.br\/agazeta\/#\/schema\/person\/6d6e25cb0435eb4a02fd44d30b4e3020\",\"name\":\"Agazeta.Net\",\"url\":\"https:\/\/nk7-testes.com.br\/agazeta\/author\/agazeta\/\"}]}<\/script>\n<!-- \/ Yoast SEO plugin. -->","yoast_head_json":{"title":"Hulk n\u00e3o fez dela\u00e7\u00e3o premiada, diz defesa - Agazeta.net","robots":{"index":"index","follow":"follow","max-snippet":"max-snippet:-1","max-image-preview":"max-image-preview:large","max-video-preview":"max-video-preview:-1"},"canonical":"https:\/\/nk7-testes.com.br\/agazeta\/hulk-nao-fez-delacao-premiada-diz-defesa\/","og_locale":"pt_BR","og_type":"article","og_title":"Hulk n\u00e3o fez dela\u00e7\u00e3o premiada, diz defesa - Agazeta.net","og_description":"Ex-diretor da Sehab nega acordo com Minist\u00e9rio P\u00fablico","og_url":"https:\/\/nk7-testes.com.br\/agazeta\/hulk-nao-fez-delacao-premiada-diz-defesa\/","og_site_name":"Agazeta.net","article_published_time":"2016-05-17T19:09:25+00:00","og_image":[{"width":458,"height":340,"url":"https:\/\/nk7-testes.com.br\/agazeta\/wp-content\/uploads\/2016\/05\/170516-policia-hulck-arquivopessoal.jpg","type":"image\/jpeg"}],"author":"Agazeta.Net","twitter_card":"summary_large_image","twitter_misc":{"Escrito por":"Agazeta.Net","Est. tempo de leitura":"2 minutos"},"schema":{"@context":"https:\/\/schema.org","@graph":[{"@type":"WebPage","@id":"https:\/\/nk7-testes.com.br\/agazeta\/hulk-nao-fez-delacao-premiada-diz-defesa\/","url":"https:\/\/nk7-testes.com.br\/agazeta\/hulk-nao-fez-delacao-premiada-diz-defesa\/","name":"Hulk n\u00e3o fez dela\u00e7\u00e3o premiada, diz defesa - Agazeta.net","isPartOf":{"@id":"https:\/\/nk7-testes.com.br\/agazeta\/#website"},"primaryImageOfPage":{"@id":"https:\/\/nk7-testes.com.br\/agazeta\/hulk-nao-fez-delacao-premiada-diz-defesa\/#primaryimage"},"image":{"@id":"https:\/\/nk7-testes.com.br\/agazeta\/hulk-nao-fez-delacao-premiada-diz-defesa\/#primaryimage"},"thumbnailUrl":"https:\/\/nk7-testes.com.br\/agazeta\/wp-content\/uploads\/2016\/05\/170516-policia-hulck-arquivopessoal.jpg","datePublished":"2016-05-17T19:09:25+00:00","author":{"@id":"https:\/\/nk7-testes.com.br\/agazeta\/#\/schema\/person\/6d6e25cb0435eb4a02fd44d30b4e3020"},"breadcrumb":{"@id":"https:\/\/nk7-testes.com.br\/agazeta\/hulk-nao-fez-delacao-premiada-diz-defesa\/#breadcrumb"},"inLanguage":"pt-BR","potentialAction":[{"@type":"ReadAction","target":["https:\/\/nk7-testes.com.br\/agazeta\/hulk-nao-fez-delacao-premiada-diz-defesa\/"]}]},{"@type":"ImageObject","inLanguage":"pt-BR","@id":"https:\/\/nk7-testes.com.br\/agazeta\/hulk-nao-fez-delacao-premiada-diz-defesa\/#primaryimage","url":"https:\/\/nk7-testes.com.br\/agazeta\/wp-content\/uploads\/2016\/05\/170516-policia-hulck-arquivopessoal.jpg","contentUrl":"https:\/\/nk7-testes.com.br\/agazeta\/wp-content\/uploads\/2016\/05\/170516-policia-hulck-arquivopessoal.jpg","width":458,"height":340,"caption":"170516-policia-hulck-arquivopessoal"},{"@type":"BreadcrumbList","@id":"https:\/\/nk7-testes.com.br\/agazeta\/hulk-nao-fez-delacao-premiada-diz-defesa\/#breadcrumb","itemListElement":[{"@type":"ListItem","position":1,"name":"In\u00edcio","item":"https:\/\/nk7-testes.com.br\/agazeta\/"},{"@type":"ListItem","position":2,"name":"Hulk n\u00e3o fez dela\u00e7\u00e3o premiada, diz defesa"}]},{"@type":"WebSite","@id":"https:\/\/nk7-testes.com.br\/agazeta\/#website","url":"https:\/\/nk7-testes.com.br\/agazeta\/","name":"Agazeta.net","description":"Agazeta.net - Not\u00edcias de Rio Branco\/AC","potentialAction":[{"@type":"SearchAction","target":{"@type":"EntryPoint","urlTemplate":"https:\/\/nk7-testes.com.br\/agazeta\/?s={search_term_string}"},"query-input":{"@type":"PropertyValueSpecification","valueRequired":true,"valueName":"search_term_string"}}],"inLanguage":"pt-BR"},{"@type":"Person","@id":"https:\/\/nk7-testes.com.br\/agazeta\/#\/schema\/person\/6d6e25cb0435eb4a02fd44d30b4e3020","name":"Agazeta.Net","url":"https:\/\/nk7-testes.com.br\/agazeta\/author\/agazeta\/"}]}},"_links":{"self":[{"href":"https:\/\/nk7-testes.com.br\/agazeta\/wp-json\/wp\/v2\/posts\/22791","targetHints":{"allow":["GET"]}}],"collection":[{"href":"https:\/\/nk7-testes.com.br\/agazeta\/wp-json\/wp\/v2\/posts"}],"about":[{"href":"https:\/\/nk7-testes.com.br\/agazeta\/wp-json\/wp\/v2\/types\/post"}],"author":[{"embeddable":true,"href":"https:\/\/nk7-testes.com.br\/agazeta\/wp-json\/wp\/v2\/users\/4"}],"replies":[{"embeddable":true,"href":"https:\/\/nk7-testes.com.br\/agazeta\/wp-json\/wp\/v2\/comments?post=22791"}],"version-history":[{"count":0,"href":"https:\/\/nk7-testes.com.br\/agazeta\/wp-json\/wp\/v2\/posts\/22791\/revisions"}],"wp:featuredmedia":[{"embeddable":true,"href":"https:\/\/nk7-testes.com.br\/agazeta\/wp-json\/wp\/v2\/media\/22790"}],"wp:attachment":[{"href":"https:\/\/nk7-testes.com.br\/agazeta\/wp-json\/wp\/v2\/media?parent=22791"}],"wp:term":[{"taxonomy":"category","embeddable":true,"href":"https:\/\/nk7-testes.com.br\/agazeta\/wp-json\/wp\/v2\/categories?post=22791"},{"taxonomy":"post_tag","embeddable":true,"href":"https:\/\/nk7-testes.com.br\/agazeta\/wp-json\/wp\/v2\/tags?post=22791"}],"curies":[{"name":"wp","href":"https:\/\/api.w.org\/{rel}","templated":true}]}}