{"id":22789,"date":"2016-05-17T15:56:56","date_gmt":"2016-05-17T15:56:56","guid":{"rendered":"https:\/\/abarevegan.com.br\/index.php\/2016\/05\/17\/academia-ao-ar-livre-na-ufac-tem-parceria-com-pmrb\/"},"modified":"2016-05-17T15:56:56","modified_gmt":"2016-05-17T15:56:56","slug":"academia-ao-ar-livre-na-ufac-tem-parceria-com-pmrb","status":"publish","type":"post","link":"https:\/\/nk7-testes.com.br\/agazeta\/academia-ao-ar-livre-na-ufac-tem-parceria-com-pmrb\/","title":{"rendered":"Academia ao ar livre na Ufac tem parceria com PMRB"},"content":{"rendered":"<p style=\"text-align: justify;\">Reuni\u00e3o ajusta \u00faltimos detalhes para entrega de obra<\/p>\n<p style=\"text-align: justify;\">A entrega oficial da academia popular instalada na Universidade Federal do Acre (Ufac), pela prefeitura de Rio Branco, ocorrer\u00e1 nesta quinta-feira, 19. Os equipamentos v\u00e3o atender, al\u00e9m de alunos e servidores da Ufac, a popula\u00e7\u00e3o do entorno que j\u00e1 utiliza o espa\u00e7o da universidade para a pr\u00e1tica de atividade f\u00edsica.<\/p>\n<p style=\"text-align: justify;\">A nova academia possui dez equipamentos b\u00e1sicos para exerc\u00edcios de muscula\u00e7\u00e3o e alongamento de baixo impacto f\u00edsico. Os aparelhos d\u00e3o autonomia aos usu\u00e1rios, que podem utiliz\u00e1-los sem a presen\u00e7a obrigat\u00f3ria de um profissional de educa\u00e7\u00e3o f\u00edsica. Entre os benef\u00edcios trazidos pelo projeto, est\u00e3o o est\u00edmulo ao sistema nervoso central, o aumento da capacidade cardiorrespirat\u00f3ria e mobilidade das articula\u00e7\u00f5es, melhorando a flexibilidade e a coordena\u00e7\u00e3o motora.<\/p>\n<p style=\"text-align: justify;\">Para o reitor da Ufac, Minoru Kinpara, com a inaugura\u00e7\u00e3o da academia popular ao ar livre, a universidade passa a ter mais um instrumento de cuidado com a sa\u00fade. \u201cPrecisamos incentivar, cada vez mais, a promo\u00e7\u00e3o da sa\u00fade e da qualidade de vida na Ufac\u201d, disse ele.<\/p>\n<p style=\"text-align: justify;\">\u201cTer esse espa\u00e7o significa dar mais aten\u00e7\u00e3o ao cuidado com a sa\u00fade, \u00e0 integra\u00e7\u00e3o com a comunidade, n\u00e3o s\u00f3 interna, mas tamb\u00e9m externa, al\u00e9m da melhoria do condicionamento f\u00edsico do usu\u00e1rio, com reflexo em diferentes aspectos\u201d.<\/p>\n<p style=\"text-align: justify;\">O prefeito Marcus Alexandre destacou a import\u00e2ncia da parceria entre o executivo municipal e a universidade, em benef\u00edcio da comunidade. \u201cA Ufac \u00e9 uma grande parceira da prefeitura. Estudantes do curso de Educa\u00e7\u00e3o F\u00edsica, por exemplo, j\u00e1 auxiliam o munic\u00edpio na execu\u00e7\u00e3o de pol\u00edticas de esporte e lazer, com o cumprimento de um calend\u00e1rio fixo de atividades esportivas em Rio Branco\u201d, comentou o prefeito. \u201cQuisemos fortalecer esse la\u00e7o vitorioso com a universidade e, principalmente, investir na sa\u00fade da comunidade acad\u00eamica e do entorno\u201d.<\/p>\n<p style=\"text-align: justify;\">Durante a solenidade de entrega, est\u00e1 prevista a assinatura de um documento firmando uma parceria para envolver estudantes vinculados ao Centro de Ci\u00eancias da Sa\u00fade e do Desporto a projetos de promo\u00e7\u00e3o da sa\u00fade da prefeitura.<\/p>\n<p style=\"text-align: justify;\">Atualmente, o campus sede da universidade \u00e9 procurado para pr\u00e1tica de atividades f\u00edsicas, como caminhada, corrida e ciclismo. O curso de Educa\u00e7\u00e3o F\u00edsica, por meio de projetos de extens\u00e3o, tamb\u00e9m oferta atividades de esporte e lazer, como hidrogin\u00e1stica, nata\u00e7\u00e3o, dan\u00e7a, gin\u00e1stica, muscula\u00e7\u00e3o, carat\u00ea, dan\u00e7a do ventre, gin\u00e1stica laboral e caminhada orientada.<\/p>\n<p style=\"text-align: justify;\">A prefeitura de Rio Branco, por meio da secretaria Municipal de Esporte e Lazer (Semel), j\u00e1 tem academias populares instaladas em 27 bairros. A solicita\u00e7\u00e3o para implanta\u00e7\u00e3o da academia popular na Ufac foi da vereadora Rose Costa.<\/p>\n<p style=\"text-align: justify;\">Durante a reuni\u00e3o, que tratou dos \u00faltimos ajustes para inaugura\u00e7\u00e3o da academia, foi debatida, ainda, a conclus\u00e3o da etapa final dos servi\u00e7os constantes no contrato firmado entre Ufac e Empresa Municipal de Urbaniza\u00e7\u00e3o de Rio Branco (Emurb), referente \u00e0 amplia\u00e7\u00e3o e recupera\u00e7\u00e3o dos sistema vi\u00e1rio do campus sede.<\/p>\n<p style=\"text-align: justify;\">A expectativa \u00e9 que, at\u00e9 o final de junho, sejam entregues os servi\u00e7os de pavimenta\u00e7\u00e3o do acesso ao Centro de Excel\u00eancia em Energia do Acre (Ceeac), com inaugura\u00e7\u00e3o prevista para setembro deste ano, e o acesso interno \u00e0 Unidade de Tecnologia de Alimentos (Utal).<\/p>\n","protected":false},"excerpt":{"rendered":"<p style=\"text-align: justify;\">Reuni\u00e3o ajusta \u00faltimos detalhes para entrega de obra<\/p>\n","protected":false},"author":4,"featured_media":22788,"comment_status":"open","ping_status":"open","sticky":false,"template":"","format":"standard","meta":{"jnews-multi-image_gallery":[],"jnews_single_post":[],"jnews_primary_category":[],"jnews_social_meta":[],"jnews_review":[],"enable_review":"","type":"","name":"","summary":"","brand":"","sku":"","good":[],"bad":[],"score_override":"","override_value":"","rating":[],"price":[],"footnotes":""},"categories":[54],"tags":[],"class_list":["post-22789","post","type-post","status-publish","format-standard","has-post-thumbnail","hentry","category-cotidiano"],"yoast_head":"<!-- This site is optimized with the Yoast SEO plugin v26.5 - https:\/\/yoast.com\/wordpress\/plugins\/seo\/ -->\n<title>Academia ao ar livre na Ufac tem parceria com PMRB - Agazeta.net<\/title>\n<meta name=\"robots\" content=\"index, follow, max-snippet:-1, max-image-preview:large, max-video-preview:-1\" \/>\n<link rel=\"canonical\" href=\"https:\/\/nk7-testes.com.br\/agazeta\/academia-ao-ar-livre-na-ufac-tem-parceria-com-pmrb\/\" \/>\n<meta property=\"og:locale\" content=\"pt_BR\" \/>\n<meta property=\"og:type\" content=\"article\" \/>\n<meta property=\"og:title\" content=\"Academia ao ar livre na Ufac tem parceria com PMRB - Agazeta.net\" \/>\n<meta property=\"og:description\" content=\"Reuni\u00e3o ajusta \u00faltimos detalhes para entrega de obra\" \/>\n<meta property=\"og:url\" content=\"https:\/\/nk7-testes.com.br\/agazeta\/academia-ao-ar-livre-na-ufac-tem-parceria-com-pmrb\/\" \/>\n<meta property=\"og:site_name\" content=\"Agazeta.net\" \/>\n<meta property=\"article:published_time\" content=\"2016-05-17T15:56:56+00:00\" \/>\n<meta property=\"og:image\" content=\"https:\/\/nk7-testes.com.br\/agazeta\/wp-content\/uploads\/2016\/05\/170516-cotidiano-ufacpmrb-ascomufac.jpg\" \/>\n\t<meta property=\"og:image:width\" content=\"458\" \/>\n\t<meta property=\"og:image:height\" content=\"340\" \/>\n\t<meta property=\"og:image:type\" content=\"image\/jpeg\" \/>\n<meta name=\"author\" content=\"Agazeta.Net\" \/>\n<meta name=\"twitter:card\" content=\"summary_large_image\" \/>\n<meta name=\"twitter:label1\" content=\"Escrito por\" \/>\n\t<meta name=\"twitter:data1\" content=\"Agazeta.Net\" \/>\n\t<meta name=\"twitter:label2\" content=\"Est. tempo de leitura\" \/>\n\t<meta name=\"twitter:data2\" content=\"3 minutos\" \/>\n<script type=\"application\/ld+json\" class=\"yoast-schema-graph\">{\"@context\":\"https:\/\/schema.org\",\"@graph\":[{\"@type\":\"WebPage\",\"@id\":\"https:\/\/nk7-testes.com.br\/agazeta\/academia-ao-ar-livre-na-ufac-tem-parceria-com-pmrb\/\",\"url\":\"https:\/\/nk7-testes.com.br\/agazeta\/academia-ao-ar-livre-na-ufac-tem-parceria-com-pmrb\/\",\"name\":\"Academia ao ar livre na Ufac tem parceria com PMRB - Agazeta.net\",\"isPartOf\":{\"@id\":\"https:\/\/nk7-testes.com.br\/agazeta\/#website\"},\"primaryImageOfPage\":{\"@id\":\"https:\/\/nk7-testes.com.br\/agazeta\/academia-ao-ar-livre-na-ufac-tem-parceria-com-pmrb\/#primaryimage\"},\"image\":{\"@id\":\"https:\/\/nk7-testes.com.br\/agazeta\/academia-ao-ar-livre-na-ufac-tem-parceria-com-pmrb\/#primaryimage\"},\"thumbnailUrl\":\"https:\/\/nk7-testes.com.br\/agazeta\/wp-content\/uploads\/2016\/05\/170516-cotidiano-ufacpmrb-ascomufac.jpg\",\"datePublished\":\"2016-05-17T15:56:56+00:00\",\"author\":{\"@id\":\"https:\/\/nk7-testes.com.br\/agazeta\/#\/schema\/person\/6d6e25cb0435eb4a02fd44d30b4e3020\"},\"breadcrumb\":{\"@id\":\"https:\/\/nk7-testes.com.br\/agazeta\/academia-ao-ar-livre-na-ufac-tem-parceria-com-pmrb\/#breadcrumb\"},\"inLanguage\":\"pt-BR\",\"potentialAction\":[{\"@type\":\"ReadAction\",\"target\":[\"https:\/\/nk7-testes.com.br\/agazeta\/academia-ao-ar-livre-na-ufac-tem-parceria-com-pmrb\/\"]}]},{\"@type\":\"ImageObject\",\"inLanguage\":\"pt-BR\",\"@id\":\"https:\/\/nk7-testes.com.br\/agazeta\/academia-ao-ar-livre-na-ufac-tem-parceria-com-pmrb\/#primaryimage\",\"url\":\"https:\/\/nk7-testes.com.br\/agazeta\/wp-content\/uploads\/2016\/05\/170516-cotidiano-ufacpmrb-ascomufac.jpg\",\"contentUrl\":\"https:\/\/nk7-testes.com.br\/agazeta\/wp-content\/uploads\/2016\/05\/170516-cotidiano-ufacpmrb-ascomufac.jpg\",\"width\":458,\"height\":340,\"caption\":\"170516-cotidiano-ufacpmrb-ascomufac\"},{\"@type\":\"BreadcrumbList\",\"@id\":\"https:\/\/nk7-testes.com.br\/agazeta\/academia-ao-ar-livre-na-ufac-tem-parceria-com-pmrb\/#breadcrumb\",\"itemListElement\":[{\"@type\":\"ListItem\",\"position\":1,\"name\":\"In\u00edcio\",\"item\":\"https:\/\/nk7-testes.com.br\/agazeta\/\"},{\"@type\":\"ListItem\",\"position\":2,\"name\":\"Academia ao ar livre na Ufac tem parceria com PMRB\"}]},{\"@type\":\"WebSite\",\"@id\":\"https:\/\/nk7-testes.com.br\/agazeta\/#website\",\"url\":\"https:\/\/nk7-testes.com.br\/agazeta\/\",\"name\":\"Agazeta.net\",\"description\":\"Agazeta.net - Not\u00edcias de Rio Branco\/AC\",\"potentialAction\":[{\"@type\":\"SearchAction\",\"target\":{\"@type\":\"EntryPoint\",\"urlTemplate\":\"https:\/\/nk7-testes.com.br\/agazeta\/?s={search_term_string}\"},\"query-input\":{\"@type\":\"PropertyValueSpecification\",\"valueRequired\":true,\"valueName\":\"search_term_string\"}}],\"inLanguage\":\"pt-BR\"},{\"@type\":\"Person\",\"@id\":\"https:\/\/nk7-testes.com.br\/agazeta\/#\/schema\/person\/6d6e25cb0435eb4a02fd44d30b4e3020\",\"name\":\"Agazeta.Net\",\"url\":\"https:\/\/nk7-testes.com.br\/agazeta\/author\/agazeta\/\"}]}<\/script>\n<!-- \/ Yoast SEO plugin. -->","yoast_head_json":{"title":"Academia ao ar livre na Ufac tem parceria com PMRB - Agazeta.net","robots":{"index":"index","follow":"follow","max-snippet":"max-snippet:-1","max-image-preview":"max-image-preview:large","max-video-preview":"max-video-preview:-1"},"canonical":"https:\/\/nk7-testes.com.br\/agazeta\/academia-ao-ar-livre-na-ufac-tem-parceria-com-pmrb\/","og_locale":"pt_BR","og_type":"article","og_title":"Academia ao ar livre na Ufac tem parceria com PMRB - Agazeta.net","og_description":"Reuni\u00e3o ajusta \u00faltimos detalhes para entrega de obra","og_url":"https:\/\/nk7-testes.com.br\/agazeta\/academia-ao-ar-livre-na-ufac-tem-parceria-com-pmrb\/","og_site_name":"Agazeta.net","article_published_time":"2016-05-17T15:56:56+00:00","og_image":[{"width":458,"height":340,"url":"https:\/\/nk7-testes.com.br\/agazeta\/wp-content\/uploads\/2016\/05\/170516-cotidiano-ufacpmrb-ascomufac.jpg","type":"image\/jpeg"}],"author":"Agazeta.Net","twitter_card":"summary_large_image","twitter_misc":{"Escrito por":"Agazeta.Net","Est. tempo de leitura":"3 minutos"},"schema":{"@context":"https:\/\/schema.org","@graph":[{"@type":"WebPage","@id":"https:\/\/nk7-testes.com.br\/agazeta\/academia-ao-ar-livre-na-ufac-tem-parceria-com-pmrb\/","url":"https:\/\/nk7-testes.com.br\/agazeta\/academia-ao-ar-livre-na-ufac-tem-parceria-com-pmrb\/","name":"Academia ao ar livre na Ufac tem parceria com PMRB - Agazeta.net","isPartOf":{"@id":"https:\/\/nk7-testes.com.br\/agazeta\/#website"},"primaryImageOfPage":{"@id":"https:\/\/nk7-testes.com.br\/agazeta\/academia-ao-ar-livre-na-ufac-tem-parceria-com-pmrb\/#primaryimage"},"image":{"@id":"https:\/\/nk7-testes.com.br\/agazeta\/academia-ao-ar-livre-na-ufac-tem-parceria-com-pmrb\/#primaryimage"},"thumbnailUrl":"https:\/\/nk7-testes.com.br\/agazeta\/wp-content\/uploads\/2016\/05\/170516-cotidiano-ufacpmrb-ascomufac.jpg","datePublished":"2016-05-17T15:56:56+00:00","author":{"@id":"https:\/\/nk7-testes.com.br\/agazeta\/#\/schema\/person\/6d6e25cb0435eb4a02fd44d30b4e3020"},"breadcrumb":{"@id":"https:\/\/nk7-testes.com.br\/agazeta\/academia-ao-ar-livre-na-ufac-tem-parceria-com-pmrb\/#breadcrumb"},"inLanguage":"pt-BR","potentialAction":[{"@type":"ReadAction","target":["https:\/\/nk7-testes.com.br\/agazeta\/academia-ao-ar-livre-na-ufac-tem-parceria-com-pmrb\/"]}]},{"@type":"ImageObject","inLanguage":"pt-BR","@id":"https:\/\/nk7-testes.com.br\/agazeta\/academia-ao-ar-livre-na-ufac-tem-parceria-com-pmrb\/#primaryimage","url":"https:\/\/nk7-testes.com.br\/agazeta\/wp-content\/uploads\/2016\/05\/170516-cotidiano-ufacpmrb-ascomufac.jpg","contentUrl":"https:\/\/nk7-testes.com.br\/agazeta\/wp-content\/uploads\/2016\/05\/170516-cotidiano-ufacpmrb-ascomufac.jpg","width":458,"height":340,"caption":"170516-cotidiano-ufacpmrb-ascomufac"},{"@type":"BreadcrumbList","@id":"https:\/\/nk7-testes.com.br\/agazeta\/academia-ao-ar-livre-na-ufac-tem-parceria-com-pmrb\/#breadcrumb","itemListElement":[{"@type":"ListItem","position":1,"name":"In\u00edcio","item":"https:\/\/nk7-testes.com.br\/agazeta\/"},{"@type":"ListItem","position":2,"name":"Academia ao ar livre na Ufac tem parceria com PMRB"}]},{"@type":"WebSite","@id":"https:\/\/nk7-testes.com.br\/agazeta\/#website","url":"https:\/\/nk7-testes.com.br\/agazeta\/","name":"Agazeta.net","description":"Agazeta.net - Not\u00edcias de Rio Branco\/AC","potentialAction":[{"@type":"SearchAction","target":{"@type":"EntryPoint","urlTemplate":"https:\/\/nk7-testes.com.br\/agazeta\/?s={search_term_string}"},"query-input":{"@type":"PropertyValueSpecification","valueRequired":true,"valueName":"search_term_string"}}],"inLanguage":"pt-BR"},{"@type":"Person","@id":"https:\/\/nk7-testes.com.br\/agazeta\/#\/schema\/person\/6d6e25cb0435eb4a02fd44d30b4e3020","name":"Agazeta.Net","url":"https:\/\/nk7-testes.com.br\/agazeta\/author\/agazeta\/"}]}},"_links":{"self":[{"href":"https:\/\/nk7-testes.com.br\/agazeta\/wp-json\/wp\/v2\/posts\/22789","targetHints":{"allow":["GET"]}}],"collection":[{"href":"https:\/\/nk7-testes.com.br\/agazeta\/wp-json\/wp\/v2\/posts"}],"about":[{"href":"https:\/\/nk7-testes.com.br\/agazeta\/wp-json\/wp\/v2\/types\/post"}],"author":[{"embeddable":true,"href":"https:\/\/nk7-testes.com.br\/agazeta\/wp-json\/wp\/v2\/users\/4"}],"replies":[{"embeddable":true,"href":"https:\/\/nk7-testes.com.br\/agazeta\/wp-json\/wp\/v2\/comments?post=22789"}],"version-history":[{"count":0,"href":"https:\/\/nk7-testes.com.br\/agazeta\/wp-json\/wp\/v2\/posts\/22789\/revisions"}],"wp:featuredmedia":[{"embeddable":true,"href":"https:\/\/nk7-testes.com.br\/agazeta\/wp-json\/wp\/v2\/media\/22788"}],"wp:attachment":[{"href":"https:\/\/nk7-testes.com.br\/agazeta\/wp-json\/wp\/v2\/media?parent=22789"}],"wp:term":[{"taxonomy":"category","embeddable":true,"href":"https:\/\/nk7-testes.com.br\/agazeta\/wp-json\/wp\/v2\/categories?post=22789"},{"taxonomy":"post_tag","embeddable":true,"href":"https:\/\/nk7-testes.com.br\/agazeta\/wp-json\/wp\/v2\/tags?post=22789"}],"curies":[{"name":"wp","href":"https:\/\/api.w.org\/{rel}","templated":true}]}}