{"id":22779,"date":"2016-05-16T20:44:35","date_gmt":"2016-05-16T20:44:35","guid":{"rendered":"https:\/\/abarevegan.com.br\/index.php\/2016\/05\/16\/programa-quero-ler-capacita-250-educadores\/"},"modified":"2016-05-16T20:44:35","modified_gmt":"2016-05-16T20:44:35","slug":"programa-quero-ler-capacita-250-educadores","status":"publish","type":"post","link":"https:\/\/nk7-testes.com.br\/agazeta\/programa-quero-ler-capacita-250-educadores\/","title":{"rendered":"Programa &#8220;Quero Ler&#8221; capacita 250 educadores"},"content":{"rendered":"<p style=\"text-align: justify;\">A\u00e7\u00e3o integra pol\u00edtica de combate ao analfabetismo<\/p>\n<p style=\"text-align: justify;\">Na manh\u00e3 desta segunda-feira (16), duzentos e cinquenta profissionais foram certificados atrav\u00e9s do programa \u201cQuero Ler\u201d que oferta ensino na \u00e1rea da Educa\u00e7\u00e3o de Jovens e Adultos e na alfabetiza\u00e7\u00e3o de pessoas acima dos 15 anos que n\u00e3o tiveram acesso \u00e0 educa\u00e7\u00e3o b\u00e1sica na idade adequada. O objetivo principal \u00e9 erradicar o analfabetismo no Acre.<\/p>\n<p style=\"text-align: justify;\">De acordo com a Unesco, para que um estado seja considerado livre do analfabetismo o percentual deve ser 4%. A meta do governo do estado \u00e9 reduzir para 2%. O programa conta com 17 mil matriculados.<\/p>\n<p style=\"text-align: justify;\">At\u00e9 o fim do ano, o governo acredita que ser\u00e3o 30 mil e em 2017, o n\u00famero deve chegar a 50 mil. \u201cEsse \u00e9 o maior desafio que j\u00e1 enfrentamos como governo: zerar o analfabetismo nesse curto espa\u00e7o de tempo e pra fazer temos que ter uni\u00e3o\u201d, disse o governador Ti\u00e3o Viana.<\/p>\n<p style=\"text-align: justify;\">O secret\u00e1rio de Estado de Educa\u00e7\u00e3o, Marco Brand\u00e3o, explicou como funciona o Quero Ler. \u201c\u00c9 um programa audacioso do Governo do Acre, que objetiva chegar em todos os lugares do estado, seja na zona urbana ou na zona rural e levar os nossos alfabetizadores. Formar turmas, para que todo cidad\u00e3o acriano que n\u00e3o teve oportunidade de acesso \u00e0 escola, possa ter acesso \u00e0s letras e a tudo o que ela nos possibilita\u201d.<\/p>\n<p style=\"text-align: justify;\">O presidente de bairro Samuel Santos ficou sabendo do programa e vendo a necessidade da comunidade onde vive resolveu ir ao evento e buscar ajuda para conseguir capacita\u00e7\u00e3o a alfabetizadores na localidade.<\/p>\n<p style=\"text-align: justify;\">Ele conseguiu formar 6 turmas de 15 pessoas cada. \u201cMuitas pessoas nos bairros que n\u00e3o sabem nem mesmo pegar um \u00f4nibus, vimos essa necessidade e abra\u00e7amos a causa. Estamos procurando levar esse programa de alfabetiza\u00e7\u00e3o para adultos que est\u00e1 funcionando muito bem em outros lugares para o lugar onde a gente mora\u201d.<\/p>\n<p style=\"text-align: justify;\">J\u00e1 Lenice Lima ser\u00e1 uma das alfabetizadoras do programa, ela que passou pela capacita\u00e7\u00e3o explica a import\u00e2ncia de projetos como esse para a comunidade. \u201cO aluno quando n\u00e3o sabe ler nem escrever \u00e9 como se vivesse na escurid\u00e3o. O mundo dele \u00e9 fechado. Fa\u00e7o pelo o amor em ensinar, v\u00ea o seu aluno atribuindo valores que ele n\u00e3o tinha, n\u00e3o conhecia. A maior honra deum professor n\u00e3o \u00e9 o t\u00edtulo de professor, mas sim, o prazer pelo aprendizado que n\u00f3s vemos em nossos alunos\u201d.<\/p>\n","protected":false},"excerpt":{"rendered":"<p style=\"text-align: justify;\">A\u00e7\u00e3o integra pol\u00edtica de combate ao analfabetismo<\/p>\n","protected":false},"author":4,"featured_media":22778,"comment_status":"open","ping_status":"open","sticky":false,"template":"","format":"standard","meta":{"jnews-multi-image_gallery":[],"jnews_single_post":[],"jnews_primary_category":[],"jnews_social_meta":[],"jnews_review":[],"enable_review":"","type":"","name":"","summary":"","brand":"","sku":"","good":[],"bad":[],"score_override":"","override_value":"","rating":[],"price":[],"footnotes":""},"categories":[54],"tags":[],"class_list":["post-22779","post","type-post","status-publish","format-standard","has-post-thumbnail","hentry","category-cotidiano"],"yoast_head":"<!-- This site is optimized with the Yoast SEO plugin v26.5 - https:\/\/yoast.com\/wordpress\/plugins\/seo\/ -->\n<title>Programa &quot;Quero Ler&quot; capacita 250 educadores - Agazeta.net<\/title>\n<meta name=\"robots\" content=\"index, follow, max-snippet:-1, max-image-preview:large, max-video-preview:-1\" \/>\n<link rel=\"canonical\" href=\"https:\/\/nk7-testes.com.br\/agazeta\/programa-quero-ler-capacita-250-educadores\/\" \/>\n<meta property=\"og:locale\" content=\"pt_BR\" \/>\n<meta property=\"og:type\" content=\"article\" \/>\n<meta property=\"og:title\" content=\"Programa &quot;Quero Ler&quot; capacita 250 educadores - Agazeta.net\" \/>\n<meta property=\"og:description\" content=\"A\u00e7\u00e3o integra pol\u00edtica de combate ao analfabetismo\" \/>\n<meta property=\"og:url\" content=\"https:\/\/nk7-testes.com.br\/agazeta\/programa-quero-ler-capacita-250-educadores\/\" \/>\n<meta property=\"og:site_name\" content=\"Agazeta.net\" \/>\n<meta property=\"article:published_time\" content=\"2016-05-16T20:44:35+00:00\" \/>\n<meta property=\"og:image\" content=\"https:\/\/nk7-testes.com.br\/agazeta\/wp-content\/uploads\/2016\/05\/160516-politica-tiaoviana-taianelima.jpg\" \/>\n\t<meta property=\"og:image:width\" content=\"458\" \/>\n\t<meta property=\"og:image:height\" content=\"340\" \/>\n\t<meta property=\"og:image:type\" content=\"image\/jpeg\" \/>\n<meta name=\"author\" content=\"Agazeta.Net\" \/>\n<meta name=\"twitter:card\" content=\"summary_large_image\" \/>\n<meta name=\"twitter:label1\" content=\"Escrito por\" \/>\n\t<meta name=\"twitter:data1\" content=\"Agazeta.Net\" \/>\n\t<meta name=\"twitter:label2\" content=\"Est. tempo de leitura\" \/>\n\t<meta name=\"twitter:data2\" content=\"2 minutos\" \/>\n<script type=\"application\/ld+json\" class=\"yoast-schema-graph\">{\"@context\":\"https:\/\/schema.org\",\"@graph\":[{\"@type\":\"WebPage\",\"@id\":\"https:\/\/nk7-testes.com.br\/agazeta\/programa-quero-ler-capacita-250-educadores\/\",\"url\":\"https:\/\/nk7-testes.com.br\/agazeta\/programa-quero-ler-capacita-250-educadores\/\",\"name\":\"Programa \\\"Quero Ler\\\" capacita 250 educadores - Agazeta.net\",\"isPartOf\":{\"@id\":\"https:\/\/nk7-testes.com.br\/agazeta\/#website\"},\"primaryImageOfPage\":{\"@id\":\"https:\/\/nk7-testes.com.br\/agazeta\/programa-quero-ler-capacita-250-educadores\/#primaryimage\"},\"image\":{\"@id\":\"https:\/\/nk7-testes.com.br\/agazeta\/programa-quero-ler-capacita-250-educadores\/#primaryimage\"},\"thumbnailUrl\":\"https:\/\/nk7-testes.com.br\/agazeta\/wp-content\/uploads\/2016\/05\/160516-politica-tiaoviana-taianelima.jpg\",\"datePublished\":\"2016-05-16T20:44:35+00:00\",\"author\":{\"@id\":\"https:\/\/nk7-testes.com.br\/agazeta\/#\/schema\/person\/6d6e25cb0435eb4a02fd44d30b4e3020\"},\"breadcrumb\":{\"@id\":\"https:\/\/nk7-testes.com.br\/agazeta\/programa-quero-ler-capacita-250-educadores\/#breadcrumb\"},\"inLanguage\":\"pt-BR\",\"potentialAction\":[{\"@type\":\"ReadAction\",\"target\":[\"https:\/\/nk7-testes.com.br\/agazeta\/programa-quero-ler-capacita-250-educadores\/\"]}]},{\"@type\":\"ImageObject\",\"inLanguage\":\"pt-BR\",\"@id\":\"https:\/\/nk7-testes.com.br\/agazeta\/programa-quero-ler-capacita-250-educadores\/#primaryimage\",\"url\":\"https:\/\/nk7-testes.com.br\/agazeta\/wp-content\/uploads\/2016\/05\/160516-politica-tiaoviana-taianelima.jpg\",\"contentUrl\":\"https:\/\/nk7-testes.com.br\/agazeta\/wp-content\/uploads\/2016\/05\/160516-politica-tiaoviana-taianelima.jpg\",\"width\":458,\"height\":340,\"caption\":\"160516-politica-tiaoviana-taianelima\"},{\"@type\":\"BreadcrumbList\",\"@id\":\"https:\/\/nk7-testes.com.br\/agazeta\/programa-quero-ler-capacita-250-educadores\/#breadcrumb\",\"itemListElement\":[{\"@type\":\"ListItem\",\"position\":1,\"name\":\"In\u00edcio\",\"item\":\"https:\/\/nk7-testes.com.br\/agazeta\/\"},{\"@type\":\"ListItem\",\"position\":2,\"name\":\"Programa &#8220;Quero Ler&#8221; capacita 250 educadores\"}]},{\"@type\":\"WebSite\",\"@id\":\"https:\/\/nk7-testes.com.br\/agazeta\/#website\",\"url\":\"https:\/\/nk7-testes.com.br\/agazeta\/\",\"name\":\"Agazeta.net\",\"description\":\"Agazeta.net - Not\u00edcias de Rio Branco\/AC\",\"potentialAction\":[{\"@type\":\"SearchAction\",\"target\":{\"@type\":\"EntryPoint\",\"urlTemplate\":\"https:\/\/nk7-testes.com.br\/agazeta\/?s={search_term_string}\"},\"query-input\":{\"@type\":\"PropertyValueSpecification\",\"valueRequired\":true,\"valueName\":\"search_term_string\"}}],\"inLanguage\":\"pt-BR\"},{\"@type\":\"Person\",\"@id\":\"https:\/\/nk7-testes.com.br\/agazeta\/#\/schema\/person\/6d6e25cb0435eb4a02fd44d30b4e3020\",\"name\":\"Agazeta.Net\",\"url\":\"https:\/\/nk7-testes.com.br\/agazeta\/author\/agazeta\/\"}]}<\/script>\n<!-- \/ Yoast SEO plugin. -->","yoast_head_json":{"title":"Programa \"Quero Ler\" capacita 250 educadores - Agazeta.net","robots":{"index":"index","follow":"follow","max-snippet":"max-snippet:-1","max-image-preview":"max-image-preview:large","max-video-preview":"max-video-preview:-1"},"canonical":"https:\/\/nk7-testes.com.br\/agazeta\/programa-quero-ler-capacita-250-educadores\/","og_locale":"pt_BR","og_type":"article","og_title":"Programa \"Quero Ler\" capacita 250 educadores - Agazeta.net","og_description":"A\u00e7\u00e3o integra pol\u00edtica de combate ao analfabetismo","og_url":"https:\/\/nk7-testes.com.br\/agazeta\/programa-quero-ler-capacita-250-educadores\/","og_site_name":"Agazeta.net","article_published_time":"2016-05-16T20:44:35+00:00","og_image":[{"width":458,"height":340,"url":"https:\/\/nk7-testes.com.br\/agazeta\/wp-content\/uploads\/2016\/05\/160516-politica-tiaoviana-taianelima.jpg","type":"image\/jpeg"}],"author":"Agazeta.Net","twitter_card":"summary_large_image","twitter_misc":{"Escrito por":"Agazeta.Net","Est. tempo de leitura":"2 minutos"},"schema":{"@context":"https:\/\/schema.org","@graph":[{"@type":"WebPage","@id":"https:\/\/nk7-testes.com.br\/agazeta\/programa-quero-ler-capacita-250-educadores\/","url":"https:\/\/nk7-testes.com.br\/agazeta\/programa-quero-ler-capacita-250-educadores\/","name":"Programa \"Quero Ler\" capacita 250 educadores - Agazeta.net","isPartOf":{"@id":"https:\/\/nk7-testes.com.br\/agazeta\/#website"},"primaryImageOfPage":{"@id":"https:\/\/nk7-testes.com.br\/agazeta\/programa-quero-ler-capacita-250-educadores\/#primaryimage"},"image":{"@id":"https:\/\/nk7-testes.com.br\/agazeta\/programa-quero-ler-capacita-250-educadores\/#primaryimage"},"thumbnailUrl":"https:\/\/nk7-testes.com.br\/agazeta\/wp-content\/uploads\/2016\/05\/160516-politica-tiaoviana-taianelima.jpg","datePublished":"2016-05-16T20:44:35+00:00","author":{"@id":"https:\/\/nk7-testes.com.br\/agazeta\/#\/schema\/person\/6d6e25cb0435eb4a02fd44d30b4e3020"},"breadcrumb":{"@id":"https:\/\/nk7-testes.com.br\/agazeta\/programa-quero-ler-capacita-250-educadores\/#breadcrumb"},"inLanguage":"pt-BR","potentialAction":[{"@type":"ReadAction","target":["https:\/\/nk7-testes.com.br\/agazeta\/programa-quero-ler-capacita-250-educadores\/"]}]},{"@type":"ImageObject","inLanguage":"pt-BR","@id":"https:\/\/nk7-testes.com.br\/agazeta\/programa-quero-ler-capacita-250-educadores\/#primaryimage","url":"https:\/\/nk7-testes.com.br\/agazeta\/wp-content\/uploads\/2016\/05\/160516-politica-tiaoviana-taianelima.jpg","contentUrl":"https:\/\/nk7-testes.com.br\/agazeta\/wp-content\/uploads\/2016\/05\/160516-politica-tiaoviana-taianelima.jpg","width":458,"height":340,"caption":"160516-politica-tiaoviana-taianelima"},{"@type":"BreadcrumbList","@id":"https:\/\/nk7-testes.com.br\/agazeta\/programa-quero-ler-capacita-250-educadores\/#breadcrumb","itemListElement":[{"@type":"ListItem","position":1,"name":"In\u00edcio","item":"https:\/\/nk7-testes.com.br\/agazeta\/"},{"@type":"ListItem","position":2,"name":"Programa &#8220;Quero Ler&#8221; capacita 250 educadores"}]},{"@type":"WebSite","@id":"https:\/\/nk7-testes.com.br\/agazeta\/#website","url":"https:\/\/nk7-testes.com.br\/agazeta\/","name":"Agazeta.net","description":"Agazeta.net - Not\u00edcias de Rio Branco\/AC","potentialAction":[{"@type":"SearchAction","target":{"@type":"EntryPoint","urlTemplate":"https:\/\/nk7-testes.com.br\/agazeta\/?s={search_term_string}"},"query-input":{"@type":"PropertyValueSpecification","valueRequired":true,"valueName":"search_term_string"}}],"inLanguage":"pt-BR"},{"@type":"Person","@id":"https:\/\/nk7-testes.com.br\/agazeta\/#\/schema\/person\/6d6e25cb0435eb4a02fd44d30b4e3020","name":"Agazeta.Net","url":"https:\/\/nk7-testes.com.br\/agazeta\/author\/agazeta\/"}]}},"_links":{"self":[{"href":"https:\/\/nk7-testes.com.br\/agazeta\/wp-json\/wp\/v2\/posts\/22779","targetHints":{"allow":["GET"]}}],"collection":[{"href":"https:\/\/nk7-testes.com.br\/agazeta\/wp-json\/wp\/v2\/posts"}],"about":[{"href":"https:\/\/nk7-testes.com.br\/agazeta\/wp-json\/wp\/v2\/types\/post"}],"author":[{"embeddable":true,"href":"https:\/\/nk7-testes.com.br\/agazeta\/wp-json\/wp\/v2\/users\/4"}],"replies":[{"embeddable":true,"href":"https:\/\/nk7-testes.com.br\/agazeta\/wp-json\/wp\/v2\/comments?post=22779"}],"version-history":[{"count":0,"href":"https:\/\/nk7-testes.com.br\/agazeta\/wp-json\/wp\/v2\/posts\/22779\/revisions"}],"wp:featuredmedia":[{"embeddable":true,"href":"https:\/\/nk7-testes.com.br\/agazeta\/wp-json\/wp\/v2\/media\/22778"}],"wp:attachment":[{"href":"https:\/\/nk7-testes.com.br\/agazeta\/wp-json\/wp\/v2\/media?parent=22779"}],"wp:term":[{"taxonomy":"category","embeddable":true,"href":"https:\/\/nk7-testes.com.br\/agazeta\/wp-json\/wp\/v2\/categories?post=22779"},{"taxonomy":"post_tag","embeddable":true,"href":"https:\/\/nk7-testes.com.br\/agazeta\/wp-json\/wp\/v2\/tags?post=22779"}],"curies":[{"name":"wp","href":"https:\/\/api.w.org\/{rel}","templated":true}]}}