{"id":22774,"date":"2016-05-16T16:53:48","date_gmt":"2016-05-16T16:53:48","guid":{"rendered":"https:\/\/abarevegan.com.br\/index.php\/2016\/05\/16\/escola-penitenciaria-inicia-curso-sobre-intervencao-prisional\/"},"modified":"2016-05-16T16:53:48","modified_gmt":"2016-05-16T16:53:48","slug":"escola-penitenciaria-inicia-curso-sobre-intervencao-prisional","status":"publish","type":"post","link":"https:\/\/nk7-testes.com.br\/agazeta\/escola-penitenciaria-inicia-curso-sobre-intervencao-prisional\/","title":{"rendered":"Escola Penitenci\u00e1ria inicia curso sobre interven\u00e7\u00e3o prisional"},"content":{"rendered":"<p style=\"text-align: justify;\">Quarenta profissionais participam do treinamento<\/p>\n<p style=\"text-align: justify;\">O Instituto de Administra\u00e7\u00e3o Penitenci\u00e1ria do Acre (Iapen), por meio da Escola de Administra\u00e7\u00e3o Penitenci\u00e1ria (EAP), iniciou na sexta-feira, 13, o curso de Interven\u00e7\u00e3o com Baixa Luminosidade (LowLight). A qualifica\u00e7\u00e3o \u00e9 oferecida a agentes penitenci\u00e1rios, al\u00e9m de policiais militares e civis do Estado, e visa qualificar a atua\u00e7\u00e3o em situa\u00e7\u00f5es de interrup\u00e7\u00e3o da energia el\u00e9trica em pres\u00eddios.<\/p>\n<p style=\"text-align: justify;\">\u201cEste treinamento \u00e9 uma ferramenta valiosa para agentes de seguran\u00e7a e grupos t\u00e1ticos. O curso tem como objetivo desenvolver habilidades para que o profissional de Seguran\u00e7a esteja preparado para utilizar t\u00e9cnicas operacionais de invas\u00f5es com baixa luminosidade\u201d, explicou o instrutor da atividade Marcio Torbes.<\/p>\n<p style=\"text-align: justify;\">Torbes, que \u00e9 primeiro-tenente da Pol\u00edcia Militar do Rio Grande do Sul e j\u00e1 serviu as For\u00e7as de Seguran\u00e7a por mais de 30 anos, agora realiza instru\u00e7\u00f5es sobre esse novo m\u00e9todo de controle, que j\u00e1 foi implantado em outros pa\u00edses, como Portugal, Espanha, Uruguai, Argentina e Equador.<\/p>\n<p style=\"text-align: justify;\">Conhecimento<\/p>\n<p style=\"text-align: justify;\">Durante a a\u00e7\u00e3o, os alunos aprender\u00e3o os fundamentos de per\u00edmetro, procedimentos, posicionamento e estudo de caso, al\u00e9m dos tipos de forma\u00e7\u00e3o durante interven\u00e7\u00f5es, aplica\u00e7\u00e3o da lanterna em low light [baixa luminosidade], entradas t\u00e1ticas e opera\u00e7\u00f5es noturnas.<\/p>\n<p style=\"text-align: justify;\">\u201cPodemos aprender a utilizar o escuro a nosso favor para garantir a seguran\u00e7a e a integridade f\u00edsica do agente, de uma poss\u00edvel v\u00edtima e dos pr\u00f3prios perpetradores envolvidos na a\u00e7\u00e3o\u201d, destacou o agente penitenci\u00e1rio Francisco Neri.<\/p>\n<p style=\"text-align: justify;\">De acordo com o diretor-presidente do Iapen, Martin Hessel, essa capacita\u00e7\u00e3o fortalece o trabalho desenvolvido pelos agentes penitenci\u00e1rios. \u201cIsso os habilita a um novo conhecimento para atua\u00e7\u00e3o no sistema prisional do estado. Ap\u00f3s o encerramento dessa turma, outras tamb\u00e9m vir\u00e3o para conseguirmos capacitar o maior numero de profissionais\u201d, concluiu.<\/p>\n","protected":false},"excerpt":{"rendered":"<p style=\"text-align: justify;\">Quarenta profissionais participam do treinamento<\/p>\n","protected":false},"author":4,"featured_media":22773,"comment_status":"open","ping_status":"open","sticky":false,"template":"","format":"standard","meta":{"jnews-multi-image_gallery":[],"jnews_single_post":[],"jnews_primary_category":[],"jnews_social_meta":[],"jnews_review":[],"enable_review":"","type":"","name":"","summary":"","brand":"","sku":"","good":[],"bad":[],"score_override":"","override_value":"","rating":[],"price":[],"footnotes":""},"categories":[44],"tags":[],"class_list":["post-22774","post","type-post","status-publish","format-standard","has-post-thumbnail","hentry","category-policia"],"yoast_head":"<!-- This site is optimized with the Yoast SEO plugin v26.5 - https:\/\/yoast.com\/wordpress\/plugins\/seo\/ -->\n<title>Escola Penitenci\u00e1ria inicia curso sobre interven\u00e7\u00e3o prisional - Agazeta.net<\/title>\n<meta name=\"robots\" content=\"index, follow, max-snippet:-1, max-image-preview:large, max-video-preview:-1\" \/>\n<link rel=\"canonical\" href=\"https:\/\/nk7-testes.com.br\/agazeta\/escola-penitenciaria-inicia-curso-sobre-intervencao-prisional\/\" \/>\n<meta property=\"og:locale\" content=\"pt_BR\" \/>\n<meta property=\"og:type\" content=\"article\" \/>\n<meta property=\"og:title\" content=\"Escola Penitenci\u00e1ria inicia curso sobre interven\u00e7\u00e3o prisional - Agazeta.net\" \/>\n<meta property=\"og:description\" content=\"Quarenta profissionais participam do treinamento\" \/>\n<meta property=\"og:url\" content=\"https:\/\/nk7-testes.com.br\/agazeta\/escola-penitenciaria-inicia-curso-sobre-intervencao-prisional\/\" \/>\n<meta property=\"og:site_name\" content=\"Agazeta.net\" \/>\n<meta property=\"article:published_time\" content=\"2016-05-16T16:53:48+00:00\" \/>\n<meta property=\"og:image\" content=\"https:\/\/nk7-testes.com.br\/agazeta\/wp-content\/uploads\/2016\/05\/160516-policia-cursopolicia-cedida.jpg\" \/>\n\t<meta property=\"og:image:width\" content=\"458\" \/>\n\t<meta property=\"og:image:height\" content=\"340\" \/>\n\t<meta property=\"og:image:type\" content=\"image\/jpeg\" \/>\n<meta name=\"author\" content=\"Agazeta.Net\" \/>\n<meta name=\"twitter:card\" content=\"summary_large_image\" \/>\n<meta name=\"twitter:label1\" content=\"Escrito por\" \/>\n\t<meta name=\"twitter:data1\" content=\"Agazeta.Net\" \/>\n\t<meta name=\"twitter:label2\" content=\"Est. tempo de leitura\" \/>\n\t<meta name=\"twitter:data2\" content=\"2 minutos\" \/>\n<script type=\"application\/ld+json\" class=\"yoast-schema-graph\">{\"@context\":\"https:\/\/schema.org\",\"@graph\":[{\"@type\":\"WebPage\",\"@id\":\"https:\/\/nk7-testes.com.br\/agazeta\/escola-penitenciaria-inicia-curso-sobre-intervencao-prisional\/\",\"url\":\"https:\/\/nk7-testes.com.br\/agazeta\/escola-penitenciaria-inicia-curso-sobre-intervencao-prisional\/\",\"name\":\"Escola Penitenci\u00e1ria inicia curso sobre interven\u00e7\u00e3o prisional - Agazeta.net\",\"isPartOf\":{\"@id\":\"https:\/\/nk7-testes.com.br\/agazeta\/#website\"},\"primaryImageOfPage\":{\"@id\":\"https:\/\/nk7-testes.com.br\/agazeta\/escola-penitenciaria-inicia-curso-sobre-intervencao-prisional\/#primaryimage\"},\"image\":{\"@id\":\"https:\/\/nk7-testes.com.br\/agazeta\/escola-penitenciaria-inicia-curso-sobre-intervencao-prisional\/#primaryimage\"},\"thumbnailUrl\":\"https:\/\/nk7-testes.com.br\/agazeta\/wp-content\/uploads\/2016\/05\/160516-policia-cursopolicia-cedida.jpg\",\"datePublished\":\"2016-05-16T16:53:48+00:00\",\"author\":{\"@id\":\"https:\/\/nk7-testes.com.br\/agazeta\/#\/schema\/person\/6d6e25cb0435eb4a02fd44d30b4e3020\"},\"breadcrumb\":{\"@id\":\"https:\/\/nk7-testes.com.br\/agazeta\/escola-penitenciaria-inicia-curso-sobre-intervencao-prisional\/#breadcrumb\"},\"inLanguage\":\"pt-BR\",\"potentialAction\":[{\"@type\":\"ReadAction\",\"target\":[\"https:\/\/nk7-testes.com.br\/agazeta\/escola-penitenciaria-inicia-curso-sobre-intervencao-prisional\/\"]}]},{\"@type\":\"ImageObject\",\"inLanguage\":\"pt-BR\",\"@id\":\"https:\/\/nk7-testes.com.br\/agazeta\/escola-penitenciaria-inicia-curso-sobre-intervencao-prisional\/#primaryimage\",\"url\":\"https:\/\/nk7-testes.com.br\/agazeta\/wp-content\/uploads\/2016\/05\/160516-policia-cursopolicia-cedida.jpg\",\"contentUrl\":\"https:\/\/nk7-testes.com.br\/agazeta\/wp-content\/uploads\/2016\/05\/160516-policia-cursopolicia-cedida.jpg\",\"width\":458,\"height\":340,\"caption\":\"160516-policia-cursopolicia-cedida\"},{\"@type\":\"BreadcrumbList\",\"@id\":\"https:\/\/nk7-testes.com.br\/agazeta\/escola-penitenciaria-inicia-curso-sobre-intervencao-prisional\/#breadcrumb\",\"itemListElement\":[{\"@type\":\"ListItem\",\"position\":1,\"name\":\"In\u00edcio\",\"item\":\"https:\/\/nk7-testes.com.br\/agazeta\/\"},{\"@type\":\"ListItem\",\"position\":2,\"name\":\"Escola Penitenci\u00e1ria inicia curso sobre interven\u00e7\u00e3o prisional\"}]},{\"@type\":\"WebSite\",\"@id\":\"https:\/\/nk7-testes.com.br\/agazeta\/#website\",\"url\":\"https:\/\/nk7-testes.com.br\/agazeta\/\",\"name\":\"Agazeta.net\",\"description\":\"Agazeta.net - Not\u00edcias de Rio Branco\/AC\",\"potentialAction\":[{\"@type\":\"SearchAction\",\"target\":{\"@type\":\"EntryPoint\",\"urlTemplate\":\"https:\/\/nk7-testes.com.br\/agazeta\/?s={search_term_string}\"},\"query-input\":{\"@type\":\"PropertyValueSpecification\",\"valueRequired\":true,\"valueName\":\"search_term_string\"}}],\"inLanguage\":\"pt-BR\"},{\"@type\":\"Person\",\"@id\":\"https:\/\/nk7-testes.com.br\/agazeta\/#\/schema\/person\/6d6e25cb0435eb4a02fd44d30b4e3020\",\"name\":\"Agazeta.Net\",\"url\":\"https:\/\/nk7-testes.com.br\/agazeta\/author\/agazeta\/\"}]}<\/script>\n<!-- \/ Yoast SEO plugin. -->","yoast_head_json":{"title":"Escola Penitenci\u00e1ria inicia curso sobre interven\u00e7\u00e3o prisional - Agazeta.net","robots":{"index":"index","follow":"follow","max-snippet":"max-snippet:-1","max-image-preview":"max-image-preview:large","max-video-preview":"max-video-preview:-1"},"canonical":"https:\/\/nk7-testes.com.br\/agazeta\/escola-penitenciaria-inicia-curso-sobre-intervencao-prisional\/","og_locale":"pt_BR","og_type":"article","og_title":"Escola Penitenci\u00e1ria inicia curso sobre interven\u00e7\u00e3o prisional - Agazeta.net","og_description":"Quarenta profissionais participam do treinamento","og_url":"https:\/\/nk7-testes.com.br\/agazeta\/escola-penitenciaria-inicia-curso-sobre-intervencao-prisional\/","og_site_name":"Agazeta.net","article_published_time":"2016-05-16T16:53:48+00:00","og_image":[{"width":458,"height":340,"url":"https:\/\/nk7-testes.com.br\/agazeta\/wp-content\/uploads\/2016\/05\/160516-policia-cursopolicia-cedida.jpg","type":"image\/jpeg"}],"author":"Agazeta.Net","twitter_card":"summary_large_image","twitter_misc":{"Escrito por":"Agazeta.Net","Est. tempo de leitura":"2 minutos"},"schema":{"@context":"https:\/\/schema.org","@graph":[{"@type":"WebPage","@id":"https:\/\/nk7-testes.com.br\/agazeta\/escola-penitenciaria-inicia-curso-sobre-intervencao-prisional\/","url":"https:\/\/nk7-testes.com.br\/agazeta\/escola-penitenciaria-inicia-curso-sobre-intervencao-prisional\/","name":"Escola Penitenci\u00e1ria inicia curso sobre interven\u00e7\u00e3o prisional - Agazeta.net","isPartOf":{"@id":"https:\/\/nk7-testes.com.br\/agazeta\/#website"},"primaryImageOfPage":{"@id":"https:\/\/nk7-testes.com.br\/agazeta\/escola-penitenciaria-inicia-curso-sobre-intervencao-prisional\/#primaryimage"},"image":{"@id":"https:\/\/nk7-testes.com.br\/agazeta\/escola-penitenciaria-inicia-curso-sobre-intervencao-prisional\/#primaryimage"},"thumbnailUrl":"https:\/\/nk7-testes.com.br\/agazeta\/wp-content\/uploads\/2016\/05\/160516-policia-cursopolicia-cedida.jpg","datePublished":"2016-05-16T16:53:48+00:00","author":{"@id":"https:\/\/nk7-testes.com.br\/agazeta\/#\/schema\/person\/6d6e25cb0435eb4a02fd44d30b4e3020"},"breadcrumb":{"@id":"https:\/\/nk7-testes.com.br\/agazeta\/escola-penitenciaria-inicia-curso-sobre-intervencao-prisional\/#breadcrumb"},"inLanguage":"pt-BR","potentialAction":[{"@type":"ReadAction","target":["https:\/\/nk7-testes.com.br\/agazeta\/escola-penitenciaria-inicia-curso-sobre-intervencao-prisional\/"]}]},{"@type":"ImageObject","inLanguage":"pt-BR","@id":"https:\/\/nk7-testes.com.br\/agazeta\/escola-penitenciaria-inicia-curso-sobre-intervencao-prisional\/#primaryimage","url":"https:\/\/nk7-testes.com.br\/agazeta\/wp-content\/uploads\/2016\/05\/160516-policia-cursopolicia-cedida.jpg","contentUrl":"https:\/\/nk7-testes.com.br\/agazeta\/wp-content\/uploads\/2016\/05\/160516-policia-cursopolicia-cedida.jpg","width":458,"height":340,"caption":"160516-policia-cursopolicia-cedida"},{"@type":"BreadcrumbList","@id":"https:\/\/nk7-testes.com.br\/agazeta\/escola-penitenciaria-inicia-curso-sobre-intervencao-prisional\/#breadcrumb","itemListElement":[{"@type":"ListItem","position":1,"name":"In\u00edcio","item":"https:\/\/nk7-testes.com.br\/agazeta\/"},{"@type":"ListItem","position":2,"name":"Escola Penitenci\u00e1ria inicia curso sobre interven\u00e7\u00e3o prisional"}]},{"@type":"WebSite","@id":"https:\/\/nk7-testes.com.br\/agazeta\/#website","url":"https:\/\/nk7-testes.com.br\/agazeta\/","name":"Agazeta.net","description":"Agazeta.net - Not\u00edcias de Rio Branco\/AC","potentialAction":[{"@type":"SearchAction","target":{"@type":"EntryPoint","urlTemplate":"https:\/\/nk7-testes.com.br\/agazeta\/?s={search_term_string}"},"query-input":{"@type":"PropertyValueSpecification","valueRequired":true,"valueName":"search_term_string"}}],"inLanguage":"pt-BR"},{"@type":"Person","@id":"https:\/\/nk7-testes.com.br\/agazeta\/#\/schema\/person\/6d6e25cb0435eb4a02fd44d30b4e3020","name":"Agazeta.Net","url":"https:\/\/nk7-testes.com.br\/agazeta\/author\/agazeta\/"}]}},"_links":{"self":[{"href":"https:\/\/nk7-testes.com.br\/agazeta\/wp-json\/wp\/v2\/posts\/22774","targetHints":{"allow":["GET"]}}],"collection":[{"href":"https:\/\/nk7-testes.com.br\/agazeta\/wp-json\/wp\/v2\/posts"}],"about":[{"href":"https:\/\/nk7-testes.com.br\/agazeta\/wp-json\/wp\/v2\/types\/post"}],"author":[{"embeddable":true,"href":"https:\/\/nk7-testes.com.br\/agazeta\/wp-json\/wp\/v2\/users\/4"}],"replies":[{"embeddable":true,"href":"https:\/\/nk7-testes.com.br\/agazeta\/wp-json\/wp\/v2\/comments?post=22774"}],"version-history":[{"count":0,"href":"https:\/\/nk7-testes.com.br\/agazeta\/wp-json\/wp\/v2\/posts\/22774\/revisions"}],"wp:featuredmedia":[{"embeddable":true,"href":"https:\/\/nk7-testes.com.br\/agazeta\/wp-json\/wp\/v2\/media\/22773"}],"wp:attachment":[{"href":"https:\/\/nk7-testes.com.br\/agazeta\/wp-json\/wp\/v2\/media?parent=22774"}],"wp:term":[{"taxonomy":"category","embeddable":true,"href":"https:\/\/nk7-testes.com.br\/agazeta\/wp-json\/wp\/v2\/categories?post=22774"},{"taxonomy":"post_tag","embeddable":true,"href":"https:\/\/nk7-testes.com.br\/agazeta\/wp-json\/wp\/v2\/tags?post=22774"}],"curies":[{"name":"wp","href":"https:\/\/api.w.org\/{rel}","templated":true}]}}