{"id":22764,"date":"2016-05-16T12:15:23","date_gmt":"2016-05-16T12:15:23","guid":{"rendered":"https:\/\/abarevegan.com.br\/index.php\/2016\/05\/16\/moradores-irregulares-saem-do-rui-lino-iii\/"},"modified":"2016-05-16T12:15:23","modified_gmt":"2016-05-16T12:15:23","slug":"moradores-irregulares-saem-do-rui-lino-iii","status":"publish","type":"post","link":"https:\/\/nk7-testes.com.br\/agazeta\/moradores-irregulares-saem-do-rui-lino-iii\/","title":{"rendered":"Moradores irregulares saem do Rui Lino III"},"content":{"rendered":"<p style=\"text-align: justify;\">Opera\u00e7\u00e3o Lares executa despejo de fam\u00edlias do conjunto<\/p>\n<p style=\"text-align: justify;\">\u201cCovardia. Porque tanta gente precisando de uma casa, morando no alagado e as pessoas se aproveitando\u201d. O trabalhador da constru\u00e7\u00e3o civil Luiz Oliveira definiu bem o que a pol\u00edcia descobriu atrav\u00e9s da Opera\u00e7\u00e3o Lares. A covardia cegou os olhos de quem participou da compra e venda de casas populares.<\/p>\n<p style=\"text-align: justify;\">Mas, quem morava perto dos compradores percebia que alguma coisa estava errada. O Conjunto habitacional surgiu para abrigar fam\u00edlias de \u00e1reas de risco, especialmente da Baixada do Habitasa e Cadeia Velha, mas muitas fam\u00edlias que moravam ali tinham vindo de outros bairros, com perfil social, bem diferente.<\/p>\n<p style=\"text-align: justify;\">\u201cPegamos tr\u00eas alaga\u00e7\u00f5es seguidas, ent\u00e3o quando voc\u00ea vem desses lugares n\u00e3o tem condi\u00e7\u00f5es de ir botando gradeamento, port\u00e3o eletr\u00f4nico e tanta coisa\u201d, opina.<br \/>Na \u00faltima quinta-feira (12), a Pol\u00edcia Civil deflagrou a terceira fase da &#8220;Opera\u00e7\u00e3o Lares&#8221;, onde foram cumpridas 74 ordens judiciais e 37 pessoas, acusadas de comprar casas populares, foram conduzidas para prestar depoimento. De acordo com a investiga\u00e7\u00e3o as unidades eram negociadas em valores entre 20 e 30 mil reais. A Justi\u00e7a deu um prazo de 48 horas para deixar os im\u00f3veis.<\/p>\n<p style=\"text-align: justify;\">Os moradores n\u00e3o gravam entrevista, mas relatam o que vem acontecendo. As mudan\u00e7as dos m\u00f3veis e pertences pessoais aconteceram nesses dias, a maior parte, durante a noite. Talvez pela vergonha, ou pela covardia.<\/p>\n<p style=\"text-align: justify;\">Na casa 18 da quadra 20, segundo vizinhos, morava um jogador de futebol, de um clube conceituado da capital. Ele n\u00e3o era de \u00e1rea alagadi\u00e7a e tinha outra casa em Rio Branco. Teve tempo de tirar as grades da casa, e saiu a noite.<\/p>\n<p style=\"text-align: justify;\">Em outra resid\u00eancia que foi esvaziada nos \u00faltimos dias, morava um casal, beneficiado tamb\u00e9m por um dos presos na Opera\u00e7\u00e3o Lares. Eles n\u00e3o teriam pagado pela unidade habitacional, mas receberam ilegalmente. A mudan\u00e7a foi levada para a varanda de um vizinho.<\/p>\n<p style=\"text-align: justify;\">Casas de esquina s\u00e3o destinadas pelo governo federal para cadeirantes, pessoas com outras necessidades especiais e idosos. Uma delas teria sido vendida para um servidor de carreira do Depasa. No local, calculamos investimento aproximado de R$ 50 mil em varanda, aplica\u00e7\u00e3o de cer\u00e2mica, constru\u00e7\u00e3o de um closet para a mulher do suposto dono e a amplia\u00e7\u00e3o de um quarto. A moradia tem grade de cima a baixo.<\/p>\n<p style=\"text-align: justify;\">E quem vai saindo, tamb\u00e9m deixa outras marcas. Em outra casa de esquina, o comprador levou consigo as grades do muro e o port\u00e3o. At\u00e9 as telhas da garagem foram arrancadas.<\/p>\n<p style=\"text-align: justify;\">O perfil das unidades habitacionais vendidas irregularmente, n\u00e3o causa suspeita, \u00e9 evid\u00eancia pura de corrup\u00e7\u00e3o. Muros altos, grades refor\u00e7adas, espa\u00e7os ampliados e investimento, muito investimento.<\/p>\n<p>Luiz Oliveira sugere novas investiga\u00e7\u00f5es. De acordo com ele, a fraude n\u00e3o termina por a\u00ed. \u201cTem gente alugando casa. O dono n\u00e3o mora dentro\u201d, afirma.<\/p>\n","protected":false},"excerpt":{"rendered":"<p style=\"text-align: justify;\">Opera\u00e7\u00e3o Lares executa despejo de fam\u00edlias do conjunto<\/p>\n","protected":false},"author":4,"featured_media":22763,"comment_status":"open","ping_status":"open","sticky":false,"template":"","format":"standard","meta":{"jnews-multi-image_gallery":[],"jnews_single_post":[],"jnews_primary_category":[],"jnews_social_meta":[],"jnews_review":[],"enable_review":"","type":"","name":"","summary":"","brand":"","sku":"","good":[],"bad":[],"score_override":"","override_value":"","rating":[],"price":[],"footnotes":""},"categories":[44],"tags":[],"class_list":["post-22764","post","type-post","status-publish","format-standard","has-post-thumbnail","hentry","category-policia"],"yoast_head":"<!-- This site is optimized with the Yoast SEO plugin v26.5 - https:\/\/yoast.com\/wordpress\/plugins\/seo\/ -->\n<title>Moradores irregulares saem do Rui Lino III - Agazeta.net<\/title>\n<meta name=\"robots\" content=\"index, follow, max-snippet:-1, max-image-preview:large, max-video-preview:-1\" \/>\n<link rel=\"canonical\" href=\"https:\/\/nk7-testes.com.br\/agazeta\/moradores-irregulares-saem-do-rui-lino-iii\/\" \/>\n<meta property=\"og:locale\" content=\"pt_BR\" \/>\n<meta property=\"og:type\" content=\"article\" \/>\n<meta property=\"og:title\" content=\"Moradores irregulares saem do Rui Lino III - Agazeta.net\" \/>\n<meta property=\"og:description\" content=\"Opera\u00e7\u00e3o Lares executa despejo de fam\u00edlias do conjunto\" \/>\n<meta property=\"og:url\" content=\"https:\/\/nk7-testes.com.br\/agazeta\/moradores-irregulares-saem-do-rui-lino-iii\/\" \/>\n<meta property=\"og:site_name\" content=\"Agazeta.net\" \/>\n<meta property=\"article:published_time\" content=\"2016-05-16T12:15:23+00:00\" \/>\n<meta property=\"og:image\" content=\"https:\/\/nk7-testes.com.br\/agazeta\/wp-content\/uploads\/2016\/05\/150516-policia-operacaobotaforalares-gleilsonmiranda.jpg\" \/>\n\t<meta property=\"og:image:width\" content=\"458\" \/>\n\t<meta property=\"og:image:height\" content=\"340\" \/>\n\t<meta property=\"og:image:type\" content=\"image\/jpeg\" \/>\n<meta name=\"author\" content=\"Agazeta.Net\" \/>\n<meta name=\"twitter:card\" content=\"summary_large_image\" \/>\n<meta name=\"twitter:label1\" content=\"Escrito por\" \/>\n\t<meta name=\"twitter:data1\" content=\"Agazeta.Net\" \/>\n\t<meta name=\"twitter:label2\" content=\"Est. tempo de leitura\" \/>\n\t<meta name=\"twitter:data2\" content=\"2 minutos\" \/>\n<script type=\"application\/ld+json\" class=\"yoast-schema-graph\">{\"@context\":\"https:\/\/schema.org\",\"@graph\":[{\"@type\":\"WebPage\",\"@id\":\"https:\/\/nk7-testes.com.br\/agazeta\/moradores-irregulares-saem-do-rui-lino-iii\/\",\"url\":\"https:\/\/nk7-testes.com.br\/agazeta\/moradores-irregulares-saem-do-rui-lino-iii\/\",\"name\":\"Moradores irregulares saem do Rui Lino III - Agazeta.net\",\"isPartOf\":{\"@id\":\"https:\/\/nk7-testes.com.br\/agazeta\/#website\"},\"primaryImageOfPage\":{\"@id\":\"https:\/\/nk7-testes.com.br\/agazeta\/moradores-irregulares-saem-do-rui-lino-iii\/#primaryimage\"},\"image\":{\"@id\":\"https:\/\/nk7-testes.com.br\/agazeta\/moradores-irregulares-saem-do-rui-lino-iii\/#primaryimage\"},\"thumbnailUrl\":\"https:\/\/nk7-testes.com.br\/agazeta\/wp-content\/uploads\/2016\/05\/150516-policia-operacaobotaforalares-gleilsonmiranda.jpg\",\"datePublished\":\"2016-05-16T12:15:23+00:00\",\"author\":{\"@id\":\"https:\/\/nk7-testes.com.br\/agazeta\/#\/schema\/person\/6d6e25cb0435eb4a02fd44d30b4e3020\"},\"breadcrumb\":{\"@id\":\"https:\/\/nk7-testes.com.br\/agazeta\/moradores-irregulares-saem-do-rui-lino-iii\/#breadcrumb\"},\"inLanguage\":\"pt-BR\",\"potentialAction\":[{\"@type\":\"ReadAction\",\"target\":[\"https:\/\/nk7-testes.com.br\/agazeta\/moradores-irregulares-saem-do-rui-lino-iii\/\"]}]},{\"@type\":\"ImageObject\",\"inLanguage\":\"pt-BR\",\"@id\":\"https:\/\/nk7-testes.com.br\/agazeta\/moradores-irregulares-saem-do-rui-lino-iii\/#primaryimage\",\"url\":\"https:\/\/nk7-testes.com.br\/agazeta\/wp-content\/uploads\/2016\/05\/150516-policia-operacaobotaforalares-gleilsonmiranda.jpg\",\"contentUrl\":\"https:\/\/nk7-testes.com.br\/agazeta\/wp-content\/uploads\/2016\/05\/150516-policia-operacaobotaforalares-gleilsonmiranda.jpg\",\"width\":458,\"height\":340,\"caption\":\"150516-policia-operacaobotaforalares-gleilsonmiranda\"},{\"@type\":\"BreadcrumbList\",\"@id\":\"https:\/\/nk7-testes.com.br\/agazeta\/moradores-irregulares-saem-do-rui-lino-iii\/#breadcrumb\",\"itemListElement\":[{\"@type\":\"ListItem\",\"position\":1,\"name\":\"In\u00edcio\",\"item\":\"https:\/\/nk7-testes.com.br\/agazeta\/\"},{\"@type\":\"ListItem\",\"position\":2,\"name\":\"Moradores irregulares saem do Rui Lino III\"}]},{\"@type\":\"WebSite\",\"@id\":\"https:\/\/nk7-testes.com.br\/agazeta\/#website\",\"url\":\"https:\/\/nk7-testes.com.br\/agazeta\/\",\"name\":\"Agazeta.net\",\"description\":\"Agazeta.net - Not\u00edcias de Rio Branco\/AC\",\"potentialAction\":[{\"@type\":\"SearchAction\",\"target\":{\"@type\":\"EntryPoint\",\"urlTemplate\":\"https:\/\/nk7-testes.com.br\/agazeta\/?s={search_term_string}\"},\"query-input\":{\"@type\":\"PropertyValueSpecification\",\"valueRequired\":true,\"valueName\":\"search_term_string\"}}],\"inLanguage\":\"pt-BR\"},{\"@type\":\"Person\",\"@id\":\"https:\/\/nk7-testes.com.br\/agazeta\/#\/schema\/person\/6d6e25cb0435eb4a02fd44d30b4e3020\",\"name\":\"Agazeta.Net\",\"url\":\"https:\/\/nk7-testes.com.br\/agazeta\/author\/agazeta\/\"}]}<\/script>\n<!-- \/ Yoast SEO plugin. -->","yoast_head_json":{"title":"Moradores irregulares saem do Rui Lino III - Agazeta.net","robots":{"index":"index","follow":"follow","max-snippet":"max-snippet:-1","max-image-preview":"max-image-preview:large","max-video-preview":"max-video-preview:-1"},"canonical":"https:\/\/nk7-testes.com.br\/agazeta\/moradores-irregulares-saem-do-rui-lino-iii\/","og_locale":"pt_BR","og_type":"article","og_title":"Moradores irregulares saem do Rui Lino III - Agazeta.net","og_description":"Opera\u00e7\u00e3o Lares executa despejo de fam\u00edlias do conjunto","og_url":"https:\/\/nk7-testes.com.br\/agazeta\/moradores-irregulares-saem-do-rui-lino-iii\/","og_site_name":"Agazeta.net","article_published_time":"2016-05-16T12:15:23+00:00","og_image":[{"width":458,"height":340,"url":"https:\/\/nk7-testes.com.br\/agazeta\/wp-content\/uploads\/2016\/05\/150516-policia-operacaobotaforalares-gleilsonmiranda.jpg","type":"image\/jpeg"}],"author":"Agazeta.Net","twitter_card":"summary_large_image","twitter_misc":{"Escrito por":"Agazeta.Net","Est. tempo de leitura":"2 minutos"},"schema":{"@context":"https:\/\/schema.org","@graph":[{"@type":"WebPage","@id":"https:\/\/nk7-testes.com.br\/agazeta\/moradores-irregulares-saem-do-rui-lino-iii\/","url":"https:\/\/nk7-testes.com.br\/agazeta\/moradores-irregulares-saem-do-rui-lino-iii\/","name":"Moradores irregulares saem do Rui Lino III - Agazeta.net","isPartOf":{"@id":"https:\/\/nk7-testes.com.br\/agazeta\/#website"},"primaryImageOfPage":{"@id":"https:\/\/nk7-testes.com.br\/agazeta\/moradores-irregulares-saem-do-rui-lino-iii\/#primaryimage"},"image":{"@id":"https:\/\/nk7-testes.com.br\/agazeta\/moradores-irregulares-saem-do-rui-lino-iii\/#primaryimage"},"thumbnailUrl":"https:\/\/nk7-testes.com.br\/agazeta\/wp-content\/uploads\/2016\/05\/150516-policia-operacaobotaforalares-gleilsonmiranda.jpg","datePublished":"2016-05-16T12:15:23+00:00","author":{"@id":"https:\/\/nk7-testes.com.br\/agazeta\/#\/schema\/person\/6d6e25cb0435eb4a02fd44d30b4e3020"},"breadcrumb":{"@id":"https:\/\/nk7-testes.com.br\/agazeta\/moradores-irregulares-saem-do-rui-lino-iii\/#breadcrumb"},"inLanguage":"pt-BR","potentialAction":[{"@type":"ReadAction","target":["https:\/\/nk7-testes.com.br\/agazeta\/moradores-irregulares-saem-do-rui-lino-iii\/"]}]},{"@type":"ImageObject","inLanguage":"pt-BR","@id":"https:\/\/nk7-testes.com.br\/agazeta\/moradores-irregulares-saem-do-rui-lino-iii\/#primaryimage","url":"https:\/\/nk7-testes.com.br\/agazeta\/wp-content\/uploads\/2016\/05\/150516-policia-operacaobotaforalares-gleilsonmiranda.jpg","contentUrl":"https:\/\/nk7-testes.com.br\/agazeta\/wp-content\/uploads\/2016\/05\/150516-policia-operacaobotaforalares-gleilsonmiranda.jpg","width":458,"height":340,"caption":"150516-policia-operacaobotaforalares-gleilsonmiranda"},{"@type":"BreadcrumbList","@id":"https:\/\/nk7-testes.com.br\/agazeta\/moradores-irregulares-saem-do-rui-lino-iii\/#breadcrumb","itemListElement":[{"@type":"ListItem","position":1,"name":"In\u00edcio","item":"https:\/\/nk7-testes.com.br\/agazeta\/"},{"@type":"ListItem","position":2,"name":"Moradores irregulares saem do Rui Lino III"}]},{"@type":"WebSite","@id":"https:\/\/nk7-testes.com.br\/agazeta\/#website","url":"https:\/\/nk7-testes.com.br\/agazeta\/","name":"Agazeta.net","description":"Agazeta.net - Not\u00edcias de Rio Branco\/AC","potentialAction":[{"@type":"SearchAction","target":{"@type":"EntryPoint","urlTemplate":"https:\/\/nk7-testes.com.br\/agazeta\/?s={search_term_string}"},"query-input":{"@type":"PropertyValueSpecification","valueRequired":true,"valueName":"search_term_string"}}],"inLanguage":"pt-BR"},{"@type":"Person","@id":"https:\/\/nk7-testes.com.br\/agazeta\/#\/schema\/person\/6d6e25cb0435eb4a02fd44d30b4e3020","name":"Agazeta.Net","url":"https:\/\/nk7-testes.com.br\/agazeta\/author\/agazeta\/"}]}},"_links":{"self":[{"href":"https:\/\/nk7-testes.com.br\/agazeta\/wp-json\/wp\/v2\/posts\/22764","targetHints":{"allow":["GET"]}}],"collection":[{"href":"https:\/\/nk7-testes.com.br\/agazeta\/wp-json\/wp\/v2\/posts"}],"about":[{"href":"https:\/\/nk7-testes.com.br\/agazeta\/wp-json\/wp\/v2\/types\/post"}],"author":[{"embeddable":true,"href":"https:\/\/nk7-testes.com.br\/agazeta\/wp-json\/wp\/v2\/users\/4"}],"replies":[{"embeddable":true,"href":"https:\/\/nk7-testes.com.br\/agazeta\/wp-json\/wp\/v2\/comments?post=22764"}],"version-history":[{"count":0,"href":"https:\/\/nk7-testes.com.br\/agazeta\/wp-json\/wp\/v2\/posts\/22764\/revisions"}],"wp:featuredmedia":[{"embeddable":true,"href":"https:\/\/nk7-testes.com.br\/agazeta\/wp-json\/wp\/v2\/media\/22763"}],"wp:attachment":[{"href":"https:\/\/nk7-testes.com.br\/agazeta\/wp-json\/wp\/v2\/media?parent=22764"}],"wp:term":[{"taxonomy":"category","embeddable":true,"href":"https:\/\/nk7-testes.com.br\/agazeta\/wp-json\/wp\/v2\/categories?post=22764"},{"taxonomy":"post_tag","embeddable":true,"href":"https:\/\/nk7-testes.com.br\/agazeta\/wp-json\/wp\/v2\/tags?post=22764"}],"curies":[{"name":"wp","href":"https:\/\/api.w.org\/{rel}","templated":true}]}}