{"id":22752,"date":"2016-05-13T21:44:53","date_gmt":"2016-05-13T21:44:53","guid":{"rendered":"https:\/\/abarevegan.com.br\/index.php\/2016\/05\/13\/revista-referencias-negras-do-acre-e-lancada\/"},"modified":"2016-05-13T21:44:53","modified_gmt":"2016-05-13T21:44:53","slug":"revista-referencias-negras-do-acre-e-lancada","status":"publish","type":"post","link":"https:\/\/nk7-testes.com.br\/agazeta\/revista-referencias-negras-do-acre-e-lancada\/","title":{"rendered":"Revista \u2018Refer\u00eancias Negras do Acre\u2019 \u00e9 lan\u00e7ada"},"content":{"rendered":"<p style=\"text-align: justify;\">Ufac foi local escolhido para lan\u00e7amento<\/p>\n<p style=\"text-align: justify;\">O Quiosque das Capivaras, na Universidade Federal do Acre (Ufac), foi palco do lan\u00e7amento da revista \u201cRefer\u00eancias Negras do Acre\u201d, na manh\u00e3 desta sexta-feira, 13. Produzida pela Secretaria Adjunta de Pol\u00edticas de Promo\u00e7\u00e3o da Igualdade Racial (Seadpir), da prefeitura de Rio Branco, a obra pretende dar visibilidade a personalidades negras que ajudaram a construir a sociedade acriana.<\/p>\n<p>O evento contou com apresenta\u00e7\u00f5es culturais, roda de capoeira e homenagem a personalidades retratadas na publica\u00e7\u00e3o. A data, 13 de maio, escolhida para o lan\u00e7amento da revista, \u00e9 tamb\u00e9m o dia em que foi sancionada a Lei \u00c1urea, que extinguiu a escravid\u00e3o no Brasil, em 1888.<\/p>\n<p>O reitor da Ufac, Minoru Kinpara, ressaltou que \u00e9 preciso continuar avan\u00e7ando nas pol\u00edticas de igualdade racial no Brasil. \u201cTivemos, desde 2003, avan\u00e7os significativos nesta \u00e1rea e, junto com essa homenagem, vamos continuar a lutar para que nossos direitos n\u00e3o sejam perdidos\u201d.<\/p>\n<p>Para a secret\u00e1ria-adjunta de Pol\u00edticas de Promo\u00e7\u00e3o da Igualdade Racial, Elza Lopes, lan\u00e7ar essa revista na Ufac \u00e9 de grande import\u00e2ncia. \u201cTemos um reitor que conhece a luta da popula\u00e7\u00e3o negra, al\u00e9m de ter transformado a universidade\u201d, afirmou. \u201cA Ufac, hoje, \u00e9 uma universidade que trabalha essas pol\u00edticas afirmativas\u201d.<\/p>\n<p>A revista estar\u00e1 dispon\u00edvel, para consulta cient\u00edfica, em breve, na Biblioteca Central da Ufac.<\/p>\n","protected":false},"excerpt":{"rendered":"<p style=\"text-align: justify;\">Ufac foi local escolhido para lan\u00e7amento<\/p>\n","protected":false},"author":4,"featured_media":22751,"comment_status":"open","ping_status":"open","sticky":false,"template":"","format":"standard","meta":{"jnews-multi-image_gallery":[],"jnews_single_post":[],"jnews_primary_category":[],"jnews_social_meta":[],"jnews_review":[],"enable_review":"","type":"","name":"","summary":"","brand":"","sku":"","good":[],"bad":[],"score_override":"","override_value":"","rating":[],"price":[],"footnotes":""},"categories":[54],"tags":[],"class_list":["post-22752","post","type-post","status-publish","format-standard","has-post-thumbnail","hentry","category-cotidiano"],"yoast_head":"<!-- This site is optimized with the Yoast SEO plugin v26.5 - https:\/\/yoast.com\/wordpress\/plugins\/seo\/ -->\n<title>Revista \u2018Refer\u00eancias Negras do Acre\u2019 \u00e9 lan\u00e7ada - Agazeta.net<\/title>\n<meta name=\"robots\" content=\"index, follow, max-snippet:-1, max-image-preview:large, max-video-preview:-1\" \/>\n<link rel=\"canonical\" href=\"https:\/\/nk7-testes.com.br\/agazeta\/revista-referencias-negras-do-acre-e-lancada\/\" \/>\n<meta property=\"og:locale\" content=\"pt_BR\" \/>\n<meta property=\"og:type\" content=\"article\" \/>\n<meta property=\"og:title\" content=\"Revista \u2018Refer\u00eancias Negras do Acre\u2019 \u00e9 lan\u00e7ada - Agazeta.net\" \/>\n<meta property=\"og:description\" content=\"Ufac foi local escolhido para lan\u00e7amento\" \/>\n<meta property=\"og:url\" content=\"https:\/\/nk7-testes.com.br\/agazeta\/revista-referencias-negras-do-acre-e-lancada\/\" \/>\n<meta property=\"og:site_name\" content=\"Agazeta.net\" \/>\n<meta property=\"article:published_time\" content=\"2016-05-13T21:44:53+00:00\" \/>\n<meta property=\"og:image\" content=\"https:\/\/nk7-testes.com.br\/agazeta\/wp-content\/uploads\/2016\/05\/130516-cotidiano-revistanegros-ascomprefeitura.jpg\" \/>\n\t<meta property=\"og:image:width\" content=\"458\" \/>\n\t<meta property=\"og:image:height\" content=\"340\" \/>\n\t<meta property=\"og:image:type\" content=\"image\/jpeg\" \/>\n<meta name=\"author\" content=\"Agazeta.Net\" \/>\n<meta name=\"twitter:card\" content=\"summary_large_image\" \/>\n<meta name=\"twitter:label1\" content=\"Escrito por\" \/>\n\t<meta name=\"twitter:data1\" content=\"Agazeta.Net\" \/>\n\t<meta name=\"twitter:label2\" content=\"Est. tempo de leitura\" \/>\n\t<meta name=\"twitter:data2\" content=\"1 minuto\" \/>\n<script type=\"application\/ld+json\" class=\"yoast-schema-graph\">{\"@context\":\"https:\/\/schema.org\",\"@graph\":[{\"@type\":\"WebPage\",\"@id\":\"https:\/\/nk7-testes.com.br\/agazeta\/revista-referencias-negras-do-acre-e-lancada\/\",\"url\":\"https:\/\/nk7-testes.com.br\/agazeta\/revista-referencias-negras-do-acre-e-lancada\/\",\"name\":\"Revista \u2018Refer\u00eancias Negras do Acre\u2019 \u00e9 lan\u00e7ada - Agazeta.net\",\"isPartOf\":{\"@id\":\"https:\/\/nk7-testes.com.br\/agazeta\/#website\"},\"primaryImageOfPage\":{\"@id\":\"https:\/\/nk7-testes.com.br\/agazeta\/revista-referencias-negras-do-acre-e-lancada\/#primaryimage\"},\"image\":{\"@id\":\"https:\/\/nk7-testes.com.br\/agazeta\/revista-referencias-negras-do-acre-e-lancada\/#primaryimage\"},\"thumbnailUrl\":\"https:\/\/nk7-testes.com.br\/agazeta\/wp-content\/uploads\/2016\/05\/130516-cotidiano-revistanegros-ascomprefeitura.jpg\",\"datePublished\":\"2016-05-13T21:44:53+00:00\",\"author\":{\"@id\":\"https:\/\/nk7-testes.com.br\/agazeta\/#\/schema\/person\/6d6e25cb0435eb4a02fd44d30b4e3020\"},\"breadcrumb\":{\"@id\":\"https:\/\/nk7-testes.com.br\/agazeta\/revista-referencias-negras-do-acre-e-lancada\/#breadcrumb\"},\"inLanguage\":\"pt-BR\",\"potentialAction\":[{\"@type\":\"ReadAction\",\"target\":[\"https:\/\/nk7-testes.com.br\/agazeta\/revista-referencias-negras-do-acre-e-lancada\/\"]}]},{\"@type\":\"ImageObject\",\"inLanguage\":\"pt-BR\",\"@id\":\"https:\/\/nk7-testes.com.br\/agazeta\/revista-referencias-negras-do-acre-e-lancada\/#primaryimage\",\"url\":\"https:\/\/nk7-testes.com.br\/agazeta\/wp-content\/uploads\/2016\/05\/130516-cotidiano-revistanegros-ascomprefeitura.jpg\",\"contentUrl\":\"https:\/\/nk7-testes.com.br\/agazeta\/wp-content\/uploads\/2016\/05\/130516-cotidiano-revistanegros-ascomprefeitura.jpg\",\"width\":458,\"height\":340,\"caption\":\"130516-cotidiano-revistanegros-ascomprefeitura\"},{\"@type\":\"BreadcrumbList\",\"@id\":\"https:\/\/nk7-testes.com.br\/agazeta\/revista-referencias-negras-do-acre-e-lancada\/#breadcrumb\",\"itemListElement\":[{\"@type\":\"ListItem\",\"position\":1,\"name\":\"In\u00edcio\",\"item\":\"https:\/\/nk7-testes.com.br\/agazeta\/\"},{\"@type\":\"ListItem\",\"position\":2,\"name\":\"Revista \u2018Refer\u00eancias Negras do Acre\u2019 \u00e9 lan\u00e7ada\"}]},{\"@type\":\"WebSite\",\"@id\":\"https:\/\/nk7-testes.com.br\/agazeta\/#website\",\"url\":\"https:\/\/nk7-testes.com.br\/agazeta\/\",\"name\":\"Agazeta.net\",\"description\":\"Agazeta.net - Not\u00edcias de Rio Branco\/AC\",\"potentialAction\":[{\"@type\":\"SearchAction\",\"target\":{\"@type\":\"EntryPoint\",\"urlTemplate\":\"https:\/\/nk7-testes.com.br\/agazeta\/?s={search_term_string}\"},\"query-input\":{\"@type\":\"PropertyValueSpecification\",\"valueRequired\":true,\"valueName\":\"search_term_string\"}}],\"inLanguage\":\"pt-BR\"},{\"@type\":\"Person\",\"@id\":\"https:\/\/nk7-testes.com.br\/agazeta\/#\/schema\/person\/6d6e25cb0435eb4a02fd44d30b4e3020\",\"name\":\"Agazeta.Net\",\"url\":\"https:\/\/nk7-testes.com.br\/agazeta\/author\/agazeta\/\"}]}<\/script>\n<!-- \/ Yoast SEO plugin. -->","yoast_head_json":{"title":"Revista \u2018Refer\u00eancias Negras do Acre\u2019 \u00e9 lan\u00e7ada - Agazeta.net","robots":{"index":"index","follow":"follow","max-snippet":"max-snippet:-1","max-image-preview":"max-image-preview:large","max-video-preview":"max-video-preview:-1"},"canonical":"https:\/\/nk7-testes.com.br\/agazeta\/revista-referencias-negras-do-acre-e-lancada\/","og_locale":"pt_BR","og_type":"article","og_title":"Revista \u2018Refer\u00eancias Negras do Acre\u2019 \u00e9 lan\u00e7ada - Agazeta.net","og_description":"Ufac foi local escolhido para lan\u00e7amento","og_url":"https:\/\/nk7-testes.com.br\/agazeta\/revista-referencias-negras-do-acre-e-lancada\/","og_site_name":"Agazeta.net","article_published_time":"2016-05-13T21:44:53+00:00","og_image":[{"width":458,"height":340,"url":"https:\/\/nk7-testes.com.br\/agazeta\/wp-content\/uploads\/2016\/05\/130516-cotidiano-revistanegros-ascomprefeitura.jpg","type":"image\/jpeg"}],"author":"Agazeta.Net","twitter_card":"summary_large_image","twitter_misc":{"Escrito por":"Agazeta.Net","Est. tempo de leitura":"1 minuto"},"schema":{"@context":"https:\/\/schema.org","@graph":[{"@type":"WebPage","@id":"https:\/\/nk7-testes.com.br\/agazeta\/revista-referencias-negras-do-acre-e-lancada\/","url":"https:\/\/nk7-testes.com.br\/agazeta\/revista-referencias-negras-do-acre-e-lancada\/","name":"Revista \u2018Refer\u00eancias Negras do Acre\u2019 \u00e9 lan\u00e7ada - Agazeta.net","isPartOf":{"@id":"https:\/\/nk7-testes.com.br\/agazeta\/#website"},"primaryImageOfPage":{"@id":"https:\/\/nk7-testes.com.br\/agazeta\/revista-referencias-negras-do-acre-e-lancada\/#primaryimage"},"image":{"@id":"https:\/\/nk7-testes.com.br\/agazeta\/revista-referencias-negras-do-acre-e-lancada\/#primaryimage"},"thumbnailUrl":"https:\/\/nk7-testes.com.br\/agazeta\/wp-content\/uploads\/2016\/05\/130516-cotidiano-revistanegros-ascomprefeitura.jpg","datePublished":"2016-05-13T21:44:53+00:00","author":{"@id":"https:\/\/nk7-testes.com.br\/agazeta\/#\/schema\/person\/6d6e25cb0435eb4a02fd44d30b4e3020"},"breadcrumb":{"@id":"https:\/\/nk7-testes.com.br\/agazeta\/revista-referencias-negras-do-acre-e-lancada\/#breadcrumb"},"inLanguage":"pt-BR","potentialAction":[{"@type":"ReadAction","target":["https:\/\/nk7-testes.com.br\/agazeta\/revista-referencias-negras-do-acre-e-lancada\/"]}]},{"@type":"ImageObject","inLanguage":"pt-BR","@id":"https:\/\/nk7-testes.com.br\/agazeta\/revista-referencias-negras-do-acre-e-lancada\/#primaryimage","url":"https:\/\/nk7-testes.com.br\/agazeta\/wp-content\/uploads\/2016\/05\/130516-cotidiano-revistanegros-ascomprefeitura.jpg","contentUrl":"https:\/\/nk7-testes.com.br\/agazeta\/wp-content\/uploads\/2016\/05\/130516-cotidiano-revistanegros-ascomprefeitura.jpg","width":458,"height":340,"caption":"130516-cotidiano-revistanegros-ascomprefeitura"},{"@type":"BreadcrumbList","@id":"https:\/\/nk7-testes.com.br\/agazeta\/revista-referencias-negras-do-acre-e-lancada\/#breadcrumb","itemListElement":[{"@type":"ListItem","position":1,"name":"In\u00edcio","item":"https:\/\/nk7-testes.com.br\/agazeta\/"},{"@type":"ListItem","position":2,"name":"Revista \u2018Refer\u00eancias Negras do Acre\u2019 \u00e9 lan\u00e7ada"}]},{"@type":"WebSite","@id":"https:\/\/nk7-testes.com.br\/agazeta\/#website","url":"https:\/\/nk7-testes.com.br\/agazeta\/","name":"Agazeta.net","description":"Agazeta.net - Not\u00edcias de Rio Branco\/AC","potentialAction":[{"@type":"SearchAction","target":{"@type":"EntryPoint","urlTemplate":"https:\/\/nk7-testes.com.br\/agazeta\/?s={search_term_string}"},"query-input":{"@type":"PropertyValueSpecification","valueRequired":true,"valueName":"search_term_string"}}],"inLanguage":"pt-BR"},{"@type":"Person","@id":"https:\/\/nk7-testes.com.br\/agazeta\/#\/schema\/person\/6d6e25cb0435eb4a02fd44d30b4e3020","name":"Agazeta.Net","url":"https:\/\/nk7-testes.com.br\/agazeta\/author\/agazeta\/"}]}},"_links":{"self":[{"href":"https:\/\/nk7-testes.com.br\/agazeta\/wp-json\/wp\/v2\/posts\/22752","targetHints":{"allow":["GET"]}}],"collection":[{"href":"https:\/\/nk7-testes.com.br\/agazeta\/wp-json\/wp\/v2\/posts"}],"about":[{"href":"https:\/\/nk7-testes.com.br\/agazeta\/wp-json\/wp\/v2\/types\/post"}],"author":[{"embeddable":true,"href":"https:\/\/nk7-testes.com.br\/agazeta\/wp-json\/wp\/v2\/users\/4"}],"replies":[{"embeddable":true,"href":"https:\/\/nk7-testes.com.br\/agazeta\/wp-json\/wp\/v2\/comments?post=22752"}],"version-history":[{"count":0,"href":"https:\/\/nk7-testes.com.br\/agazeta\/wp-json\/wp\/v2\/posts\/22752\/revisions"}],"wp:featuredmedia":[{"embeddable":true,"href":"https:\/\/nk7-testes.com.br\/agazeta\/wp-json\/wp\/v2\/media\/22751"}],"wp:attachment":[{"href":"https:\/\/nk7-testes.com.br\/agazeta\/wp-json\/wp\/v2\/media?parent=22752"}],"wp:term":[{"taxonomy":"category","embeddable":true,"href":"https:\/\/nk7-testes.com.br\/agazeta\/wp-json\/wp\/v2\/categories?post=22752"},{"taxonomy":"post_tag","embeddable":true,"href":"https:\/\/nk7-testes.com.br\/agazeta\/wp-json\/wp\/v2\/tags?post=22752"}],"curies":[{"name":"wp","href":"https:\/\/api.w.org\/{rel}","templated":true}]}}