{"id":22681,"date":"2016-05-10T20:22:55","date_gmt":"2016-05-10T20:22:55","guid":{"rendered":"https:\/\/abarevegan.com.br\/index.php\/2016\/05\/10\/estudante-esta-com-enem-comprometido-por-falta-do-rg\/"},"modified":"2016-05-10T20:22:55","modified_gmt":"2016-05-10T20:22:55","slug":"estudante-esta-com-enem-comprometido-por-falta-do-rg","status":"publish","type":"post","link":"https:\/\/nk7-testes.com.br\/agazeta\/estudante-esta-com-enem-comprometido-por-falta-do-rg\/","title":{"rendered":"Estudante est\u00e1 com Enem comprometido por falta do RG"},"content":{"rendered":"<p style=\"text-align: justify;\">Atraso na emiss\u00e3o do documento chega a seis meses<\/p>\n<p style=\"text-align: justify;\">O atraso nas emiss\u00f5es de carteira de identidade compromete prejudica a vida do cidad\u00e3o at\u00e9 para participar de concursos p\u00fablicos. O adolescente Francisco Concei\u00e7\u00e3o, 17, precisa da identidade para se inscrever no Enem.<\/p>\n<p style=\"text-align: justify;\">Mas, j\u00e1 se passaram dois meses de espera e hoje, mais uma vez, vai voltar sem o documento, e correndo o risco de n\u00e3o brigar por uma vaga em uma universidade p\u00fablica. \u201cPelo jeito n\u00e3o vou poder participar do Enem porque n\u00e3o consigo tirar a RG\u201d, reclamou.<\/p>\n<p style=\"text-align: justify;\">As reclama\u00e7\u00f5es, assim como o tempo de espera para se conseguir a carteira de identidade, s\u00f3 aumentam. \u00c9 a \u00e1rea da OCA onde se concentra a maior fila. Mas, o atendimento at\u00e9 que \u00e9 r\u00e1pido. Mas, a rapidez esconde um problema: na maioria das vezes o atendente tem o trabalho de dizer apenas \u201cn\u00e3o chegou\u201d.<\/p>\n<p style=\"text-align: justify;\">O produtor rural Manoel Paulo dos Santos conseguiu o documento, mas, foram seis meses de espera com v\u00e1rias viagens de Pl\u00e1cido de Castro at\u00e9 Rio Branco. Nesse per\u00edodo, precisou v\u00e1rias vezes do documento. \u201cEu estava correndo o risco de at\u00e9 ser preso sem a identidade\u201d, relatou.<\/p>\n<p style=\"text-align: justify;\">O aposentado Alberto Soares precisava da carteira de identidade para contrair um empr\u00e9stimo e pagar as d\u00edvidas. Depois de tr\u00eas meses, finalmente conseguiu o RG e vai poder resolver sua vida financeira.<\/p>\n<p style=\"text-align: justify;\">\u201cAgora, sim, estou me sentindo mais tranq\u00fcilo. Queria entender por que um documento como esse demora tanto\u201d, criticou.<\/p>\n<p style=\"text-align: justify;\">A demora na confec\u00e7\u00e3o do documento de identidade n\u00e3o \u00e9 uma reclama\u00e7\u00e3o nova. <br \/>Segundo a dire\u00e7\u00e3o do Instituto de Identifica\u00e7\u00e3o s\u00e3o expedidas 6 mil carteiras por m\u00eas no Estado. O diretor Sandro Rodrigues garantiu que at\u00e9 essa sexta-feira (14) o problema estar\u00e1 sendo resolvido, e explicou o que est\u00e1 ocasionando o atraso nas expedi\u00e7\u00f5es dos documentos.<\/p>\n<p style=\"text-align: justify;\">Rodrigues mostrou que cada RG leva uma pel\u00edcula protetora que \u00e9 para evitar falsifica\u00e7\u00f5es de dados. No \u00faltimo lote negociado, o tamanho das pel\u00edculas era diferente e n\u00e3o preenchia todo o documento.<\/p>\n<p style=\"text-align: justify;\">O jeito foi comprar outro lote e isso atrasou os servi\u00e7os. O diretor mostrou, inclusive, um lote com as carteiras j\u00e1 impressas faltando apenas a pel\u00edcula. \u201cComo o material chegou nessa ter\u00e7a-feira vamos trabalhar com as carteiras que j\u00e1 est\u00e3o confeccionadas e enviaremos aos postos para que sejam entregues o mais r\u00e1pido poss\u00edvel\u201d, disse.<\/p>\n","protected":false},"excerpt":{"rendered":"<p style=\"text-align: justify;\">Atraso na emiss\u00e3o do documento chega a seis meses<\/p>\n","protected":false},"author":4,"featured_media":22680,"comment_status":"open","ping_status":"open","sticky":false,"template":"","format":"standard","meta":{"jnews-multi-image_gallery":[],"jnews_single_post":[],"jnews_primary_category":[],"jnews_social_meta":[],"jnews_review":[],"enable_review":"","type":"","name":"","summary":"","brand":"","sku":"","good":[],"bad":[],"score_override":"","override_value":"","rating":[],"price":[],"footnotes":""},"categories":[54],"tags":[],"class_list":["post-22681","post","type-post","status-publish","format-standard","has-post-thumbnail","hentry","category-cotidiano"],"yoast_head":"<!-- This site is optimized with the Yoast SEO plugin v26.5 - https:\/\/yoast.com\/wordpress\/plugins\/seo\/ -->\n<title>Estudante est\u00e1 com Enem comprometido por falta do RG - Agazeta.net<\/title>\n<meta name=\"robots\" content=\"index, follow, max-snippet:-1, max-image-preview:large, max-video-preview:-1\" \/>\n<link rel=\"canonical\" href=\"https:\/\/nk7-testes.com.br\/agazeta\/estudante-esta-com-enem-comprometido-por-falta-do-rg\/\" \/>\n<meta property=\"og:locale\" content=\"pt_BR\" \/>\n<meta property=\"og:type\" content=\"article\" \/>\n<meta property=\"og:title\" content=\"Estudante est\u00e1 com Enem comprometido por falta do RG - Agazeta.net\" \/>\n<meta property=\"og:description\" content=\"Atraso na emiss\u00e3o do documento chega a seis meses\" \/>\n<meta property=\"og:url\" content=\"https:\/\/nk7-testes.com.br\/agazeta\/estudante-esta-com-enem-comprometido-por-falta-do-rg\/\" \/>\n<meta property=\"og:site_name\" content=\"Agazeta.net\" \/>\n<meta property=\"article:published_time\" content=\"2016-05-10T20:22:55+00:00\" \/>\n<meta property=\"og:image\" content=\"https:\/\/nk7-testes.com.br\/agazeta\/wp-content\/uploads\/2016\/05\/100516-cotidiano-identidade-tvgazeta.jpg\" \/>\n\t<meta property=\"og:image:width\" content=\"458\" \/>\n\t<meta property=\"og:image:height\" content=\"340\" \/>\n\t<meta property=\"og:image:type\" content=\"image\/jpeg\" \/>\n<meta name=\"author\" content=\"Agazeta.Net\" \/>\n<meta name=\"twitter:card\" content=\"summary_large_image\" \/>\n<meta name=\"twitter:label1\" content=\"Escrito por\" \/>\n\t<meta name=\"twitter:data1\" content=\"Agazeta.Net\" \/>\n\t<meta name=\"twitter:label2\" content=\"Est. tempo de leitura\" \/>\n\t<meta name=\"twitter:data2\" content=\"2 minutos\" \/>\n<script type=\"application\/ld+json\" class=\"yoast-schema-graph\">{\"@context\":\"https:\/\/schema.org\",\"@graph\":[{\"@type\":\"WebPage\",\"@id\":\"https:\/\/nk7-testes.com.br\/agazeta\/estudante-esta-com-enem-comprometido-por-falta-do-rg\/\",\"url\":\"https:\/\/nk7-testes.com.br\/agazeta\/estudante-esta-com-enem-comprometido-por-falta-do-rg\/\",\"name\":\"Estudante est\u00e1 com Enem comprometido por falta do RG - Agazeta.net\",\"isPartOf\":{\"@id\":\"https:\/\/nk7-testes.com.br\/agazeta\/#website\"},\"primaryImageOfPage\":{\"@id\":\"https:\/\/nk7-testes.com.br\/agazeta\/estudante-esta-com-enem-comprometido-por-falta-do-rg\/#primaryimage\"},\"image\":{\"@id\":\"https:\/\/nk7-testes.com.br\/agazeta\/estudante-esta-com-enem-comprometido-por-falta-do-rg\/#primaryimage\"},\"thumbnailUrl\":\"https:\/\/nk7-testes.com.br\/agazeta\/wp-content\/uploads\/2016\/05\/100516-cotidiano-identidade-tvgazeta.jpg\",\"datePublished\":\"2016-05-10T20:22:55+00:00\",\"author\":{\"@id\":\"https:\/\/nk7-testes.com.br\/agazeta\/#\/schema\/person\/6d6e25cb0435eb4a02fd44d30b4e3020\"},\"breadcrumb\":{\"@id\":\"https:\/\/nk7-testes.com.br\/agazeta\/estudante-esta-com-enem-comprometido-por-falta-do-rg\/#breadcrumb\"},\"inLanguage\":\"pt-BR\",\"potentialAction\":[{\"@type\":\"ReadAction\",\"target\":[\"https:\/\/nk7-testes.com.br\/agazeta\/estudante-esta-com-enem-comprometido-por-falta-do-rg\/\"]}]},{\"@type\":\"ImageObject\",\"inLanguage\":\"pt-BR\",\"@id\":\"https:\/\/nk7-testes.com.br\/agazeta\/estudante-esta-com-enem-comprometido-por-falta-do-rg\/#primaryimage\",\"url\":\"https:\/\/nk7-testes.com.br\/agazeta\/wp-content\/uploads\/2016\/05\/100516-cotidiano-identidade-tvgazeta.jpg\",\"contentUrl\":\"https:\/\/nk7-testes.com.br\/agazeta\/wp-content\/uploads\/2016\/05\/100516-cotidiano-identidade-tvgazeta.jpg\",\"width\":458,\"height\":340,\"caption\":\"100516-cotidiano-identidade-tvgazeta\"},{\"@type\":\"BreadcrumbList\",\"@id\":\"https:\/\/nk7-testes.com.br\/agazeta\/estudante-esta-com-enem-comprometido-por-falta-do-rg\/#breadcrumb\",\"itemListElement\":[{\"@type\":\"ListItem\",\"position\":1,\"name\":\"In\u00edcio\",\"item\":\"https:\/\/nk7-testes.com.br\/agazeta\/\"},{\"@type\":\"ListItem\",\"position\":2,\"name\":\"Estudante est\u00e1 com Enem comprometido por falta do RG\"}]},{\"@type\":\"WebSite\",\"@id\":\"https:\/\/nk7-testes.com.br\/agazeta\/#website\",\"url\":\"https:\/\/nk7-testes.com.br\/agazeta\/\",\"name\":\"Agazeta.net\",\"description\":\"Agazeta.net - Not\u00edcias de Rio Branco\/AC\",\"potentialAction\":[{\"@type\":\"SearchAction\",\"target\":{\"@type\":\"EntryPoint\",\"urlTemplate\":\"https:\/\/nk7-testes.com.br\/agazeta\/?s={search_term_string}\"},\"query-input\":{\"@type\":\"PropertyValueSpecification\",\"valueRequired\":true,\"valueName\":\"search_term_string\"}}],\"inLanguage\":\"pt-BR\"},{\"@type\":\"Person\",\"@id\":\"https:\/\/nk7-testes.com.br\/agazeta\/#\/schema\/person\/6d6e25cb0435eb4a02fd44d30b4e3020\",\"name\":\"Agazeta.Net\",\"url\":\"https:\/\/nk7-testes.com.br\/agazeta\/author\/agazeta\/\"}]}<\/script>\n<!-- \/ Yoast SEO plugin. -->","yoast_head_json":{"title":"Estudante est\u00e1 com Enem comprometido por falta do RG - Agazeta.net","robots":{"index":"index","follow":"follow","max-snippet":"max-snippet:-1","max-image-preview":"max-image-preview:large","max-video-preview":"max-video-preview:-1"},"canonical":"https:\/\/nk7-testes.com.br\/agazeta\/estudante-esta-com-enem-comprometido-por-falta-do-rg\/","og_locale":"pt_BR","og_type":"article","og_title":"Estudante est\u00e1 com Enem comprometido por falta do RG - Agazeta.net","og_description":"Atraso na emiss\u00e3o do documento chega a seis meses","og_url":"https:\/\/nk7-testes.com.br\/agazeta\/estudante-esta-com-enem-comprometido-por-falta-do-rg\/","og_site_name":"Agazeta.net","article_published_time":"2016-05-10T20:22:55+00:00","og_image":[{"width":458,"height":340,"url":"https:\/\/nk7-testes.com.br\/agazeta\/wp-content\/uploads\/2016\/05\/100516-cotidiano-identidade-tvgazeta.jpg","type":"image\/jpeg"}],"author":"Agazeta.Net","twitter_card":"summary_large_image","twitter_misc":{"Escrito por":"Agazeta.Net","Est. tempo de leitura":"2 minutos"},"schema":{"@context":"https:\/\/schema.org","@graph":[{"@type":"WebPage","@id":"https:\/\/nk7-testes.com.br\/agazeta\/estudante-esta-com-enem-comprometido-por-falta-do-rg\/","url":"https:\/\/nk7-testes.com.br\/agazeta\/estudante-esta-com-enem-comprometido-por-falta-do-rg\/","name":"Estudante est\u00e1 com Enem comprometido por falta do RG - Agazeta.net","isPartOf":{"@id":"https:\/\/nk7-testes.com.br\/agazeta\/#website"},"primaryImageOfPage":{"@id":"https:\/\/nk7-testes.com.br\/agazeta\/estudante-esta-com-enem-comprometido-por-falta-do-rg\/#primaryimage"},"image":{"@id":"https:\/\/nk7-testes.com.br\/agazeta\/estudante-esta-com-enem-comprometido-por-falta-do-rg\/#primaryimage"},"thumbnailUrl":"https:\/\/nk7-testes.com.br\/agazeta\/wp-content\/uploads\/2016\/05\/100516-cotidiano-identidade-tvgazeta.jpg","datePublished":"2016-05-10T20:22:55+00:00","author":{"@id":"https:\/\/nk7-testes.com.br\/agazeta\/#\/schema\/person\/6d6e25cb0435eb4a02fd44d30b4e3020"},"breadcrumb":{"@id":"https:\/\/nk7-testes.com.br\/agazeta\/estudante-esta-com-enem-comprometido-por-falta-do-rg\/#breadcrumb"},"inLanguage":"pt-BR","potentialAction":[{"@type":"ReadAction","target":["https:\/\/nk7-testes.com.br\/agazeta\/estudante-esta-com-enem-comprometido-por-falta-do-rg\/"]}]},{"@type":"ImageObject","inLanguage":"pt-BR","@id":"https:\/\/nk7-testes.com.br\/agazeta\/estudante-esta-com-enem-comprometido-por-falta-do-rg\/#primaryimage","url":"https:\/\/nk7-testes.com.br\/agazeta\/wp-content\/uploads\/2016\/05\/100516-cotidiano-identidade-tvgazeta.jpg","contentUrl":"https:\/\/nk7-testes.com.br\/agazeta\/wp-content\/uploads\/2016\/05\/100516-cotidiano-identidade-tvgazeta.jpg","width":458,"height":340,"caption":"100516-cotidiano-identidade-tvgazeta"},{"@type":"BreadcrumbList","@id":"https:\/\/nk7-testes.com.br\/agazeta\/estudante-esta-com-enem-comprometido-por-falta-do-rg\/#breadcrumb","itemListElement":[{"@type":"ListItem","position":1,"name":"In\u00edcio","item":"https:\/\/nk7-testes.com.br\/agazeta\/"},{"@type":"ListItem","position":2,"name":"Estudante est\u00e1 com Enem comprometido por falta do RG"}]},{"@type":"WebSite","@id":"https:\/\/nk7-testes.com.br\/agazeta\/#website","url":"https:\/\/nk7-testes.com.br\/agazeta\/","name":"Agazeta.net","description":"Agazeta.net - Not\u00edcias de Rio Branco\/AC","potentialAction":[{"@type":"SearchAction","target":{"@type":"EntryPoint","urlTemplate":"https:\/\/nk7-testes.com.br\/agazeta\/?s={search_term_string}"},"query-input":{"@type":"PropertyValueSpecification","valueRequired":true,"valueName":"search_term_string"}}],"inLanguage":"pt-BR"},{"@type":"Person","@id":"https:\/\/nk7-testes.com.br\/agazeta\/#\/schema\/person\/6d6e25cb0435eb4a02fd44d30b4e3020","name":"Agazeta.Net","url":"https:\/\/nk7-testes.com.br\/agazeta\/author\/agazeta\/"}]}},"_links":{"self":[{"href":"https:\/\/nk7-testes.com.br\/agazeta\/wp-json\/wp\/v2\/posts\/22681","targetHints":{"allow":["GET"]}}],"collection":[{"href":"https:\/\/nk7-testes.com.br\/agazeta\/wp-json\/wp\/v2\/posts"}],"about":[{"href":"https:\/\/nk7-testes.com.br\/agazeta\/wp-json\/wp\/v2\/types\/post"}],"author":[{"embeddable":true,"href":"https:\/\/nk7-testes.com.br\/agazeta\/wp-json\/wp\/v2\/users\/4"}],"replies":[{"embeddable":true,"href":"https:\/\/nk7-testes.com.br\/agazeta\/wp-json\/wp\/v2\/comments?post=22681"}],"version-history":[{"count":0,"href":"https:\/\/nk7-testes.com.br\/agazeta\/wp-json\/wp\/v2\/posts\/22681\/revisions"}],"wp:featuredmedia":[{"embeddable":true,"href":"https:\/\/nk7-testes.com.br\/agazeta\/wp-json\/wp\/v2\/media\/22680"}],"wp:attachment":[{"href":"https:\/\/nk7-testes.com.br\/agazeta\/wp-json\/wp\/v2\/media?parent=22681"}],"wp:term":[{"taxonomy":"category","embeddable":true,"href":"https:\/\/nk7-testes.com.br\/agazeta\/wp-json\/wp\/v2\/categories?post=22681"},{"taxonomy":"post_tag","embeddable":true,"href":"https:\/\/nk7-testes.com.br\/agazeta\/wp-json\/wp\/v2\/tags?post=22681"}],"curies":[{"name":"wp","href":"https:\/\/api.w.org\/{rel}","templated":true}]}}