{"id":22679,"date":"2016-05-10T19:59:43","date_gmt":"2016-05-10T19:59:43","guid":{"rendered":"https:\/\/abarevegan.com.br\/index.php\/2016\/05\/10\/justica-federal-promove-exposicao-de-artista-acriano\/"},"modified":"2016-05-10T19:59:43","modified_gmt":"2016-05-10T19:59:43","slug":"justica-federal-promove-exposicao-de-artista-acriano","status":"publish","type":"post","link":"https:\/\/nk7-testes.com.br\/agazeta\/justica-federal-promove-exposicao-de-artista-acriano\/","title":{"rendered":"Bab Franca exp\u00f5e no sagu\u00e3o da Justi\u00e7a Federal"},"content":{"rendered":"<p style=\"text-align: justify;\">Bab: express\u00f5es da natureza pelos contrastes<\/p>\n<p style=\"text-align: justify;\">A Justi\u00e7a Federal visando divulgar o trabalho de artistas acreanos abriu na manh\u00e3 desta ter\u00e7a-feira (10) a Exposi\u00e7\u00e3o de Pinturas de Bab Franca. As 21 obras do artista acriano ficar\u00e3o expostas at\u00e9 o dia 30 deste m\u00eas no hall da Justi\u00e7a Federal.<\/p>\n<p style=\"text-align: justify;\">Bab Franca pertence a uma tradicional fam\u00edlia na profiss\u00e3o de ourives do Bairro Seis de Agosto. A m\u00e3e, Maria Deusa de Farias Leite, acreana de Tarauac\u00e1, foi a primeira mulher no Brasil a exercer esta profiss\u00e3o, \u00e0 \u00e9poca, considerada profiss\u00e3o de homens. O pai, Jos\u00e9 Farias da Franca, cearense de Juazeiro do Norte, tamb\u00e9m ourives, foi delegado de pol\u00edcia por d\u00e9cadas em Rio Branco.<\/p>\n<p style=\"text-align: justify;\">Apesar deter nascido no Cear\u00e1, Bab se considera acriano. A fam\u00edlia veio ao Acre quando ele atinha apenas 10 meses de idade. Ele iniciou a carreira art\u00edstica no ano de 1976. De l\u00e1 para c\u00e1, Bab produziu diversos quadros, poemas e composi\u00e7\u00f5es.<br \/>Franca conta o que busca retratar em suas obras: \u201cFlora, fauna&#8230; esse contraste da luz, da cor, essa coisa expressiva do contraste da luz, da cor, da sombra, mostrando o movimento energ\u00e9tico da natureza. Eu gosto muito da natureza\u201d.<\/p>\n<p style=\"text-align: justify;\">O supervisor da Justi\u00e7a Federal no Acre, Tiago Louren\u00e7o, explica qual o objetivo do \u00f3rg\u00e3o promover esse tipo de evento. \u201cO cunho principal \u00e9 estar expondo a cultura acriana, dar apoio a artistas acrianos\u201d.<\/p>\n<p style=\"text-align: justify;\">O projeto, que em 2015 realizou tr\u00eas exposi\u00e7\u00f5es, deve acontecer durante todo este ano e Tiago conta, que ser\u00e1 aberto espa\u00e7o para outras formas de artes al\u00e9m da pintura. \u201cN\u00f3s tivemos uma apresenta\u00e7\u00e3o musical no ano passado. At\u00e9 ent\u00e3o temos feito a parte de pinturas, mas a gente est\u00e1 procurando expandir isso, procurando novos artistas para agendar ao longo do ano e expor arte em geral\u201d.<\/p>\n","protected":false},"excerpt":{"rendered":"<p style=\"text-align: justify;\">Bab: express\u00f5es da natureza pelos contrastes<\/p>\n","protected":false},"author":4,"featured_media":22678,"comment_status":"open","ping_status":"open","sticky":false,"template":"","format":"standard","meta":{"jnews-multi-image_gallery":[],"jnews_single_post":[],"jnews_primary_category":[],"jnews_social_meta":[],"jnews_review":[],"enable_review":"","type":"","name":"","summary":"","brand":"","sku":"","good":[],"bad":[],"score_override":"","override_value":"","rating":[],"price":[],"footnotes":""},"categories":[54],"tags":[],"class_list":["post-22679","post","type-post","status-publish","format-standard","has-post-thumbnail","hentry","category-cotidiano"],"yoast_head":"<!-- This site is optimized with the Yoast SEO plugin v26.5 - https:\/\/yoast.com\/wordpress\/plugins\/seo\/ -->\n<title>Bab Franca exp\u00f5e no sagu\u00e3o da Justi\u00e7a Federal - Agazeta.net<\/title>\n<meta name=\"robots\" content=\"index, follow, max-snippet:-1, max-image-preview:large, max-video-preview:-1\" \/>\n<link rel=\"canonical\" href=\"https:\/\/nk7-testes.com.br\/agazeta\/justica-federal-promove-exposicao-de-artista-acriano\/\" \/>\n<meta property=\"og:locale\" content=\"pt_BR\" \/>\n<meta property=\"og:type\" content=\"article\" \/>\n<meta property=\"og:title\" content=\"Bab Franca exp\u00f5e no sagu\u00e3o da Justi\u00e7a Federal - Agazeta.net\" \/>\n<meta property=\"og:description\" content=\"Bab: express\u00f5es da natureza pelos contrastes\" \/>\n<meta property=\"og:url\" content=\"https:\/\/nk7-testes.com.br\/agazeta\/justica-federal-promove-exposicao-de-artista-acriano\/\" \/>\n<meta property=\"og:site_name\" content=\"Agazeta.net\" \/>\n<meta property=\"article:published_time\" content=\"2016-05-10T19:59:43+00:00\" \/>\n<meta property=\"og:image\" content=\"https:\/\/nk7-testes.com.br\/agazeta\/wp-content\/uploads\/2016\/05\/100516-cotidiano-babifranca-tvgazeta.jpg\" \/>\n\t<meta property=\"og:image:width\" content=\"458\" \/>\n\t<meta property=\"og:image:height\" content=\"340\" \/>\n\t<meta property=\"og:image:type\" content=\"image\/jpeg\" \/>\n<meta name=\"author\" content=\"Agazeta.Net\" \/>\n<meta name=\"twitter:card\" content=\"summary_large_image\" \/>\n<meta name=\"twitter:label1\" content=\"Escrito por\" \/>\n\t<meta name=\"twitter:data1\" content=\"Agazeta.Net\" \/>\n\t<meta name=\"twitter:label2\" content=\"Est. tempo de leitura\" \/>\n\t<meta name=\"twitter:data2\" content=\"2 minutos\" \/>\n<script type=\"application\/ld+json\" class=\"yoast-schema-graph\">{\"@context\":\"https:\/\/schema.org\",\"@graph\":[{\"@type\":\"WebPage\",\"@id\":\"https:\/\/nk7-testes.com.br\/agazeta\/justica-federal-promove-exposicao-de-artista-acriano\/\",\"url\":\"https:\/\/nk7-testes.com.br\/agazeta\/justica-federal-promove-exposicao-de-artista-acriano\/\",\"name\":\"Bab Franca exp\u00f5e no sagu\u00e3o da Justi\u00e7a Federal - Agazeta.net\",\"isPartOf\":{\"@id\":\"https:\/\/nk7-testes.com.br\/agazeta\/#website\"},\"primaryImageOfPage\":{\"@id\":\"https:\/\/nk7-testes.com.br\/agazeta\/justica-federal-promove-exposicao-de-artista-acriano\/#primaryimage\"},\"image\":{\"@id\":\"https:\/\/nk7-testes.com.br\/agazeta\/justica-federal-promove-exposicao-de-artista-acriano\/#primaryimage\"},\"thumbnailUrl\":\"https:\/\/nk7-testes.com.br\/agazeta\/wp-content\/uploads\/2016\/05\/100516-cotidiano-babifranca-tvgazeta.jpg\",\"datePublished\":\"2016-05-10T19:59:43+00:00\",\"author\":{\"@id\":\"https:\/\/nk7-testes.com.br\/agazeta\/#\/schema\/person\/6d6e25cb0435eb4a02fd44d30b4e3020\"},\"breadcrumb\":{\"@id\":\"https:\/\/nk7-testes.com.br\/agazeta\/justica-federal-promove-exposicao-de-artista-acriano\/#breadcrumb\"},\"inLanguage\":\"pt-BR\",\"potentialAction\":[{\"@type\":\"ReadAction\",\"target\":[\"https:\/\/nk7-testes.com.br\/agazeta\/justica-federal-promove-exposicao-de-artista-acriano\/\"]}]},{\"@type\":\"ImageObject\",\"inLanguage\":\"pt-BR\",\"@id\":\"https:\/\/nk7-testes.com.br\/agazeta\/justica-federal-promove-exposicao-de-artista-acriano\/#primaryimage\",\"url\":\"https:\/\/nk7-testes.com.br\/agazeta\/wp-content\/uploads\/2016\/05\/100516-cotidiano-babifranca-tvgazeta.jpg\",\"contentUrl\":\"https:\/\/nk7-testes.com.br\/agazeta\/wp-content\/uploads\/2016\/05\/100516-cotidiano-babifranca-tvgazeta.jpg\",\"width\":458,\"height\":340,\"caption\":\"100516-cotidiano-babifranca-tvgazeta\"},{\"@type\":\"BreadcrumbList\",\"@id\":\"https:\/\/nk7-testes.com.br\/agazeta\/justica-federal-promove-exposicao-de-artista-acriano\/#breadcrumb\",\"itemListElement\":[{\"@type\":\"ListItem\",\"position\":1,\"name\":\"In\u00edcio\",\"item\":\"https:\/\/nk7-testes.com.br\/agazeta\/\"},{\"@type\":\"ListItem\",\"position\":2,\"name\":\"Bab Franca exp\u00f5e no sagu\u00e3o da Justi\u00e7a Federal\"}]},{\"@type\":\"WebSite\",\"@id\":\"https:\/\/nk7-testes.com.br\/agazeta\/#website\",\"url\":\"https:\/\/nk7-testes.com.br\/agazeta\/\",\"name\":\"Agazeta.net\",\"description\":\"Agazeta.net - Not\u00edcias de Rio Branco\/AC\",\"potentialAction\":[{\"@type\":\"SearchAction\",\"target\":{\"@type\":\"EntryPoint\",\"urlTemplate\":\"https:\/\/nk7-testes.com.br\/agazeta\/?s={search_term_string}\"},\"query-input\":{\"@type\":\"PropertyValueSpecification\",\"valueRequired\":true,\"valueName\":\"search_term_string\"}}],\"inLanguage\":\"pt-BR\"},{\"@type\":\"Person\",\"@id\":\"https:\/\/nk7-testes.com.br\/agazeta\/#\/schema\/person\/6d6e25cb0435eb4a02fd44d30b4e3020\",\"name\":\"Agazeta.Net\",\"url\":\"https:\/\/nk7-testes.com.br\/agazeta\/author\/agazeta\/\"}]}<\/script>\n<!-- \/ Yoast SEO plugin. -->","yoast_head_json":{"title":"Bab Franca exp\u00f5e no sagu\u00e3o da Justi\u00e7a Federal - Agazeta.net","robots":{"index":"index","follow":"follow","max-snippet":"max-snippet:-1","max-image-preview":"max-image-preview:large","max-video-preview":"max-video-preview:-1"},"canonical":"https:\/\/nk7-testes.com.br\/agazeta\/justica-federal-promove-exposicao-de-artista-acriano\/","og_locale":"pt_BR","og_type":"article","og_title":"Bab Franca exp\u00f5e no sagu\u00e3o da Justi\u00e7a Federal - Agazeta.net","og_description":"Bab: express\u00f5es da natureza pelos contrastes","og_url":"https:\/\/nk7-testes.com.br\/agazeta\/justica-federal-promove-exposicao-de-artista-acriano\/","og_site_name":"Agazeta.net","article_published_time":"2016-05-10T19:59:43+00:00","og_image":[{"width":458,"height":340,"url":"https:\/\/nk7-testes.com.br\/agazeta\/wp-content\/uploads\/2016\/05\/100516-cotidiano-babifranca-tvgazeta.jpg","type":"image\/jpeg"}],"author":"Agazeta.Net","twitter_card":"summary_large_image","twitter_misc":{"Escrito por":"Agazeta.Net","Est. tempo de leitura":"2 minutos"},"schema":{"@context":"https:\/\/schema.org","@graph":[{"@type":"WebPage","@id":"https:\/\/nk7-testes.com.br\/agazeta\/justica-federal-promove-exposicao-de-artista-acriano\/","url":"https:\/\/nk7-testes.com.br\/agazeta\/justica-federal-promove-exposicao-de-artista-acriano\/","name":"Bab Franca exp\u00f5e no sagu\u00e3o da Justi\u00e7a Federal - Agazeta.net","isPartOf":{"@id":"https:\/\/nk7-testes.com.br\/agazeta\/#website"},"primaryImageOfPage":{"@id":"https:\/\/nk7-testes.com.br\/agazeta\/justica-federal-promove-exposicao-de-artista-acriano\/#primaryimage"},"image":{"@id":"https:\/\/nk7-testes.com.br\/agazeta\/justica-federal-promove-exposicao-de-artista-acriano\/#primaryimage"},"thumbnailUrl":"https:\/\/nk7-testes.com.br\/agazeta\/wp-content\/uploads\/2016\/05\/100516-cotidiano-babifranca-tvgazeta.jpg","datePublished":"2016-05-10T19:59:43+00:00","author":{"@id":"https:\/\/nk7-testes.com.br\/agazeta\/#\/schema\/person\/6d6e25cb0435eb4a02fd44d30b4e3020"},"breadcrumb":{"@id":"https:\/\/nk7-testes.com.br\/agazeta\/justica-federal-promove-exposicao-de-artista-acriano\/#breadcrumb"},"inLanguage":"pt-BR","potentialAction":[{"@type":"ReadAction","target":["https:\/\/nk7-testes.com.br\/agazeta\/justica-federal-promove-exposicao-de-artista-acriano\/"]}]},{"@type":"ImageObject","inLanguage":"pt-BR","@id":"https:\/\/nk7-testes.com.br\/agazeta\/justica-federal-promove-exposicao-de-artista-acriano\/#primaryimage","url":"https:\/\/nk7-testes.com.br\/agazeta\/wp-content\/uploads\/2016\/05\/100516-cotidiano-babifranca-tvgazeta.jpg","contentUrl":"https:\/\/nk7-testes.com.br\/agazeta\/wp-content\/uploads\/2016\/05\/100516-cotidiano-babifranca-tvgazeta.jpg","width":458,"height":340,"caption":"100516-cotidiano-babifranca-tvgazeta"},{"@type":"BreadcrumbList","@id":"https:\/\/nk7-testes.com.br\/agazeta\/justica-federal-promove-exposicao-de-artista-acriano\/#breadcrumb","itemListElement":[{"@type":"ListItem","position":1,"name":"In\u00edcio","item":"https:\/\/nk7-testes.com.br\/agazeta\/"},{"@type":"ListItem","position":2,"name":"Bab Franca exp\u00f5e no sagu\u00e3o da Justi\u00e7a Federal"}]},{"@type":"WebSite","@id":"https:\/\/nk7-testes.com.br\/agazeta\/#website","url":"https:\/\/nk7-testes.com.br\/agazeta\/","name":"Agazeta.net","description":"Agazeta.net - Not\u00edcias de Rio Branco\/AC","potentialAction":[{"@type":"SearchAction","target":{"@type":"EntryPoint","urlTemplate":"https:\/\/nk7-testes.com.br\/agazeta\/?s={search_term_string}"},"query-input":{"@type":"PropertyValueSpecification","valueRequired":true,"valueName":"search_term_string"}}],"inLanguage":"pt-BR"},{"@type":"Person","@id":"https:\/\/nk7-testes.com.br\/agazeta\/#\/schema\/person\/6d6e25cb0435eb4a02fd44d30b4e3020","name":"Agazeta.Net","url":"https:\/\/nk7-testes.com.br\/agazeta\/author\/agazeta\/"}]}},"_links":{"self":[{"href":"https:\/\/nk7-testes.com.br\/agazeta\/wp-json\/wp\/v2\/posts\/22679","targetHints":{"allow":["GET"]}}],"collection":[{"href":"https:\/\/nk7-testes.com.br\/agazeta\/wp-json\/wp\/v2\/posts"}],"about":[{"href":"https:\/\/nk7-testes.com.br\/agazeta\/wp-json\/wp\/v2\/types\/post"}],"author":[{"embeddable":true,"href":"https:\/\/nk7-testes.com.br\/agazeta\/wp-json\/wp\/v2\/users\/4"}],"replies":[{"embeddable":true,"href":"https:\/\/nk7-testes.com.br\/agazeta\/wp-json\/wp\/v2\/comments?post=22679"}],"version-history":[{"count":0,"href":"https:\/\/nk7-testes.com.br\/agazeta\/wp-json\/wp\/v2\/posts\/22679\/revisions"}],"wp:featuredmedia":[{"embeddable":true,"href":"https:\/\/nk7-testes.com.br\/agazeta\/wp-json\/wp\/v2\/media\/22678"}],"wp:attachment":[{"href":"https:\/\/nk7-testes.com.br\/agazeta\/wp-json\/wp\/v2\/media?parent=22679"}],"wp:term":[{"taxonomy":"category","embeddable":true,"href":"https:\/\/nk7-testes.com.br\/agazeta\/wp-json\/wp\/v2\/categories?post=22679"},{"taxonomy":"post_tag","embeddable":true,"href":"https:\/\/nk7-testes.com.br\/agazeta\/wp-json\/wp\/v2\/tags?post=22679"}],"curies":[{"name":"wp","href":"https:\/\/api.w.org\/{rel}","templated":true}]}}