{"id":22666,"date":"2016-05-10T14:02:06","date_gmt":"2016-05-10T14:02:06","guid":{"rendered":"https:\/\/abarevegan.com.br\/index.php\/2016\/05\/10\/adocao-nao-e-caridade-e-amor-compartilhado\/"},"modified":"2016-05-10T14:02:06","modified_gmt":"2016-05-10T14:02:06","slug":"adocao-nao-e-caridade-e-amor-compartilhado","status":"publish","type":"post","link":"https:\/\/nk7-testes.com.br\/agazeta\/adocao-nao-e-caridade-e-amor-compartilhado\/","title":{"rendered":"Ado\u00e7\u00e3o n\u00e3o \u00e9 caridade: \u00e9 amor compartilhado"},"content":{"rendered":"<p style=\"text-align: justify;\">Casal adota seis irm\u00e3os: gesto raro<\/p>\n<p style=\"text-align: justify;\">No dia 25 de maio, \u00e9 comemorado o Dia Nacional da Ado\u00e7\u00e3o. Antecipando a data, fomos conhecer as experi\u00eancias de duas fam\u00edlias com filhos adotivos. Um casal que adotou uma crian\u00e7a e outro que adotou seis.<\/p>\n<p style=\"text-align: justify;\">M\u00e1rcia Val\u00e9ria e Carlos Negreiros ficaram na fila da ado\u00e7\u00e3o por seis anos at\u00e9 que finalmente, chegou o Gabriel. O sonho de formar uma fam\u00edlia est\u00e1 quase completo, j\u00e1 que eles est\u00e3o aguardando a guarda definitiva do garoto. Contudo, para o casal, a cada dia aumenta a certeza de que foi a melhor decis\u00e3o tomada em conjunto.<\/p>\n<p style=\"text-align: justify;\">\u201cGra\u00e7as a Deus ele t\u00e1 vindo de uma forma legal. Surgiram oportunidades para adotarmos crian\u00e7as nesse per\u00edodo, mas a gente n\u00e3o queria daquela forma e sim, atrav\u00e9s da justi\u00e7a, depois de um processo legal\u201d, comenta o pai.<\/p>\n<p style=\"text-align: justify;\">M\u00e1rcia tem uma irm\u00e3 adotiva, e isso acentuou o desejo de adotar uma crian\u00e7a. <br \/>Quando finalmente recebeu a not\u00edcia de que Gabriel, na \u00e9poca com 1 ano e 7 meses, estava dispon\u00edvel, foi uma sequ\u00eancia de diferentes emo\u00e7\u00f5es.<\/p>\n<p style=\"text-align: justify;\">\u201cNa adapta\u00e7\u00e3o, a gente ficou com ele na quinta e sexta e deixamos no s\u00e1bado. No domingo, eu chorei. Na segunda, o pai ficou de plant\u00e3o no Juizado. Quando me ligou dizendo que ele ia dormir naquele dia com a gente, foi emocionante. Quando viu a gente, abriu os bra\u00e7os e o sorriso. Foi um sonho esse dia\u201d, relata a m\u00e3e.<\/p>\n<p style=\"text-align: justify;\">Para o casal, hoje a fam\u00edlia est\u00e1 completa. Um vive para outro e s\u00f3 falta a decis\u00e3o final da Justi\u00e7a para selar de vez a uni\u00e3o de pais e filho.<\/p>\n<p style=\"text-align: justify;\">\u201cO Gabriel mudou nossa vida, hoje manda e desmanda l\u00e1 em casa. \u00c9 claro, com as devidas regras. Ele j\u00e1 se adaptou com a gente. Tem pessoas que dizem que ele teve sorte. Eu digo o contr\u00e1rio, n\u00f3s que demos sorte\u201d, afirma Negreiros.<\/p>\n<p style=\"text-align: justify;\">Os casais que querem adotar crian\u00e7as precisam procurar o Juizado da Inf\u00e2ncia e Juventude. O mesmo vale para mulheres gr\u00e1vidas que n\u00e3o podem ou n\u00e3o querem ficar com o beb\u00ea. A psic\u00f3loga Rutilena Tavares explica que ambos os casos recebem acompanhamento espec\u00edfico.<\/p>\n<p style=\"text-align: justify;\">As pessoas inseridas no Cadastro Nacional de Ado\u00e7\u00e3o conhecem, atrav\u00e9s de um servi\u00e7o multiprofissional, os desafios e recompensas que a ado\u00e7\u00e3o pode trazer.<\/p>\n<p style=\"text-align: justify;\">\u201cA gente explica os tipos de ado\u00e7\u00e3o, consequ\u00eancias, como lidar com o medo, o preconceito. Falamos do tempo da adapta\u00e7\u00e3o, quando revelar sobre a ado\u00e7\u00e3o. \u00c9 disso que tratamos no grupo\u201d, explica.<\/p>\n<p style=\"text-align: justify;\">In\u00eas e Washington aguardaram a resposta do cadastro de ado\u00e7\u00e3o por cinco anos, at\u00e9 que em 2012 chegou o Efrain. O garotinho ainda estava na barriga da m\u00e3e biol\u00f3gica quando foi doado para o casal.<\/p>\n<p style=\"text-align: justify;\">\u201cA m\u00e3e ligou, na \u00e9poca gr\u00e1vida de 4 meses. Mora em Brasileia. Estive com ela, tentei convenc\u00ea-la a ficar com o beb\u00ea, mas me disse que j\u00e1 tinha dois e que n\u00e3o queria mais um. Trouxemos ele, com tr\u00eas dias de nascido\u201d, explica In\u00eas.<\/p>\n<p style=\"text-align: justify;\">E depois veio o Luiz Fernando (3), o Carlos Hernique (5), a Maria Eduarda (7), o Carlos Eduardo (8) e a Hadassa (1). Na \u00e9poca, eles tinham entre 6 meses e 7 anos de idade. Esses cinco s\u00e3o irm\u00e3os biol\u00f3gicos e estavam abrigados no Educand\u00e1rio Santa Margarida, quando conheceram os pais adotivos.<\/p>\n<p style=\"text-align: justify;\">Washinton conta que conheceu os filhos no momento em que foi visitar outro grupo de irm\u00e3os, que estavam aptos a ado\u00e7\u00e3o. \u201cMe ligaram dizendo que tinha um grupo com quatro crian\u00e7as para adotar, minha esposa aceitou o desafio e fomos l\u00e1. Mas o primeiro grupo n\u00e3o nos recebeu como pais, mas o segundo com cinco crian\u00e7as chegou e um deles veio a mim e perguntou: voc\u00ea que vai ser meu pai? A partir dali, come\u00e7ou o relacionamento entre n\u00f3s\u201d, explica.<\/p>\n<p style=\"text-align: justify;\">O casal n\u00e3o planejou adotar tantos filhos. Cogitavam no in\u00edcio, no m\u00e1ximo, tr\u00eas. In\u00eas n\u00e3o pode gerar filhos, mas mesmo antes de saber do diagn\u00f3stico, ela e o marido queriam filhos de ado\u00e7\u00e3o.<\/p>\n<p style=\"text-align: justify;\">Hoje eles n\u00e3o veem no n\u00famero uma dificuldade, e sim, um prop\u00f3sito, uma miss\u00e3o envolvida por muito amor. \u201cA gente sabe que Deus d\u00e1 de acordo com a nossa capacidade. Ent\u00e3o, se nos deu seis crian\u00e7as para cuidar e ser pai, vamos cuidar e fazer o melhor por elas\u201d, disse Washington.<\/p>\n<p style=\"text-align: justify;\">\u201cN\u00e3o \u00e9 f\u00e1cil, mas a gente \u00e9 fortalecido todos os dias. Creio que o amor \u00e9 maior que qualquer desafio\u201d, comenta a m\u00e3e.<\/p>\n<p style=\"text-align: justify;\">A rotina da fam\u00edlia mudou e o trabalho se multiplicou, mas os pais s\u00e3o tranquilos e conseguiram encontrar o caminho para a educa\u00e7\u00e3o e a organiza\u00e7\u00e3o coletiva. A fam\u00edlia passou por uma adapta\u00e7\u00e3o. In\u00eas, que era professora, parou de trabalhar para se dedicar \u00e0 maternidade. O carro teve que ser trocado e a op\u00e7\u00e3o foi por uma Van, de 12 lugares. O pai adicionou categoria \u00e0 habilita\u00e7\u00e3o e a fam\u00edlia j\u00e1 fez algumas viagens juntas, desde a nova aquisi\u00e7\u00e3o.<\/p>\n","protected":false},"excerpt":{"rendered":"<p style=\"text-align: justify;\">Casal adota seis irm\u00e3os: gesto raro<\/p>\n","protected":false},"author":4,"featured_media":22665,"comment_status":"open","ping_status":"open","sticky":false,"template":"","format":"standard","meta":{"jnews-multi-image_gallery":[],"jnews_single_post":[],"jnews_primary_category":[],"jnews_social_meta":[],"jnews_review":[],"enable_review":"","type":"","name":"","summary":"","brand":"","sku":"","good":[],"bad":[],"score_override":"","override_value":"","rating":[],"price":[],"footnotes":""},"categories":[54],"tags":[],"class_list":["post-22666","post","type-post","status-publish","format-standard","has-post-thumbnail","hentry","category-cotidiano"],"yoast_head":"<!-- This site is optimized with the Yoast SEO plugin v26.5 - https:\/\/yoast.com\/wordpress\/plugins\/seo\/ -->\n<title>Ado\u00e7\u00e3o n\u00e3o \u00e9 caridade: \u00e9 amor compartilhado - Agazeta.net<\/title>\n<meta name=\"robots\" content=\"index, follow, max-snippet:-1, max-image-preview:large, max-video-preview:-1\" \/>\n<link rel=\"canonical\" href=\"https:\/\/nk7-testes.com.br\/agazeta\/adocao-nao-e-caridade-e-amor-compartilhado\/\" \/>\n<meta property=\"og:locale\" content=\"pt_BR\" \/>\n<meta property=\"og:type\" content=\"article\" \/>\n<meta property=\"og:title\" content=\"Ado\u00e7\u00e3o n\u00e3o \u00e9 caridade: \u00e9 amor compartilhado - Agazeta.net\" \/>\n<meta property=\"og:description\" content=\"Casal adota seis irm\u00e3os: gesto raro\" \/>\n<meta property=\"og:url\" content=\"https:\/\/nk7-testes.com.br\/agazeta\/adocao-nao-e-caridade-e-amor-compartilhado\/\" \/>\n<meta property=\"og:site_name\" content=\"Agazeta.net\" \/>\n<meta property=\"article:published_time\" content=\"2016-05-10T14:02:06+00:00\" \/>\n<meta property=\"og:image\" content=\"https:\/\/nk7-testes.com.br\/agazeta\/wp-content\/uploads\/2016\/05\/100516-cotidiano-adocao-tvgazeta.jpg\" \/>\n\t<meta property=\"og:image:width\" content=\"458\" \/>\n\t<meta property=\"og:image:height\" content=\"340\" \/>\n\t<meta property=\"og:image:type\" content=\"image\/jpeg\" \/>\n<meta name=\"author\" content=\"Agazeta.Net\" \/>\n<meta name=\"twitter:card\" content=\"summary_large_image\" \/>\n<meta name=\"twitter:label1\" content=\"Escrito por\" \/>\n\t<meta name=\"twitter:data1\" content=\"Agazeta.Net\" \/>\n\t<meta name=\"twitter:label2\" content=\"Est. tempo de leitura\" \/>\n\t<meta name=\"twitter:data2\" content=\"4 minutos\" \/>\n<script type=\"application\/ld+json\" class=\"yoast-schema-graph\">{\"@context\":\"https:\/\/schema.org\",\"@graph\":[{\"@type\":\"WebPage\",\"@id\":\"https:\/\/nk7-testes.com.br\/agazeta\/adocao-nao-e-caridade-e-amor-compartilhado\/\",\"url\":\"https:\/\/nk7-testes.com.br\/agazeta\/adocao-nao-e-caridade-e-amor-compartilhado\/\",\"name\":\"Ado\u00e7\u00e3o n\u00e3o \u00e9 caridade: \u00e9 amor compartilhado - Agazeta.net\",\"isPartOf\":{\"@id\":\"https:\/\/nk7-testes.com.br\/agazeta\/#website\"},\"primaryImageOfPage\":{\"@id\":\"https:\/\/nk7-testes.com.br\/agazeta\/adocao-nao-e-caridade-e-amor-compartilhado\/#primaryimage\"},\"image\":{\"@id\":\"https:\/\/nk7-testes.com.br\/agazeta\/adocao-nao-e-caridade-e-amor-compartilhado\/#primaryimage\"},\"thumbnailUrl\":\"https:\/\/nk7-testes.com.br\/agazeta\/wp-content\/uploads\/2016\/05\/100516-cotidiano-adocao-tvgazeta.jpg\",\"datePublished\":\"2016-05-10T14:02:06+00:00\",\"author\":{\"@id\":\"https:\/\/nk7-testes.com.br\/agazeta\/#\/schema\/person\/6d6e25cb0435eb4a02fd44d30b4e3020\"},\"breadcrumb\":{\"@id\":\"https:\/\/nk7-testes.com.br\/agazeta\/adocao-nao-e-caridade-e-amor-compartilhado\/#breadcrumb\"},\"inLanguage\":\"pt-BR\",\"potentialAction\":[{\"@type\":\"ReadAction\",\"target\":[\"https:\/\/nk7-testes.com.br\/agazeta\/adocao-nao-e-caridade-e-amor-compartilhado\/\"]}]},{\"@type\":\"ImageObject\",\"inLanguage\":\"pt-BR\",\"@id\":\"https:\/\/nk7-testes.com.br\/agazeta\/adocao-nao-e-caridade-e-amor-compartilhado\/#primaryimage\",\"url\":\"https:\/\/nk7-testes.com.br\/agazeta\/wp-content\/uploads\/2016\/05\/100516-cotidiano-adocao-tvgazeta.jpg\",\"contentUrl\":\"https:\/\/nk7-testes.com.br\/agazeta\/wp-content\/uploads\/2016\/05\/100516-cotidiano-adocao-tvgazeta.jpg\",\"width\":458,\"height\":340,\"caption\":\"100516-cotidiano-adocao-tvgazeta\"},{\"@type\":\"BreadcrumbList\",\"@id\":\"https:\/\/nk7-testes.com.br\/agazeta\/adocao-nao-e-caridade-e-amor-compartilhado\/#breadcrumb\",\"itemListElement\":[{\"@type\":\"ListItem\",\"position\":1,\"name\":\"In\u00edcio\",\"item\":\"https:\/\/nk7-testes.com.br\/agazeta\/\"},{\"@type\":\"ListItem\",\"position\":2,\"name\":\"Ado\u00e7\u00e3o n\u00e3o \u00e9 caridade: \u00e9 amor compartilhado\"}]},{\"@type\":\"WebSite\",\"@id\":\"https:\/\/nk7-testes.com.br\/agazeta\/#website\",\"url\":\"https:\/\/nk7-testes.com.br\/agazeta\/\",\"name\":\"Agazeta.net\",\"description\":\"Agazeta.net - Not\u00edcias de Rio Branco\/AC\",\"potentialAction\":[{\"@type\":\"SearchAction\",\"target\":{\"@type\":\"EntryPoint\",\"urlTemplate\":\"https:\/\/nk7-testes.com.br\/agazeta\/?s={search_term_string}\"},\"query-input\":{\"@type\":\"PropertyValueSpecification\",\"valueRequired\":true,\"valueName\":\"search_term_string\"}}],\"inLanguage\":\"pt-BR\"},{\"@type\":\"Person\",\"@id\":\"https:\/\/nk7-testes.com.br\/agazeta\/#\/schema\/person\/6d6e25cb0435eb4a02fd44d30b4e3020\",\"name\":\"Agazeta.Net\",\"url\":\"https:\/\/nk7-testes.com.br\/agazeta\/author\/agazeta\/\"}]}<\/script>\n<!-- \/ Yoast SEO plugin. -->","yoast_head_json":{"title":"Ado\u00e7\u00e3o n\u00e3o \u00e9 caridade: \u00e9 amor compartilhado - Agazeta.net","robots":{"index":"index","follow":"follow","max-snippet":"max-snippet:-1","max-image-preview":"max-image-preview:large","max-video-preview":"max-video-preview:-1"},"canonical":"https:\/\/nk7-testes.com.br\/agazeta\/adocao-nao-e-caridade-e-amor-compartilhado\/","og_locale":"pt_BR","og_type":"article","og_title":"Ado\u00e7\u00e3o n\u00e3o \u00e9 caridade: \u00e9 amor compartilhado - Agazeta.net","og_description":"Casal adota seis irm\u00e3os: gesto raro","og_url":"https:\/\/nk7-testes.com.br\/agazeta\/adocao-nao-e-caridade-e-amor-compartilhado\/","og_site_name":"Agazeta.net","article_published_time":"2016-05-10T14:02:06+00:00","og_image":[{"width":458,"height":340,"url":"https:\/\/nk7-testes.com.br\/agazeta\/wp-content\/uploads\/2016\/05\/100516-cotidiano-adocao-tvgazeta.jpg","type":"image\/jpeg"}],"author":"Agazeta.Net","twitter_card":"summary_large_image","twitter_misc":{"Escrito por":"Agazeta.Net","Est. tempo de leitura":"4 minutos"},"schema":{"@context":"https:\/\/schema.org","@graph":[{"@type":"WebPage","@id":"https:\/\/nk7-testes.com.br\/agazeta\/adocao-nao-e-caridade-e-amor-compartilhado\/","url":"https:\/\/nk7-testes.com.br\/agazeta\/adocao-nao-e-caridade-e-amor-compartilhado\/","name":"Ado\u00e7\u00e3o n\u00e3o \u00e9 caridade: \u00e9 amor compartilhado - Agazeta.net","isPartOf":{"@id":"https:\/\/nk7-testes.com.br\/agazeta\/#website"},"primaryImageOfPage":{"@id":"https:\/\/nk7-testes.com.br\/agazeta\/adocao-nao-e-caridade-e-amor-compartilhado\/#primaryimage"},"image":{"@id":"https:\/\/nk7-testes.com.br\/agazeta\/adocao-nao-e-caridade-e-amor-compartilhado\/#primaryimage"},"thumbnailUrl":"https:\/\/nk7-testes.com.br\/agazeta\/wp-content\/uploads\/2016\/05\/100516-cotidiano-adocao-tvgazeta.jpg","datePublished":"2016-05-10T14:02:06+00:00","author":{"@id":"https:\/\/nk7-testes.com.br\/agazeta\/#\/schema\/person\/6d6e25cb0435eb4a02fd44d30b4e3020"},"breadcrumb":{"@id":"https:\/\/nk7-testes.com.br\/agazeta\/adocao-nao-e-caridade-e-amor-compartilhado\/#breadcrumb"},"inLanguage":"pt-BR","potentialAction":[{"@type":"ReadAction","target":["https:\/\/nk7-testes.com.br\/agazeta\/adocao-nao-e-caridade-e-amor-compartilhado\/"]}]},{"@type":"ImageObject","inLanguage":"pt-BR","@id":"https:\/\/nk7-testes.com.br\/agazeta\/adocao-nao-e-caridade-e-amor-compartilhado\/#primaryimage","url":"https:\/\/nk7-testes.com.br\/agazeta\/wp-content\/uploads\/2016\/05\/100516-cotidiano-adocao-tvgazeta.jpg","contentUrl":"https:\/\/nk7-testes.com.br\/agazeta\/wp-content\/uploads\/2016\/05\/100516-cotidiano-adocao-tvgazeta.jpg","width":458,"height":340,"caption":"100516-cotidiano-adocao-tvgazeta"},{"@type":"BreadcrumbList","@id":"https:\/\/nk7-testes.com.br\/agazeta\/adocao-nao-e-caridade-e-amor-compartilhado\/#breadcrumb","itemListElement":[{"@type":"ListItem","position":1,"name":"In\u00edcio","item":"https:\/\/nk7-testes.com.br\/agazeta\/"},{"@type":"ListItem","position":2,"name":"Ado\u00e7\u00e3o n\u00e3o \u00e9 caridade: \u00e9 amor compartilhado"}]},{"@type":"WebSite","@id":"https:\/\/nk7-testes.com.br\/agazeta\/#website","url":"https:\/\/nk7-testes.com.br\/agazeta\/","name":"Agazeta.net","description":"Agazeta.net - Not\u00edcias de Rio Branco\/AC","potentialAction":[{"@type":"SearchAction","target":{"@type":"EntryPoint","urlTemplate":"https:\/\/nk7-testes.com.br\/agazeta\/?s={search_term_string}"},"query-input":{"@type":"PropertyValueSpecification","valueRequired":true,"valueName":"search_term_string"}}],"inLanguage":"pt-BR"},{"@type":"Person","@id":"https:\/\/nk7-testes.com.br\/agazeta\/#\/schema\/person\/6d6e25cb0435eb4a02fd44d30b4e3020","name":"Agazeta.Net","url":"https:\/\/nk7-testes.com.br\/agazeta\/author\/agazeta\/"}]}},"_links":{"self":[{"href":"https:\/\/nk7-testes.com.br\/agazeta\/wp-json\/wp\/v2\/posts\/22666","targetHints":{"allow":["GET"]}}],"collection":[{"href":"https:\/\/nk7-testes.com.br\/agazeta\/wp-json\/wp\/v2\/posts"}],"about":[{"href":"https:\/\/nk7-testes.com.br\/agazeta\/wp-json\/wp\/v2\/types\/post"}],"author":[{"embeddable":true,"href":"https:\/\/nk7-testes.com.br\/agazeta\/wp-json\/wp\/v2\/users\/4"}],"replies":[{"embeddable":true,"href":"https:\/\/nk7-testes.com.br\/agazeta\/wp-json\/wp\/v2\/comments?post=22666"}],"version-history":[{"count":0,"href":"https:\/\/nk7-testes.com.br\/agazeta\/wp-json\/wp\/v2\/posts\/22666\/revisions"}],"wp:featuredmedia":[{"embeddable":true,"href":"https:\/\/nk7-testes.com.br\/agazeta\/wp-json\/wp\/v2\/media\/22665"}],"wp:attachment":[{"href":"https:\/\/nk7-testes.com.br\/agazeta\/wp-json\/wp\/v2\/media?parent=22666"}],"wp:term":[{"taxonomy":"category","embeddable":true,"href":"https:\/\/nk7-testes.com.br\/agazeta\/wp-json\/wp\/v2\/categories?post=22666"},{"taxonomy":"post_tag","embeddable":true,"href":"https:\/\/nk7-testes.com.br\/agazeta\/wp-json\/wp\/v2\/tags?post=22666"}],"curies":[{"name":"wp","href":"https:\/\/api.w.org\/{rel}","templated":true}]}}